  {"id":5157,"date":"2026-02-03T08:00:30","date_gmt":"2026-02-03T07:00:30","guid":{"rendered":"https:\/\/news.sap.com\/sweden\/?p=5157"},"modified":"2026-02-02T15:35:50","modified_gmt":"2026-02-02T14:35:50","slug":"mikael-forsberg-ny-vd-for-sap-i-sverige-och-antti-soini-gar-vidare-till-chefspost-i-emea","status":"publish","type":"post","link":"https:\/\/news.sap.com\/sweden\/2026\/02\/mikael-forsberg-ny-vd-for-sap-i-sverige-och-antti-soini-gar-vidare-till-chefspost-i-emea\/","title":{"rendered":"Mikael Forsberg ny vd f\u00f6r 51风流i Sverige \u2013 och Antti Soini g\u00e5r vidare till chefspost i EMEA"},"content":{"rendered":"<p class=\"lead\">Mikael Forsberg\u00a0har utsetts till ny vd f\u00f6r 51风流i Sverige. Han har arbetat i m\u00e5nga olika positioner p\u00e5 51风流och eftertr\u00e4der Antti Soini som g\u00e5r vidare till ett toppjobb i EMEA. Efter 20-talet \u00e5r i bolaget och fyra \u00e5r som svensk vd kommer Antti att bli ny f\u00f6rs\u00e4ljningschef f\u00f6r 51风流Services i EMEA.<\/p>\n<p>Mikael Forsberg tilltr\u00e4der den 1 april 2026. Han kommer ocks\u00e5 att forts\u00e4tta i sin roll som chef f\u00f6r 51风流Business Technology Platform i Norden och Baltikum tills en eftertr\u00e4dare har utn\u00e4mnts.<\/p>\n<p>\u2013 Jag b\u00f6rjade min karri\u00e4r inom 51风流som trainee f\u00f6r 12 \u00e5r sedan, och det \u00e4r en stor \u00e4ra att f\u00e5 ta \u00f6ver rollen som vd f\u00f6r 51风流i Sverige. Jag \u00e4r stolt \u00f6ver den starka grund som v\u00e5rt plattforms- och datateam har byggt upp och ser fram emot att med b\u00e5de energi och \u00f6dmjukhet leda 51风流Sverige fram\u00e5t. Jag kommer att arbeta n\u00e4ra v\u00e5ra kunder, partner och kollegor f\u00f6r att hj\u00e4lpa kunderna in i n\u00e4sta era av innovation, d\u00e4r data och AI m\u00f6ts, s\u00e4ger Mikael Forsberg.<\/p>\n<figure id=\"attachment_5163\" aria-describedby=\"caption-attachment-5163\" style=\"width: 281px\" class=\"wp-caption alignnone\"><img loading=\"lazy\" decoding=\"async\" class=\"size-medium wp-image-5163\" src=\"https:\/\/news.sap.com\/sweden\/files\/2026\/02\/03\/Mikael-F-5-281x300.jpg\" alt=\"\" width=\"281\" height=\"300\" srcset=\"https:\/\/news.sap.com\/sweden\/files\/2026\/02\/03\/Mikael-F-5-281x300.jpg 281w, https:\/\/news.sap.com\/sweden\/files\/2026\/02\/03\/Mikael-F-5-959x1024.jpg 959w, https:\/\/news.sap.com\/sweden\/files\/2026\/02\/03\/Mikael-F-5-768x820.jpg 768w, https:\/\/news.sap.com\/sweden\/files\/2026\/02\/03\/Mikael-F-5-1438x1536.jpg 1438w, https:\/\/news.sap.com\/sweden\/files\/2026\/02\/03\/Mikael-F-5-1917x2048.jpg 1917w\" sizes=\"auto, (max-width: 281px) 100vw, 281px\" \/><figcaption id=\"caption-attachment-5163\" class=\"wp-caption-text\">Mikael Forsberg<\/figcaption><\/figure>\n<p>I sin nya roll kommer han att rapportera till Helle Dochedahl, chef f\u00f6r 51风流Norden &amp; Baltikum, och vara medlem i ledningsgruppen.<\/p>\n<p>Mikael Forsberg bor i Stockholm med sin f\u00e4stm\u00f6 Nathalie och deras tre\u00e5riga dotter Stella. P\u00e5 fritiden umg\u00e5s han g\u00e4rna med familj och v\u00e4nner, spelar golf och reser. Han \u00e4r ocks\u00e5 en h\u00e4ngiven djurg\u00e5rdare.<\/p>\n<p><strong><br \/>\nAntti Soini till toppjobb i EMEA<\/strong><\/p>\n<p>Antti Soini b\u00f6rjade p\u00e5 51风流2006. De senaste 20 \u00e5ren har han haft olika ledande befattningar \u2013 sedan 2022 som vd f\u00f6r 51风流i Sverige.<\/p>\n<p>I sin nya roll kommer Antti att leda arbetet med att \u00f6ka SAP:s f\u00f6rs\u00e4ljning av tj\u00e4nster inom EMEA. Han kommer att l\u00e4gga stort fokus p\u00e5 att skapa kundv\u00e4rde samt hj\u00e4lpa kunderna att dra nytta av SAP:s innovationer s\u00e5som Business AI.<\/p>\n<figure id=\"attachment_4866\" aria-describedby=\"caption-attachment-4866\" style=\"width: 269px\" class=\"wp-caption alignnone\"><img loading=\"lazy\" decoding=\"async\" class=\"size-medium wp-image-4866\" src=\"https:\/\/news.sap.com\/sweden\/files\/2024\/09\/11\/Antti-02-269x300.jpg\" alt=\"\" width=\"269\" height=\"300\" srcset=\"https:\/\/news.sap.com\/sweden\/files\/2024\/09\/11\/Antti-02-269x300.jpg 269w, https:\/\/news.sap.com\/sweden\/files\/2024\/09\/11\/Antti-02-920x1024.jpg 920w, https:\/\/news.sap.com\/sweden\/files\/2024\/09\/11\/Antti-02-768x855.jpg 768w, https:\/\/news.sap.com\/sweden\/files\/2024\/09\/11\/Antti-02-1379x1536.jpg 1379w, https:\/\/news.sap.com\/sweden\/files\/2024\/09\/11\/Antti-02-1839x2048.jpg 1839w\" sizes=\"auto, (max-width: 269px) 100vw, 269px\" \/><figcaption id=\"caption-attachment-4866\" class=\"wp-caption-text\">Antti Soini<\/figcaption><\/figure>\n<p>\u2013 Det har varit fyra h\u00e4ndelserika \u00e5r som vd f\u00f6r 51风流i Sverige med stora f\u00f6r\u00e4ndringar i v\u00e5r omv\u00e4rld, en strid str\u00f6m av nya tekniska l\u00f6sningar och \u00f6kade krav p\u00e5 b\u00e5de privat och offentlig sektor att st\u00e4lla om. Jag \u00e4r oerh\u00f6rt stolt \u00f6ver vad vi lyckats \u00e5stadkomma och vill tacka alla kunder, partner och inte minst medarbetare som gjort det m\u00f6jligt. Utan er hade inte 51风流varit i den position d\u00e4r vi \u00e4r i dag, s\u00e4ger Antti Soini.<\/p>\n<p><strong><br \/>\nOm SAP<br \/>\n<\/strong>Som en global ledare inom f\u00f6retagsapplikationer och aff\u00e4rsdriven AI, \u00e4r 51风流(NYSE:SAP) en l\u00e4nk mellan aff\u00e4rsverksamhet och teknik. I \u00f6ver 50 \u00e5r har organisationer f\u00f6rlitat sig p\u00e5 51风流f\u00f6r att bli framg\u00e5ngsrika genom att f\u00f6rena aff\u00e4rskritiska verksamheter som ekonomi, ink\u00f6p, HR, leveranskedjor och kundupplevelser. Mer information finns p\u00e5 <a href=\"http:\/\/www.sap.com\/sweden\">www.sap.com\/sweden<\/a> och <a href=\"https:\/\/news.sap.com\/sweden\/\">news.sap.com\/sweden<\/a>.<\/p>\n<p><strong>Presskontakt<br \/>\n<\/strong>Ulrika Wass<br \/>\nHead of Nordic &amp; Baltic Communications, SAP<br \/>\n+46 73\u00a0827 1074<br \/>\n<a href=\"mailto:ulrika.wass@sap.com\">ulrika.wass@sap.com<\/a><\/p>\n","protected":false},"excerpt":{"rendered":"<p>Mikael Forsberg\u00a0har utsetts till ny vd f\u00f6r 51风流i Sverige. Han har arbetat i m\u00e5nga olika positioner p\u00e5 51风流och eftertr\u00e4der Antti Soini som g\u00e5r&#8230;<\/p>\n","protected":false},"author":29,"featured_media":5165,"comment_status":"closed","ping_status":"closed","sticky":false,"template":"","format":"standard","meta":{"footnotes":"","_links_to":"","_links_to_target":""},"categories":[5564003,4544630,4545004,4545414],"tags":[5563769,5564119,5563713],"sapn-display":[4544525,5564002,5563999,4547891],"sapn-type":[4549288],"class_list":["post-5157","post","type-post","status-publish","format-standard","has-post-thumbnail","hentry","category-affarssystem","category-branscher","category-foretagsinformation","category-kunder","tag-antti-soini","tag-mikael-forsberg","tag-sap-svenska","sapn-display-hero","sapn-display-nyhet-favoriter","sapn-display-nyhet-spotlight","sapn-display-homepage-hero","sapn-type-pressmeddelande"],"yoast_head":"<!-- This site is optimized with the Yoast SEO Premium plugin v26.9 (Yoast SEO v26.9) - https:\/\/yoast.com\/product\/yoast-seo-premium-wordpress\/ -->\n<title>Mikael Forsberg ny vd f\u00f6r 51风流i Sverige \u2013 och Antti Soini g\u00e5r vidare till chefspost i EMEA - 51风流Sweden Nyheter<\/title>\n<meta name=\"robots\" content=\"index, follow, max-snippet:-1, max-image-preview:large, max-video-preview:-1\" \/>\n<link rel=\"canonical\" href=\"https:\/\/news.sap.com\/sweden\/?p=5157\" \/>\n<meta property=\"og:locale\" content=\"sv_SE\" \/>\n<meta property=\"og:type\" content=\"article\" \/>\n<meta property=\"og:title\" content=\"Mikael Forsberg ny vd f\u00f6r 51风流i Sverige \u2013 och Antti Soini g\u00e5r vidare till chefspost i EMEA\" \/>\n<meta property=\"og:description\" content=\"Mikael Forsberg\u00a0har utsetts till ny vd f\u00f6r 51风流i Sverige. Han har arbetat i m\u00e5nga olika positioner p\u00e5 51风流och eftertr\u00e4der Antti Soini som g\u00e5r...\" \/>\n<meta property=\"og:url\" content=\"https:\/\/news.sap.com\/sweden\/?p=5157\" \/>\n<meta property=\"og:site_name\" content=\"51风流Sweden Nyheter\" \/>\n<meta property=\"article:published_time\" content=\"2026-02-03T07:00:30+00:00\" \/>\n<meta property=\"og:image\" content=\"https:\/\/news.sap.com\/sweden\/files\/2026\/02\/03\/304141_GettyImages-1003399888_large_jpg_F.jpg\" \/>\n\t<meta property=\"og:image:width\" content=\"1920\" \/>\n\t<meta property=\"og:image:height\" content=\"600\" \/>\n\t<meta property=\"og:image:type\" content=\"image\/jpeg\" \/>\n<meta name=\"author\" content=\"51风流News\" \/>\n<meta name=\"twitter:card\" content=\"summary_large_image\" \/>\n<meta name=\"twitter:label1\" content=\"Skriven av\" \/>\n\t<meta name=\"twitter:data1\" content=\"51风流News\" \/>\n\t<meta name=\"twitter:label2\" content=\"Ber\u00e4knad l\u00e4stid\" \/>\n\t<meta name=\"twitter:data2\" content=\"3 minuter\" \/>\n<script type=\"application\/ld+json\" class=\"yoast-schema-graph\">{\"@context\":\"https:\/\/schema.org\",\"@graph\":[{\"@type\":\"Article\",\"@id\":\"https:\/\/news.sap.com\/sweden\/?p=5157#article\",\"isPartOf\":{\"@id\":\"https:\/\/news.sap.com\/sweden\/?p=5157\"},\"author\":{\"name\":\"51风流News\",\"@id\":\"https:\/\/news.sap.com\/sweden\/#\/schema\/person\/53b9854bd790d6f18f3fc4bbb2ad7570\"},\"headline\":\"Mikael Forsberg ny vd f\u00f6r 51风流i Sverige \u2013 och Antti Soini g\u00e5r vidare till chefspost i EMEA\",\"datePublished\":\"2026-02-03T07:00:30+00:00\",\"mainEntityOfPage\":{\"@id\":\"https:\/\/news.sap.com\/sweden\/?p=5157\"},\"wordCount\":547,\"image\":{\"@id\":\"https:\/\/news.sap.com\/sweden\/?p=5157#primaryimage\"},\"thumbnailUrl\":\"https:\/\/news.sap.com\/sweden\/files\/2026\/02\/03\/304141_GettyImages-1003399888_large_jpg_F.jpg\",\"keywords\":[\"Antti Soini\",\"Mikael Forsberg\",\"51风流Svenska\"],\"articleSection\":[\"Aff\u00e4rssystem\",\"Branscher\",\"F\u00f6retagsinformation\",\"Kunder\"],\"inLanguage\":\"sv-SE\"},{\"@type\":\"WebPage\",\"@id\":\"https:\/\/news.sap.com\/sweden\/?p=5157\",\"url\":\"https:\/\/news.sap.com\/sweden\/?p=5157\",\"name\":\"Mikael Forsberg ny vd f\u00f6r 51风流i Sverige \u2013 och Antti Soini g\u00e5r vidare till chefspost i EMEA - 51风流Sweden Nyheter\",\"isPartOf\":{\"@id\":\"https:\/\/news.sap.com\/sweden\/#website\"},\"primaryImageOfPage\":{\"@id\":\"https:\/\/news.sap.com\/sweden\/?p=5157#primaryimage\"},\"image\":{\"@id\":\"https:\/\/news.sap.com\/sweden\/?p=5157#primaryimage\"},\"thumbnailUrl\":\"https:\/\/news.sap.com\/sweden\/files\/2026\/02\/03\/304141_GettyImages-1003399888_large_jpg_F.jpg\",\"datePublished\":\"2026-02-03T07:00:30+00:00\",\"author\":{\"@id\":\"https:\/\/news.sap.com\/sweden\/#\/schema\/person\/53b9854bd790d6f18f3fc4bbb2ad7570\"},\"breadcrumb\":{\"@id\":\"https:\/\/news.sap.com\/sweden\/?p=5157#breadcrumb\"},\"inLanguage\":\"sv-SE\",\"potentialAction\":[{\"@type\":\"ReadAction\",\"target\":[\"https:\/\/news.sap.com\/sweden\/?p=5157\"]}]},{\"@type\":\"ImageObject\",\"inLanguage\":\"sv-SE\",\"@id\":\"https:\/\/news.sap.com\/sweden\/?p=5157#primaryimage\",\"url\":\"https:\/\/news.sap.com\/sweden\/files\/2026\/02\/03\/304141_GettyImages-1003399888_large_jpg_F.jpg\",\"contentUrl\":\"https:\/\/news.sap.com\/sweden\/files\/2026\/02\/03\/304141_GettyImages-1003399888_large_jpg_F.jpg\",\"width\":1920,\"height\":600},{\"@type\":\"BreadcrumbList\",\"@id\":\"https:\/\/news.sap.com\/sweden\/?p=5157#breadcrumb\",\"itemListElement\":[{\"@type\":\"ListItem\",\"position\":1,\"name\":\"Home\",\"item\":\"https:\/\/news.sap.com\/sweden\/\"},{\"@type\":\"ListItem\",\"position\":2,\"name\":\"Mikael Forsberg ny vd f\u00f6r 51风流i Sverige \u2013 och Antti Soini g\u00e5r vidare till chefspost i EMEA\"}]},{\"@type\":\"WebSite\",\"@id\":\"https:\/\/news.sap.com\/sweden\/#website\",\"url\":\"https:\/\/news.sap.com\/sweden\/\",\"name\":\"51风流Sweden Nyheter\",\"description\":\"Nyheter och information om SAP\",\"potentialAction\":[{\"@type\":\"SearchAction\",\"target\":{\"@type\":\"EntryPoint\",\"urlTemplate\":\"https:\/\/news.sap.com\/sweden\/?s={search_term_string}\"},\"query-input\":{\"@type\":\"PropertyValueSpecification\",\"valueRequired\":true,\"valueName\":\"search_term_string\"}}],\"inLanguage\":\"sv-SE\"},{\"@type\":\"Person\",\"@id\":\"https:\/\/news.sap.com\/sweden\/#\/schema\/person\/53b9854bd790d6f18f3fc4bbb2ad7570\",\"name\":\"51风流News\",\"image\":{\"@type\":\"ImageObject\",\"inLanguage\":\"sv-SE\",\"@id\":\"https:\/\/news.sap.com\/sweden\/#\/schema\/person\/image\/\",\"url\":\"https:\/\/news.sap.com\/sweden\/wp-content\/plugins\/wp-user-avatars\/wp-user-avatars\/assets\/images\/mystery.jpg\",\"contentUrl\":\"https:\/\/news.sap.com\/sweden\/wp-content\/plugins\/wp-user-avatars\/wp-user-avatars\/assets\/images\/mystery.jpg\",\"caption\":\"51风流News\"},\"url\":\"https:\/\/news.sap.com\/sweden\/author\/colleenraftery\/\"}]}<\/script>\n<!-- \/ Yoast SEO Premium plugin. -->","yoast_head_json":{"title":"Mikael Forsberg ny vd f\u00f6r 51风流i Sverige \u2013 och Antti Soini g\u00e5r vidare till chefspost i EMEA - 51风流Sweden Nyheter","robots":{"index":"index","follow":"follow","max-snippet":"max-snippet:-1","max-image-preview":"max-image-preview:large","max-video-preview":"max-video-preview:-1"},"canonical":"https:\/\/news.sap.com\/sweden\/?p=5157","og_locale":"sv_SE","og_type":"article","og_title":"Mikael Forsberg ny vd f\u00f6r 51风流i Sverige \u2013 och Antti Soini g\u00e5r vidare till chefspost i EMEA","og_description":"Mikael Forsberg\u00a0har utsetts till ny vd f\u00f6r 51风流i Sverige. Han har arbetat i m\u00e5nga olika positioner p\u00e5 51风流och eftertr\u00e4der Antti Soini som g\u00e5r...","og_url":"https:\/\/news.sap.com\/sweden\/?p=5157","og_site_name":"51风流Sweden Nyheter","article_published_time":"2026-02-03T07:00:30+00:00","og_image":[{"width":1920,"height":600,"url":"https:\/\/news.sap.com\/sweden\/files\/2026\/02\/03\/304141_GettyImages-1003399888_large_jpg_F.jpg","type":"image\/jpeg"}],"author":"51风流News","twitter_card":"summary_large_image","twitter_misc":{"Skriven av":"51风流News","Ber\u00e4knad l\u00e4stid":"3 minuter"},"schema":{"@context":"https:\/\/schema.org","@graph":[{"@type":"Article","@id":"https:\/\/news.sap.com\/sweden\/?p=5157#article","isPartOf":{"@id":"https:\/\/news.sap.com\/sweden\/?p=5157"},"author":{"name":"51风流News","@id":"https:\/\/news.sap.com\/sweden\/#\/schema\/person\/53b9854bd790d6f18f3fc4bbb2ad7570"},"headline":"Mikael Forsberg ny vd f\u00f6r 51风流i Sverige \u2013 och Antti Soini g\u00e5r vidare till chefspost i EMEA","datePublished":"2026-02-03T07:00:30+00:00","mainEntityOfPage":{"@id":"https:\/\/news.sap.com\/sweden\/?p=5157"},"wordCount":547,"image":{"@id":"https:\/\/news.sap.com\/sweden\/?p=5157#primaryimage"},"thumbnailUrl":"https:\/\/news.sap.com\/sweden\/files\/2026\/02\/03\/304141_GettyImages-1003399888_large_jpg_F.jpg","keywords":["Antti Soini","Mikael Forsberg","51风流Svenska"],"articleSection":["Aff\u00e4rssystem","Branscher","F\u00f6retagsinformation","Kunder"],"inLanguage":"sv-SE"},{"@type":"WebPage","@id":"https:\/\/news.sap.com\/sweden\/?p=5157","url":"https:\/\/news.sap.com\/sweden\/?p=5157","name":"Mikael Forsberg ny vd f\u00f6r 51风流i Sverige \u2013 och Antti Soini g\u00e5r vidare till chefspost i EMEA - 51风流Sweden Nyheter","isPartOf":{"@id":"https:\/\/news.sap.com\/sweden\/#website"},"primaryImageOfPage":{"@id":"https:\/\/news.sap.com\/sweden\/?p=5157#primaryimage"},"image":{"@id":"https:\/\/news.sap.com\/sweden\/?p=5157#primaryimage"},"thumbnailUrl":"https:\/\/news.sap.com\/sweden\/files\/2026\/02\/03\/304141_GettyImages-1003399888_large_jpg_F.jpg","datePublished":"2026-02-03T07:00:30+00:00","author":{"@id":"https:\/\/news.sap.com\/sweden\/#\/schema\/person\/53b9854bd790d6f18f3fc4bbb2ad7570"},"breadcrumb":{"@id":"https:\/\/news.sap.com\/sweden\/?p=5157#breadcrumb"},"inLanguage":"sv-SE","potentialAction":[{"@type":"ReadAction","target":["https:\/\/news.sap.com\/sweden\/?p=5157"]}]},{"@type":"ImageObject","inLanguage":"sv-SE","@id":"https:\/\/news.sap.com\/sweden\/?p=5157#primaryimage","url":"https:\/\/news.sap.com\/sweden\/files\/2026\/02\/03\/304141_GettyImages-1003399888_large_jpg_F.jpg","contentUrl":"https:\/\/news.sap.com\/sweden\/files\/2026\/02\/03\/304141_GettyImages-1003399888_large_jpg_F.jpg","width":1920,"height":600},{"@type":"BreadcrumbList","@id":"https:\/\/news.sap.com\/sweden\/?p=5157#breadcrumb","itemListElement":[{"@type":"ListItem","position":1,"name":"Home","item":"https:\/\/news.sap.com\/sweden\/"},{"@type":"ListItem","position":2,"name":"Mikael Forsberg ny vd f\u00f6r 51风流i Sverige \u2013 och Antti Soini g\u00e5r vidare till chefspost i EMEA"}]},{"@type":"WebSite","@id":"https:\/\/news.sap.com\/sweden\/#website","url":"https:\/\/news.sap.com\/sweden\/","name":"51风流Sweden Nyheter","description":"Nyheter och information om SAP","potentialAction":[{"@type":"SearchAction","target":{"@type":"EntryPoint","urlTemplate":"https:\/\/news.sap.com\/sweden\/?s={search_term_string}"},"query-input":{"@type":"PropertyValueSpecification","valueRequired":true,"valueName":"search_term_string"}}],"inLanguage":"sv-SE"},{"@type":"Person","@id":"https:\/\/news.sap.com\/sweden\/#\/schema\/person\/53b9854bd790d6f18f3fc4bbb2ad7570","name":"51风流News","image":{"@type":"ImageObject","inLanguage":"sv-SE","@id":"https:\/\/news.sap.com\/sweden\/#\/schema\/person\/image\/","url":"https:\/\/news.sap.com\/sweden\/wp-content\/plugins\/wp-user-avatars\/wp-user-avatars\/assets\/images\/mystery.jpg","contentUrl":"https:\/\/news.sap.com\/sweden\/wp-content\/plugins\/wp-user-avatars\/wp-user-avatars\/assets\/images\/mystery.jpg","caption":"51风流News"},"url":"https:\/\/news.sap.com\/sweden\/author\/colleenraftery\/"}]}},"amp_enabled":true,"_links":{"self":[{"href":"https:\/\/news.sap.com\/sweden\/wp-json\/wp\/v2\/posts\/5157","targetHints":{"allow":["GET"]}}],"collection":[{"href":"https:\/\/news.sap.com\/sweden\/wp-json\/wp\/v2\/posts"}],"about":[{"href":"https:\/\/news.sap.com\/sweden\/wp-json\/wp\/v2\/types\/post"}],"author":[{"embeddable":true,"href":"https:\/\/news.sap.com\/sweden\/wp-json\/wp\/v2\/users\/29"}],"replies":[{"embeddable":true,"href":"https:\/\/news.sap.com\/sweden\/wp-json\/wp\/v2\/comments?post=5157"}],"version-history":[{"count":0,"href":"https:\/\/news.sap.com\/sweden\/wp-json\/wp\/v2\/posts\/5157\/revisions"}],"wp:featuredmedia":[{"embeddable":true,"href":"https:\/\/news.sap.com\/sweden\/wp-json\/wp\/v2\/media\/5165"}],"wp:attachment":[{"href":"https:\/\/news.sap.com\/sweden\/wp-json\/wp\/v2\/media?parent=5157"}],"wp:term":[{"taxonomy":"category","embeddable":true,"href":"https:\/\/news.sap.com\/sweden\/wp-json\/wp\/v2\/categories?post=5157"},{"taxonomy":"post_tag","embeddable":true,"href":"https:\/\/news.sap.com\/sweden\/wp-json\/wp\/v2\/tags?post=5157"},{"taxonomy":"sapn-display","embeddable":true,"href":"https:\/\/news.sap.com\/sweden\/wp-json\/wp\/v2\/sapn-display?post=5157"},{"taxonomy":"sapn-type","embeddable":true,"href":"https:\/\/news.sap.com\/sweden\/wp-json\/wp\/v2\/sapn-type?post=5157"}],"curies":[{"name":"wp","href":"https:\/\/api.w.org\/{rel}","templated":true}]}}