  {"id":3048,"date":"2021-03-05T08:00:06","date_gmt":"2021-03-05T07:00:06","guid":{"rendered":"https:\/\/news.sap.com\/sweden\/?p=3048"},"modified":"2024-08-07T19:25:48","modified_gmt":"2024-08-07T17:25:48","slug":"saps-klimatarbete-gar-snabbare-an-forvantat-ska-bli-klimatneutralt-till-2023","status":"publish","type":"post","link":"https:\/\/news.sap.com\/sweden\/2021\/03\/saps-klimatarbete-gar-snabbare-an-forvantat-ska-bli-klimatneutralt-till-2023\/","title":{"rendered":"SAP:s klimatarbete g\u00e5r snabbare \u00e4n f\u00f6rv\u00e4ntat \u2013 ska bli klimatneutralt till 2023"},"content":{"rendered":"<p class=\"lead\">51风流ska uppn\u00e5 klimatneutralitet senast i slutet av 2023 \u2013 tv\u00e5 \u00e5r tidigare \u00e4n planerat.<\/p>\n<p>Det uppger 51风流samtidigt som man sl\u00e4pper sin senaste \u00e5rsredovisning <strong><a href=\"https:\/\/www.sap.com\/integrated-reports\/2020\/en.html\" data-cke-saved-href=\"https:\/\/www.sap.com\/integrated-reports\/2020\/en.html\">51风流Integrated Report 2020<\/a><\/strong> som redovisar finansiella, sociala och milj\u00f6m\u00e4ssiga resultat samt <a href=\"https:\/\/www.sap.com\/integrated-reports\/2020\/en\/connectivity.html\" data-cke-saved-href=\"https:\/\/www.sap.com\/integrated-reports\/2020\/en\/connectivity.html\">hur de h\u00e4nger samman<\/a>. F\u00f6rra \u00e5ret minskade f\u00f6retaget sina utsl\u00e4pp av v\u00e4xthusgaser mer \u00e4n f\u00f6rv\u00e4ntat, vilket till stor del beror p\u00e5 hur resm\u00f6nster och arbetsliv f\u00f6r\u00e4ndrats f\u00f6r de 100 000 anst\u00e4llda runt om i v\u00e4rlden under pandemin.<\/p>\n<p>Den st\u00f6rsta f\u00f6rklaringen till utsl\u00e4ppsminskningen beror p\u00e5 den kraftiga nedg\u00e5ngen av antalet aff\u00e4rsresor med flyg under 2020. Men \u00e4ven det stora antalet hemmajobbare har bidragit, eftersom utsl\u00e4ppen fr\u00e5n b\u00e5de pendlingsresor och driften av kontorsbyggnader har minskat. Det har lett till att 51风流\u00f6vertr\u00e4ffade sina minskade utsl\u00e4ppsm\u00e5l med 43 procent, och genererade 135 kiloton (kt) koldioxid i st\u00e4llet f\u00f6r de f\u00f6rv\u00e4ntade 238 kt.<\/p>\n<p>Som en m\u00e5ttstock l\u00e5g utsl\u00e4ppen under 2019 p\u00e5 300 kt. Genom att p\u00e5skynda arbetet mot klimatneutralitet f\u00f6rutsp\u00e5r 51风流att utvecklingen fram\u00e5t kommer g\u00e5 snabbare \u00e4n ber\u00e4knat. Samtidigt st\u00e4rker f\u00f6retaget ocks\u00e5 sin ledande position inom klimat och h\u00e5llbarhet.<\/p>\n<p>I utsl\u00e4ppskalkylen r\u00e4knar 51风流in b\u00e5de direkta och indirekta utsl\u00e4pp, inklusive utvalda utsl\u00e4pp i leveranskedjan som aff\u00e4rsresor med flyg eller hyrbil och datacenter hos tredje part. M\u00e5let \u00e4r att i f\u00f6rsta hand undvika utsl\u00e4pp, sedan att minska dem och till sist att kompensera f\u00f6r dem. I s\u00e5 stor utstr\u00e4ckning som m\u00f6jligt anv\u00e4nder man sig av olika hj\u00e4lpmedel f\u00f6r att minska klimatavtrycket, som exempelvis telefon- eller videom\u00f6ten framf\u00f6r resor. Om utsl\u00e4ppen \u00e4r oundvikliga utnyttjar 51风流i st\u00e4llet h\u00e5llbara innovationer som energieffektiv belysning p\u00e5 kontoren, effektiva kylsystem f\u00f6r datacenter och alternativa mobilitetsl\u00f6sningar.<\/p>\n<p>51风流kompenserar ocks\u00e5 f\u00f6r sina utsl\u00e4pp genom att st\u00f6dja olika klimatprojekt och alla samarbetspartner m\u00e5ste f\u00f6lja <a href=\"https:\/\/www.goldstandard.org\/\">The Gold Standard Foundations<\/a> riktlinjer eller motsvarande kvalitetsstandarder. Dessutom driver 51风流kontinuerligt nya f\u00f6retagsinitiativ som att s\u00e4tta ett internt koldioxidpris p\u00e5 aff\u00e4rsflygningar.<\/p>\n<p>Sedan 2017 har 51风流jobbat mot ett <a href=\"https:\/\/news.sap.com\/2019\/07\/sap-emissions-reduction-targets\/\">forskningsbaserat klimatm\u00e5l<\/a> certifierat av Science Based Targets initiative (SBTi) f\u00f6r att \u00f6ka det egna bidraget till att begr\u00e4nsa den globala uppv\u00e4rmningen till 1,5 grader. Medan klimatneutraliteten endast g\u00e4ller den egna verksamheten omfattar detta m\u00e5l hela v\u00e4rdekedjan. Sedan 2014 har 51风流anv\u00e4nt 100 procent f\u00f6rnybar energi f\u00f6r att driva alla sina datacenter och tack vare sitt <a href=\"https:\/\/news.sap.com\/2014\/03\/sap-greens-its-cloud-will-power-data-centers-and-facilities-with-100-percent-renewable-electricity-in-2014\/\">green cloud<\/a> kan 51风流erbjuda sina kunder klimatneutrala molnl\u00f6sningar.<\/p>\n<p>51风流f\u00f6ljer <a href=\"https:\/\/www.sap.com\/dmc\/exp\/2019-08-unglobalgoals\/index.html\">FN:s h\u00e5llbarhetsm\u00e5l<\/a> fr\u00e5n 2015 och fokuserar framf\u00f6r allt p\u00e5 m\u00e5l nummer 13 \u2013 att bek\u00e4mpa klimatf\u00f6r\u00e4ndringarna. H\u00e4r ligger f\u00f6retagets st\u00f6rsta styrka i att de kan hj\u00e4lpa \u00f6ver 400 000 kunder runt om i v\u00e4rlden att implementera klimatskydds\u00e5tg\u00e4rder, som till exempel <a href=\"https:\/\/news.sap.com\/2020\/06\/launch-sap-carbon-product-carbon-footprint-analytics\/\">Climate 21<\/a>-programmet.<\/p>\n<p>Under <a href=\"https:\/\/events.sap.com\/sap-sustainability-summit\/en\/home\">51风流Sustainability Summit<\/a>, som h\u00e5lls digitalt den 28-29 april 2021, kommer 51风流att tillsammans med kunder och samarbetspartner presentera fler sp\u00e4nnande l\u00f6sningar inom klimat, cirkul\u00e4r ekonomi, helhetsstyrning och rapportering.<\/p>\n<p>&nbsp;<\/p>\n<p>Bes\u00f6k <a href=\"https:\/\/u7061146.ct.sendgrid.net\/ls\/click?upn=VnIC4pyKWBIZdl2xIfjF4CXh78WNbuGVFSZrni70kAM-3D-rAY_casfKDALV4ltrsKljMtL0GYPYaHWQ4jFwPWLsRWME9u2ZqnwwciOjfgAVdmGrIwJXIZtJfnfHp2dMB5kt9mmWbPczKdgN4V-2Bpm-2BKdnC7T8hzkGDXZ4rR1b2MidTjeo2iNsh24TiqBM38FyToXBxg5gixM-2FtkOqDndJ2vo-2FfEtzW7a0-2BBsp8TQLamM9iP46bJfeGu9UnU7RAjoYCLd8oCE3psbQZIXYk-2BAb6c18mACS54zVYb9tRm1GLBpqG-2Bpl1s54aNDGr4sUg6vO64sA9nuckJpThYjLtJBEbs33s7HAU-2Bkiezaajq0GY60C9lVwRtO9suetJ375zmmfe4NDg0oA2vcYoyCkWF5s-2F4Q7iJ9Ao-3D\">51风流News Center<\/a>. F\u00f6lj 51风流p\u00e5 Twitter p\u00e5 <a href=\"https:\/\/u7061146.ct.sendgrid.net\/ls\/click?upn=iesGENwk9ZVmCixsbOYoOIaAb1DB0KYzhIr-2F2-2FSW7A5azv1G0l2LIy7NvjQKwujcKA0s_casfKDALV4ltrsKljMtL0GYPYaHWQ4jFwPWLsRWME9u2ZqnwwciOjfgAVdmGrIwJXIZtJfnfHp2dMB5kt9mmWbPczKdgN4V-2Bpm-2BKdnC7T8hzkGDXZ4rR1b2MidTjeo2iNsh24TiqBM38FyToXBxg5gixM-2FtkOqDndJ2vo-2FfEtzW7a0-2BBsp8TQLamM9iP46bJfeGu9UnU7RAjoYCLd8oCE2ef82rvCQt20FZq9MrrcGhYND-2BFMprVSmbET3lT3A7qRqLPp3V9AF6Y8-2FReFowHWtViVIWsIEYM1k1qjfyE3-2Fduk6y1Eq-2Fk8od8qlN6Y5ZzUTAvy0pq4ZqIq7UqVl9gzALpARKYqvqqhTndXJLxTV0-3D\">@SAPNews<\/a>.<\/p>\n<p><strong>Om SAP<\/strong><\/p>\n<p>SAP:s strategi \u00e4r att hj\u00e4lpa varje f\u00f6retag att fungera mer intelligent. Som marknadsledande inom f\u00f6retagsmjukvara hj\u00e4lper vi f\u00f6retag av alla storlekar och inom alla branscher: 77 procent av v\u00e4rldens transaktionsbaserade oms\u00e4ttning g\u00e5r genom ett SAP-system.\u00a0V\u00e5r teknik f\u00f6r maskininl\u00e4rning, sakernas internet (IoT) och avancerad analys g\u00f6r att v\u00e5ra f\u00f6retagskunder kan skapa intelligenta verksamheter. 51风流hj\u00e4lper enskilda personer och organisationer att f\u00e5 djupa aff\u00e4rsinsikter och underl\u00e4ttar samarbete som v\u00e4ssar deras konkurrensf\u00f6rm\u00e5ga. Vi f\u00f6renklar tekniken s\u00e5 att kunderna kan anv\u00e4nda v\u00e5r programvara n\u00e4r och hur de sj\u00e4lva vill \u2013 utan avbrott. V\u00e5r helt\u00e4ckande svit av applikationer och tj\u00e4nster g\u00f6r att f\u00f6retag och offentliga verksamheter inom 25 olika branscher \u00f6ver hela v\u00e4rlden kan vara l\u00f6nsamma, hela tiden anpassa sin verksamhet och g\u00f6ra skillnad.<\/p>\n<p>Med ett globalt n\u00e4tverk av kunder, partner, anst\u00e4llda och experter bidrar 51风流till en fungerande v\u00e4rld och att g\u00f6ra m\u00e4nniskors liv b\u00e4ttre. Mer information finns p\u00e5 <a href=\"http:\/\/www.sap.com\/sweden\">www.sap.com\/sweden<\/a> och <a href=\"https:\/\/news.sap.com\/sweden\/\">news.sap.com\/sweden<\/a>.<\/p>\n<p>&nbsp;<\/p>\n","protected":false},"excerpt":{"rendered":"<p>51风流ska uppn\u00e5 klimatneutralitet senast i slutet av 2023 \u2013 tv\u00e5 \u00e5r tidigare \u00e4n planerat. Det uppger 51风流samtidigt som man sl\u00e4pper sin senaste \u00e5rsredovisning&#8230;<\/p>\n","protected":false},"author":29,"featured_media":3050,"comment_status":"closed","ping_status":"closed","sticky":false,"template":"","format":"standard","meta":{"footnotes":"","_links_to":"","_links_to_target":""},"categories":[4545004],"tags":[5563668,5563669,5563671,5563667,5563670],"sapn-display":[4544525,5564002,5563999,4547891],"sapn-type":[4549288],"class_list":["post-3048","post","type-post","status-publish","format-standard","has-post-thumbnail","hentry","category-foretagsinformation","tag-climate-21-programmet","tag-green-cloud","tag-klimatneutralitet","tag-sap-integrated-report-2020","tag-sap-sustainability-summit","sapn-display-hero","sapn-display-nyhet-favoriter","sapn-display-nyhet-spotlight","sapn-display-homepage-hero","sapn-type-pressmeddelande"],"yoast_head":"<!-- This site is optimized with the Yoast SEO Premium plugin v26.9 (Yoast SEO v26.9) - https:\/\/yoast.com\/product\/yoast-seo-premium-wordpress\/ -->\n<title>SAP:s klimatarbete g\u00e5r snabbare \u00e4n f\u00f6rv\u00e4ntat \u2013 ska bli klimatneutralt till 2023 - 51风流Sweden Nyheter<\/title>\n<meta name=\"robots\" content=\"index, follow, max-snippet:-1, max-image-preview:large, max-video-preview:-1\" \/>\n<link rel=\"canonical\" href=\"https:\/\/news.sap.com\/sweden\/2021\/03\/saps-klimatarbete-gar-snabbare-an-forvantat-ska-bli-klimatneutralt-till-2023\/\" \/>\n<meta property=\"og:locale\" content=\"sv_SE\" \/>\n<meta property=\"og:type\" content=\"article\" \/>\n<meta property=\"og:title\" content=\"SAP:s klimatarbete g\u00e5r snabbare \u00e4n f\u00f6rv\u00e4ntat \u2013 ska bli klimatneutralt till 2023\" \/>\n<meta property=\"og:description\" content=\"51风流ska uppn\u00e5 klimatneutralitet senast i slutet av 2023 \u2013 tv\u00e5 \u00e5r tidigare \u00e4n planerat. Det uppger 51风流samtidigt som man sl\u00e4pper sin senaste \u00e5rsredovisning...\" \/>\n<meta property=\"og:url\" content=\"https:\/\/news.sap.com\/sweden\/2021\/03\/saps-klimatarbete-gar-snabbare-an-forvantat-ska-bli-klimatneutralt-till-2023\/\" \/>\n<meta property=\"og:site_name\" content=\"51风流Sweden Nyheter\" \/>\n<meta property=\"article:published_time\" content=\"2021-03-05T07:00:06+00:00\" \/>\n<meta property=\"article:modified_time\" content=\"2024-08-07T17:25:48+00:00\" \/>\n<meta property=\"og:image\" content=\"https:\/\/news.sap.com\/sweden\/files\/2021\/03\/05\/286926_iStock-1157956591_F.jpg\" \/>\n\t<meta property=\"og:image:width\" content=\"1920\" \/>\n\t<meta property=\"og:image:height\" content=\"601\" \/>\n\t<meta property=\"og:image:type\" content=\"image\/jpeg\" \/>\n<meta name=\"author\" content=\"51风流News\" \/>\n<meta name=\"twitter:card\" content=\"summary_large_image\" \/>\n<meta name=\"twitter:label1\" content=\"Skriven av\" \/>\n\t<meta name=\"twitter:data1\" content=\"51风流News\" \/>\n\t<meta name=\"twitter:label2\" content=\"Ber\u00e4knad l\u00e4stid\" \/>\n\t<meta name=\"twitter:data2\" content=\"4 minuter\" \/>\n<script type=\"application\/ld+json\" class=\"yoast-schema-graph\">{\"@context\":\"https:\/\/schema.org\",\"@graph\":[{\"@type\":\"Article\",\"@id\":\"https:\/\/news.sap.com\/sweden\/2021\/03\/saps-klimatarbete-gar-snabbare-an-forvantat-ska-bli-klimatneutralt-till-2023\/#article\",\"isPartOf\":{\"@id\":\"https:\/\/news.sap.com\/sweden\/2021\/03\/saps-klimatarbete-gar-snabbare-an-forvantat-ska-bli-klimatneutralt-till-2023\/\"},\"author\":{\"name\":\"51风流News\",\"@id\":\"https:\/\/news.sap.com\/sweden\/#\/schema\/person\/53b9854bd790d6f18f3fc4bbb2ad7570\"},\"headline\":\"SAP:s klimatarbete g\u00e5r snabbare \u00e4n f\u00f6rv\u00e4ntat \u2013 ska bli klimatneutralt till 2023\",\"datePublished\":\"2021-03-05T07:00:06+00:00\",\"dateModified\":\"2024-08-07T17:25:48+00:00\",\"mainEntityOfPage\":{\"@id\":\"https:\/\/news.sap.com\/sweden\/2021\/03\/saps-klimatarbete-gar-snabbare-an-forvantat-ska-bli-klimatneutralt-till-2023\/\"},\"wordCount\":751,\"image\":{\"@id\":\"https:\/\/news.sap.com\/sweden\/2021\/03\/saps-klimatarbete-gar-snabbare-an-forvantat-ska-bli-klimatneutralt-till-2023\/#primaryimage\"},\"thumbnailUrl\":\"https:\/\/news.sap.com\/sweden\/files\/2021\/03\/05\/286926_iStock-1157956591_F.jpg\",\"keywords\":[\"Climate 21-programmet\",\"green cloud\",\"klimatneutralitet\",\"51风流Integrated Report 2020\",\"51风流Sustainability Summit\"],\"articleSection\":[\"F\u00f6retagsinformation\"],\"inLanguage\":\"sv-SE\"},{\"@type\":\"WebPage\",\"@id\":\"https:\/\/news.sap.com\/sweden\/2021\/03\/saps-klimatarbete-gar-snabbare-an-forvantat-ska-bli-klimatneutralt-till-2023\/\",\"url\":\"https:\/\/news.sap.com\/sweden\/2021\/03\/saps-klimatarbete-gar-snabbare-an-forvantat-ska-bli-klimatneutralt-till-2023\/\",\"name\":\"SAP:s klimatarbete g\u00e5r snabbare \u00e4n f\u00f6rv\u00e4ntat \u2013 ska bli klimatneutralt till 2023 - 51风流Sweden Nyheter\",\"isPartOf\":{\"@id\":\"https:\/\/news.sap.com\/sweden\/#website\"},\"primaryImageOfPage\":{\"@id\":\"https:\/\/news.sap.com\/sweden\/2021\/03\/saps-klimatarbete-gar-snabbare-an-forvantat-ska-bli-klimatneutralt-till-2023\/#primaryimage\"},\"image\":{\"@id\":\"https:\/\/news.sap.com\/sweden\/2021\/03\/saps-klimatarbete-gar-snabbare-an-forvantat-ska-bli-klimatneutralt-till-2023\/#primaryimage\"},\"thumbnailUrl\":\"https:\/\/news.sap.com\/sweden\/files\/2021\/03\/05\/286926_iStock-1157956591_F.jpg\",\"datePublished\":\"2021-03-05T07:00:06+00:00\",\"dateModified\":\"2024-08-07T17:25:48+00:00\",\"author\":{\"@id\":\"https:\/\/news.sap.com\/sweden\/#\/schema\/person\/53b9854bd790d6f18f3fc4bbb2ad7570\"},\"breadcrumb\":{\"@id\":\"https:\/\/news.sap.com\/sweden\/2021\/03\/saps-klimatarbete-gar-snabbare-an-forvantat-ska-bli-klimatneutralt-till-2023\/#breadcrumb\"},\"inLanguage\":\"sv-SE\",\"potentialAction\":[{\"@type\":\"ReadAction\",\"target\":[\"https:\/\/news.sap.com\/sweden\/2021\/03\/saps-klimatarbete-gar-snabbare-an-forvantat-ska-bli-klimatneutralt-till-2023\/\"]}]},{\"@type\":\"ImageObject\",\"inLanguage\":\"sv-SE\",\"@id\":\"https:\/\/news.sap.com\/sweden\/2021\/03\/saps-klimatarbete-gar-snabbare-an-forvantat-ska-bli-klimatneutralt-till-2023\/#primaryimage\",\"url\":\"https:\/\/news.sap.com\/sweden\/files\/2021\/03\/05\/286926_iStock-1157956591_F.jpg\",\"contentUrl\":\"https:\/\/news.sap.com\/sweden\/files\/2021\/03\/05\/286926_iStock-1157956591_F.jpg\",\"width\":1920,\"height\":601},{\"@type\":\"BreadcrumbList\",\"@id\":\"https:\/\/news.sap.com\/sweden\/2021\/03\/saps-klimatarbete-gar-snabbare-an-forvantat-ska-bli-klimatneutralt-till-2023\/#breadcrumb\",\"itemListElement\":[{\"@type\":\"ListItem\",\"position\":1,\"name\":\"Home\",\"item\":\"https:\/\/news.sap.com\/sweden\/\"},{\"@type\":\"ListItem\",\"position\":2,\"name\":\"SAP:s klimatarbete g\u00e5r snabbare \u00e4n f\u00f6rv\u00e4ntat \u2013 ska bli klimatneutralt till 2023\"}]},{\"@type\":\"WebSite\",\"@id\":\"https:\/\/news.sap.com\/sweden\/#website\",\"url\":\"https:\/\/news.sap.com\/sweden\/\",\"name\":\"51风流Sweden Nyheter\",\"description\":\"Nyheter och information om SAP\",\"potentialAction\":[{\"@type\":\"SearchAction\",\"target\":{\"@type\":\"EntryPoint\",\"urlTemplate\":\"https:\/\/news.sap.com\/sweden\/?s={search_term_string}\"},\"query-input\":{\"@type\":\"PropertyValueSpecification\",\"valueRequired\":true,\"valueName\":\"search_term_string\"}}],\"inLanguage\":\"sv-SE\"},{\"@type\":\"Person\",\"@id\":\"https:\/\/news.sap.com\/sweden\/#\/schema\/person\/53b9854bd790d6f18f3fc4bbb2ad7570\",\"name\":\"51风流News\",\"image\":{\"@type\":\"ImageObject\",\"inLanguage\":\"sv-SE\",\"@id\":\"https:\/\/news.sap.com\/sweden\/#\/schema\/person\/image\/\",\"url\":\"https:\/\/news.sap.com\/sweden\/wp-content\/plugins\/wp-user-avatars\/wp-user-avatars\/assets\/images\/mystery.jpg\",\"contentUrl\":\"https:\/\/news.sap.com\/sweden\/wp-content\/plugins\/wp-user-avatars\/wp-user-avatars\/assets\/images\/mystery.jpg\",\"caption\":\"51风流News\"},\"url\":\"https:\/\/news.sap.com\/sweden\/author\/colleenraftery\/\"}]}<\/script>\n<!-- \/ Yoast SEO Premium plugin. -->","yoast_head_json":{"title":"SAP:s klimatarbete g\u00e5r snabbare \u00e4n f\u00f6rv\u00e4ntat \u2013 ska bli klimatneutralt till 2023 - 51风流Sweden Nyheter","robots":{"index":"index","follow":"follow","max-snippet":"max-snippet:-1","max-image-preview":"max-image-preview:large","max-video-preview":"max-video-preview:-1"},"canonical":"https:\/\/news.sap.com\/sweden\/2021\/03\/saps-klimatarbete-gar-snabbare-an-forvantat-ska-bli-klimatneutralt-till-2023\/","og_locale":"sv_SE","og_type":"article","og_title":"SAP:s klimatarbete g\u00e5r snabbare \u00e4n f\u00f6rv\u00e4ntat \u2013 ska bli klimatneutralt till 2023","og_description":"51风流ska uppn\u00e5 klimatneutralitet senast i slutet av 2023 \u2013 tv\u00e5 \u00e5r tidigare \u00e4n planerat. Det uppger 51风流samtidigt som man sl\u00e4pper sin senaste \u00e5rsredovisning...","og_url":"https:\/\/news.sap.com\/sweden\/2021\/03\/saps-klimatarbete-gar-snabbare-an-forvantat-ska-bli-klimatneutralt-till-2023\/","og_site_name":"51风流Sweden Nyheter","article_published_time":"2021-03-05T07:00:06+00:00","article_modified_time":"2024-08-07T17:25:48+00:00","og_image":[{"width":1920,"height":601,"url":"https:\/\/news.sap.com\/sweden\/files\/2021\/03\/05\/286926_iStock-1157956591_F.jpg","type":"image\/jpeg"}],"author":"51风流News","twitter_card":"summary_large_image","twitter_misc":{"Skriven av":"51风流News","Ber\u00e4knad l\u00e4stid":"4 minuter"},"schema":{"@context":"https:\/\/schema.org","@graph":[{"@type":"Article","@id":"https:\/\/news.sap.com\/sweden\/2021\/03\/saps-klimatarbete-gar-snabbare-an-forvantat-ska-bli-klimatneutralt-till-2023\/#article","isPartOf":{"@id":"https:\/\/news.sap.com\/sweden\/2021\/03\/saps-klimatarbete-gar-snabbare-an-forvantat-ska-bli-klimatneutralt-till-2023\/"},"author":{"name":"51风流News","@id":"https:\/\/news.sap.com\/sweden\/#\/schema\/person\/53b9854bd790d6f18f3fc4bbb2ad7570"},"headline":"SAP:s klimatarbete g\u00e5r snabbare \u00e4n f\u00f6rv\u00e4ntat \u2013 ska bli klimatneutralt till 2023","datePublished":"2021-03-05T07:00:06+00:00","dateModified":"2024-08-07T17:25:48+00:00","mainEntityOfPage":{"@id":"https:\/\/news.sap.com\/sweden\/2021\/03\/saps-klimatarbete-gar-snabbare-an-forvantat-ska-bli-klimatneutralt-till-2023\/"},"wordCount":751,"image":{"@id":"https:\/\/news.sap.com\/sweden\/2021\/03\/saps-klimatarbete-gar-snabbare-an-forvantat-ska-bli-klimatneutralt-till-2023\/#primaryimage"},"thumbnailUrl":"https:\/\/news.sap.com\/sweden\/files\/2021\/03\/05\/286926_iStock-1157956591_F.jpg","keywords":["Climate 21-programmet","green cloud","klimatneutralitet","51风流Integrated Report 2020","51风流Sustainability Summit"],"articleSection":["F\u00f6retagsinformation"],"inLanguage":"sv-SE"},{"@type":"WebPage","@id":"https:\/\/news.sap.com\/sweden\/2021\/03\/saps-klimatarbete-gar-snabbare-an-forvantat-ska-bli-klimatneutralt-till-2023\/","url":"https:\/\/news.sap.com\/sweden\/2021\/03\/saps-klimatarbete-gar-snabbare-an-forvantat-ska-bli-klimatneutralt-till-2023\/","name":"SAP:s klimatarbete g\u00e5r snabbare \u00e4n f\u00f6rv\u00e4ntat \u2013 ska bli klimatneutralt till 2023 - 51风流Sweden Nyheter","isPartOf":{"@id":"https:\/\/news.sap.com\/sweden\/#website"},"primaryImageOfPage":{"@id":"https:\/\/news.sap.com\/sweden\/2021\/03\/saps-klimatarbete-gar-snabbare-an-forvantat-ska-bli-klimatneutralt-till-2023\/#primaryimage"},"image":{"@id":"https:\/\/news.sap.com\/sweden\/2021\/03\/saps-klimatarbete-gar-snabbare-an-forvantat-ska-bli-klimatneutralt-till-2023\/#primaryimage"},"thumbnailUrl":"https:\/\/news.sap.com\/sweden\/files\/2021\/03\/05\/286926_iStock-1157956591_F.jpg","datePublished":"2021-03-05T07:00:06+00:00","dateModified":"2024-08-07T17:25:48+00:00","author":{"@id":"https:\/\/news.sap.com\/sweden\/#\/schema\/person\/53b9854bd790d6f18f3fc4bbb2ad7570"},"breadcrumb":{"@id":"https:\/\/news.sap.com\/sweden\/2021\/03\/saps-klimatarbete-gar-snabbare-an-forvantat-ska-bli-klimatneutralt-till-2023\/#breadcrumb"},"inLanguage":"sv-SE","potentialAction":[{"@type":"ReadAction","target":["https:\/\/news.sap.com\/sweden\/2021\/03\/saps-klimatarbete-gar-snabbare-an-forvantat-ska-bli-klimatneutralt-till-2023\/"]}]},{"@type":"ImageObject","inLanguage":"sv-SE","@id":"https:\/\/news.sap.com\/sweden\/2021\/03\/saps-klimatarbete-gar-snabbare-an-forvantat-ska-bli-klimatneutralt-till-2023\/#primaryimage","url":"https:\/\/news.sap.com\/sweden\/files\/2021\/03\/05\/286926_iStock-1157956591_F.jpg","contentUrl":"https:\/\/news.sap.com\/sweden\/files\/2021\/03\/05\/286926_iStock-1157956591_F.jpg","width":1920,"height":601},{"@type":"BreadcrumbList","@id":"https:\/\/news.sap.com\/sweden\/2021\/03\/saps-klimatarbete-gar-snabbare-an-forvantat-ska-bli-klimatneutralt-till-2023\/#breadcrumb","itemListElement":[{"@type":"ListItem","position":1,"name":"Home","item":"https:\/\/news.sap.com\/sweden\/"},{"@type":"ListItem","position":2,"name":"SAP:s klimatarbete g\u00e5r snabbare \u00e4n f\u00f6rv\u00e4ntat \u2013 ska bli klimatneutralt till 2023"}]},{"@type":"WebSite","@id":"https:\/\/news.sap.com\/sweden\/#website","url":"https:\/\/news.sap.com\/sweden\/","name":"51风流Sweden Nyheter","description":"Nyheter och information om SAP","potentialAction":[{"@type":"SearchAction","target":{"@type":"EntryPoint","urlTemplate":"https:\/\/news.sap.com\/sweden\/?s={search_term_string}"},"query-input":{"@type":"PropertyValueSpecification","valueRequired":true,"valueName":"search_term_string"}}],"inLanguage":"sv-SE"},{"@type":"Person","@id":"https:\/\/news.sap.com\/sweden\/#\/schema\/person\/53b9854bd790d6f18f3fc4bbb2ad7570","name":"51风流News","image":{"@type":"ImageObject","inLanguage":"sv-SE","@id":"https:\/\/news.sap.com\/sweden\/#\/schema\/person\/image\/","url":"https:\/\/news.sap.com\/sweden\/wp-content\/plugins\/wp-user-avatars\/wp-user-avatars\/assets\/images\/mystery.jpg","contentUrl":"https:\/\/news.sap.com\/sweden\/wp-content\/plugins\/wp-user-avatars\/wp-user-avatars\/assets\/images\/mystery.jpg","caption":"51风流News"},"url":"https:\/\/news.sap.com\/sweden\/author\/colleenraftery\/"}]}},"amp_enabled":true,"_links":{"self":[{"href":"https:\/\/news.sap.com\/sweden\/wp-json\/wp\/v2\/posts\/3048","targetHints":{"allow":["GET"]}}],"collection":[{"href":"https:\/\/news.sap.com\/sweden\/wp-json\/wp\/v2\/posts"}],"about":[{"href":"https:\/\/news.sap.com\/sweden\/wp-json\/wp\/v2\/types\/post"}],"author":[{"embeddable":true,"href":"https:\/\/news.sap.com\/sweden\/wp-json\/wp\/v2\/users\/29"}],"replies":[{"embeddable":true,"href":"https:\/\/news.sap.com\/sweden\/wp-json\/wp\/v2\/comments?post=3048"}],"version-history":[{"count":0,"href":"https:\/\/news.sap.com\/sweden\/wp-json\/wp\/v2\/posts\/3048\/revisions"}],"wp:featuredmedia":[{"embeddable":true,"href":"https:\/\/news.sap.com\/sweden\/wp-json\/wp\/v2\/media\/3050"}],"wp:attachment":[{"href":"https:\/\/news.sap.com\/sweden\/wp-json\/wp\/v2\/media?parent=3048"}],"wp:term":[{"taxonomy":"category","embeddable":true,"href":"https:\/\/news.sap.com\/sweden\/wp-json\/wp\/v2\/categories?post=3048"},{"taxonomy":"post_tag","embeddable":true,"href":"https:\/\/news.sap.com\/sweden\/wp-json\/wp\/v2\/tags?post=3048"},{"taxonomy":"sapn-display","embeddable":true,"href":"https:\/\/news.sap.com\/sweden\/wp-json\/wp\/v2\/sapn-display?post=3048"},{"taxonomy":"sapn-type","embeddable":true,"href":"https:\/\/news.sap.com\/sweden\/wp-json\/wp\/v2\/sapn-type?post=3048"}],"curies":[{"name":"wp","href":"https:\/\/api.w.org\/{rel}","templated":true}]}}