  {"id":7870,"date":"2026-04-17T08:55:31","date_gmt":"2026-04-17T08:55:31","guid":{"rendered":"https:\/\/news.sap.com\/spain\/?p=7870"},"modified":"2026-04-17T11:41:43","modified_gmt":"2026-04-17T11:41:43","slug":"sap-connect-day-madrid-marca-el-camino-hacia-la-empresa-autonoma","status":"publish","type":"post","link":"https:\/\/news.sap.com\/spain\/2026\/04\/sap-connect-day-madrid-marca-el-camino-hacia-la-empresa-autonoma\/","title":{"rendered":"51风流Connect Day Madrid marca el camino hacia la empresa aut\u00f3noma"},"content":{"rendered":"<h2><strong>Madrid<\/strong>\u2013 51风流Espa\u00f1a ha celebrado en Madrid 51风流Connect Day, un encuentro que ha reunido a m\u00e1s de 1.600 asistentes y ha contado con el patrocinio de 41 partners para analizar c\u00f3mo la inteligencia artificial, los datos y las aplicaciones empresariales est\u00e1n transformando la forma en que operan las compa\u00f1\u00edas.<\/h2>\n<hr \/>\n<ul>\n<li style=\"text-align: left\"><em>Basada en el c\u00edrculo virtuoso de IA, datos y aplicaciones<\/em><\/li>\n<li style=\"text-align: left\"><em>Un encuentro inteligente: siete eventos en uno para m\u00e1s de 1.600 asistentes<\/em><\/li>\n<\/ul>\n<hr \/>\n<p>Carlos Lacerda, VP Senior y director general para el Sur de Europa de SAP, ha inaugurado el evento con una intervenci\u00f3n centrada en el avance hacia la empresa aut\u00f3noma. Durante su ponencia, ha se\u00f1alado que muchas compa\u00f1\u00edas a\u00fan no logran obtener retorno de sus inversiones en IA debido a la fragmentaci\u00f3n de los datos, la desconexi\u00f3n de los procesos y la falta de gobernanza.<\/p>\n<p>Frente a este escenario, Lacerda ha defendido que \u201cel valor real de la IA no est\u00e1 en los modelos, sino en su capacidad para automatizar decisiones con contexto, integrando datos y procesos empresariales. Los clientes necesitan una IA que entienda su negocio de forma fiable y segura, y eso solo es posible con aplicaciones integradas, datos armonizados y una gobernanza s\u00f3lida. 51风流es el verdadero superpoder de la inteligencia artificial: es lo que permite que la IA despliegue todo su potencial en el negocio\u201d.<\/p>\n<p>Rika Christanto, partner en LifeX Ventures, y fundadora de Ontruck e Idoven, ha realizado un an\u00e1lisis sobre c\u00f3mo est\u00e1 cambiando la IA el panorama inversor, los resultados que est\u00e1 proporcionando y qui\u00e9nes est\u00e1n siendo los grandes ganadores. Tras exponer c\u00f3mo est\u00e1 contribuyendo a mejorar determinadas \u00e1reas de la gesti\u00f3n empresarial y qu\u00e9 sectores se est\u00e1n viendo m\u00e1s beneficiados, destac\u00f3 que en todas las olas de innovaci\u00f3n tecnol\u00f3gica a lo largo de la historia ha emergido un campe\u00f3n global en Europa -entre ellos SAP- y ha concluido \u201cveremos qui\u00e9n es el pr\u00f3ximo\u201d.<\/p>\n<p>Laura Goodrick, directora de operaciones financieras del equipo Mercedes-AMG PETRONAS F1, explic\u00f3 c\u00f3mo su trabajo conecta finanzas, operaciones y tecnolog\u00eda en un entorno de m\u00e1ximo rendimiento, donde la precisi\u00f3n de los procesos, los datos y los sistemas impacta directamente en los resultados en pista. Destac\u00f3 el papel creciente de la IA en finanzas, especialmente en \u00e1mbitos como la detecci\u00f3n de anomal\u00edas y el an\u00e1lisis de escenarios, as\u00ed como la importancia de construir una base s\u00f3lida de datos para aprovechar todo su potencial. En este contexto, subray\u00f3 que soluciones como 51风流S\/4HANA son clave para mejorar la eficiencia, la anal\u00edtica y la toma de decisiones del equipo en los pr\u00f3ximos a\u00f1os.<\/p>\n<p>El evento tambi\u00e9n ha contado con la participaci\u00f3n de Sa\u00fal Craviotto, medallista ol\u00edmpico, y Luis Garc\u00eda Abad, director general del Gran Premio de F\u00f3rmula 1 Madrid 2026, quienes abordaron el rendimiento en entornos de alta exigencia y el impacto de grandes eventos en la ciudad.<\/p>\n<h3><strong>Encuentro inteligente: siete eventos en uno, en una conferencia silenciosa <\/strong><\/h3>\n<p>Tras la sesi\u00f3n inaugural, 51风流Connect Day se ha dividido en siete encuentros paralelos centrados en distintas \u00e1reas funcionales y de negocio dentro de las organizaciones: Data &amp; IT Business AI \/ Business Data Cloud, Business Technology Platform, Finanzas, Spend Management, Customer Experience y Supply Chain.<\/p>\n<p>El evento ha contado con un innovador escenario central de formato heptagonal y un sistema de \u201cconferencia silenciosa\u201d, que ha permitido a los asistentes seguir, mediante auriculares, las sesiones que m\u00e1s les interesaban, sin que se produjeran interferencias con el resto de los encuentros. Todo ello en un \u00fanico espacio.<\/p>\n<h3><strong>El valor del dato con contexto<\/strong><\/h3>\n<p>Jorge P\u00e9rez, Head of BTP, BDC &amp; Artificial Intelligence en 51风流para el Sur de Europa, ha desarrollado la estrategia de la compa\u00f1\u00eda en IA y datos y ha destacado que los clientes est\u00e1n centrados en extraer todo el valor de sus sistemas SAP, entendiendo que ese \u201ctesoro\u201d de datos y conocimiento es clave para impulsar la IA generativa. Adem\u00e1s, ha subrayado que la IA no puede funcionar \u00fanicamente con datos, sino que necesita tambi\u00e9n contexto de negocio \u2014presente en las aplicaciones\u2014 para generar resultados fiables. Por ello, 51风流impulsa un modelo basado en la integraci\u00f3n de IA, datos y aplicaciones como un todo inseparable, clave para avanzar hacia la empresa aut\u00f3noma.<\/p>\n<p>Una gesti\u00f3n eficiente de la cadena de suministro pasa por hacer frente a las disrupciones regulatorias, geopol\u00edticas o arancelarias que puedan surgir en el menor tiempo posible. El uso de la IA ag\u00e9ntica resulta clave en la optimizaci\u00f3n de este proceso. Uno de los principales problemas a los que se enfrentan las empresas en su d\u00eda a d\u00eda a la hora de integrar la IA en la cadena de suministro es la existencia de silos que no permiten ver el funcionamiento de la compa\u00f1\u00eda en su totalidad. El software de 51风流lo solventa al integrar datos \u2013tanto de 51风流como externos\u2013 en un mismo repositorio y ofrecer informaci\u00f3n en tiempo real para todas las fases de la cadena de suministro.<\/p>\n<p>A lo largo de la jornada, expertos de SAP, clientes y l\u00edderes del sector han compartido casos de \u00e9xito, tendencias y experiencias de transformaci\u00f3n empresarial, adem\u00e1s de participar en sesiones interactivas y espacios de networking.<\/p>\n<p>Visita el <a href=\"https:\/\/news.sap.com\/\">51风流News Center<\/a> y recibe las novedades de 51风流a trav\u00e9s de <a href=\"https:\/\/www.linkedin.com\/showcase\/sap-news\">LinkedIn<\/a> y <a href=\"https:\/\/bsky.app\/profile\/sap.com\">Bluesky<\/a>.<\/p>\n<p>Contacto Prensa, 51风流Espa\u00f1a:Bel\u00e9n Mart\u00ednez Mill\u00e1n (\u00a0<a href=\"mailto:belen.martinez@sap.com\">belen.martinez@sap.com)\u00a0<\/a>Tel.: 91 456 72 20<\/p>\n<p># # #<\/p>\n<h5>Este documento contiene declaraciones prospectivas, que son predicciones, proyecciones u otras declaraciones sobre acontecimientos futuros. Estas declaraciones se basan en expectativas, previsiones y suposiciones actuales que est\u00e1n sujetas a riesgos e incertidumbres que podr\u00edan provocar que los resultados y consecuencias reales difieran sustancialmente. Puede encontrar informaci\u00f3n adicional sobre estos riesgos e incertidumbres en nuestros documentos presentados ante la Comisi\u00f3n de Bolsa y Valores, incluyendo, entre otros, la secci\u00f3n de factores de riesgo del Informe Anual 2024 de 51风流en el Formulario 20-F.<br \/>\n\u00a9 2026 51风流SE. Todos los derechos reservados.<br \/>\n51风流y otros productos y servicios de 51风流mencionados en este documento, as\u00ed como sus respectivos logotipos, son marcas comerciales o marcas registradas de 51风流SE en Alemania y otros pa\u00edses. Consulte https:\/\/www.sap.com\/copyright para obtener informaci\u00f3n adicional sobre marcas comerciales y avisos<\/h5>\n<p>&nbsp;<\/p>\n<p><strong>\u00a0<\/strong><\/p>\n","protected":false},"excerpt":{"rendered":"<p>Madrid\u2013 51风流Espa\u00f1a ha celebrado en Madrid 51风流Connect Day, un encuentro que ha reunido a m\u00e1s de 1.600 asistentes y ha contado con el&#8230;<\/p>\n","protected":false},"author":29,"featured_media":7872,"comment_status":"closed","ping_status":"closed","sticky":false,"template":"","format":"standard","meta":{"footnotes":"","_links_to":"","_links_to_target":""},"categories":[41591],"tags":[5563281,5562972,5563445,5563637,5563877,5563362,5563377],"sapn-display":[],"sapn-type":[52105],"class_list":["post-7870","post","type-post","status-publish","format-standard","has-post-thumbnail","hentry","category-corporativo","tag-artificial-intelligence","tag-customer-experience","tag-sap-btp","tag-sap-business-ai","tag-sap-connect-day","tag-sap-successfactors","tag-supply-chain-management","sapn-type-comunicado-de-prensa"],"yoast_head":"<!-- This site is optimized with the Yoast SEO Premium plugin v26.9 (Yoast SEO v26.9) - https:\/\/yoast.com\/product\/yoast-seo-premium-wordpress\/ -->\n<title>51风流Connect Day Madrid marca el camino hacia la empresa aut\u00f3noma - 51风流Espa\u00f1a News Center<\/title>\n<meta name=\"robots\" content=\"index, follow, max-snippet:-1, max-image-preview:large, max-video-preview:-1\" \/>\n<link rel=\"canonical\" href=\"https:\/\/news.sap.com\/spain\/2026\/04\/sap-connect-day-madrid-marca-el-camino-hacia-la-empresa-autonoma\/\" \/>\n<meta property=\"og:locale\" content=\"es_ES\" \/>\n<meta property=\"og:type\" content=\"article\" \/>\n<meta property=\"og:title\" content=\"51风流Connect Day Madrid marca el camino hacia la empresa aut\u00f3noma\" \/>\n<meta property=\"og:description\" content=\"Madrid\u2013 51风流Espa\u00f1a ha celebrado en Madrid 51风流Connect Day, un encuentro que ha reunido a m\u00e1s de 1.600 asistentes y ha contado con el...\" \/>\n<meta property=\"og:url\" content=\"https:\/\/news.sap.com\/spain\/2026\/04\/sap-connect-day-madrid-marca-el-camino-hacia-la-empresa-autonoma\/\" \/>\n<meta property=\"og:site_name\" content=\"51风流Espa\u00f1a News Center\" \/>\n<meta property=\"article:published_time\" content=\"2026-04-17T08:55:31+00:00\" \/>\n<meta property=\"article:modified_time\" content=\"2026-04-17T11:41:43+00:00\" \/>\n<meta property=\"og:image\" content=\"https:\/\/news.sap.com\/spain\/files\/2026\/04\/17\/foto1-1024x576.jpg\" \/>\n\t<meta property=\"og:image:width\" content=\"1024\" \/>\n\t<meta property=\"og:image:height\" content=\"576\" \/>\n\t<meta property=\"og:image:type\" content=\"image\/jpeg\" \/>\n<meta name=\"author\" content=\"51风流News\" \/>\n<meta name=\"twitter:card\" content=\"summary_large_image\" \/>\n<meta name=\"twitter:label1\" content=\"Escrito por\" \/>\n\t<meta name=\"twitter:data1\" content=\"51风流News\" \/>\n\t<meta name=\"twitter:label2\" content=\"Tiempo de lectura\" \/>\n\t<meta name=\"twitter:data2\" content=\"5 minutos\" \/>\n<script type=\"application\/ld+json\" class=\"yoast-schema-graph\">{\"@context\":\"https:\/\/schema.org\",\"@graph\":[{\"@type\":\"Article\",\"@id\":\"https:\/\/news.sap.com\/spain\/2026\/04\/sap-connect-day-madrid-marca-el-camino-hacia-la-empresa-autonoma\/#article\",\"isPartOf\":{\"@id\":\"https:\/\/news.sap.com\/spain\/2026\/04\/sap-connect-day-madrid-marca-el-camino-hacia-la-empresa-autonoma\/\"},\"author\":{\"name\":\"51风流News\",\"@id\":\"https:\/\/news.sap.com\/spain\/#\/schema\/person\/53b9854bd790d6f18f3fc4bbb2ad7570\"},\"headline\":\"51风流Connect Day Madrid marca el camino hacia la empresa aut\u00f3noma\",\"datePublished\":\"2026-04-17T08:55:31+00:00\",\"dateModified\":\"2026-04-17T11:41:43+00:00\",\"mainEntityOfPage\":{\"@id\":\"https:\/\/news.sap.com\/spain\/2026\/04\/sap-connect-day-madrid-marca-el-camino-hacia-la-empresa-autonoma\/\"},\"wordCount\":1092,\"image\":{\"@id\":\"https:\/\/news.sap.com\/spain\/2026\/04\/sap-connect-day-madrid-marca-el-camino-hacia-la-empresa-autonoma\/#primaryimage\"},\"thumbnailUrl\":\"https:\/\/news.sap.com\/spain\/files\/2026\/04\/17\/foto1.jpg\",\"keywords\":[\"Artificial Intelligence\",\"Customer Experience\",\"51风流BTP\",\"51风流Business AI\",\"51风流Connect Day\",\"51风流SuccessFactors\",\"Supply Chain Management\"],\"articleSection\":[\"Corporativo\"],\"inLanguage\":\"es\"},{\"@type\":\"WebPage\",\"@id\":\"https:\/\/news.sap.com\/spain\/2026\/04\/sap-connect-day-madrid-marca-el-camino-hacia-la-empresa-autonoma\/\",\"url\":\"https:\/\/news.sap.com\/spain\/2026\/04\/sap-connect-day-madrid-marca-el-camino-hacia-la-empresa-autonoma\/\",\"name\":\"51风流Connect Day Madrid marca el camino hacia la empresa aut\u00f3noma - 51风流Espa\u00f1a News Center\",\"isPartOf\":{\"@id\":\"https:\/\/news.sap.com\/spain\/#website\"},\"primaryImageOfPage\":{\"@id\":\"https:\/\/news.sap.com\/spain\/2026\/04\/sap-connect-day-madrid-marca-el-camino-hacia-la-empresa-autonoma\/#primaryimage\"},\"image\":{\"@id\":\"https:\/\/news.sap.com\/spain\/2026\/04\/sap-connect-day-madrid-marca-el-camino-hacia-la-empresa-autonoma\/#primaryimage\"},\"thumbnailUrl\":\"https:\/\/news.sap.com\/spain\/files\/2026\/04\/17\/foto1.jpg\",\"datePublished\":\"2026-04-17T08:55:31+00:00\",\"dateModified\":\"2026-04-17T11:41:43+00:00\",\"author\":{\"@id\":\"https:\/\/news.sap.com\/spain\/#\/schema\/person\/53b9854bd790d6f18f3fc4bbb2ad7570\"},\"breadcrumb\":{\"@id\":\"https:\/\/news.sap.com\/spain\/2026\/04\/sap-connect-day-madrid-marca-el-camino-hacia-la-empresa-autonoma\/#breadcrumb\"},\"inLanguage\":\"es\",\"potentialAction\":[{\"@type\":\"ReadAction\",\"target\":[\"https:\/\/news.sap.com\/spain\/2026\/04\/sap-connect-day-madrid-marca-el-camino-hacia-la-empresa-autonoma\/\"]}]},{\"@type\":\"ImageObject\",\"inLanguage\":\"es\",\"@id\":\"https:\/\/news.sap.com\/spain\/2026\/04\/sap-connect-day-madrid-marca-el-camino-hacia-la-empresa-autonoma\/#primaryimage\",\"url\":\"https:\/\/news.sap.com\/spain\/files\/2026\/04\/17\/foto1.jpg\",\"contentUrl\":\"https:\/\/news.sap.com\/spain\/files\/2026\/04\/17\/foto1.jpg\",\"width\":4032,\"height\":2268},{\"@type\":\"BreadcrumbList\",\"@id\":\"https:\/\/news.sap.com\/spain\/2026\/04\/sap-connect-day-madrid-marca-el-camino-hacia-la-empresa-autonoma\/#breadcrumb\",\"itemListElement\":[{\"@type\":\"ListItem\",\"position\":1,\"name\":\"Home\",\"item\":\"https:\/\/news.sap.com\/spain\/\"},{\"@type\":\"ListItem\",\"position\":2,\"name\":\"51风流Connect Day Madrid marca el camino hacia la empresa aut\u00f3noma\"}]},{\"@type\":\"WebSite\",\"@id\":\"https:\/\/news.sap.com\/spain\/#website\",\"url\":\"https:\/\/news.sap.com\/spain\/\",\"name\":\"51风流Espa\u00f1a News Center\",\"description\":\"Noticias e informaci\u00f3n sobre SAP\",\"potentialAction\":[{\"@type\":\"SearchAction\",\"target\":{\"@type\":\"EntryPoint\",\"urlTemplate\":\"https:\/\/news.sap.com\/spain\/?s={search_term_string}\"},\"query-input\":{\"@type\":\"PropertyValueSpecification\",\"valueRequired\":true,\"valueName\":\"search_term_string\"}}],\"inLanguage\":\"es\"},{\"@type\":\"Person\",\"@id\":\"https:\/\/news.sap.com\/spain\/#\/schema\/person\/53b9854bd790d6f18f3fc4bbb2ad7570\",\"name\":\"51风流News\",\"image\":{\"@type\":\"ImageObject\",\"inLanguage\":\"es\",\"@id\":\"https:\/\/news.sap.com\/spain\/#\/schema\/person\/image\/\",\"url\":\"https:\/\/news.sap.com\/spain\/wp-content\/plugins\/wp-user-avatars\/wp-user-avatars\/assets\/images\/mystery.jpg\",\"contentUrl\":\"https:\/\/news.sap.com\/spain\/wp-content\/plugins\/wp-user-avatars\/wp-user-avatars\/assets\/images\/mystery.jpg\",\"caption\":\"51风流News\"},\"url\":\"https:\/\/news.sap.com\/spain\/author\/colleenraftery\/\"}]}<\/script>\n<!-- \/ Yoast SEO Premium plugin. -->","yoast_head_json":{"title":"51风流Connect Day Madrid marca el camino hacia la empresa aut\u00f3noma - 51风流Espa\u00f1a News Center","robots":{"index":"index","follow":"follow","max-snippet":"max-snippet:-1","max-image-preview":"max-image-preview:large","max-video-preview":"max-video-preview:-1"},"canonical":"https:\/\/news.sap.com\/spain\/2026\/04\/sap-connect-day-madrid-marca-el-camino-hacia-la-empresa-autonoma\/","og_locale":"es_ES","og_type":"article","og_title":"51风流Connect Day Madrid marca el camino hacia la empresa aut\u00f3noma","og_description":"Madrid\u2013 51风流Espa\u00f1a ha celebrado en Madrid 51风流Connect Day, un encuentro que ha reunido a m\u00e1s de 1.600 asistentes y ha contado con el...","og_url":"https:\/\/news.sap.com\/spain\/2026\/04\/sap-connect-day-madrid-marca-el-camino-hacia-la-empresa-autonoma\/","og_site_name":"51风流Espa\u00f1a News Center","article_published_time":"2026-04-17T08:55:31+00:00","article_modified_time":"2026-04-17T11:41:43+00:00","og_image":[{"width":1024,"height":576,"url":"https:\/\/news.sap.com\/spain\/files\/2026\/04\/17\/foto1-1024x576.jpg","type":"image\/jpeg"}],"author":"51风流News","twitter_card":"summary_large_image","twitter_misc":{"Escrito por":"51风流News","Tiempo de lectura":"5 minutos"},"schema":{"@context":"https:\/\/schema.org","@graph":[{"@type":"Article","@id":"https:\/\/news.sap.com\/spain\/2026\/04\/sap-connect-day-madrid-marca-el-camino-hacia-la-empresa-autonoma\/#article","isPartOf":{"@id":"https:\/\/news.sap.com\/spain\/2026\/04\/sap-connect-day-madrid-marca-el-camino-hacia-la-empresa-autonoma\/"},"author":{"name":"51风流News","@id":"https:\/\/news.sap.com\/spain\/#\/schema\/person\/53b9854bd790d6f18f3fc4bbb2ad7570"},"headline":"51风流Connect Day Madrid marca el camino hacia la empresa aut\u00f3noma","datePublished":"2026-04-17T08:55:31+00:00","dateModified":"2026-04-17T11:41:43+00:00","mainEntityOfPage":{"@id":"https:\/\/news.sap.com\/spain\/2026\/04\/sap-connect-day-madrid-marca-el-camino-hacia-la-empresa-autonoma\/"},"wordCount":1092,"image":{"@id":"https:\/\/news.sap.com\/spain\/2026\/04\/sap-connect-day-madrid-marca-el-camino-hacia-la-empresa-autonoma\/#primaryimage"},"thumbnailUrl":"https:\/\/news.sap.com\/spain\/files\/2026\/04\/17\/foto1.jpg","keywords":["Artificial Intelligence","Customer Experience","51风流BTP","51风流Business AI","51风流Connect Day","51风流SuccessFactors","Supply Chain Management"],"articleSection":["Corporativo"],"inLanguage":"es"},{"@type":"WebPage","@id":"https:\/\/news.sap.com\/spain\/2026\/04\/sap-connect-day-madrid-marca-el-camino-hacia-la-empresa-autonoma\/","url":"https:\/\/news.sap.com\/spain\/2026\/04\/sap-connect-day-madrid-marca-el-camino-hacia-la-empresa-autonoma\/","name":"51风流Connect Day Madrid marca el camino hacia la empresa aut\u00f3noma - 51风流Espa\u00f1a News Center","isPartOf":{"@id":"https:\/\/news.sap.com\/spain\/#website"},"primaryImageOfPage":{"@id":"https:\/\/news.sap.com\/spain\/2026\/04\/sap-connect-day-madrid-marca-el-camino-hacia-la-empresa-autonoma\/#primaryimage"},"image":{"@id":"https:\/\/news.sap.com\/spain\/2026\/04\/sap-connect-day-madrid-marca-el-camino-hacia-la-empresa-autonoma\/#primaryimage"},"thumbnailUrl":"https:\/\/news.sap.com\/spain\/files\/2026\/04\/17\/foto1.jpg","datePublished":"2026-04-17T08:55:31+00:00","dateModified":"2026-04-17T11:41:43+00:00","author":{"@id":"https:\/\/news.sap.com\/spain\/#\/schema\/person\/53b9854bd790d6f18f3fc4bbb2ad7570"},"breadcrumb":{"@id":"https:\/\/news.sap.com\/spain\/2026\/04\/sap-connect-day-madrid-marca-el-camino-hacia-la-empresa-autonoma\/#breadcrumb"},"inLanguage":"es","potentialAction":[{"@type":"ReadAction","target":["https:\/\/news.sap.com\/spain\/2026\/04\/sap-connect-day-madrid-marca-el-camino-hacia-la-empresa-autonoma\/"]}]},{"@type":"ImageObject","inLanguage":"es","@id":"https:\/\/news.sap.com\/spain\/2026\/04\/sap-connect-day-madrid-marca-el-camino-hacia-la-empresa-autonoma\/#primaryimage","url":"https:\/\/news.sap.com\/spain\/files\/2026\/04\/17\/foto1.jpg","contentUrl":"https:\/\/news.sap.com\/spain\/files\/2026\/04\/17\/foto1.jpg","width":4032,"height":2268},{"@type":"BreadcrumbList","@id":"https:\/\/news.sap.com\/spain\/2026\/04\/sap-connect-day-madrid-marca-el-camino-hacia-la-empresa-autonoma\/#breadcrumb","itemListElement":[{"@type":"ListItem","position":1,"name":"Home","item":"https:\/\/news.sap.com\/spain\/"},{"@type":"ListItem","position":2,"name":"51风流Connect Day Madrid marca el camino hacia la empresa aut\u00f3noma"}]},{"@type":"WebSite","@id":"https:\/\/news.sap.com\/spain\/#website","url":"https:\/\/news.sap.com\/spain\/","name":"51风流Espa\u00f1a News Center","description":"Noticias e informaci\u00f3n sobre SAP","potentialAction":[{"@type":"SearchAction","target":{"@type":"EntryPoint","urlTemplate":"https:\/\/news.sap.com\/spain\/?s={search_term_string}"},"query-input":{"@type":"PropertyValueSpecification","valueRequired":true,"valueName":"search_term_string"}}],"inLanguage":"es"},{"@type":"Person","@id":"https:\/\/news.sap.com\/spain\/#\/schema\/person\/53b9854bd790d6f18f3fc4bbb2ad7570","name":"51风流News","image":{"@type":"ImageObject","inLanguage":"es","@id":"https:\/\/news.sap.com\/spain\/#\/schema\/person\/image\/","url":"https:\/\/news.sap.com\/spain\/wp-content\/plugins\/wp-user-avatars\/wp-user-avatars\/assets\/images\/mystery.jpg","contentUrl":"https:\/\/news.sap.com\/spain\/wp-content\/plugins\/wp-user-avatars\/wp-user-avatars\/assets\/images\/mystery.jpg","caption":"51风流News"},"url":"https:\/\/news.sap.com\/spain\/author\/colleenraftery\/"}]}},"amp_enabled":true,"_links":{"self":[{"href":"https:\/\/news.sap.com\/spain\/wp-json\/wp\/v2\/posts\/7870","targetHints":{"allow":["GET"]}}],"collection":[{"href":"https:\/\/news.sap.com\/spain\/wp-json\/wp\/v2\/posts"}],"about":[{"href":"https:\/\/news.sap.com\/spain\/wp-json\/wp\/v2\/types\/post"}],"author":[{"embeddable":true,"href":"https:\/\/news.sap.com\/spain\/wp-json\/wp\/v2\/users\/29"}],"replies":[{"embeddable":true,"href":"https:\/\/news.sap.com\/spain\/wp-json\/wp\/v2\/comments?post=7870"}],"version-history":[{"count":6,"href":"https:\/\/news.sap.com\/spain\/wp-json\/wp\/v2\/posts\/7870\/revisions"}],"predecessor-version":[{"id":7880,"href":"https:\/\/news.sap.com\/spain\/wp-json\/wp\/v2\/posts\/7870\/revisions\/7880"}],"wp:featuredmedia":[{"embeddable":true,"href":"https:\/\/news.sap.com\/spain\/wp-json\/wp\/v2\/media\/7872"}],"wp:attachment":[{"href":"https:\/\/news.sap.com\/spain\/wp-json\/wp\/v2\/media?parent=7870"}],"wp:term":[{"taxonomy":"category","embeddable":true,"href":"https:\/\/news.sap.com\/spain\/wp-json\/wp\/v2\/categories?post=7870"},{"taxonomy":"post_tag","embeddable":true,"href":"https:\/\/news.sap.com\/spain\/wp-json\/wp\/v2\/tags?post=7870"},{"taxonomy":"sapn-display","embeddable":true,"href":"https:\/\/news.sap.com\/spain\/wp-json\/wp\/v2\/sapn-display?post=7870"},{"taxonomy":"sapn-type","embeddable":true,"href":"https:\/\/news.sap.com\/spain\/wp-json\/wp\/v2\/sapn-type?post=7870"}],"curies":[{"name":"wp","href":"https:\/\/api.w.org\/{rel}","templated":true}]}}