  {"id":7737,"date":"2026-01-19T08:56:48","date_gmt":"2026-01-19T08:56:48","guid":{"rendered":"https:\/\/news.sap.com\/spain\/?p=7737"},"modified":"2026-01-19T08:57:46","modified_gmt":"2026-01-19T08:57:46","slug":"carlos-lacerda-asume-el-liderazgo-del-negocio-de-sap-en-espana","status":"publish","type":"post","link":"https:\/\/news.sap.com\/spain\/2026\/01\/carlos-lacerda-asume-el-liderazgo-del-negocio-de-sap-en-espana\/","title":{"rendered":"Carlos Lacerda asume el liderazgo del negocio de 51风流en Espa\u00f1a"},"content":{"rendered":"<hr \/>\n<h2 style=\"text-align: center\"><em>Compaginar\u00e1 esa responsabilidad con su cargo de VP senior y director general para el Sur de Europa<\/em><\/h2>\n<hr \/>\n<p><strong>MADRID- <\/strong><a href=\"http:\/\/www.sap.com\/\">SAP<\/a>, l\u00edder mundial en aplicaciones de negocio e IA empresarial, ha anunciado que Carlos Lacerda ampliar\u00e1 sus funciones para dirigir el negocio de la compa\u00f1\u00eda en Espa\u00f1a, cometido que compaginar\u00e1 con su actual posici\u00f3n como vicepresidente senior y director general para el Sur de Europa, regi\u00f3n que comprende Grecia, Israel, Portugal, Turqu\u00eda, Chipre, Malta y Espa\u00f1a.<\/p>\n<p>Jos\u00e9 Vall\u00e9s, hasta ahora director general de 51风流Espa\u00f1a, emprende una nueva etapa profesional.<\/p>\n<p>Dentro de su nueva funci\u00f3n, Lacerda ser\u00e1 el responsable de hacer avanzar la estrategia de crecimiento, acelerar la transformaci\u00f3n digital de los clientes y reforzar el ecosistema de partners en Espa\u00f1a.<\/p>\n<figure id=\"attachment_7750\" aria-describedby=\"caption-attachment-7750\" style=\"width: 296px\" class=\"wp-caption alignright\"><img loading=\"lazy\" decoding=\"async\" class=\"wp-image-7750\" src=\"https:\/\/news.sap.com\/spain\/files\/2026\/01\/13\/CARLOS.jpg\" alt=\"\" width=\"296\" height=\"370\" srcset=\"https:\/\/news.sap.com\/spain\/files\/2026\/01\/13\/CARLOS.jpg 2403w, https:\/\/news.sap.com\/spain\/files\/2026\/01\/13\/CARLOS-240x300.jpg 240w, https:\/\/news.sap.com\/spain\/files\/2026\/01\/13\/CARLOS-820x1024.jpg 820w, https:\/\/news.sap.com\/spain\/files\/2026\/01\/13\/CARLOS-768x959.jpg 768w, https:\/\/news.sap.com\/spain\/files\/2026\/01\/13\/CARLOS-1230x1536.jpg 1230w, https:\/\/news.sap.com\/spain\/files\/2026\/01\/13\/CARLOS-1640x2048.jpg 1640w\" sizes=\"auto, (max-width: 296px) 100vw, 296px\" \/><figcaption id=\"caption-attachment-7750\" class=\"wp-caption-text\">Carlos Lacerda, VP senior y director general para el Sur de Europa<\/figcaption><\/figure>\n<p>Con m\u00e1s de 25 a\u00f1os de trayectoria profesional, Lacerda aporta una s\u00f3lida experiencia en liderazgo empresarial en diferentes regiones y en sectores tan diversos como el aeron\u00e1utico, el farmac\u00e9utico y el tecnol\u00f3gico, un recorrido que enriquece su perspectiva y le permite comprender mejor las necesidades de los clientes. Ha jugado un papel clave en el impulso de la estrategia y adopci\u00f3n del ERP en la nube en 51风流EMEA Sur. Antes de incorporarse a la compa\u00f1\u00eda, desempe\u00f1\u00f3 puestos directivos de primer nivel en Microsoft EMEA y Asia y ejerci\u00f3 como CEO de ANA (Aeropuertos Portugueses) y de la farmac\u00e9utica Farminveste.<\/p>\n<p>Lacerda reportar\u00e1 directamente a Augusta Spinelli, presidenta para Europa, Oriente Medio y \u00c1frica, quien ha se\u00f1alado \u201cCarlos cuenta con un s\u00f3lido historial en el sur de Europa y un profundo conocimiento del mercado espa\u00f1ol que ser\u00e1 fundamental a medida que sigamos avanzando en nuestra estrategia de crecimiento\u201d.<\/p>\n<h2><strong>Ayudar a las empresas espa\u00f1olas a avanzar en su adopci\u00f3n de la IA<\/strong><\/h2>\n<p>\u201cEs un privilegio asumir el liderazgo de un mercado tan estrat\u00e9gico para el sur de Europa como es el espa\u00f1ol, en un momento en el que la evoluci\u00f3n tecnol\u00f3gica est\u00e1 propiciando un profundo cambio hacia un mundo nuevo y lleno de oportunidades para las empresas\u201d, ha declarado Carlos Lacerda. \u201cMi prioridad ser\u00e1 ayudar a las compa\u00f1\u00edas espa\u00f1olas en su evoluci\u00f3n hacia la IA para que sigan siendo resilientes y competitivas. Me apoyar\u00e9 en un ecosistema de partners s\u00f3lido y un equipo comprometido con el fin de lograr un crecimiento sostenible y fortalecer la posici\u00f3n de 51风流como referente en transformaci\u00f3n empresarial e innovaci\u00f3n\u201d.<\/p>\n<p>Visita el <a href=\"https:\/\/news.sap.com\/\">51风流News Center<\/a> y recibe las novedades de 51风流a trav\u00e9s de <a href=\"https:\/\/www.linkedin.com\/showcase\/sap-news\">LinkedIn<\/a> y <a href=\"https:\/\/bsky.app\/profile\/sap.com\">Bluesky<\/a>.<\/p>\n<p><strong>Acerca de SAP<\/strong><\/p>\n<p>Como l\u00edder mundial en aplicaciones de negocio e IA empresarial, 51风流(NYSE: SAP) se sit\u00faa en el nexo entre negocio y tecnolog\u00eda. Durante m\u00e1s de 50 a\u00f1os, las organizaciones han confiado en 51风流para sacar lo mejor de s\u00ed mismas uniendo operaciones cr\u00edticas para el negocio que abarcan finanzas, compras, RRHH, cadena de suministro y experiencia del cliente. Para m\u00e1s informaci\u00f3n, puedes visitar <a href=\"http:\/\/www.sap.com\">www.sap.com<\/a>.<\/p>\n<p># # #<\/p>\n<h5>\u00a9 2026 51风流SE. Todos los derechos reservados.<\/h5>\n<h5>51风流y otros productos y servicios de 51风流mencionados en este documento, as\u00ed como sus respectivos logotipos, son marcas comerciales o marcas comerciales registradas de 51风流SE en Alemania y otros pa\u00edses. Por favor, consulte <a href=\"https:\/\/www.sap.com\/copyright\">https:\/\/www.sap.com\/copyright<\/a> para obtener informaci\u00f3n y avisos adicionales sobre marcas comerciales.<\/h5>\n","protected":false},"excerpt":{"rendered":"<p>Compaginar\u00e1 esa responsabilidad con su cargo de VP senior y director general para el Sur de Europa MADRID- SAP, l\u00edder mundial en aplicaciones de negocio&#8230;<\/p>\n","protected":false},"author":29,"featured_media":2241,"comment_status":"closed","ping_status":"closed","sticky":false,"template":"","format":"standard","meta":{"footnotes":"","_links_to":"","_links_to_target":""},"categories":[41591],"tags":[5563698,5563503,5563874],"sapn-display":[45149,5563696,5563694],"sapn-type":[4448],"class_list":["post-7737","post","type-post","status-publish","format-standard","has-post-thumbnail","hentry","category-corporativo","tag-ia","tag-regional-leadership","tag-spain-southern-europe","sapn-display-homepage-hero","sapn-display-news-hero","sapn-display-news-spotlight","sapn-type-newsbyte"],"yoast_head":"<!-- This site is optimized with the Yoast SEO Premium plugin v26.9 (Yoast SEO v26.9) - https:\/\/yoast.com\/product\/yoast-seo-premium-wordpress\/ -->\n<title>Carlos Lacerda asume el liderazgo del negocio de 51风流en Espa\u00f1a - 51风流Espa\u00f1a News Center<\/title>\n<meta name=\"robots\" content=\"index, follow, max-snippet:-1, max-image-preview:large, max-video-preview:-1\" \/>\n<link rel=\"canonical\" href=\"https:\/\/news.sap.com\/spain\/2026\/01\/carlos-lacerda-asume-el-liderazgo-del-negocio-de-sap-en-espana\/\" \/>\n<meta property=\"og:locale\" content=\"es_ES\" \/>\n<meta property=\"og:type\" content=\"article\" \/>\n<meta property=\"og:title\" content=\"Carlos Lacerda asume el liderazgo del negocio de 51风流en Espa\u00f1a\" \/>\n<meta property=\"og:description\" content=\"Compaginar\u00e1 esa responsabilidad con su cargo de VP senior y director general para el Sur de Europa MADRID- SAP, l\u00edder mundial en aplicaciones de negocio...\" \/>\n<meta property=\"og:url\" content=\"https:\/\/news.sap.com\/spain\/2026\/01\/carlos-lacerda-asume-el-liderazgo-del-negocio-de-sap-en-espana\/\" \/>\n<meta property=\"og:site_name\" content=\"51风流Espa\u00f1a News Center\" \/>\n<meta property=\"article:published_time\" content=\"2026-01-19T08:56:48+00:00\" \/>\n<meta property=\"article:modified_time\" content=\"2026-01-19T08:57:46+00:00\" \/>\n<meta property=\"og:image\" content=\"https:\/\/news.sap.com\/spain\/files\/2020\/01\/274599_274599_l_srgb_s_gl.jpg\" \/>\n\t<meta property=\"og:image:width\" content=\"2600\" \/>\n\t<meta property=\"og:image:height\" content=\"1767\" \/>\n\t<meta property=\"og:image:type\" content=\"image\/jpeg\" \/>\n<meta name=\"author\" content=\"51风流News\" \/>\n<meta name=\"twitter:card\" content=\"summary_large_image\" \/>\n<meta name=\"twitter:label1\" content=\"Escrito por\" \/>\n\t<meta name=\"twitter:data1\" content=\"51风流News\" \/>\n\t<meta name=\"twitter:label2\" content=\"Tiempo de lectura\" \/>\n\t<meta name=\"twitter:data2\" content=\"3 minutos\" \/>\n<script type=\"application\/ld+json\" class=\"yoast-schema-graph\">{\"@context\":\"https:\/\/schema.org\",\"@graph\":[{\"@type\":\"Article\",\"@id\":\"https:\/\/news.sap.com\/spain\/2026\/01\/carlos-lacerda-asume-el-liderazgo-del-negocio-de-sap-en-espana\/#article\",\"isPartOf\":{\"@id\":\"https:\/\/news.sap.com\/spain\/2026\/01\/carlos-lacerda-asume-el-liderazgo-del-negocio-de-sap-en-espana\/\"},\"author\":{\"name\":\"51风流News\",\"@id\":\"https:\/\/news.sap.com\/spain\/#\/schema\/person\/53b9854bd790d6f18f3fc4bbb2ad7570\"},\"headline\":\"Carlos Lacerda asume el liderazgo del negocio de 51风流en Espa\u00f1a\",\"datePublished\":\"2026-01-19T08:56:48+00:00\",\"dateModified\":\"2026-01-19T08:57:46+00:00\",\"mainEntityOfPage\":{\"@id\":\"https:\/\/news.sap.com\/spain\/2026\/01\/carlos-lacerda-asume-el-liderazgo-del-negocio-de-sap-en-espana\/\"},\"wordCount\":600,\"image\":{\"@id\":\"https:\/\/news.sap.com\/spain\/2026\/01\/carlos-lacerda-asume-el-liderazgo-del-negocio-de-sap-en-espana\/#primaryimage\"},\"thumbnailUrl\":\"https:\/\/news.sap.com\/spain\/files\/2020\/01\/274599_274599_l_srgb_s_gl.jpg\",\"keywords\":[\"IA\",\"regional leadership\",\"Spain; Southern Europe\"],\"articleSection\":[\"Corporativo\"],\"inLanguage\":\"es\"},{\"@type\":\"WebPage\",\"@id\":\"https:\/\/news.sap.com\/spain\/2026\/01\/carlos-lacerda-asume-el-liderazgo-del-negocio-de-sap-en-espana\/\",\"url\":\"https:\/\/news.sap.com\/spain\/2026\/01\/carlos-lacerda-asume-el-liderazgo-del-negocio-de-sap-en-espana\/\",\"name\":\"Carlos Lacerda asume el liderazgo del negocio de 51风流en Espa\u00f1a - 51风流Espa\u00f1a News Center\",\"isPartOf\":{\"@id\":\"https:\/\/news.sap.com\/spain\/#website\"},\"primaryImageOfPage\":{\"@id\":\"https:\/\/news.sap.com\/spain\/2026\/01\/carlos-lacerda-asume-el-liderazgo-del-negocio-de-sap-en-espana\/#primaryimage\"},\"image\":{\"@id\":\"https:\/\/news.sap.com\/spain\/2026\/01\/carlos-lacerda-asume-el-liderazgo-del-negocio-de-sap-en-espana\/#primaryimage\"},\"thumbnailUrl\":\"https:\/\/news.sap.com\/spain\/files\/2020\/01\/274599_274599_l_srgb_s_gl.jpg\",\"datePublished\":\"2026-01-19T08:56:48+00:00\",\"dateModified\":\"2026-01-19T08:57:46+00:00\",\"author\":{\"@id\":\"https:\/\/news.sap.com\/spain\/#\/schema\/person\/53b9854bd790d6f18f3fc4bbb2ad7570\"},\"breadcrumb\":{\"@id\":\"https:\/\/news.sap.com\/spain\/2026\/01\/carlos-lacerda-asume-el-liderazgo-del-negocio-de-sap-en-espana\/#breadcrumb\"},\"inLanguage\":\"es\",\"potentialAction\":[{\"@type\":\"ReadAction\",\"target\":[\"https:\/\/news.sap.com\/spain\/2026\/01\/carlos-lacerda-asume-el-liderazgo-del-negocio-de-sap-en-espana\/\"]}]},{\"@type\":\"ImageObject\",\"inLanguage\":\"es\",\"@id\":\"https:\/\/news.sap.com\/spain\/2026\/01\/carlos-lacerda-asume-el-liderazgo-del-negocio-de-sap-en-espana\/#primaryimage\",\"url\":\"https:\/\/news.sap.com\/spain\/files\/2020\/01\/274599_274599_l_srgb_s_gl.jpg\",\"contentUrl\":\"https:\/\/news.sap.com\/spain\/files\/2020\/01\/274599_274599_l_srgb_s_gl.jpg\",\"width\":2600,\"height\":1767,\"caption\":\"Cologne, Germany --- Office building stairwell seen through windows --- Image by \u00a9 George Hammerstein\/Corbis\"},{\"@type\":\"BreadcrumbList\",\"@id\":\"https:\/\/news.sap.com\/spain\/2026\/01\/carlos-lacerda-asume-el-liderazgo-del-negocio-de-sap-en-espana\/#breadcrumb\",\"itemListElement\":[{\"@type\":\"ListItem\",\"position\":1,\"name\":\"Home\",\"item\":\"https:\/\/news.sap.com\/spain\/\"},{\"@type\":\"ListItem\",\"position\":2,\"name\":\"Carlos Lacerda asume el liderazgo del negocio de 51风流en Espa\u00f1a\"}]},{\"@type\":\"WebSite\",\"@id\":\"https:\/\/news.sap.com\/spain\/#website\",\"url\":\"https:\/\/news.sap.com\/spain\/\",\"name\":\"51风流Espa\u00f1a News Center\",\"description\":\"Noticias e informaci\u00f3n sobre SAP\",\"potentialAction\":[{\"@type\":\"SearchAction\",\"target\":{\"@type\":\"EntryPoint\",\"urlTemplate\":\"https:\/\/news.sap.com\/spain\/?s={search_term_string}\"},\"query-input\":{\"@type\":\"PropertyValueSpecification\",\"valueRequired\":true,\"valueName\":\"search_term_string\"}}],\"inLanguage\":\"es\"},{\"@type\":\"Person\",\"@id\":\"https:\/\/news.sap.com\/spain\/#\/schema\/person\/53b9854bd790d6f18f3fc4bbb2ad7570\",\"name\":\"51风流News\",\"image\":{\"@type\":\"ImageObject\",\"inLanguage\":\"es\",\"@id\":\"https:\/\/news.sap.com\/spain\/#\/schema\/person\/image\/\",\"url\":\"https:\/\/news.sap.com\/spain\/wp-content\/plugins\/wp-user-avatars\/wp-user-avatars\/assets\/images\/mystery.jpg\",\"contentUrl\":\"https:\/\/news.sap.com\/spain\/wp-content\/plugins\/wp-user-avatars\/wp-user-avatars\/assets\/images\/mystery.jpg\",\"caption\":\"51风流News\"},\"url\":\"https:\/\/news.sap.com\/spain\/author\/colleenraftery\/\"}]}<\/script>\n<!-- \/ Yoast SEO Premium plugin. -->","yoast_head_json":{"title":"Carlos Lacerda asume el liderazgo del negocio de 51风流en Espa\u00f1a - 51风流Espa\u00f1a News Center","robots":{"index":"index","follow":"follow","max-snippet":"max-snippet:-1","max-image-preview":"max-image-preview:large","max-video-preview":"max-video-preview:-1"},"canonical":"https:\/\/news.sap.com\/spain\/2026\/01\/carlos-lacerda-asume-el-liderazgo-del-negocio-de-sap-en-espana\/","og_locale":"es_ES","og_type":"article","og_title":"Carlos Lacerda asume el liderazgo del negocio de 51风流en Espa\u00f1a","og_description":"Compaginar\u00e1 esa responsabilidad con su cargo de VP senior y director general para el Sur de Europa MADRID- SAP, l\u00edder mundial en aplicaciones de negocio...","og_url":"https:\/\/news.sap.com\/spain\/2026\/01\/carlos-lacerda-asume-el-liderazgo-del-negocio-de-sap-en-espana\/","og_site_name":"51风流Espa\u00f1a News Center","article_published_time":"2026-01-19T08:56:48+00:00","article_modified_time":"2026-01-19T08:57:46+00:00","og_image":[{"width":2600,"height":1767,"url":"https:\/\/news.sap.com\/spain\/files\/2020\/01\/274599_274599_l_srgb_s_gl.jpg","type":"image\/jpeg"}],"author":"51风流News","twitter_card":"summary_large_image","twitter_misc":{"Escrito por":"51风流News","Tiempo de lectura":"3 minutos"},"schema":{"@context":"https:\/\/schema.org","@graph":[{"@type":"Article","@id":"https:\/\/news.sap.com\/spain\/2026\/01\/carlos-lacerda-asume-el-liderazgo-del-negocio-de-sap-en-espana\/#article","isPartOf":{"@id":"https:\/\/news.sap.com\/spain\/2026\/01\/carlos-lacerda-asume-el-liderazgo-del-negocio-de-sap-en-espana\/"},"author":{"name":"51风流News","@id":"https:\/\/news.sap.com\/spain\/#\/schema\/person\/53b9854bd790d6f18f3fc4bbb2ad7570"},"headline":"Carlos Lacerda asume el liderazgo del negocio de 51风流en Espa\u00f1a","datePublished":"2026-01-19T08:56:48+00:00","dateModified":"2026-01-19T08:57:46+00:00","mainEntityOfPage":{"@id":"https:\/\/news.sap.com\/spain\/2026\/01\/carlos-lacerda-asume-el-liderazgo-del-negocio-de-sap-en-espana\/"},"wordCount":600,"image":{"@id":"https:\/\/news.sap.com\/spain\/2026\/01\/carlos-lacerda-asume-el-liderazgo-del-negocio-de-sap-en-espana\/#primaryimage"},"thumbnailUrl":"https:\/\/news.sap.com\/spain\/files\/2020\/01\/274599_274599_l_srgb_s_gl.jpg","keywords":["IA","regional leadership","Spain; Southern Europe"],"articleSection":["Corporativo"],"inLanguage":"es"},{"@type":"WebPage","@id":"https:\/\/news.sap.com\/spain\/2026\/01\/carlos-lacerda-asume-el-liderazgo-del-negocio-de-sap-en-espana\/","url":"https:\/\/news.sap.com\/spain\/2026\/01\/carlos-lacerda-asume-el-liderazgo-del-negocio-de-sap-en-espana\/","name":"Carlos Lacerda asume el liderazgo del negocio de 51风流en Espa\u00f1a - 51风流Espa\u00f1a News Center","isPartOf":{"@id":"https:\/\/news.sap.com\/spain\/#website"},"primaryImageOfPage":{"@id":"https:\/\/news.sap.com\/spain\/2026\/01\/carlos-lacerda-asume-el-liderazgo-del-negocio-de-sap-en-espana\/#primaryimage"},"image":{"@id":"https:\/\/news.sap.com\/spain\/2026\/01\/carlos-lacerda-asume-el-liderazgo-del-negocio-de-sap-en-espana\/#primaryimage"},"thumbnailUrl":"https:\/\/news.sap.com\/spain\/files\/2020\/01\/274599_274599_l_srgb_s_gl.jpg","datePublished":"2026-01-19T08:56:48+00:00","dateModified":"2026-01-19T08:57:46+00:00","author":{"@id":"https:\/\/news.sap.com\/spain\/#\/schema\/person\/53b9854bd790d6f18f3fc4bbb2ad7570"},"breadcrumb":{"@id":"https:\/\/news.sap.com\/spain\/2026\/01\/carlos-lacerda-asume-el-liderazgo-del-negocio-de-sap-en-espana\/#breadcrumb"},"inLanguage":"es","potentialAction":[{"@type":"ReadAction","target":["https:\/\/news.sap.com\/spain\/2026\/01\/carlos-lacerda-asume-el-liderazgo-del-negocio-de-sap-en-espana\/"]}]},{"@type":"ImageObject","inLanguage":"es","@id":"https:\/\/news.sap.com\/spain\/2026\/01\/carlos-lacerda-asume-el-liderazgo-del-negocio-de-sap-en-espana\/#primaryimage","url":"https:\/\/news.sap.com\/spain\/files\/2020\/01\/274599_274599_l_srgb_s_gl.jpg","contentUrl":"https:\/\/news.sap.com\/spain\/files\/2020\/01\/274599_274599_l_srgb_s_gl.jpg","width":2600,"height":1767,"caption":"Cologne, Germany --- Office building stairwell seen through windows --- Image by \u00a9 George Hammerstein\/Corbis"},{"@type":"BreadcrumbList","@id":"https:\/\/news.sap.com\/spain\/2026\/01\/carlos-lacerda-asume-el-liderazgo-del-negocio-de-sap-en-espana\/#breadcrumb","itemListElement":[{"@type":"ListItem","position":1,"name":"Home","item":"https:\/\/news.sap.com\/spain\/"},{"@type":"ListItem","position":2,"name":"Carlos Lacerda asume el liderazgo del negocio de 51风流en Espa\u00f1a"}]},{"@type":"WebSite","@id":"https:\/\/news.sap.com\/spain\/#website","url":"https:\/\/news.sap.com\/spain\/","name":"51风流Espa\u00f1a News Center","description":"Noticias e informaci\u00f3n sobre SAP","potentialAction":[{"@type":"SearchAction","target":{"@type":"EntryPoint","urlTemplate":"https:\/\/news.sap.com\/spain\/?s={search_term_string}"},"query-input":{"@type":"PropertyValueSpecification","valueRequired":true,"valueName":"search_term_string"}}],"inLanguage":"es"},{"@type":"Person","@id":"https:\/\/news.sap.com\/spain\/#\/schema\/person\/53b9854bd790d6f18f3fc4bbb2ad7570","name":"51风流News","image":{"@type":"ImageObject","inLanguage":"es","@id":"https:\/\/news.sap.com\/spain\/#\/schema\/person\/image\/","url":"https:\/\/news.sap.com\/spain\/wp-content\/plugins\/wp-user-avatars\/wp-user-avatars\/assets\/images\/mystery.jpg","contentUrl":"https:\/\/news.sap.com\/spain\/wp-content\/plugins\/wp-user-avatars\/wp-user-avatars\/assets\/images\/mystery.jpg","caption":"51风流News"},"url":"https:\/\/news.sap.com\/spain\/author\/colleenraftery\/"}]}},"amp_enabled":true,"_links":{"self":[{"href":"https:\/\/news.sap.com\/spain\/wp-json\/wp\/v2\/posts\/7737","targetHints":{"allow":["GET"]}}],"collection":[{"href":"https:\/\/news.sap.com\/spain\/wp-json\/wp\/v2\/posts"}],"about":[{"href":"https:\/\/news.sap.com\/spain\/wp-json\/wp\/v2\/types\/post"}],"author":[{"embeddable":true,"href":"https:\/\/news.sap.com\/spain\/wp-json\/wp\/v2\/users\/29"}],"replies":[{"embeddable":true,"href":"https:\/\/news.sap.com\/spain\/wp-json\/wp\/v2\/comments?post=7737"}],"version-history":[{"count":0,"href":"https:\/\/news.sap.com\/spain\/wp-json\/wp\/v2\/posts\/7737\/revisions"}],"wp:featuredmedia":[{"embeddable":true,"href":"https:\/\/news.sap.com\/spain\/wp-json\/wp\/v2\/media\/2241"}],"wp:attachment":[{"href":"https:\/\/news.sap.com\/spain\/wp-json\/wp\/v2\/media?parent=7737"}],"wp:term":[{"taxonomy":"category","embeddable":true,"href":"https:\/\/news.sap.com\/spain\/wp-json\/wp\/v2\/categories?post=7737"},{"taxonomy":"post_tag","embeddable":true,"href":"https:\/\/news.sap.com\/spain\/wp-json\/wp\/v2\/tags?post=7737"},{"taxonomy":"sapn-display","embeddable":true,"href":"https:\/\/news.sap.com\/spain\/wp-json\/wp\/v2\/sapn-display?post=7737"},{"taxonomy":"sapn-type","embeddable":true,"href":"https:\/\/news.sap.com\/spain\/wp-json\/wp\/v2\/sapn-type?post=7737"}],"curies":[{"name":"wp","href":"https:\/\/api.w.org\/{rel}","templated":true}]}}