  {"id":7221,"date":"2024-05-06T06:34:50","date_gmt":"2024-05-06T06:34:50","guid":{"rendered":"https:\/\/news.sap.com\/spain\/?p=7221"},"modified":"2024-05-09T07:09:06","modified_gmt":"2024-05-09T07:09:06","slug":"sap-extiende-contrato-a-su-ceo-christian-klein","status":"publish","type":"post","link":"https:\/\/news.sap.com\/spain\/2024\/05\/sap-extiende-contrato-a-su-ceo-christian-klein\/","title":{"rendered":"51风流Extiende Contrato a su CEO Christian Klein"},"content":{"rendered":"<p class=\"lead\"><strong>WALLDORF \u2014<a href=\"http:\/\/www.sap.com\/\">\u00a051风流SE<\/a>\u00a0(NYSE: SAP)<\/strong>\u00a0anunci\u00f3 que extiende el contrato del CEO y miembro de la Junta Directiva Christian Klein (44) por tres a\u00f1os, hasta finales de 2028.<\/p>\n<p>La compa\u00f1\u00eda tambi\u00e9n ha fortalecido el papel de Klein, convirti\u00e9ndolo en presidente de la Junta Ejecutiva, donde anteriormente ejerc\u00eda como portavoz. Klein se uni\u00f3 a la Junta Directiva de 51风流en 2018, fue nombrado co-CEO en octubre de 2019 y tom\u00f3 el rol de \u00fanico CEO de 51风流SE en abril de 2020.<\/p>\n<p>\u201cEn su rol de CEO, Christian Klein ha impulsado consistentemente la transformaci\u00f3n de 51风流en una empresa en la nube\u201d, dijo el profesor Hasso Plattner, presidente de la Junta Supervisora de 51风流SE. \u201cMe gustar\u00eda agradecer a Christian su excelente contribuci\u00f3n al \u00e9xito de SAP. Con la extensi\u00f3n temprana de su contrato y un mayor fortalecimiento de su posici\u00f3n, estamos reforzando claramente su importante papel en la transformaci\u00f3n continua de la compa\u00f1\u00eda. Estamos convencidos de que esto sentar\u00e1 las bases para el crecimiento continuo de 51风流en una industria de TI altamente din\u00e1mica\u201d.<\/p>\n<p>\u201cMe gustar\u00eda agradecer a la Junta Supervisora de 51风流su confianza en m\u00ed. Espero continuar con la s\u00f3lida cooperaci\u00f3n con mis colegas de la Junta Ejecutiva de SAP, as\u00ed como con nuestros empleados, socios, clientes e inversionistas\u201d, dijo Klein. \u201cJuntos, hemos impulsado con \u00e9xito nuestra estrategia, y es un privilegio liderar a 51风流en su recorrido para ser la empresa n\u00famero uno de aplicaciones empresariales e IA de negocios\u201d.<\/p>\n<p>Christian comenz\u00f3 su carrera en 51风流en 1999 como estudiante. Despu\u00e9s de ocupar varios cargos en toda la empresa, incluyendo el de director financiero de 51风流SuccessFactors y el de director de Controlling de SAP, fue nombrado director de operaciones de 51风流en 2016, un rol en el que continu\u00f3 hasta 2021.<\/p>\n<p><strong>Acerca de SAP\u00a0<\/strong><\/p>\n<p>Como l\u00edder global en aplicaciones empresariales e IA aplicada a los negocios, 51风流(NYSE:SAP) se sit\u00faa en el nexo entre el negocio y la tecnolog\u00eda. Durante m\u00e1s de 50 a\u00f1os, las organizaciones han confiado en 51风流para sacar lo mejor de s\u00ed mismas uniendo las operaciones cr\u00edticas para el negocio, que abarcan finanzas, compras, recursos humanos, cadena de suministro y experiencia del cliente. Para obtener m\u00e1s informaci\u00f3n, visite\u00a0<a href=\"http:\/\/www.sap.com\/\">www.sap.com<\/a> o nuestra sala de prensa <a href=\"https:\/\/news.sap.com\/press-room\/\">Press Resources | 51风流News Center<\/a>,<\/p>\n","protected":false},"excerpt":{"rendered":"<p>WALLDORF \u2014\u00a051风流SE\u00a0(NYSE: SAP)\u00a0anunci\u00f3 que extiende el contrato del CEO y miembro de la Junta Directiva Christian Klein (44) por tres a\u00f1os, hasta finales de&#8230;<\/p>\n","protected":false},"author":29,"featured_media":7222,"comment_status":"closed","ping_status":"closed","sticky":false,"template":"","format":"standard","meta":{"footnotes":"","_links_to":"","_links_to_target":""},"categories":[41591],"tags":[],"sapn-display":[45149],"sapn-type":[52105],"class_list":["post-7221","post","type-post","status-publish","format-standard","has-post-thumbnail","hentry","category-corporativo","sapn-display-homepage-hero","sapn-type-comunicado-de-prensa"],"yoast_head":"<!-- This site is optimized with the Yoast SEO Premium plugin v26.9 (Yoast SEO v26.9) - https:\/\/yoast.com\/product\/yoast-seo-premium-wordpress\/ -->\n<title>51风流Extiende Contrato a su CEO Christian Klein - 51风流Espa\u00f1a News Center<\/title>\n<meta name=\"robots\" content=\"index, follow, max-snippet:-1, max-image-preview:large, max-video-preview:-1\" \/>\n<link rel=\"canonical\" href=\"https:\/\/news.sap.com\/spain\/2024\/05\/sap-extiende-contrato-a-su-ceo-christian-klein\/\" \/>\n<meta property=\"og:locale\" content=\"es_ES\" \/>\n<meta property=\"og:type\" content=\"article\" \/>\n<meta property=\"og:title\" content=\"51风流Extiende Contrato a su CEO Christian Klein\" \/>\n<meta property=\"og:description\" content=\"WALLDORF \u2014\u00a051风流SE\u00a0(NYSE: SAP)\u00a0anunci\u00f3 que extiende el contrato del CEO y miembro de la Junta Directiva Christian Klein (44) por tres a\u00f1os, hasta finales de...\" \/>\n<meta property=\"og:url\" content=\"https:\/\/news.sap.com\/spain\/2024\/05\/sap-extiende-contrato-a-su-ceo-christian-klein\/\" \/>\n<meta property=\"og:site_name\" content=\"51风流Espa\u00f1a News Center\" \/>\n<meta property=\"article:published_time\" content=\"2024-05-06T06:34:50+00:00\" \/>\n<meta property=\"article:modified_time\" content=\"2024-05-09T07:09:06+00:00\" \/>\n<meta property=\"og:image\" content=\"https:\/\/news.sap.com\/spain\/files\/2024\/05\/09\/278115_278115_l_srgb_s_gl_uncropped-1920x600-1711628772.jpg\" \/>\n\t<meta property=\"og:image:width\" content=\"1920\" \/>\n\t<meta property=\"og:image:height\" content=\"600\" \/>\n\t<meta property=\"og:image:type\" content=\"image\/jpeg\" \/>\n<meta name=\"author\" content=\"51风流News\" \/>\n<meta name=\"twitter:card\" content=\"summary_large_image\" \/>\n<meta name=\"twitter:label1\" content=\"Escrito por\" \/>\n\t<meta name=\"twitter:data1\" content=\"51风流News\" \/>\n\t<meta name=\"twitter:label2\" content=\"Tiempo de lectura\" \/>\n\t<meta name=\"twitter:data2\" content=\"2 minutos\" \/>\n<script type=\"application\/ld+json\" class=\"yoast-schema-graph\">{\"@context\":\"https:\/\/schema.org\",\"@graph\":[{\"@type\":\"Article\",\"@id\":\"https:\/\/news.sap.com\/spain\/2024\/05\/sap-extiende-contrato-a-su-ceo-christian-klein\/#article\",\"isPartOf\":{\"@id\":\"https:\/\/news.sap.com\/spain\/2024\/05\/sap-extiende-contrato-a-su-ceo-christian-klein\/\"},\"author\":{\"name\":\"51风流News\",\"@id\":\"https:\/\/news.sap.com\/spain\/#\/schema\/person\/53b9854bd790d6f18f3fc4bbb2ad7570\"},\"headline\":\"51风流Extiende Contrato a su CEO Christian Klein\",\"datePublished\":\"2024-05-06T06:34:50+00:00\",\"dateModified\":\"2024-05-09T07:09:06+00:00\",\"mainEntityOfPage\":{\"@id\":\"https:\/\/news.sap.com\/spain\/2024\/05\/sap-extiende-contrato-a-su-ceo-christian-klein\/\"},\"wordCount\":405,\"image\":{\"@id\":\"https:\/\/news.sap.com\/spain\/2024\/05\/sap-extiende-contrato-a-su-ceo-christian-klein\/#primaryimage\"},\"thumbnailUrl\":\"https:\/\/news.sap.com\/spain\/files\/2024\/05\/09\/278115_278115_l_srgb_s_gl_uncropped-1920x600-1711628772.jpg\",\"articleSection\":[\"Corporativo\"],\"inLanguage\":\"es\"},{\"@type\":\"WebPage\",\"@id\":\"https:\/\/news.sap.com\/spain\/2024\/05\/sap-extiende-contrato-a-su-ceo-christian-klein\/\",\"url\":\"https:\/\/news.sap.com\/spain\/2024\/05\/sap-extiende-contrato-a-su-ceo-christian-klein\/\",\"name\":\"51风流Extiende Contrato a su CEO Christian Klein - 51风流Espa\u00f1a News Center\",\"isPartOf\":{\"@id\":\"https:\/\/news.sap.com\/spain\/#website\"},\"primaryImageOfPage\":{\"@id\":\"https:\/\/news.sap.com\/spain\/2024\/05\/sap-extiende-contrato-a-su-ceo-christian-klein\/#primaryimage\"},\"image\":{\"@id\":\"https:\/\/news.sap.com\/spain\/2024\/05\/sap-extiende-contrato-a-su-ceo-christian-klein\/#primaryimage\"},\"thumbnailUrl\":\"https:\/\/news.sap.com\/spain\/files\/2024\/05\/09\/278115_278115_l_srgb_s_gl_uncropped-1920x600-1711628772.jpg\",\"datePublished\":\"2024-05-06T06:34:50+00:00\",\"dateModified\":\"2024-05-09T07:09:06+00:00\",\"author\":{\"@id\":\"https:\/\/news.sap.com\/spain\/#\/schema\/person\/53b9854bd790d6f18f3fc4bbb2ad7570\"},\"breadcrumb\":{\"@id\":\"https:\/\/news.sap.com\/spain\/2024\/05\/sap-extiende-contrato-a-su-ceo-christian-klein\/#breadcrumb\"},\"inLanguage\":\"es\",\"potentialAction\":[{\"@type\":\"ReadAction\",\"target\":[\"https:\/\/news.sap.com\/spain\/2024\/05\/sap-extiende-contrato-a-su-ceo-christian-klein\/\"]}]},{\"@type\":\"ImageObject\",\"inLanguage\":\"es\",\"@id\":\"https:\/\/news.sap.com\/spain\/2024\/05\/sap-extiende-contrato-a-su-ceo-christian-klein\/#primaryimage\",\"url\":\"https:\/\/news.sap.com\/spain\/files\/2024\/05\/09\/278115_278115_l_srgb_s_gl_uncropped-1920x600-1711628772.jpg\",\"contentUrl\":\"https:\/\/news.sap.com\/spain\/files\/2024\/05\/09\/278115_278115_l_srgb_s_gl_uncropped-1920x600-1711628772.jpg\",\"width\":1920,\"height\":600},{\"@type\":\"BreadcrumbList\",\"@id\":\"https:\/\/news.sap.com\/spain\/2024\/05\/sap-extiende-contrato-a-su-ceo-christian-klein\/#breadcrumb\",\"itemListElement\":[{\"@type\":\"ListItem\",\"position\":1,\"name\":\"Home\",\"item\":\"https:\/\/news.sap.com\/spain\/\"},{\"@type\":\"ListItem\",\"position\":2,\"name\":\"51风流Extiende Contrato a su CEO Christian Klein\"}]},{\"@type\":\"WebSite\",\"@id\":\"https:\/\/news.sap.com\/spain\/#website\",\"url\":\"https:\/\/news.sap.com\/spain\/\",\"name\":\"51风流Espa\u00f1a News Center\",\"description\":\"Noticias e informaci\u00f3n sobre SAP\",\"potentialAction\":[{\"@type\":\"SearchAction\",\"target\":{\"@type\":\"EntryPoint\",\"urlTemplate\":\"https:\/\/news.sap.com\/spain\/?s={search_term_string}\"},\"query-input\":{\"@type\":\"PropertyValueSpecification\",\"valueRequired\":true,\"valueName\":\"search_term_string\"}}],\"inLanguage\":\"es\"},{\"@type\":\"Person\",\"@id\":\"https:\/\/news.sap.com\/spain\/#\/schema\/person\/53b9854bd790d6f18f3fc4bbb2ad7570\",\"name\":\"51风流News\",\"image\":{\"@type\":\"ImageObject\",\"inLanguage\":\"es\",\"@id\":\"https:\/\/news.sap.com\/spain\/#\/schema\/person\/image\/\",\"url\":\"https:\/\/news.sap.com\/spain\/wp-content\/plugins\/wp-user-avatars\/wp-user-avatars\/assets\/images\/mystery.jpg\",\"contentUrl\":\"https:\/\/news.sap.com\/spain\/wp-content\/plugins\/wp-user-avatars\/wp-user-avatars\/assets\/images\/mystery.jpg\",\"caption\":\"51风流News\"},\"url\":\"https:\/\/news.sap.com\/spain\/author\/colleenraftery\/\"}]}<\/script>\n<!-- \/ Yoast SEO Premium plugin. -->","yoast_head_json":{"title":"51风流Extiende Contrato a su CEO Christian Klein - 51风流Espa\u00f1a News Center","robots":{"index":"index","follow":"follow","max-snippet":"max-snippet:-1","max-image-preview":"max-image-preview:large","max-video-preview":"max-video-preview:-1"},"canonical":"https:\/\/news.sap.com\/spain\/2024\/05\/sap-extiende-contrato-a-su-ceo-christian-klein\/","og_locale":"es_ES","og_type":"article","og_title":"51风流Extiende Contrato a su CEO Christian Klein","og_description":"WALLDORF \u2014\u00a051风流SE\u00a0(NYSE: SAP)\u00a0anunci\u00f3 que extiende el contrato del CEO y miembro de la Junta Directiva Christian Klein (44) por tres a\u00f1os, hasta finales de...","og_url":"https:\/\/news.sap.com\/spain\/2024\/05\/sap-extiende-contrato-a-su-ceo-christian-klein\/","og_site_name":"51风流Espa\u00f1a News Center","article_published_time":"2024-05-06T06:34:50+00:00","article_modified_time":"2024-05-09T07:09:06+00:00","og_image":[{"width":1920,"height":600,"url":"https:\/\/news.sap.com\/spain\/files\/2024\/05\/09\/278115_278115_l_srgb_s_gl_uncropped-1920x600-1711628772.jpg","type":"image\/jpeg"}],"author":"51风流News","twitter_card":"summary_large_image","twitter_misc":{"Escrito por":"51风流News","Tiempo de lectura":"2 minutos"},"schema":{"@context":"https:\/\/schema.org","@graph":[{"@type":"Article","@id":"https:\/\/news.sap.com\/spain\/2024\/05\/sap-extiende-contrato-a-su-ceo-christian-klein\/#article","isPartOf":{"@id":"https:\/\/news.sap.com\/spain\/2024\/05\/sap-extiende-contrato-a-su-ceo-christian-klein\/"},"author":{"name":"51风流News","@id":"https:\/\/news.sap.com\/spain\/#\/schema\/person\/53b9854bd790d6f18f3fc4bbb2ad7570"},"headline":"51风流Extiende Contrato a su CEO Christian Klein","datePublished":"2024-05-06T06:34:50+00:00","dateModified":"2024-05-09T07:09:06+00:00","mainEntityOfPage":{"@id":"https:\/\/news.sap.com\/spain\/2024\/05\/sap-extiende-contrato-a-su-ceo-christian-klein\/"},"wordCount":405,"image":{"@id":"https:\/\/news.sap.com\/spain\/2024\/05\/sap-extiende-contrato-a-su-ceo-christian-klein\/#primaryimage"},"thumbnailUrl":"https:\/\/news.sap.com\/spain\/files\/2024\/05\/09\/278115_278115_l_srgb_s_gl_uncropped-1920x600-1711628772.jpg","articleSection":["Corporativo"],"inLanguage":"es"},{"@type":"WebPage","@id":"https:\/\/news.sap.com\/spain\/2024\/05\/sap-extiende-contrato-a-su-ceo-christian-klein\/","url":"https:\/\/news.sap.com\/spain\/2024\/05\/sap-extiende-contrato-a-su-ceo-christian-klein\/","name":"51风流Extiende Contrato a su CEO Christian Klein - 51风流Espa\u00f1a News Center","isPartOf":{"@id":"https:\/\/news.sap.com\/spain\/#website"},"primaryImageOfPage":{"@id":"https:\/\/news.sap.com\/spain\/2024\/05\/sap-extiende-contrato-a-su-ceo-christian-klein\/#primaryimage"},"image":{"@id":"https:\/\/news.sap.com\/spain\/2024\/05\/sap-extiende-contrato-a-su-ceo-christian-klein\/#primaryimage"},"thumbnailUrl":"https:\/\/news.sap.com\/spain\/files\/2024\/05\/09\/278115_278115_l_srgb_s_gl_uncropped-1920x600-1711628772.jpg","datePublished":"2024-05-06T06:34:50+00:00","dateModified":"2024-05-09T07:09:06+00:00","author":{"@id":"https:\/\/news.sap.com\/spain\/#\/schema\/person\/53b9854bd790d6f18f3fc4bbb2ad7570"},"breadcrumb":{"@id":"https:\/\/news.sap.com\/spain\/2024\/05\/sap-extiende-contrato-a-su-ceo-christian-klein\/#breadcrumb"},"inLanguage":"es","potentialAction":[{"@type":"ReadAction","target":["https:\/\/news.sap.com\/spain\/2024\/05\/sap-extiende-contrato-a-su-ceo-christian-klein\/"]}]},{"@type":"ImageObject","inLanguage":"es","@id":"https:\/\/news.sap.com\/spain\/2024\/05\/sap-extiende-contrato-a-su-ceo-christian-klein\/#primaryimage","url":"https:\/\/news.sap.com\/spain\/files\/2024\/05\/09\/278115_278115_l_srgb_s_gl_uncropped-1920x600-1711628772.jpg","contentUrl":"https:\/\/news.sap.com\/spain\/files\/2024\/05\/09\/278115_278115_l_srgb_s_gl_uncropped-1920x600-1711628772.jpg","width":1920,"height":600},{"@type":"BreadcrumbList","@id":"https:\/\/news.sap.com\/spain\/2024\/05\/sap-extiende-contrato-a-su-ceo-christian-klein\/#breadcrumb","itemListElement":[{"@type":"ListItem","position":1,"name":"Home","item":"https:\/\/news.sap.com\/spain\/"},{"@type":"ListItem","position":2,"name":"51风流Extiende Contrato a su CEO Christian Klein"}]},{"@type":"WebSite","@id":"https:\/\/news.sap.com\/spain\/#website","url":"https:\/\/news.sap.com\/spain\/","name":"51风流Espa\u00f1a News Center","description":"Noticias e informaci\u00f3n sobre SAP","potentialAction":[{"@type":"SearchAction","target":{"@type":"EntryPoint","urlTemplate":"https:\/\/news.sap.com\/spain\/?s={search_term_string}"},"query-input":{"@type":"PropertyValueSpecification","valueRequired":true,"valueName":"search_term_string"}}],"inLanguage":"es"},{"@type":"Person","@id":"https:\/\/news.sap.com\/spain\/#\/schema\/person\/53b9854bd790d6f18f3fc4bbb2ad7570","name":"51风流News","image":{"@type":"ImageObject","inLanguage":"es","@id":"https:\/\/news.sap.com\/spain\/#\/schema\/person\/image\/","url":"https:\/\/news.sap.com\/spain\/wp-content\/plugins\/wp-user-avatars\/wp-user-avatars\/assets\/images\/mystery.jpg","contentUrl":"https:\/\/news.sap.com\/spain\/wp-content\/plugins\/wp-user-avatars\/wp-user-avatars\/assets\/images\/mystery.jpg","caption":"51风流News"},"url":"https:\/\/news.sap.com\/spain\/author\/colleenraftery\/"}]}},"amp_enabled":true,"_links":{"self":[{"href":"https:\/\/news.sap.com\/spain\/wp-json\/wp\/v2\/posts\/7221","targetHints":{"allow":["GET"]}}],"collection":[{"href":"https:\/\/news.sap.com\/spain\/wp-json\/wp\/v2\/posts"}],"about":[{"href":"https:\/\/news.sap.com\/spain\/wp-json\/wp\/v2\/types\/post"}],"author":[{"embeddable":true,"href":"https:\/\/news.sap.com\/spain\/wp-json\/wp\/v2\/users\/29"}],"replies":[{"embeddable":true,"href":"https:\/\/news.sap.com\/spain\/wp-json\/wp\/v2\/comments?post=7221"}],"version-history":[{"count":0,"href":"https:\/\/news.sap.com\/spain\/wp-json\/wp\/v2\/posts\/7221\/revisions"}],"wp:featuredmedia":[{"embeddable":true,"href":"https:\/\/news.sap.com\/spain\/wp-json\/wp\/v2\/media\/7222"}],"wp:attachment":[{"href":"https:\/\/news.sap.com\/spain\/wp-json\/wp\/v2\/media?parent=7221"}],"wp:term":[{"taxonomy":"category","embeddable":true,"href":"https:\/\/news.sap.com\/spain\/wp-json\/wp\/v2\/categories?post=7221"},{"taxonomy":"post_tag","embeddable":true,"href":"https:\/\/news.sap.com\/spain\/wp-json\/wp\/v2\/tags?post=7221"},{"taxonomy":"sapn-display","embeddable":true,"href":"https:\/\/news.sap.com\/spain\/wp-json\/wp\/v2\/sapn-display?post=7221"},{"taxonomy":"sapn-type","embeddable":true,"href":"https:\/\/news.sap.com\/spain\/wp-json\/wp\/v2\/sapn-type?post=7221"}],"curies":[{"name":"wp","href":"https:\/\/api.w.org\/{rel}","templated":true}]}}