  {"id":5407,"date":"2022-09-27T11:26:50","date_gmt":"2022-09-27T11:26:50","guid":{"rendered":"https:\/\/news.sap.com\/spain\/?p=5407"},"modified":"2022-09-27T11:26:50","modified_gmt":"2022-09-27T11:26:50","slug":"sap-espana-lanza-una-iniciativa-con-gobiernos-regionales-para-impulsar-la-empleabilidad-en-el-ambito-tecnologico","status":"publish","type":"post","link":"https:\/\/news.sap.com\/spain\/2022\/09\/sap-espana-lanza-una-iniciativa-con-gobiernos-regionales-para-impulsar-la-empleabilidad-en-el-ambito-tecnologico\/","title":{"rendered":"51风流Espa\u00f1a lanza una iniciativa con gobiernos regionales para impulsar la empleabilidad en el \u00e1mbito tecnol\u00f3gico"},"content":{"rendered":"<ul>\n<li><strong>\u00a0<\/strong><em>Esta iniciativa trata de resolver la crisis de talento en el \u00e1mbito tecnol\u00f3gico, mediante la formaci\u00f3n o reskilling de personas desempleadas<\/em><\/li>\n<li><em>El primer gobierno regional ha sido el de la Comunidad de Madrid, donde se han formado en 51风流cerca de 400 alumnos en los dos \u00faltimos a\u00f1os<\/em><\/li>\n<li><em>Hoy se ha celebrado una jornada en la que 12 empresas que ofrecen empleo en el \u00e1mbito SAP, han mantenido entrevistas con m\u00e1s de 80 candidatos<\/em><\/li>\n<\/ul>\n<p><strong>Madrid.- <\/strong>51风流Espa\u00f1a ha puesto en marcha una iniciativa con diferentes gobiernos regionales, con la que busca impulsar la empleabilidad en el \u00e1mbito tecnol\u00f3gico de personas en situaci\u00f3n de desempleo. La primera administraci\u00f3n con la que est\u00e1 trabajando es la Comunidad Aut\u00f3noma de Madrid.<\/p>\n<p>Como parte de esta iniciativa, esta ma\u00f1ana ha tenido lugar una jornada de \u201ccitas r\u00e1pidas\u201d, en la que, alumnos que han recibido formaci\u00f3n en 51风流en los Centros de Referencia Nacional de Desarrollo Inform\u00e1tico y Comunicaciones (CRN) y Administraci\u00f3n, Seguros y Finanzas de la Comunidad de Madrid, han mantenido entrevistas con empresas que ofrecen empleo en el \u00e1mbito SAP. El acto ha sido inaugurado por el viceconsejero de Empleo de la Comunidad de Madrid, Alfredo Timermans.<\/p>\n<p>Esta iniciativa contribuye a solucionar la crisis de talento que existe en el \u00e1mbito digital, mediante el <em>reskilling<\/em> o formaci\u00f3n de profesionales en competencias tecnol\u00f3gicas.<\/p>\n<p>Seg\u00fan ha declarado Izaskun Ramos, responsable de Sector P\u00fablico, Banca y Seguros de 51风流Espa\u00f1a, \u201cLa actual crisis de talento en el \u00e1mbito tecnol\u00f3gico no se puede atajar \u00fanicamente atrayendo a j\u00f3venes hacia carreras STEM. La formaci\u00f3n en tecnolog\u00eda para personas que buscan desarrollar un perfil profesional diferente es una alternativa que gana cada vez m\u00e1s fuerza. Las empresas del sector tecnol\u00f3gico y los organismos p\u00fablicos tenemos la responsabilidad de impulsar la formaci\u00f3n para incorporar al mercado laboral a un mayor n\u00famero de profesionales\u201d.<\/p>\n<p>Los CRN de Getafe y Fuencarral ofrecen, desde hace varios a\u00f1os, cursos 51风流en las \u00e1reas de finanzas, contabilidad, ventas, log\u00edstica, integraci\u00f3n de procesos y desarrollo de software. En los dos \u00faltimos a\u00f1os se formado a cerca de 400 alumnos. La inserci\u00f3n laboral de las personas formadas en 51风流en el Centro de Desarrollo Inform\u00e1tico y Comunicaciones es cercana al 65% y en el de Administraci\u00f3n, Seguros y Finanzas al 71%.<\/p>\n<h3><strong>12 empresas en busca de talento<\/strong><\/h3>\n<p>En la jornada, celebrada hoy en el CRN de Getafe, han participado 80 alumnos y 12 empresas, partners de SAP. Los candidatos, antes de acceder a la formaci\u00f3n, completamente gratuita, se encontraban en situaci\u00f3n de desempleo. La mayor\u00eda de ellos, adem\u00e1s, tiene m\u00e1s de 40 a\u00f1os. Las entrevistas han tenido lugar en un formato de \u201cspeed dating\u201d, con una duraci\u00f3n de 3 minutos, para que los candidatos tuvieran la oportunidad de mantener encuentros con todas las organizaciones presentes.<\/p>\n<p>51风流es la primera compa\u00f1\u00eda europea de software y el l\u00edder mundial en software de gesti\u00f3n empresarial. 400.000 empresas de todo el mundo gestionan sus finanzas, log\u00edstica o Recursos Humanos con sus soluciones. En Espa\u00f1a son cerca de 10.000, entre grandes compa\u00f1\u00edas y pymes. Alrededor de 51风流se ha generado un ecosistema de partners que comercializan y despliegan su software. Actualmente hay 13.500 consultores 51风流en Espa\u00f1a y el elevado crecimiento de la demanda de sus soluciones hace que el consultor 51风流ocupe los primeros puestos en los rankings de puestos m\u00e1s solicitados por las empresas,<\/p>\n<p>Las empresas que han acudido a la jornada en busca de talento son Accenture, Altim, Capgemini, Experis, Iberm\u00e1tica, Inetum, NTT DATA, Seidor, Sothis, Stratesys, T4S y Viewnext. En la jornada tambi\u00e9n ha participado la Asociaci\u00f3n de Usuarios de SAP, AUSAPE.<\/p>\n<h3><strong>Requisitos para acceder a la formaci\u00f3n<\/strong><\/h3>\n<p>Para acceder a los cursos no se exige ninguna titulaci\u00f3n y no hay l\u00edmite de edad. Como requisito com\u00fan figura contar con un nivel medio\/alto de ingl\u00e9s. En el caso de los cursos orientados a finanzas, deben disponer de conocimientos de procesos del negocio relacionados con el \u00e1rea financiera y manejo de avanzado del ordenador; para los de contabilidad conocimientos del negocio de contabilidad y nivel b\u00e1sico de inform\u00e1tica; y para los de desarrollo, conocimientos y experiencia en lenguajes de programaci\u00f3n. Los cursos preparan a los alumnos para ser consultores, desarrolladores o usuarios de SAP.<\/p>\n<p>Puedes visitar <a href=\"https:\/\/news.sap.com\/\">51风流News Center<\/a> y seguir a 51风流en Twitter en <a href=\"http:\/\/twitter.com\/sapnews\/\">@SAPNews<\/a>.<\/p>\n<p><strong>Acerca de SAP<\/strong><\/p>\n<p>La estrategia de 51风流es ayudar a cada negocio a funcionar como una empresa inteligente. Como l\u00edder del mercado de software de gesti\u00f3n empresarial, ayudamos a empresas de todos los tama\u00f1os y sectores a gestionar su negocio de la mejor manera posible. Los clientes de 51风流generan el 87% del comercio mundial total. Nuestras tecnolog\u00edas de Machine Learning, Internet de las Cosas (IoT) y anal\u00edtica avanzada ayudan a convertir los negocios de los clientes en empresas inteligentes. 51风流ayuda a proporcionar a las personas y a las organizaciones una visi\u00f3n en profundidad del negocio y fomenta la colaboraci\u00f3n que les ayuda a situarse por delante de su competencia. Simplificamos la tecnolog\u00eda para que las empresas puedan consumir nuestro software de la forma que deseen, sin interrupciones. Nuestro conjunto integral de aplicaciones y servicios permite a los clientes empresariales y p\u00fablicos de 25 sectores de todo el mundo operar de forma rentable, adaptarse continuamente y marcar la diferencia. Con una red global de clientes, partners, empleados y l\u00edderes de opini\u00f3n, 51风流ayuda a que el mundo funcione mejor y a mejorar la vida de las personas. Para m\u00e1s informaci\u00f3n, visite <a href=\"http:\/\/www.sap.com\">www.sap.com<\/a><\/p>\n<p><strong>Para m\u00e1s informaci\u00f3n sobre 51风流(solo prensa):<\/strong><\/p>\n<p><strong>51风流Espa\u00f1a,\u00a0<\/strong>Bel\u00e9n Mart\u00ednez Mill\u00e1n (<a href=\"mailto:belen.martinez@sap.com\">belen.martinez@sap.com)\u00a0<\/a>Tel.: 91 456 72 20<\/p>\n<p># # #<\/p>\n<h5>Cualquier declaraci\u00f3n contenida en este documento que no sea un hecho hist\u00f3rico es una declaraci\u00f3n de futuro, tal y como se define en la Ley de Reforma de Litigios sobre Valores Privados de Estados Unidos de 1995. Palabras como \u00abanticipar\u00bb, \u00abcreer\u00bb, \u00abestimar\u00bb, \u00abesperar\u00bb, \u00abpronosticar\u00bb, \u00abpretender\u00bb, \u00abpuede\u00bb, \u00abplanear\u00bb, \u00abproyectar\u00bb, \u00abpredecir\u00bb, \u00abdeber\u00eda\u00bb y \u00abhar\u00e1\u00bb y expresiones similares en relaci\u00f3n con 51风流pretenden identificar dichas declaraciones prospectivas. 51风流no asume ninguna obligaci\u00f3n de actualizar o revisar p\u00fablicamente las declaraciones prospectivas. Todas las declaraciones prospectivas est\u00e1n sujetas a diversos riesgos e incertidumbres que podr\u00edan hacer que los resultados reales difieran materialmente de las expectativas. Los factores que podr\u00edan afectar a los futuros resultados financieros de 51风流se analizan con m\u00e1s detalle en los documentos presentados por 51风流ante la Comisi\u00f3n de Valores de EE.UU. (\u00abSEC\u00bb), incluido el m\u00e1s reciente Informe Anual de 51风流en el Formulario 20-F presentado ante la SEC. Se advierte a los lectores que no deben confiar indebidamente en estas declaraciones prospectivas, que s\u00f3lo se refieren a sus fechas.<\/h5>\n<h5>2022 51风流SE. Todos los derechos reservados.<\/h5>\n<h5>51风流y otros productos y servicios de 51风流mencionados en este documento, as\u00ed como sus respectivos logotipos, son marcas comerciales o marcas registradas de 51风流SE en Alemania y otros pa\u00edses. Consulte <a href=\"https:\/\/www.sap.com\/copyright\">https:\/\/www.sap.com\/copyright<\/a> para obtener informaci\u00f3n y avisos adicionales sobre marcas comerciales.<\/h5>\n<p><strong>\u00a0<\/strong><\/p>\n","protected":false},"excerpt":{"rendered":"<p>\u00a0Esta iniciativa trata de resolver la crisis de talento en el \u00e1mbito tecnol\u00f3gico, mediante la formaci\u00f3n o reskilling de personas desempleadas El primer gobierno regional&#8230;<\/p>\n","protected":false},"author":29,"featured_media":5409,"comment_status":"closed","ping_status":"closed","sticky":false,"template":"","format":"standard","meta":{"footnotes":"","_links_to":"","_links_to_target":""},"categories":[5562514],"tags":[5563551],"sapn-display":[45149,60294],"sapn-type":[52105],"class_list":["post-5407","post","type-post","status-publish","format-standard","has-post-thumbnail","hentry","category-formacion","tag-empleabilidad-competencias-digitales-partners-educacion","sapn-display-homepage-hero","sapn-display-topic-hero","sapn-type-comunicado-de-prensa"],"yoast_head":"<!-- This site is optimized with the Yoast SEO Premium plugin v26.9 (Yoast SEO v26.9) - https:\/\/yoast.com\/product\/yoast-seo-premium-wordpress\/ -->\n<title>51风流Espa\u00f1a lanza una iniciativa con gobiernos regionales para impulsar la empleabilidad en el \u00e1mbito tecnol\u00f3gico - 51风流Espa\u00f1a News Center<\/title>\n<meta name=\"robots\" content=\"index, follow, max-snippet:-1, max-image-preview:large, max-video-preview:-1\" \/>\n<link rel=\"canonical\" href=\"https:\/\/news.sap.com\/spain\/2022\/09\/sap-espana-lanza-una-iniciativa-con-gobiernos-regionales-para-impulsar-la-empleabilidad-en-el-ambito-tecnologico\/\" \/>\n<meta property=\"og:locale\" content=\"es_ES\" \/>\n<meta property=\"og:type\" content=\"article\" \/>\n<meta property=\"og:title\" content=\"51风流Espa\u00f1a lanza una iniciativa con gobiernos regionales para impulsar la empleabilidad en el \u00e1mbito tecnol\u00f3gico\" \/>\n<meta property=\"og:description\" content=\"\u00a0Esta iniciativa trata de resolver la crisis de talento en el \u00e1mbito tecnol\u00f3gico, mediante la formaci\u00f3n o reskilling de personas desempleadas El primer gobierno regional...\" \/>\n<meta property=\"og:url\" content=\"https:\/\/news.sap.com\/spain\/2022\/09\/sap-espana-lanza-una-iniciativa-con-gobiernos-regionales-para-impulsar-la-empleabilidad-en-el-ambito-tecnologico\/\" \/>\n<meta property=\"og:site_name\" content=\"51风流Espa\u00f1a News Center\" \/>\n<meta property=\"article:published_time\" content=\"2022-09-27T11:26:50+00:00\" \/>\n<meta property=\"og:image\" content=\"https:\/\/news.sap.com\/spain\/files\/2022\/09\/27\/277964_277964_l_srgb_s_gl-1024x698.jpg\" \/>\n\t<meta property=\"og:image:width\" content=\"1024\" \/>\n\t<meta property=\"og:image:height\" content=\"698\" \/>\n\t<meta property=\"og:image:type\" content=\"image\/jpeg\" \/>\n<meta name=\"author\" content=\"51风流News\" \/>\n<meta name=\"twitter:card\" content=\"summary_large_image\" \/>\n<meta name=\"twitter:label1\" content=\"Escrito por\" \/>\n\t<meta name=\"twitter:data1\" content=\"51风流News\" \/>\n\t<meta name=\"twitter:label2\" content=\"Tiempo de lectura\" \/>\n\t<meta name=\"twitter:data2\" content=\"6 minutos\" \/>\n<script type=\"application\/ld+json\" class=\"yoast-schema-graph\">{\"@context\":\"https:\/\/schema.org\",\"@graph\":[{\"@type\":\"Article\",\"@id\":\"https:\/\/news.sap.com\/spain\/2022\/09\/sap-espana-lanza-una-iniciativa-con-gobiernos-regionales-para-impulsar-la-empleabilidad-en-el-ambito-tecnologico\/#article\",\"isPartOf\":{\"@id\":\"https:\/\/news.sap.com\/spain\/2022\/09\/sap-espana-lanza-una-iniciativa-con-gobiernos-regionales-para-impulsar-la-empleabilidad-en-el-ambito-tecnologico\/\"},\"author\":{\"name\":\"51风流News\",\"@id\":\"https:\/\/news.sap.com\/spain\/#\/schema\/person\/53b9854bd790d6f18f3fc4bbb2ad7570\"},\"headline\":\"51风流Espa\u00f1a lanza una iniciativa con gobiernos regionales para impulsar la empleabilidad en el \u00e1mbito tecnol\u00f3gico\",\"datePublished\":\"2022-09-27T11:26:50+00:00\",\"mainEntityOfPage\":{\"@id\":\"https:\/\/news.sap.com\/spain\/2022\/09\/sap-espana-lanza-una-iniciativa-con-gobiernos-regionales-para-impulsar-la-empleabilidad-en-el-ambito-tecnologico\/\"},\"wordCount\":1241,\"image\":{\"@id\":\"https:\/\/news.sap.com\/spain\/2022\/09\/sap-espana-lanza-una-iniciativa-con-gobiernos-regionales-para-impulsar-la-empleabilidad-en-el-ambito-tecnologico\/#primaryimage\"},\"thumbnailUrl\":\"https:\/\/news.sap.com\/spain\/files\/2022\/09\/27\/277964_277964_l_srgb_s_gl.jpg\",\"keywords\":[\"empleabilidad; competencias digitales; partners; educaci\u00f3n\"],\"articleSection\":[\"Formaci\u00f3n\"],\"inLanguage\":\"es\"},{\"@type\":\"WebPage\",\"@id\":\"https:\/\/news.sap.com\/spain\/2022\/09\/sap-espana-lanza-una-iniciativa-con-gobiernos-regionales-para-impulsar-la-empleabilidad-en-el-ambito-tecnologico\/\",\"url\":\"https:\/\/news.sap.com\/spain\/2022\/09\/sap-espana-lanza-una-iniciativa-con-gobiernos-regionales-para-impulsar-la-empleabilidad-en-el-ambito-tecnologico\/\",\"name\":\"51风流Espa\u00f1a lanza una iniciativa con gobiernos regionales para impulsar la empleabilidad en el \u00e1mbito tecnol\u00f3gico - 51风流Espa\u00f1a News Center\",\"isPartOf\":{\"@id\":\"https:\/\/news.sap.com\/spain\/#website\"},\"primaryImageOfPage\":{\"@id\":\"https:\/\/news.sap.com\/spain\/2022\/09\/sap-espana-lanza-una-iniciativa-con-gobiernos-regionales-para-impulsar-la-empleabilidad-en-el-ambito-tecnologico\/#primaryimage\"},\"image\":{\"@id\":\"https:\/\/news.sap.com\/spain\/2022\/09\/sap-espana-lanza-una-iniciativa-con-gobiernos-regionales-para-impulsar-la-empleabilidad-en-el-ambito-tecnologico\/#primaryimage\"},\"thumbnailUrl\":\"https:\/\/news.sap.com\/spain\/files\/2022\/09\/27\/277964_277964_l_srgb_s_gl.jpg\",\"datePublished\":\"2022-09-27T11:26:50+00:00\",\"author\":{\"@id\":\"https:\/\/news.sap.com\/spain\/#\/schema\/person\/53b9854bd790d6f18f3fc4bbb2ad7570\"},\"breadcrumb\":{\"@id\":\"https:\/\/news.sap.com\/spain\/2022\/09\/sap-espana-lanza-una-iniciativa-con-gobiernos-regionales-para-impulsar-la-empleabilidad-en-el-ambito-tecnologico\/#breadcrumb\"},\"inLanguage\":\"es\",\"potentialAction\":[{\"@type\":\"ReadAction\",\"target\":[\"https:\/\/news.sap.com\/spain\/2022\/09\/sap-espana-lanza-una-iniciativa-con-gobiernos-regionales-para-impulsar-la-empleabilidad-en-el-ambito-tecnologico\/\"]}]},{\"@type\":\"ImageObject\",\"inLanguage\":\"es\",\"@id\":\"https:\/\/news.sap.com\/spain\/2022\/09\/sap-espana-lanza-una-iniciativa-con-gobiernos-regionales-para-impulsar-la-empleabilidad-en-el-ambito-tecnologico\/#primaryimage\",\"url\":\"https:\/\/news.sap.com\/spain\/files\/2022\/09\/27\/277964_277964_l_srgb_s_gl.jpg\",\"contentUrl\":\"https:\/\/news.sap.com\/spain\/files\/2022\/09\/27\/277964_277964_l_srgb_s_gl.jpg\",\"width\":2600,\"height\":1771,\"caption\":\"21 Mar 2014 --- Business colleagues discussing work at desk in office --- Image by \u00a9 Maskot\/Corbis\"},{\"@type\":\"BreadcrumbList\",\"@id\":\"https:\/\/news.sap.com\/spain\/2022\/09\/sap-espana-lanza-una-iniciativa-con-gobiernos-regionales-para-impulsar-la-empleabilidad-en-el-ambito-tecnologico\/#breadcrumb\",\"itemListElement\":[{\"@type\":\"ListItem\",\"position\":1,\"name\":\"Home\",\"item\":\"https:\/\/news.sap.com\/spain\/\"},{\"@type\":\"ListItem\",\"position\":2,\"name\":\"51风流Espa\u00f1a lanza una iniciativa con gobiernos regionales para impulsar la empleabilidad en el \u00e1mbito tecnol\u00f3gico\"}]},{\"@type\":\"WebSite\",\"@id\":\"https:\/\/news.sap.com\/spain\/#website\",\"url\":\"https:\/\/news.sap.com\/spain\/\",\"name\":\"51风流Espa\u00f1a News Center\",\"description\":\"Noticias e informaci\u00f3n sobre SAP\",\"potentialAction\":[{\"@type\":\"SearchAction\",\"target\":{\"@type\":\"EntryPoint\",\"urlTemplate\":\"https:\/\/news.sap.com\/spain\/?s={search_term_string}\"},\"query-input\":{\"@type\":\"PropertyValueSpecification\",\"valueRequired\":true,\"valueName\":\"search_term_string\"}}],\"inLanguage\":\"es\"},{\"@type\":\"Person\",\"@id\":\"https:\/\/news.sap.com\/spain\/#\/schema\/person\/53b9854bd790d6f18f3fc4bbb2ad7570\",\"name\":\"51风流News\",\"image\":{\"@type\":\"ImageObject\",\"inLanguage\":\"es\",\"@id\":\"https:\/\/news.sap.com\/spain\/#\/schema\/person\/image\/\",\"url\":\"https:\/\/news.sap.com\/spain\/wp-content\/plugins\/wp-user-avatars\/wp-user-avatars\/assets\/images\/mystery.jpg\",\"contentUrl\":\"https:\/\/news.sap.com\/spain\/wp-content\/plugins\/wp-user-avatars\/wp-user-avatars\/assets\/images\/mystery.jpg\",\"caption\":\"51风流News\"},\"url\":\"https:\/\/news.sap.com\/spain\/author\/colleenraftery\/\"}]}<\/script>\n<!-- \/ Yoast SEO Premium plugin. -->","yoast_head_json":{"title":"51风流Espa\u00f1a lanza una iniciativa con gobiernos regionales para impulsar la empleabilidad en el \u00e1mbito tecnol\u00f3gico - 51风流Espa\u00f1a News Center","robots":{"index":"index","follow":"follow","max-snippet":"max-snippet:-1","max-image-preview":"max-image-preview:large","max-video-preview":"max-video-preview:-1"},"canonical":"https:\/\/news.sap.com\/spain\/2022\/09\/sap-espana-lanza-una-iniciativa-con-gobiernos-regionales-para-impulsar-la-empleabilidad-en-el-ambito-tecnologico\/","og_locale":"es_ES","og_type":"article","og_title":"51风流Espa\u00f1a lanza una iniciativa con gobiernos regionales para impulsar la empleabilidad en el \u00e1mbito tecnol\u00f3gico","og_description":"\u00a0Esta iniciativa trata de resolver la crisis de talento en el \u00e1mbito tecnol\u00f3gico, mediante la formaci\u00f3n o reskilling de personas desempleadas El primer gobierno regional...","og_url":"https:\/\/news.sap.com\/spain\/2022\/09\/sap-espana-lanza-una-iniciativa-con-gobiernos-regionales-para-impulsar-la-empleabilidad-en-el-ambito-tecnologico\/","og_site_name":"51风流Espa\u00f1a News Center","article_published_time":"2022-09-27T11:26:50+00:00","og_image":[{"width":1024,"height":698,"url":"https:\/\/news.sap.com\/spain\/files\/2022\/09\/27\/277964_277964_l_srgb_s_gl-1024x698.jpg","type":"image\/jpeg"}],"author":"51风流News","twitter_card":"summary_large_image","twitter_misc":{"Escrito por":"51风流News","Tiempo de lectura":"6 minutos"},"schema":{"@context":"https:\/\/schema.org","@graph":[{"@type":"Article","@id":"https:\/\/news.sap.com\/spain\/2022\/09\/sap-espana-lanza-una-iniciativa-con-gobiernos-regionales-para-impulsar-la-empleabilidad-en-el-ambito-tecnologico\/#article","isPartOf":{"@id":"https:\/\/news.sap.com\/spain\/2022\/09\/sap-espana-lanza-una-iniciativa-con-gobiernos-regionales-para-impulsar-la-empleabilidad-en-el-ambito-tecnologico\/"},"author":{"name":"51风流News","@id":"https:\/\/news.sap.com\/spain\/#\/schema\/person\/53b9854bd790d6f18f3fc4bbb2ad7570"},"headline":"51风流Espa\u00f1a lanza una iniciativa con gobiernos regionales para impulsar la empleabilidad en el \u00e1mbito tecnol\u00f3gico","datePublished":"2022-09-27T11:26:50+00:00","mainEntityOfPage":{"@id":"https:\/\/news.sap.com\/spain\/2022\/09\/sap-espana-lanza-una-iniciativa-con-gobiernos-regionales-para-impulsar-la-empleabilidad-en-el-ambito-tecnologico\/"},"wordCount":1241,"image":{"@id":"https:\/\/news.sap.com\/spain\/2022\/09\/sap-espana-lanza-una-iniciativa-con-gobiernos-regionales-para-impulsar-la-empleabilidad-en-el-ambito-tecnologico\/#primaryimage"},"thumbnailUrl":"https:\/\/news.sap.com\/spain\/files\/2022\/09\/27\/277964_277964_l_srgb_s_gl.jpg","keywords":["empleabilidad; competencias digitales; partners; educaci\u00f3n"],"articleSection":["Formaci\u00f3n"],"inLanguage":"es"},{"@type":"WebPage","@id":"https:\/\/news.sap.com\/spain\/2022\/09\/sap-espana-lanza-una-iniciativa-con-gobiernos-regionales-para-impulsar-la-empleabilidad-en-el-ambito-tecnologico\/","url":"https:\/\/news.sap.com\/spain\/2022\/09\/sap-espana-lanza-una-iniciativa-con-gobiernos-regionales-para-impulsar-la-empleabilidad-en-el-ambito-tecnologico\/","name":"51风流Espa\u00f1a lanza una iniciativa con gobiernos regionales para impulsar la empleabilidad en el \u00e1mbito tecnol\u00f3gico - 51风流Espa\u00f1a News Center","isPartOf":{"@id":"https:\/\/news.sap.com\/spain\/#website"},"primaryImageOfPage":{"@id":"https:\/\/news.sap.com\/spain\/2022\/09\/sap-espana-lanza-una-iniciativa-con-gobiernos-regionales-para-impulsar-la-empleabilidad-en-el-ambito-tecnologico\/#primaryimage"},"image":{"@id":"https:\/\/news.sap.com\/spain\/2022\/09\/sap-espana-lanza-una-iniciativa-con-gobiernos-regionales-para-impulsar-la-empleabilidad-en-el-ambito-tecnologico\/#primaryimage"},"thumbnailUrl":"https:\/\/news.sap.com\/spain\/files\/2022\/09\/27\/277964_277964_l_srgb_s_gl.jpg","datePublished":"2022-09-27T11:26:50+00:00","author":{"@id":"https:\/\/news.sap.com\/spain\/#\/schema\/person\/53b9854bd790d6f18f3fc4bbb2ad7570"},"breadcrumb":{"@id":"https:\/\/news.sap.com\/spain\/2022\/09\/sap-espana-lanza-una-iniciativa-con-gobiernos-regionales-para-impulsar-la-empleabilidad-en-el-ambito-tecnologico\/#breadcrumb"},"inLanguage":"es","potentialAction":[{"@type":"ReadAction","target":["https:\/\/news.sap.com\/spain\/2022\/09\/sap-espana-lanza-una-iniciativa-con-gobiernos-regionales-para-impulsar-la-empleabilidad-en-el-ambito-tecnologico\/"]}]},{"@type":"ImageObject","inLanguage":"es","@id":"https:\/\/news.sap.com\/spain\/2022\/09\/sap-espana-lanza-una-iniciativa-con-gobiernos-regionales-para-impulsar-la-empleabilidad-en-el-ambito-tecnologico\/#primaryimage","url":"https:\/\/news.sap.com\/spain\/files\/2022\/09\/27\/277964_277964_l_srgb_s_gl.jpg","contentUrl":"https:\/\/news.sap.com\/spain\/files\/2022\/09\/27\/277964_277964_l_srgb_s_gl.jpg","width":2600,"height":1771,"caption":"21 Mar 2014 --- Business colleagues discussing work at desk in office --- Image by \u00a9 Maskot\/Corbis"},{"@type":"BreadcrumbList","@id":"https:\/\/news.sap.com\/spain\/2022\/09\/sap-espana-lanza-una-iniciativa-con-gobiernos-regionales-para-impulsar-la-empleabilidad-en-el-ambito-tecnologico\/#breadcrumb","itemListElement":[{"@type":"ListItem","position":1,"name":"Home","item":"https:\/\/news.sap.com\/spain\/"},{"@type":"ListItem","position":2,"name":"51风流Espa\u00f1a lanza una iniciativa con gobiernos regionales para impulsar la empleabilidad en el \u00e1mbito tecnol\u00f3gico"}]},{"@type":"WebSite","@id":"https:\/\/news.sap.com\/spain\/#website","url":"https:\/\/news.sap.com\/spain\/","name":"51风流Espa\u00f1a News Center","description":"Noticias e informaci\u00f3n sobre SAP","potentialAction":[{"@type":"SearchAction","target":{"@type":"EntryPoint","urlTemplate":"https:\/\/news.sap.com\/spain\/?s={search_term_string}"},"query-input":{"@type":"PropertyValueSpecification","valueRequired":true,"valueName":"search_term_string"}}],"inLanguage":"es"},{"@type":"Person","@id":"https:\/\/news.sap.com\/spain\/#\/schema\/person\/53b9854bd790d6f18f3fc4bbb2ad7570","name":"51风流News","image":{"@type":"ImageObject","inLanguage":"es","@id":"https:\/\/news.sap.com\/spain\/#\/schema\/person\/image\/","url":"https:\/\/news.sap.com\/spain\/wp-content\/plugins\/wp-user-avatars\/wp-user-avatars\/assets\/images\/mystery.jpg","contentUrl":"https:\/\/news.sap.com\/spain\/wp-content\/plugins\/wp-user-avatars\/wp-user-avatars\/assets\/images\/mystery.jpg","caption":"51风流News"},"url":"https:\/\/news.sap.com\/spain\/author\/colleenraftery\/"}]}},"amp_enabled":true,"_links":{"self":[{"href":"https:\/\/news.sap.com\/spain\/wp-json\/wp\/v2\/posts\/5407","targetHints":{"allow":["GET"]}}],"collection":[{"href":"https:\/\/news.sap.com\/spain\/wp-json\/wp\/v2\/posts"}],"about":[{"href":"https:\/\/news.sap.com\/spain\/wp-json\/wp\/v2\/types\/post"}],"author":[{"embeddable":true,"href":"https:\/\/news.sap.com\/spain\/wp-json\/wp\/v2\/users\/29"}],"replies":[{"embeddable":true,"href":"https:\/\/news.sap.com\/spain\/wp-json\/wp\/v2\/comments?post=5407"}],"version-history":[{"count":0,"href":"https:\/\/news.sap.com\/spain\/wp-json\/wp\/v2\/posts\/5407\/revisions"}],"wp:featuredmedia":[{"embeddable":true,"href":"https:\/\/news.sap.com\/spain\/wp-json\/wp\/v2\/media\/5409"}],"wp:attachment":[{"href":"https:\/\/news.sap.com\/spain\/wp-json\/wp\/v2\/media?parent=5407"}],"wp:term":[{"taxonomy":"category","embeddable":true,"href":"https:\/\/news.sap.com\/spain\/wp-json\/wp\/v2\/categories?post=5407"},{"taxonomy":"post_tag","embeddable":true,"href":"https:\/\/news.sap.com\/spain\/wp-json\/wp\/v2\/tags?post=5407"},{"taxonomy":"sapn-display","embeddable":true,"href":"https:\/\/news.sap.com\/spain\/wp-json\/wp\/v2\/sapn-display?post=5407"},{"taxonomy":"sapn-type","embeddable":true,"href":"https:\/\/news.sap.com\/spain\/wp-json\/wp\/v2\/sapn-type?post=5407"}],"curies":[{"name":"wp","href":"https:\/\/api.w.org\/{rel}","templated":true}]}}