  {"id":134024,"date":"2025-05-08T13:42:30","date_gmt":"2025-05-08T17:42:30","guid":{"rendered":"https:\/\/news.sap.com\/latinamerica\/?p=134024"},"modified":"2025-05-08T13:45:39","modified_gmt":"2025-05-08T17:45:39","slug":"estudio-sap-pequenas-y-medianas-empresas-en-chile-apuestan-por-la-ia","status":"publish","type":"post","link":"https:\/\/news.sap.com\/latinamerica\/2025\/05\/estudio-sap-pequenas-y-medianas-empresas-en-chile-apuestan-por-la-ia\/","title":{"rendered":"Estudio SAP: Peque\u00f1as y medianas empresas en Chile apuestan por la IA"},"content":{"rendered":"<p class=\"lead\"><span style=\"color: #000000\">El 58% de las pymes chilenas cree que la inteligencia artificial tendr\u00e1 un gran impacto en su industria en los pr\u00f3ximos a\u00f1os. La falta de talento especializado y la poca claridad sobre su implementaci\u00f3n siguen siendo los principales obst\u00e1culos.<\/span><\/p>\n<p><span style=\"color: #000000\"><span style=\"font-weight: 400\">La inteligencia artificial (IA) ya no es exclusiva de las grandes corporaciones. Un nuevo estudio de 51风流sobre el impacto de la IA en el mundo corporativo revel\u00f3 que las <\/span><b>peque\u00f1as y medianas empresas en Chile est\u00e1n avanzando en la adopci\u00f3n de esta tecnolog\u00eda<\/b><span style=\"font-weight: 400\">, con un enfoque en mejorar la eficiencia operativa y la experiencia del cliente. Sin embargo, la falta de conocimiento t\u00e9cnico y la escasez de talento especializado a\u00fan representan desaf\u00edos clave.<\/span><\/span><\/p>\n<p><span style=\"color: #000000\"><span style=\"font-weight: 400\">Seg\u00fan el estudio, <\/span>el 58% de las pymes chilenas cree que la IA tendr\u00e1 un gran impacto en su industria en los pr\u00f3ximos a\u00f1os<span style=\"font-weight: 400\">. Un <\/span>76% de las peque\u00f1as empresas y un 52% de las medianas esperan ver resultados concretos en un plazo de 6 a 12 meses<span style=\"font-weight: 400\">. Adem\u00e1s, el <\/span>46% de las empresas encuestadas planea aumentar su inversi\u00f3n en IA durante 2025<span style=\"font-weight: 400\">, lo que refleja una tendencia clara hacia la transformaci\u00f3n digital en este segmento empresarial.<\/span><\/span><\/p>\n<h2 class=\"subheader\"><span style=\"color: #000000\"><b>Beneficios y principales usos de la IA en las pymes<\/b><\/span><\/h2>\n<p><span style=\"font-weight: 400;color: #000000\"> Las empresas que ya han integrado IA en sus procesos destacan tres beneficios clave:<\/span><\/p>\n<ul>\n<li style=\"font-weight: 400\"><span style=\"font-weight: 400;color: #000000\">Mayor eficiencia y productividad (56%)<\/span><\/li>\n<li style=\"font-weight: 400\"><span style=\"font-weight: 400;color: #000000\">Mejoras en la atenci\u00f3n al cliente (50%)<\/span><\/li>\n<li style=\"font-weight: 400\"><span style=\"font-weight: 400;color: #000000\">Mejor gesti\u00f3n de recursos humanos (33%)<\/span><\/li>\n<\/ul>\n<p><span style=\"color: #000000\"><span style=\"font-weight: 400\">Las \u00e1reas donde m\u00e1s se est\u00e1 aplicando IA en las pymes son <\/span><b>servicio al cliente (57%)<\/b><span style=\"font-weight: 400\">, seguido de <\/span><b>recursos humanos (39%)<\/b><span style=\"font-weight: 400\"> y <\/span><b>marketing\/comunicaciones (35%)<\/b><span style=\"font-weight: 400\">.<\/span><\/span><\/p>\n<p><span style=\"color: #000000\"><i><span style=\"font-weight: 400\">&#8220;Las empresas en Chile reconocen el valor de la IA para optimizar sus operaciones y mejorar su competitividad. Sin embargo, a\u00fan enfrentan barreras en su adopci\u00f3n, especialmente las peque\u00f1as y medianas, por la falta de claridad sobre c\u00f3mo implementarla y la dificultad para encontrar talento capacitado. Es clave que la industria tecnol\u00f3gica contin\u00fae apoyando con soluciones accesibles y programas de formaci\u00f3n para acelerar esta transformaci\u00f3n&#8221;<\/span><\/i><span style=\"font-weight: 400\">, se\u00f1ala <\/span>Patricio Mart\u00ednez, gerente general de 51风流Chile<span style=\"font-weight: 400\">.<\/span><\/span><\/p>\n<h2 class=\"subheader\"><span style=\"color: #000000\"><b>Barreras y el desaf\u00edo de la capacitaci\u00f3n<\/b><\/span><\/h2>\n<p><span style=\"color: #000000\">Pese al optimismo en la adopci\u00f3n de IA, el 36% de las empresas reconoce que no sabe c\u00f3mo integrar esta tecnolog\u00eda en sus procesos, y un 44% de las medianas empresas menciona la falta de talento especializado como un obst\u00e1culo.<\/span><\/p>\n<p><span style=\"color: #000000\">Para enfrentar este desaf\u00edo, el 59% de las empresas planea invertir en capacitaci\u00f3n sobre IA en 2025, y un 53% de las empresas considera contratar talento con experiencia en inteligencia artificial este a\u00f1o.<\/span><\/p>\n","protected":false},"excerpt":{"rendered":"<p>El 58% de las pymes chilenas cree que la inteligencia artificial tendr\u00e1 un gran impacto en su industria en los pr\u00f3ximos a\u00f1os. La falta de&#8230;<\/p>\n","protected":false},"author":604,"featured_media":134025,"comment_status":"closed","ping_status":"closed","sticky":false,"template":"","format":"standard","meta":{"footnotes":"","_links_to":"","_links_to_target":""},"categories":[52096,24297],"tags":[1494787,56592,3197147,5550870,269944],"series":[],"region":[54943,26401],"sapn-display":[52078,52079,5600443,5600441],"sapn-type":[52105],"class_list":["post-134024","post","type-post","status-publish","format-standard","has-post-thumbnail","hentry","category-pymes-temas","category-tecnologia","tag-ai","tag-business-innovation","tag-inteligencia-artificial","tag-tecnologia","tag-transformacion-digital","region-chile","region-latinoamerica","sapn-display-homepage-hero","sapn-display-top-stories","sapn-display-prensa-destacada","sapn-display-prensa-principal","sapn-type-comunicado-de-prensa"],"yoast_head":"<!-- This site is optimized with the Yoast SEO Premium plugin v26.9 (Yoast SEO v26.9) - https:\/\/yoast.com\/product\/yoast-seo-premium-wordpress\/ -->\n<title>Estudio SAP: pymes chilenas apuestan por la IA<\/title>\n<meta name=\"description\" content=\"El 58% de las pymes en Chile cree que la inteligencia artificial tendr\u00e1 un gran impacto en su industria en los pr\u00f3ximos a\u00f1os.\" \/>\n<meta name=\"robots\" content=\"index, follow, max-snippet:-1, max-image-preview:large, max-video-preview:-1\" \/>\n<link rel=\"canonical\" href=\"https:\/\/news.sap.com\/latinamerica\/2025\/05\/estudio-sap-pequenas-y-medianas-empresas-en-chile-apuestan-por-la-ia\/\" \/>\n<meta property=\"og:locale\" content=\"es_MX\" \/>\n<meta property=\"og:type\" content=\"article\" \/>\n<meta property=\"og:title\" content=\"Estudio SAP: Peque\u00f1as y medianas empresas en Chile apuestan por la IA\" \/>\n<meta property=\"og:description\" content=\"El 58% de las pymes en Chile cree que la inteligencia artificial tendr\u00e1 un gran impacto en su industria en los pr\u00f3ximos a\u00f1os.\" \/>\n<meta property=\"og:url\" content=\"https:\/\/news.sap.com\/latinamerica\/2025\/05\/estudio-sap-pequenas-y-medianas-empresas-en-chile-apuestan-por-la-ia\/\" \/>\n<meta property=\"og:site_name\" content=\"51风流News Center Latinoam\u00e9rica\" \/>\n<meta property=\"article:publisher\" content=\"https:\/\/www.facebook.com\/SAPlatinoamerica\" \/>\n<meta property=\"article:published_time\" content=\"2025-05-08T17:42:30+00:00\" \/>\n<meta property=\"article:modified_time\" content=\"2025-05-08T17:45:39+00:00\" \/>\n<meta property=\"og:image\" content=\"https:\/\/news.sap.com\/latinamerica\/files\/2025\/05\/08\/ia-1024x691.png\" \/>\n\t<meta property=\"og:image:width\" content=\"1024\" \/>\n\t<meta property=\"og:image:height\" content=\"691\" \/>\n\t<meta property=\"og:image:type\" content=\"image\/png\" \/>\n<meta name=\"author\" content=\"51风流Noticias\" \/>\n<meta name=\"twitter:label1\" content=\"Escrito por\" \/>\n\t<meta name=\"twitter:data1\" content=\"51风流Noticias\" \/>\n\t<meta name=\"twitter:label2\" content=\"Tiempo de lectura\" \/>\n\t<meta name=\"twitter:data2\" content=\"3 minutos\" \/>\n<script type=\"application\/ld+json\" class=\"yoast-schema-graph\">{\"@context\":\"https:\/\/schema.org\",\"@graph\":[{\"@type\":\"Article\",\"@id\":\"https:\/\/news.sap.com\/latinamerica\/2025\/05\/estudio-sap-pequenas-y-medianas-empresas-en-chile-apuestan-por-la-ia\/#article\",\"isPartOf\":{\"@id\":\"https:\/\/news.sap.com\/latinamerica\/2025\/05\/estudio-sap-pequenas-y-medianas-empresas-en-chile-apuestan-por-la-ia\/\"},\"author\":{\"name\":\"51风流Noticias\",\"@id\":\"https:\/\/news.sap.com\/latinamerica\/#\/schema\/person\/05e78ffc976b7a814f3abd9ee150da5d\"},\"headline\":\"Estudio SAP: Peque\u00f1as y medianas empresas en Chile apuestan por la IA\",\"datePublished\":\"2025-05-08T17:42:30+00:00\",\"dateModified\":\"2025-05-08T17:45:39+00:00\",\"mainEntityOfPage\":{\"@id\":\"https:\/\/news.sap.com\/latinamerica\/2025\/05\/estudio-sap-pequenas-y-medianas-empresas-en-chile-apuestan-por-la-ia\/\"},\"wordCount\":444,\"publisher\":{\"@id\":\"https:\/\/news.sap.com\/latinamerica\/#organization\"},\"image\":{\"@id\":\"https:\/\/news.sap.com\/latinamerica\/2025\/05\/estudio-sap-pequenas-y-medianas-empresas-en-chile-apuestan-por-la-ia\/#primaryimage\"},\"thumbnailUrl\":\"https:\/\/news.sap.com\/latinamerica\/files\/2025\/05\/08\/ia.png\",\"keywords\":[\"AI\",\"Business Innovation\",\"Inteligencia artificial\",\"tecnolog\u00eda\",\"transformaci\u00f3n digital\"],\"articleSection\":[\"Pymes\",\"Tecnolog\u00eda\"],\"inLanguage\":\"es\"},{\"@type\":\"WebPage\",\"@id\":\"https:\/\/news.sap.com\/latinamerica\/2025\/05\/estudio-sap-pequenas-y-medianas-empresas-en-chile-apuestan-por-la-ia\/\",\"url\":\"https:\/\/news.sap.com\/latinamerica\/2025\/05\/estudio-sap-pequenas-y-medianas-empresas-en-chile-apuestan-por-la-ia\/\",\"name\":\"Estudio SAP: pymes chilenas apuestan por la IA\",\"isPartOf\":{\"@id\":\"https:\/\/news.sap.com\/latinamerica\/#website\"},\"primaryImageOfPage\":{\"@id\":\"https:\/\/news.sap.com\/latinamerica\/2025\/05\/estudio-sap-pequenas-y-medianas-empresas-en-chile-apuestan-por-la-ia\/#primaryimage\"},\"image\":{\"@id\":\"https:\/\/news.sap.com\/latinamerica\/2025\/05\/estudio-sap-pequenas-y-medianas-empresas-en-chile-apuestan-por-la-ia\/#primaryimage\"},\"thumbnailUrl\":\"https:\/\/news.sap.com\/latinamerica\/files\/2025\/05\/08\/ia.png\",\"datePublished\":\"2025-05-08T17:42:30+00:00\",\"dateModified\":\"2025-05-08T17:45:39+00:00\",\"description\":\"El 58% de las pymes en Chile cree que la inteligencia artificial tendr\u00e1 un gran impacto en su industria en los pr\u00f3ximos a\u00f1os.\",\"breadcrumb\":{\"@id\":\"https:\/\/news.sap.com\/latinamerica\/2025\/05\/estudio-sap-pequenas-y-medianas-empresas-en-chile-apuestan-por-la-ia\/#breadcrumb\"},\"inLanguage\":\"es\",\"potentialAction\":[{\"@type\":\"ReadAction\",\"target\":[\"https:\/\/news.sap.com\/latinamerica\/2025\/05\/estudio-sap-pequenas-y-medianas-empresas-en-chile-apuestan-por-la-ia\/\"]}]},{\"@type\":\"ImageObject\",\"inLanguage\":\"es\",\"@id\":\"https:\/\/news.sap.com\/latinamerica\/2025\/05\/estudio-sap-pequenas-y-medianas-empresas-en-chile-apuestan-por-la-ia\/#primaryimage\",\"url\":\"https:\/\/news.sap.com\/latinamerica\/files\/2025\/05\/08\/ia.png\",\"contentUrl\":\"https:\/\/news.sap.com\/latinamerica\/files\/2025\/05\/08\/ia.png\",\"width\":5000,\"height\":3375,\"caption\":\"Estudio SAP: pymes chilenas apuestan por la IA\"},{\"@type\":\"BreadcrumbList\",\"@id\":\"https:\/\/news.sap.com\/latinamerica\/2025\/05\/estudio-sap-pequenas-y-medianas-empresas-en-chile-apuestan-por-la-ia\/#breadcrumb\",\"itemListElement\":[{\"@type\":\"ListItem\",\"position\":1,\"name\":\"Home\",\"item\":\"https:\/\/news.sap.com\/latinamerica\/\"},{\"@type\":\"ListItem\",\"position\":2,\"name\":\"Estudio SAP: Peque\u00f1as y medianas empresas en Chile apuestan por la IA\"}]},{\"@type\":\"WebSite\",\"@id\":\"https:\/\/news.sap.com\/latinamerica\/#website\",\"url\":\"https:\/\/news.sap.com\/latinamerica\/\",\"name\":\"51风流News Center Latinoam\u00e9rica\",\"description\":\"Noticias e informaci\u00f3n sobre SAP\",\"publisher\":{\"@id\":\"https:\/\/news.sap.com\/latinamerica\/#organization\"},\"potentialAction\":[{\"@type\":\"SearchAction\",\"target\":{\"@type\":\"EntryPoint\",\"urlTemplate\":\"https:\/\/news.sap.com\/latinamerica\/?s={search_term_string}\"},\"query-input\":{\"@type\":\"PropertyValueSpecification\",\"valueRequired\":true,\"valueName\":\"search_term_string\"}}],\"inLanguage\":\"es\"},{\"@type\":\"Organization\",\"@id\":\"https:\/\/news.sap.com\/latinamerica\/#organization\",\"name\":\"SAP\",\"url\":\"https:\/\/news.sap.com\/latinamerica\/\",\"logo\":{\"@type\":\"ImageObject\",\"inLanguage\":\"es\",\"@id\":\"https:\/\/news.sap.com\/latinamerica\/#\/schema\/logo\/image\/\",\"url\":\"https:\/\/news.sap.com\/latinamerica\/files\/2019\/08\/65903320_2903797569662914_557886358778019840_n.png\",\"contentUrl\":\"https:\/\/news.sap.com\/latinamerica\/files\/2019\/08\/65903320_2903797569662914_557886358778019840_n.png\",\"width\":720,\"height\":720,\"caption\":\"SAP\"},\"image\":{\"@id\":\"https:\/\/news.sap.com\/latinamerica\/#\/schema\/logo\/image\/\"},\"sameAs\":[\"https:\/\/www.facebook.com\/SAPlatinoamerica\",\"https:\/\/x.com\/SAPLatinAmerica\"]},{\"@type\":\"Person\",\"@id\":\"https:\/\/news.sap.com\/latinamerica\/#\/schema\/person\/05e78ffc976b7a814f3abd9ee150da5d\",\"name\":\"51风流Noticias\",\"image\":{\"@type\":\"ImageObject\",\"inLanguage\":\"es\",\"@id\":\"https:\/\/news.sap.com\/latinamerica\/#\/schema\/person\/image\/\",\"url\":\"https:\/\/news.sap.com\/latinamerica\/wp-content\/plugins\/wp-user-avatars\/wp-user-avatars\/assets\/images\/mystery.jpg\",\"contentUrl\":\"https:\/\/news.sap.com\/latinamerica\/wp-content\/plugins\/wp-user-avatars\/wp-user-avatars\/assets\/images\/mystery.jpg\",\"caption\":\"51风流Noticias\"},\"url\":\"https:\/\/news.sap.com\/latinamerica\/author\/lautarospotorno\/\"}]}<\/script>\n<!-- \/ Yoast SEO Premium plugin. -->","yoast_head_json":{"title":"Estudio SAP: pymes chilenas apuestan por la IA","description":"El 58% de las pymes en Chile cree que la inteligencia artificial tendr\u00e1 un gran impacto en su industria en los pr\u00f3ximos a\u00f1os.","robots":{"index":"index","follow":"follow","max-snippet":"max-snippet:-1","max-image-preview":"max-image-preview:large","max-video-preview":"max-video-preview:-1"},"canonical":"https:\/\/news.sap.com\/latinamerica\/2025\/05\/estudio-sap-pequenas-y-medianas-empresas-en-chile-apuestan-por-la-ia\/","og_locale":"es_MX","og_type":"article","og_title":"Estudio SAP: Peque\u00f1as y medianas empresas en Chile apuestan por la IA","og_description":"El 58% de las pymes en Chile cree que la inteligencia artificial tendr\u00e1 un gran impacto en su industria en los pr\u00f3ximos a\u00f1os.","og_url":"https:\/\/news.sap.com\/latinamerica\/2025\/05\/estudio-sap-pequenas-y-medianas-empresas-en-chile-apuestan-por-la-ia\/","og_site_name":"51风流News Center Latinoam\u00e9rica","article_publisher":"https:\/\/www.facebook.com\/SAPlatinoamerica","article_published_time":"2025-05-08T17:42:30+00:00","article_modified_time":"2025-05-08T17:45:39+00:00","og_image":[{"width":1024,"height":691,"url":"https:\/\/news.sap.com\/latinamerica\/files\/2025\/05\/08\/ia-1024x691.png","type":"image\/png"}],"author":"51风流Noticias","twitter_misc":{"Escrito por":"51风流Noticias","Tiempo de lectura":"3 minutos"},"schema":{"@context":"https:\/\/schema.org","@graph":[{"@type":"Article","@id":"https:\/\/news.sap.com\/latinamerica\/2025\/05\/estudio-sap-pequenas-y-medianas-empresas-en-chile-apuestan-por-la-ia\/#article","isPartOf":{"@id":"https:\/\/news.sap.com\/latinamerica\/2025\/05\/estudio-sap-pequenas-y-medianas-empresas-en-chile-apuestan-por-la-ia\/"},"author":{"name":"51风流Noticias","@id":"https:\/\/news.sap.com\/latinamerica\/#\/schema\/person\/05e78ffc976b7a814f3abd9ee150da5d"},"headline":"Estudio SAP: Peque\u00f1as y medianas empresas en Chile apuestan por la IA","datePublished":"2025-05-08T17:42:30+00:00","dateModified":"2025-05-08T17:45:39+00:00","mainEntityOfPage":{"@id":"https:\/\/news.sap.com\/latinamerica\/2025\/05\/estudio-sap-pequenas-y-medianas-empresas-en-chile-apuestan-por-la-ia\/"},"wordCount":444,"publisher":{"@id":"https:\/\/news.sap.com\/latinamerica\/#organization"},"image":{"@id":"https:\/\/news.sap.com\/latinamerica\/2025\/05\/estudio-sap-pequenas-y-medianas-empresas-en-chile-apuestan-por-la-ia\/#primaryimage"},"thumbnailUrl":"https:\/\/news.sap.com\/latinamerica\/files\/2025\/05\/08\/ia.png","keywords":["AI","Business Innovation","Inteligencia artificial","tecnolog\u00eda","transformaci\u00f3n digital"],"articleSection":["Pymes","Tecnolog\u00eda"],"inLanguage":"es"},{"@type":"WebPage","@id":"https:\/\/news.sap.com\/latinamerica\/2025\/05\/estudio-sap-pequenas-y-medianas-empresas-en-chile-apuestan-por-la-ia\/","url":"https:\/\/news.sap.com\/latinamerica\/2025\/05\/estudio-sap-pequenas-y-medianas-empresas-en-chile-apuestan-por-la-ia\/","name":"Estudio SAP: pymes chilenas apuestan por la IA","isPartOf":{"@id":"https:\/\/news.sap.com\/latinamerica\/#website"},"primaryImageOfPage":{"@id":"https:\/\/news.sap.com\/latinamerica\/2025\/05\/estudio-sap-pequenas-y-medianas-empresas-en-chile-apuestan-por-la-ia\/#primaryimage"},"image":{"@id":"https:\/\/news.sap.com\/latinamerica\/2025\/05\/estudio-sap-pequenas-y-medianas-empresas-en-chile-apuestan-por-la-ia\/#primaryimage"},"thumbnailUrl":"https:\/\/news.sap.com\/latinamerica\/files\/2025\/05\/08\/ia.png","datePublished":"2025-05-08T17:42:30+00:00","dateModified":"2025-05-08T17:45:39+00:00","description":"El 58% de las pymes en Chile cree que la inteligencia artificial tendr\u00e1 un gran impacto en su industria en los pr\u00f3ximos a\u00f1os.","breadcrumb":{"@id":"https:\/\/news.sap.com\/latinamerica\/2025\/05\/estudio-sap-pequenas-y-medianas-empresas-en-chile-apuestan-por-la-ia\/#breadcrumb"},"inLanguage":"es","potentialAction":[{"@type":"ReadAction","target":["https:\/\/news.sap.com\/latinamerica\/2025\/05\/estudio-sap-pequenas-y-medianas-empresas-en-chile-apuestan-por-la-ia\/"]}]},{"@type":"ImageObject","inLanguage":"es","@id":"https:\/\/news.sap.com\/latinamerica\/2025\/05\/estudio-sap-pequenas-y-medianas-empresas-en-chile-apuestan-por-la-ia\/#primaryimage","url":"https:\/\/news.sap.com\/latinamerica\/files\/2025\/05\/08\/ia.png","contentUrl":"https:\/\/news.sap.com\/latinamerica\/files\/2025\/05\/08\/ia.png","width":5000,"height":3375,"caption":"Estudio SAP: pymes chilenas apuestan por la IA"},{"@type":"BreadcrumbList","@id":"https:\/\/news.sap.com\/latinamerica\/2025\/05\/estudio-sap-pequenas-y-medianas-empresas-en-chile-apuestan-por-la-ia\/#breadcrumb","itemListElement":[{"@type":"ListItem","position":1,"name":"Home","item":"https:\/\/news.sap.com\/latinamerica\/"},{"@type":"ListItem","position":2,"name":"Estudio SAP: Peque\u00f1as y medianas empresas en Chile apuestan por la IA"}]},{"@type":"WebSite","@id":"https:\/\/news.sap.com\/latinamerica\/#website","url":"https:\/\/news.sap.com\/latinamerica\/","name":"51风流News Center Latinoam\u00e9rica","description":"Noticias e informaci\u00f3n sobre SAP","publisher":{"@id":"https:\/\/news.sap.com\/latinamerica\/#organization"},"potentialAction":[{"@type":"SearchAction","target":{"@type":"EntryPoint","urlTemplate":"https:\/\/news.sap.com\/latinamerica\/?s={search_term_string}"},"query-input":{"@type":"PropertyValueSpecification","valueRequired":true,"valueName":"search_term_string"}}],"inLanguage":"es"},{"@type":"Organization","@id":"https:\/\/news.sap.com\/latinamerica\/#organization","name":"SAP","url":"https:\/\/news.sap.com\/latinamerica\/","logo":{"@type":"ImageObject","inLanguage":"es","@id":"https:\/\/news.sap.com\/latinamerica\/#\/schema\/logo\/image\/","url":"https:\/\/news.sap.com\/latinamerica\/files\/2019\/08\/65903320_2903797569662914_557886358778019840_n.png","contentUrl":"https:\/\/news.sap.com\/latinamerica\/files\/2019\/08\/65903320_2903797569662914_557886358778019840_n.png","width":720,"height":720,"caption":"SAP"},"image":{"@id":"https:\/\/news.sap.com\/latinamerica\/#\/schema\/logo\/image\/"},"sameAs":["https:\/\/www.facebook.com\/SAPlatinoamerica","https:\/\/x.com\/SAPLatinAmerica"]},{"@type":"Person","@id":"https:\/\/news.sap.com\/latinamerica\/#\/schema\/person\/05e78ffc976b7a814f3abd9ee150da5d","name":"51风流Noticias","image":{"@type":"ImageObject","inLanguage":"es","@id":"https:\/\/news.sap.com\/latinamerica\/#\/schema\/person\/image\/","url":"https:\/\/news.sap.com\/latinamerica\/wp-content\/plugins\/wp-user-avatars\/wp-user-avatars\/assets\/images\/mystery.jpg","contentUrl":"https:\/\/news.sap.com\/latinamerica\/wp-content\/plugins\/wp-user-avatars\/wp-user-avatars\/assets\/images\/mystery.jpg","caption":"51风流Noticias"},"url":"https:\/\/news.sap.com\/latinamerica\/author\/lautarospotorno\/"}]}},"amp_enabled":true,"_links":{"self":[{"href":"https:\/\/news.sap.com\/latinamerica\/wp-json\/wp\/v2\/posts\/134024","targetHints":{"allow":["GET"]}}],"collection":[{"href":"https:\/\/news.sap.com\/latinamerica\/wp-json\/wp\/v2\/posts"}],"about":[{"href":"https:\/\/news.sap.com\/latinamerica\/wp-json\/wp\/v2\/types\/post"}],"author":[{"embeddable":true,"href":"https:\/\/news.sap.com\/latinamerica\/wp-json\/wp\/v2\/users\/604"}],"replies":[{"embeddable":true,"href":"https:\/\/news.sap.com\/latinamerica\/wp-json\/wp\/v2\/comments?post=134024"}],"version-history":[{"count":0,"href":"https:\/\/news.sap.com\/latinamerica\/wp-json\/wp\/v2\/posts\/134024\/revisions"}],"wp:featuredmedia":[{"embeddable":true,"href":"https:\/\/news.sap.com\/latinamerica\/wp-json\/wp\/v2\/media\/134025"}],"wp:attachment":[{"href":"https:\/\/news.sap.com\/latinamerica\/wp-json\/wp\/v2\/media?parent=134024"}],"wp:term":[{"taxonomy":"category","embeddable":true,"href":"https:\/\/news.sap.com\/latinamerica\/wp-json\/wp\/v2\/categories?post=134024"},{"taxonomy":"post_tag","embeddable":true,"href":"https:\/\/news.sap.com\/latinamerica\/wp-json\/wp\/v2\/tags?post=134024"},{"taxonomy":"series","embeddable":true,"href":"https:\/\/news.sap.com\/latinamerica\/wp-json\/wp\/v2\/series?post=134024"},{"taxonomy":"region","embeddable":true,"href":"https:\/\/news.sap.com\/latinamerica\/wp-json\/wp\/v2\/region?post=134024"},{"taxonomy":"sapn-display","embeddable":true,"href":"https:\/\/news.sap.com\/latinamerica\/wp-json\/wp\/v2\/sapn-display?post=134024"},{"taxonomy":"sapn-type","embeddable":true,"href":"https:\/\/news.sap.com\/latinamerica\/wp-json\/wp\/v2\/sapn-type?post=134024"}],"curies":[{"name":"wp","href":"https:\/\/api.w.org\/{rel}","templated":true}]}}