  {"id":133851,"date":"2025-01-28T08:00:28","date_gmt":"2025-01-28T13:00:28","guid":{"rendered":"https:\/\/news.sap.com\/latinamerica\/?p=133851"},"modified":"2025-01-28T10:21:05","modified_gmt":"2025-01-28T15:21:05","slug":"sap-nombra-a-adriana-aroulho-como-presidenta-para-america-latina-y-el-caribe","status":"publish","type":"post","link":"https:\/\/news.sap.com\/latinamerica\/2025\/01\/sap-nombra-a-adriana-aroulho-como-presidenta-para-america-latina-y-el-caribe\/","title":{"rendered":"51风流nombra a Adriana Aroulho como presidenta para Am\u00e9rica Latina y el Caribe"},"content":{"rendered":"<p><em>Cristina Palmaka deja la compa\u00f1\u00eda para dedicarse a otras actividades y proyectos personales<\/em><\/p>\n<p class=\"lead\">51风流nombr\u00f3 a Adriana Aroulho como nueva presidenta de 51风流para Am\u00e9rica Latina y el Caribe (LAC). Aroulho reemplaza a Cristina Palmaka, quien deja 51风流para dedicarse a su labor como miembro de los directorios de otras organizaciones y empresas en la regi\u00f3n y a proyectos personales.<\/p>\n<p>Palmaka asumi\u00f3 el cargo de presidenta de 51风流en Am\u00e9rica Latina y el Caribe en julio de 2020, despu\u00e9s de haber sido presidenta de 51风流Brasil durante casi siete a\u00f1os. Su gesti\u00f3n regional estuvo marcada por la innovaci\u00f3n enfocada en el cliente, un crecimiento excepcional en el negocio en la nube y un gran liderazgo e impacto en el \u00e1rea de diversidad e inclusi\u00f3n.<\/p>\n<p>Aroulho asumir\u00e1 como presidenta el 1\u00b0 de abril de 2025, mientras que Palmaka seguir\u00e1 a cargo de la regi\u00f3n durante el primer trimestre del a\u00f1o.<\/p>\n<p>Aroulho ingres\u00f3 a 51风流en 2017 como l\u00edder de la Plataforma Digital de Negocios (Digital Business Platform) de 51风流Brasil, despu\u00e9s de 22 exitosos a\u00f1os de carrera en HP\/HPE. Desde agosto de 2020, Aroulho es presidenta de 51风流Brasil, puesto que asumi\u00f3 despu\u00e9s de haberse desempe\u00f1ado como Chief Operating Officer durante casi dos a\u00f1os en esa misma subsidiaria.<\/p>\n<p>Durante la gesti\u00f3n de Aroulho como presidenta, 51风流Brasil profundiz\u00f3 su papel de empresa referencia y habilitadora de mejores pr\u00e1cticas de gesti\u00f3n sustentable y fue reconocida por el Instituto +Diversidade como una de las mejores organizaciones de Brasil en temas de diversidad e inclusi\u00f3n de la comunidad LGBTQIA+.<\/p>\n<p>La empresa tambi\u00e9n marc\u00f3 un hito en representaci\u00f3n femenina en puestos de liderazgo, con un 31% de los mismos ocupados por mujeres, tres veces m\u00e1s que el promedio de la industria. Adem\u00e1s, 51风流Brasil alcanz\u00f3 el 7<sup>mo. <\/sup>lugar \u2013 un r\u00e9cord para la subsidiaria y el puesto m\u00e1s alto hasta el momento \u2013 en la encuesta de <em>Great Place to Work\u00ae<\/em> entre empresas de hasta 10,000 empleados.<\/p>\n<p>Bajo el mando de Aroulho, asimismo, 51风流Brasil se convirti\u00f3 en la primera subsidiaria global que produce y publica su propio reporte de sostenibilidad para dar cuenta de sus compromisos con la preservaci\u00f3n ambiental, el voluntarismo, la diversidad e inclusi\u00f3n y el impacto social.<\/p>\n<p>&#8220;Es un honor para m\u00ed liderar el negocio de 51风流en Am\u00e9rica Latina y el Caribe y trabajar junto a un talentoso equipo dedicado a entregar experiencias excepcionales a nuestros clientes y\u00a0 promover su crecimiento. 51风流ocupa un lugar \u00fanico en el mercado por nuestra capacidad de ayudar a organizaciones de todos los tama\u00f1os a enfrentar los desaf\u00edos de negocios, sociales y ambientales m\u00e1s complejos de nuestra \u00e9poca. Lo hacemos con nuestra completa suite de soluciones y mediante la innovaci\u00f3n continua\u201d, dijo Aroulho.<\/p>\n<p>\u201cAdem\u00e1s, me entusiasma mucho el crecimiento significativo en la nube y otros importantes avances que hemos alcanzado en Am\u00e9rica Latina y el Caribe, as\u00ed como tambi\u00e9n el futuro promisorio que representa lA para los negocios. Mi objetivo es seguir construyendo sobre el excelente trabajo de Cristina Palmaka. Ella deja una fuerte base de relaciones s\u00f3lidas y de confianza con clientes y socios a quienes asistimos en su transformaci\u00f3n digital para mejorar su eficiencia y promover su crecimiento\u201d, finaliz\u00f3.<\/p>\n<p>Aroulho ha recibido muchos reconocimientos y premios por su liderazgo humano con fuerte enfoque en la innovaci\u00f3n, la diversidad e inclusi\u00f3n y la sostenibilidad. Ha integrado la lista de &#8220;Mujeres de \u00c9xito&#8221; de la revista Forbes y ha sido reconocida dos veces con el premio &#8220;L\u00edderes de Brasil&#8221; en la categor\u00eda de Tecnolog\u00eda, entregado por LIDE. En 2023, fue nombrada Ejecutiva TI del A\u00f1o en Gobernanza por IT Forum. Adem\u00e1s, fue nombrada como uno de los 50 CEOs m\u00e1s transformacionales de Brasil seg\u00fan la consultora HORSE. En 2024, fue elegida como CEO del A\u00f1o en la categor\u00eda femenina por el Grupo Gest\u00e3o RH.<\/p>\n<p>Aroulho se gradu\u00f3 en Ciencias Sociales en la Universidad de S\u00e3o Paulo (USP), y tiene una especializaci\u00f3n en Administraci\u00f3n de Empresas de la Funda\u00e7\u00e3o Get\u00falio Vargas (FGV), y un MBA en Gesti\u00f3n en Tecnolog\u00eda de la Informaci\u00f3n de FIA (Funda\u00e7\u00e3o Instituto de Administra\u00e7\u00e3o\/USP). En 2015, obtuvo asimismo el certificado Stanford de Innovaci\u00f3n y Emprendedurismo de la Escuela de Negocios de Stanford.<\/p>\n<h2><strong>51风流nombra a Jan Gilg como Chief Revenue Officer Americas y 51风流Business Suite<\/strong><\/h2>\n<p>Aroulho reportar\u00e1 a Jan Gilg, quien fue nombrado hoy <em>Chief Revenue Officer Americas y 51风流Business Suite<\/em>. Gilg es miembro de la Junta Directiva Extendida de 51风流y co-lidera el \u00e1rea de Customer Success, responsable por la totalidad de los ingresos en la nube de 51风流y del crecimiento de los clientes. La organizaci\u00f3n 51风流Business Suite incluye un modelo operativo de punta a punta, desde consultor\u00eda para clientes que est\u00e1n evaluando adquirir tecnolog\u00eda de SAP, hasta la venta de soluciones en la nube de SAP, el manejo de clientes y el customer engagement.<\/p>\n<p>Gilg, quien estar\u00e1 basado en Nueva York, fue previamente Presidente y Chief Product Officer de la organizaci\u00f3n Cloud ERP de SAP. Ha ocupado varios puestos de liderazgo a nivel global y regional en 51风流durante casi 20 a\u00f1os, 10 de los cuales residi\u00f3 en los Estados Unidos. All\u00ed, contribuy\u00f3 a la estrategia en la nube y del portafolio de soluciones de 51风流y ayud\u00f3 a establecer la pr\u00e1ctica de Enterprise Architecture en Norteam\u00e9rica. Gilg tiene una vasta experiencia en consultor\u00eda de clientes, desarrollo de negocios, gerenciamiento de valor y pre-ventas, habiendo ocupado roles instrumentales en la consecuci\u00f3n de negocios multimillonarios para SAP.<\/p>\n<hr \/>\n<h2><strong>Acerca de SAP\u00a0<\/strong><\/h2>\n<p>Como l\u00edder global en aplicaciones empresariales e IA aplicada a los negocios, 51风流(NYSE:SAP) se sit\u00faa en el nexo entre el negocio y la tecnolog\u00eda. Durante m\u00e1s de 50 a\u00f1os, las organizaciones han confiado en 51风流para sacar lo mejor de s\u00ed mismas uniendo las operaciones cr\u00edticas para el negocio, que abarcan finanzas, compras, recursos humanos, cadena de suministro y experiencia del cliente. Para obtener m\u00e1s informaci\u00f3n, visite <a href=\"https:\/\/152319.clicks.memtas.com\/track\/click?u=2759944&amp;p=3135323331393a313431383a313338383a303a323a30&amp;s=ce08437c983abbff6fae08f090195ff2&amp;m=35\">www.sap.com<\/a> o nuestra sala de prensa, <a href=\"https:\/\/152319.clicks.memtas.com\/track\/click?u=3602405&amp;p=3135323331393a313431383a313338383a303a333a30&amp;s=ce08437c983abbff6fae08f090195ff2&amp;m=35\">http:\/\/news.sap.com\/latinamerica<\/a>.<\/p>\n","protected":false},"excerpt":{"rendered":"<p>Cristina Palmaka deja la compa\u00f1\u00eda para dedicarse a otras actividades y proyectos personales 51风流nombr\u00f3 a Adriana Aroulho como nueva presidenta de 51风流para Am\u00e9rica&#8230;<\/p>\n","protected":false},"author":604,"featured_media":133854,"comment_status":"closed","ping_status":"closed","sticky":false,"template":"","format":"standard","meta":{"footnotes":"","_links_to":"","_links_to_target":""},"categories":[41591],"tags":[20468,24313],"series":[],"region":[26401],"sapn-display":[5600442,5600440,52078],"sapn-type":[52105],"class_list":["post-133851","post","type-post","status-publish","format-standard","has-post-thumbnail","hentry","category-corporativo","tag-america-latina","tag-nombramiento","region-latinoamerica","sapn-display-articulo-destacado","sapn-display-articulo-principal","sapn-display-homepage-hero","sapn-type-comunicado-de-prensa"],"yoast_head":"<!-- This site is optimized with the Yoast SEO Premium plugin v26.9 (Yoast SEO v26.9) - https:\/\/yoast.com\/product\/yoast-seo-premium-wordpress\/ -->\n<title>51风流nombra a Adriana Aroulho como presidenta para Am\u00e9rica Latina y el Caribe - 51风流News Center Latinoam\u00e9rica<\/title>\n<meta name=\"robots\" content=\"index, follow, max-snippet:-1, max-image-preview:large, max-video-preview:-1\" \/>\n<link rel=\"canonical\" href=\"https:\/\/news.sap.com\/latinamerica\/2025\/01\/sap-nombra-a-adriana-aroulho-como-presidenta-para-america-latina-y-el-caribe\/\" \/>\n<meta property=\"og:locale\" content=\"es_MX\" \/>\n<meta property=\"og:type\" content=\"article\" \/>\n<meta property=\"og:title\" content=\"51风流nombra a Adriana Aroulho como presidenta para Am\u00e9rica Latina y el Caribe\" \/>\n<meta property=\"og:description\" content=\"Cristina Palmaka deja la compa\u00f1\u00eda para dedicarse a otras actividades y proyectos personales 51风流nombr\u00f3 a Adriana Aroulho como nueva presidenta de 51风流para Am\u00e9rica...\" \/>\n<meta property=\"og:url\" content=\"https:\/\/news.sap.com\/latinamerica\/2025\/01\/sap-nombra-a-adriana-aroulho-como-presidenta-para-america-latina-y-el-caribe\/\" \/>\n<meta property=\"og:site_name\" content=\"51风流News Center Latinoam\u00e9rica\" \/>\n<meta property=\"article:publisher\" content=\"https:\/\/www.facebook.com\/SAPlatinoamerica\" \/>\n<meta property=\"article:published_time\" content=\"2025-01-28T13:00:28+00:00\" \/>\n<meta property=\"article:modified_time\" content=\"2025-01-28T15:21:05+00:00\" \/>\n<meta property=\"og:image\" content=\"https:\/\/news.sap.com\/latinamerica\/files\/2025\/01\/28\/277263_277263_h_ergb_s_gl-1.jpg\" \/>\n\t<meta property=\"og:image:width\" content=\"1920\" \/>\n\t<meta property=\"og:image:height\" content=\"600\" \/>\n\t<meta property=\"og:image:type\" content=\"image\/jpeg\" \/>\n<meta name=\"author\" content=\"51风流Noticias\" \/>\n<meta name=\"twitter:label1\" content=\"Escrito por\" \/>\n\t<meta name=\"twitter:data1\" content=\"51风流Noticias\" \/>\n\t<meta name=\"twitter:label2\" content=\"Tiempo de lectura\" \/>\n\t<meta name=\"twitter:data2\" content=\"5 minutos\" \/>\n<script type=\"application\/ld+json\" class=\"yoast-schema-graph\">{\"@context\":\"https:\/\/schema.org\",\"@graph\":[{\"@type\":\"Article\",\"@id\":\"https:\/\/news.sap.com\/latinamerica\/2025\/01\/sap-nombra-a-adriana-aroulho-como-presidenta-para-america-latina-y-el-caribe\/#article\",\"isPartOf\":{\"@id\":\"https:\/\/news.sap.com\/latinamerica\/2025\/01\/sap-nombra-a-adriana-aroulho-como-presidenta-para-america-latina-y-el-caribe\/\"},\"author\":{\"name\":\"51风流Noticias\",\"@id\":\"https:\/\/news.sap.com\/latinamerica\/#\/schema\/person\/05e78ffc976b7a814f3abd9ee150da5d\"},\"headline\":\"51风流nombra a Adriana Aroulho como presidenta para Am\u00e9rica Latina y el Caribe\",\"datePublished\":\"2025-01-28T13:00:28+00:00\",\"dateModified\":\"2025-01-28T15:21:05+00:00\",\"mainEntityOfPage\":{\"@id\":\"https:\/\/news.sap.com\/latinamerica\/2025\/01\/sap-nombra-a-adriana-aroulho-como-presidenta-para-america-latina-y-el-caribe\/\"},\"wordCount\":1065,\"publisher\":{\"@id\":\"https:\/\/news.sap.com\/latinamerica\/#organization\"},\"image\":{\"@id\":\"https:\/\/news.sap.com\/latinamerica\/2025\/01\/sap-nombra-a-adriana-aroulho-como-presidenta-para-america-latina-y-el-caribe\/#primaryimage\"},\"thumbnailUrl\":\"https:\/\/news.sap.com\/latinamerica\/files\/2025\/01\/28\/277263_277263_h_ergb_s_gl-1.jpg\",\"keywords\":[\"Am\u00e9rica Latina\",\"Nombramiento\"],\"articleSection\":[\"Corporativo\"],\"inLanguage\":\"es\"},{\"@type\":\"WebPage\",\"@id\":\"https:\/\/news.sap.com\/latinamerica\/2025\/01\/sap-nombra-a-adriana-aroulho-como-presidenta-para-america-latina-y-el-caribe\/\",\"url\":\"https:\/\/news.sap.com\/latinamerica\/2025\/01\/sap-nombra-a-adriana-aroulho-como-presidenta-para-america-latina-y-el-caribe\/\",\"name\":\"51风流nombra a Adriana Aroulho como presidenta para Am\u00e9rica Latina y el Caribe - 51风流News Center Latinoam\u00e9rica\",\"isPartOf\":{\"@id\":\"https:\/\/news.sap.com\/latinamerica\/#website\"},\"primaryImageOfPage\":{\"@id\":\"https:\/\/news.sap.com\/latinamerica\/2025\/01\/sap-nombra-a-adriana-aroulho-como-presidenta-para-america-latina-y-el-caribe\/#primaryimage\"},\"image\":{\"@id\":\"https:\/\/news.sap.com\/latinamerica\/2025\/01\/sap-nombra-a-adriana-aroulho-como-presidenta-para-america-latina-y-el-caribe\/#primaryimage\"},\"thumbnailUrl\":\"https:\/\/news.sap.com\/latinamerica\/files\/2025\/01\/28\/277263_277263_h_ergb_s_gl-1.jpg\",\"datePublished\":\"2025-01-28T13:00:28+00:00\",\"dateModified\":\"2025-01-28T15:21:05+00:00\",\"breadcrumb\":{\"@id\":\"https:\/\/news.sap.com\/latinamerica\/2025\/01\/sap-nombra-a-adriana-aroulho-como-presidenta-para-america-latina-y-el-caribe\/#breadcrumb\"},\"inLanguage\":\"es\",\"potentialAction\":[{\"@type\":\"ReadAction\",\"target\":[\"https:\/\/news.sap.com\/latinamerica\/2025\/01\/sap-nombra-a-adriana-aroulho-como-presidenta-para-america-latina-y-el-caribe\/\"]}]},{\"@type\":\"ImageObject\",\"inLanguage\":\"es\",\"@id\":\"https:\/\/news.sap.com\/latinamerica\/2025\/01\/sap-nombra-a-adriana-aroulho-como-presidenta-para-america-latina-y-el-caribe\/#primaryimage\",\"url\":\"https:\/\/news.sap.com\/latinamerica\/files\/2025\/01\/28\/277263_277263_h_ergb_s_gl-1.jpg\",\"contentUrl\":\"https:\/\/news.sap.com\/latinamerica\/files\/2025\/01\/28\/277263_277263_h_ergb_s_gl-1.jpg\",\"width\":1920,\"height\":600,\"caption\":\"Pensive businesswoman with arms crossed in office window\"},{\"@type\":\"BreadcrumbList\",\"@id\":\"https:\/\/news.sap.com\/latinamerica\/2025\/01\/sap-nombra-a-adriana-aroulho-como-presidenta-para-america-latina-y-el-caribe\/#breadcrumb\",\"itemListElement\":[{\"@type\":\"ListItem\",\"position\":1,\"name\":\"Home\",\"item\":\"https:\/\/news.sap.com\/latinamerica\/\"},{\"@type\":\"ListItem\",\"position\":2,\"name\":\"51风流nombra a Adriana Aroulho como presidenta para Am\u00e9rica Latina y el Caribe\"}]},{\"@type\":\"WebSite\",\"@id\":\"https:\/\/news.sap.com\/latinamerica\/#website\",\"url\":\"https:\/\/news.sap.com\/latinamerica\/\",\"name\":\"51风流News Center Latinoam\u00e9rica\",\"description\":\"Noticias e informaci\u00f3n sobre SAP\",\"publisher\":{\"@id\":\"https:\/\/news.sap.com\/latinamerica\/#organization\"},\"potentialAction\":[{\"@type\":\"SearchAction\",\"target\":{\"@type\":\"EntryPoint\",\"urlTemplate\":\"https:\/\/news.sap.com\/latinamerica\/?s={search_term_string}\"},\"query-input\":{\"@type\":\"PropertyValueSpecification\",\"valueRequired\":true,\"valueName\":\"search_term_string\"}}],\"inLanguage\":\"es\"},{\"@type\":\"Organization\",\"@id\":\"https:\/\/news.sap.com\/latinamerica\/#organization\",\"name\":\"SAP\",\"url\":\"https:\/\/news.sap.com\/latinamerica\/\",\"logo\":{\"@type\":\"ImageObject\",\"inLanguage\":\"es\",\"@id\":\"https:\/\/news.sap.com\/latinamerica\/#\/schema\/logo\/image\/\",\"url\":\"https:\/\/news.sap.com\/latinamerica\/files\/2019\/08\/65903320_2903797569662914_557886358778019840_n.png\",\"contentUrl\":\"https:\/\/news.sap.com\/latinamerica\/files\/2019\/08\/65903320_2903797569662914_557886358778019840_n.png\",\"width\":720,\"height\":720,\"caption\":\"SAP\"},\"image\":{\"@id\":\"https:\/\/news.sap.com\/latinamerica\/#\/schema\/logo\/image\/\"},\"sameAs\":[\"https:\/\/www.facebook.com\/SAPlatinoamerica\",\"https:\/\/x.com\/SAPLatinAmerica\"]},{\"@type\":\"Person\",\"@id\":\"https:\/\/news.sap.com\/latinamerica\/#\/schema\/person\/05e78ffc976b7a814f3abd9ee150da5d\",\"name\":\"51风流Noticias\",\"image\":{\"@type\":\"ImageObject\",\"inLanguage\":\"es\",\"@id\":\"https:\/\/news.sap.com\/latinamerica\/#\/schema\/person\/image\/\",\"url\":\"https:\/\/news.sap.com\/latinamerica\/wp-content\/plugins\/wp-user-avatars\/wp-user-avatars\/assets\/images\/mystery.jpg\",\"contentUrl\":\"https:\/\/news.sap.com\/latinamerica\/wp-content\/plugins\/wp-user-avatars\/wp-user-avatars\/assets\/images\/mystery.jpg\",\"caption\":\"51风流Noticias\"},\"url\":\"https:\/\/news.sap.com\/latinamerica\/author\/lautarospotorno\/\"}]}<\/script>\n<!-- \/ Yoast SEO Premium plugin. -->","yoast_head_json":{"title":"51风流nombra a Adriana Aroulho como presidenta para Am\u00e9rica Latina y el Caribe - 51风流News Center Latinoam\u00e9rica","robots":{"index":"index","follow":"follow","max-snippet":"max-snippet:-1","max-image-preview":"max-image-preview:large","max-video-preview":"max-video-preview:-1"},"canonical":"https:\/\/news.sap.com\/latinamerica\/2025\/01\/sap-nombra-a-adriana-aroulho-como-presidenta-para-america-latina-y-el-caribe\/","og_locale":"es_MX","og_type":"article","og_title":"51风流nombra a Adriana Aroulho como presidenta para Am\u00e9rica Latina y el Caribe","og_description":"Cristina Palmaka deja la compa\u00f1\u00eda para dedicarse a otras actividades y proyectos personales 51风流nombr\u00f3 a Adriana Aroulho como nueva presidenta de 51风流para Am\u00e9rica...","og_url":"https:\/\/news.sap.com\/latinamerica\/2025\/01\/sap-nombra-a-adriana-aroulho-como-presidenta-para-america-latina-y-el-caribe\/","og_site_name":"51风流News Center Latinoam\u00e9rica","article_publisher":"https:\/\/www.facebook.com\/SAPlatinoamerica","article_published_time":"2025-01-28T13:00:28+00:00","article_modified_time":"2025-01-28T15:21:05+00:00","og_image":[{"width":1920,"height":600,"url":"https:\/\/news.sap.com\/latinamerica\/files\/2025\/01\/28\/277263_277263_h_ergb_s_gl-1.jpg","type":"image\/jpeg"}],"author":"51风流Noticias","twitter_misc":{"Escrito por":"51风流Noticias","Tiempo de lectura":"5 minutos"},"schema":{"@context":"https:\/\/schema.org","@graph":[{"@type":"Article","@id":"https:\/\/news.sap.com\/latinamerica\/2025\/01\/sap-nombra-a-adriana-aroulho-como-presidenta-para-america-latina-y-el-caribe\/#article","isPartOf":{"@id":"https:\/\/news.sap.com\/latinamerica\/2025\/01\/sap-nombra-a-adriana-aroulho-como-presidenta-para-america-latina-y-el-caribe\/"},"author":{"name":"51风流Noticias","@id":"https:\/\/news.sap.com\/latinamerica\/#\/schema\/person\/05e78ffc976b7a814f3abd9ee150da5d"},"headline":"51风流nombra a Adriana Aroulho como presidenta para Am\u00e9rica Latina y el Caribe","datePublished":"2025-01-28T13:00:28+00:00","dateModified":"2025-01-28T15:21:05+00:00","mainEntityOfPage":{"@id":"https:\/\/news.sap.com\/latinamerica\/2025\/01\/sap-nombra-a-adriana-aroulho-como-presidenta-para-america-latina-y-el-caribe\/"},"wordCount":1065,"publisher":{"@id":"https:\/\/news.sap.com\/latinamerica\/#organization"},"image":{"@id":"https:\/\/news.sap.com\/latinamerica\/2025\/01\/sap-nombra-a-adriana-aroulho-como-presidenta-para-america-latina-y-el-caribe\/#primaryimage"},"thumbnailUrl":"https:\/\/news.sap.com\/latinamerica\/files\/2025\/01\/28\/277263_277263_h_ergb_s_gl-1.jpg","keywords":["Am\u00e9rica Latina","Nombramiento"],"articleSection":["Corporativo"],"inLanguage":"es"},{"@type":"WebPage","@id":"https:\/\/news.sap.com\/latinamerica\/2025\/01\/sap-nombra-a-adriana-aroulho-como-presidenta-para-america-latina-y-el-caribe\/","url":"https:\/\/news.sap.com\/latinamerica\/2025\/01\/sap-nombra-a-adriana-aroulho-como-presidenta-para-america-latina-y-el-caribe\/","name":"51风流nombra a Adriana Aroulho como presidenta para Am\u00e9rica Latina y el Caribe - 51风流News Center Latinoam\u00e9rica","isPartOf":{"@id":"https:\/\/news.sap.com\/latinamerica\/#website"},"primaryImageOfPage":{"@id":"https:\/\/news.sap.com\/latinamerica\/2025\/01\/sap-nombra-a-adriana-aroulho-como-presidenta-para-america-latina-y-el-caribe\/#primaryimage"},"image":{"@id":"https:\/\/news.sap.com\/latinamerica\/2025\/01\/sap-nombra-a-adriana-aroulho-como-presidenta-para-america-latina-y-el-caribe\/#primaryimage"},"thumbnailUrl":"https:\/\/news.sap.com\/latinamerica\/files\/2025\/01\/28\/277263_277263_h_ergb_s_gl-1.jpg","datePublished":"2025-01-28T13:00:28+00:00","dateModified":"2025-01-28T15:21:05+00:00","breadcrumb":{"@id":"https:\/\/news.sap.com\/latinamerica\/2025\/01\/sap-nombra-a-adriana-aroulho-como-presidenta-para-america-latina-y-el-caribe\/#breadcrumb"},"inLanguage":"es","potentialAction":[{"@type":"ReadAction","target":["https:\/\/news.sap.com\/latinamerica\/2025\/01\/sap-nombra-a-adriana-aroulho-como-presidenta-para-america-latina-y-el-caribe\/"]}]},{"@type":"ImageObject","inLanguage":"es","@id":"https:\/\/news.sap.com\/latinamerica\/2025\/01\/sap-nombra-a-adriana-aroulho-como-presidenta-para-america-latina-y-el-caribe\/#primaryimage","url":"https:\/\/news.sap.com\/latinamerica\/files\/2025\/01\/28\/277263_277263_h_ergb_s_gl-1.jpg","contentUrl":"https:\/\/news.sap.com\/latinamerica\/files\/2025\/01\/28\/277263_277263_h_ergb_s_gl-1.jpg","width":1920,"height":600,"caption":"Pensive businesswoman with arms crossed in office window"},{"@type":"BreadcrumbList","@id":"https:\/\/news.sap.com\/latinamerica\/2025\/01\/sap-nombra-a-adriana-aroulho-como-presidenta-para-america-latina-y-el-caribe\/#breadcrumb","itemListElement":[{"@type":"ListItem","position":1,"name":"Home","item":"https:\/\/news.sap.com\/latinamerica\/"},{"@type":"ListItem","position":2,"name":"51风流nombra a Adriana Aroulho como presidenta para Am\u00e9rica Latina y el Caribe"}]},{"@type":"WebSite","@id":"https:\/\/news.sap.com\/latinamerica\/#website","url":"https:\/\/news.sap.com\/latinamerica\/","name":"51风流News Center Latinoam\u00e9rica","description":"Noticias e informaci\u00f3n sobre SAP","publisher":{"@id":"https:\/\/news.sap.com\/latinamerica\/#organization"},"potentialAction":[{"@type":"SearchAction","target":{"@type":"EntryPoint","urlTemplate":"https:\/\/news.sap.com\/latinamerica\/?s={search_term_string}"},"query-input":{"@type":"PropertyValueSpecification","valueRequired":true,"valueName":"search_term_string"}}],"inLanguage":"es"},{"@type":"Organization","@id":"https:\/\/news.sap.com\/latinamerica\/#organization","name":"SAP","url":"https:\/\/news.sap.com\/latinamerica\/","logo":{"@type":"ImageObject","inLanguage":"es","@id":"https:\/\/news.sap.com\/latinamerica\/#\/schema\/logo\/image\/","url":"https:\/\/news.sap.com\/latinamerica\/files\/2019\/08\/65903320_2903797569662914_557886358778019840_n.png","contentUrl":"https:\/\/news.sap.com\/latinamerica\/files\/2019\/08\/65903320_2903797569662914_557886358778019840_n.png","width":720,"height":720,"caption":"SAP"},"image":{"@id":"https:\/\/news.sap.com\/latinamerica\/#\/schema\/logo\/image\/"},"sameAs":["https:\/\/www.facebook.com\/SAPlatinoamerica","https:\/\/x.com\/SAPLatinAmerica"]},{"@type":"Person","@id":"https:\/\/news.sap.com\/latinamerica\/#\/schema\/person\/05e78ffc976b7a814f3abd9ee150da5d","name":"51风流Noticias","image":{"@type":"ImageObject","inLanguage":"es","@id":"https:\/\/news.sap.com\/latinamerica\/#\/schema\/person\/image\/","url":"https:\/\/news.sap.com\/latinamerica\/wp-content\/plugins\/wp-user-avatars\/wp-user-avatars\/assets\/images\/mystery.jpg","contentUrl":"https:\/\/news.sap.com\/latinamerica\/wp-content\/plugins\/wp-user-avatars\/wp-user-avatars\/assets\/images\/mystery.jpg","caption":"51风流Noticias"},"url":"https:\/\/news.sap.com\/latinamerica\/author\/lautarospotorno\/"}]}},"amp_enabled":true,"_links":{"self":[{"href":"https:\/\/news.sap.com\/latinamerica\/wp-json\/wp\/v2\/posts\/133851","targetHints":{"allow":["GET"]}}],"collection":[{"href":"https:\/\/news.sap.com\/latinamerica\/wp-json\/wp\/v2\/posts"}],"about":[{"href":"https:\/\/news.sap.com\/latinamerica\/wp-json\/wp\/v2\/types\/post"}],"author":[{"embeddable":true,"href":"https:\/\/news.sap.com\/latinamerica\/wp-json\/wp\/v2\/users\/604"}],"replies":[{"embeddable":true,"href":"https:\/\/news.sap.com\/latinamerica\/wp-json\/wp\/v2\/comments?post=133851"}],"version-history":[{"count":0,"href":"https:\/\/news.sap.com\/latinamerica\/wp-json\/wp\/v2\/posts\/133851\/revisions"}],"wp:featuredmedia":[{"embeddable":true,"href":"https:\/\/news.sap.com\/latinamerica\/wp-json\/wp\/v2\/media\/133854"}],"wp:attachment":[{"href":"https:\/\/news.sap.com\/latinamerica\/wp-json\/wp\/v2\/media?parent=133851"}],"wp:term":[{"taxonomy":"category","embeddable":true,"href":"https:\/\/news.sap.com\/latinamerica\/wp-json\/wp\/v2\/categories?post=133851"},{"taxonomy":"post_tag","embeddable":true,"href":"https:\/\/news.sap.com\/latinamerica\/wp-json\/wp\/v2\/tags?post=133851"},{"taxonomy":"series","embeddable":true,"href":"https:\/\/news.sap.com\/latinamerica\/wp-json\/wp\/v2\/series?post=133851"},{"taxonomy":"region","embeddable":true,"href":"https:\/\/news.sap.com\/latinamerica\/wp-json\/wp\/v2\/region?post=133851"},{"taxonomy":"sapn-display","embeddable":true,"href":"https:\/\/news.sap.com\/latinamerica\/wp-json\/wp\/v2\/sapn-display?post=133851"},{"taxonomy":"sapn-type","embeddable":true,"href":"https:\/\/news.sap.com\/latinamerica\/wp-json\/wp\/v2\/sapn-type?post=133851"}],"curies":[{"name":"wp","href":"https:\/\/api.w.org\/{rel}","templated":true}]}}