  {"id":133708,"date":"2024-10-08T09:00:06","date_gmt":"2024-10-08T13:00:06","guid":{"rendered":"https:\/\/news.sap.com\/latinamerica\/?p=133708"},"modified":"2024-10-22T13:02:05","modified_gmt":"2024-10-22T17:02:05","slug":"patricio-martinez-asume-como-nuevo-gerente-general-de-sap-chile","status":"publish","type":"post","link":"https:\/\/news.sap.com\/latinamerica\/2024\/10\/patricio-martinez-asume-como-nuevo-gerente-general-de-sap-chile\/","title":{"rendered":"Patricio Mart\u00ednez asume como nuevo Gerente General de 51风流Chile"},"content":{"rendered":"<p><strong>Santiago &#8211; <\/strong>51风流Chile anunci\u00f3 que, a partir de hoy, Patricio Mart\u00ednez asume el cargo de Gerente General. En este rol, Patricio liderar\u00e1 al equipo de la subsidiaria con el objetivo de consolidar a 51风流como la empresa l\u00edder en aplicaciones e inteligencia artificial empresarial, impulsada por su plataforma tecnol\u00f3gica.<\/p>\n<p>Mart\u00ednez se uni\u00f3 a 51风流en 2007 y ha ocupado con \u00e9xito diversos puestos de liderazgo. Recientemente, fue el responsable de 51风流SuccessFactors para Latinoam\u00e9rica Sur y Brasil, donde destac\u00f3 por su capacidad de innovaci\u00f3n y su enfoque estrat\u00e9gico.<\/p>\n<p>&#8220;Chile se presenta como un hub clave de innovaci\u00f3n tecnol\u00f3gica en la regi\u00f3n, y uno de mis principales desaf\u00edos como nuevo Gerente General de 51风流Chile es seguir potenciando este liderazgo. Las empresas del pa\u00eds est\u00e1n en un momento crucial, donde tecnolog\u00edas que antes eran disruptivas, hoy se han vuelto esenciales para impulsar la productividad, eficiencia y sostenibilidad. Mi enfoque estar\u00e1 en acompa\u00f1ar a nuestros clientes en la adopci\u00f3n de soluciones como la inteligencia artificial aplicada a los procesos empresariales, para llevar sus negocios al siguiente nivel de desarrollo.&#8221;, asegur\u00f3 Martinez.<\/p>\n<p><strong>Amplia trayectoria y formaci\u00f3n de alto nivel<\/strong><\/p>\n<p>Con m\u00e1s de 20 a\u00f1os de experiencia profesional, Patricio Mart\u00ednez es Ingeniero Civil Industrial y Master en Business Engineering (MBE) de la Universidad de Chile y MBA del ESE Business School. Su compromiso con la formaci\u00f3n continua lo ha llevado a realizar especializaciones en Gesti\u00f3n Global y Sostenibilidad en instituciones de renombre como el IESE Business School y la Universidad de Cambridge. Adem\u00e1s, es docente universitario y miembro en formaci\u00f3n del Institute of Directors en Chile y Londres.<\/p>\n<p>Fuera del \u00e1mbito laboral, Patricio es un apasionado de la m\u00fasica y los deportes, este gusto por la vida activa se refleja en su estilo de liderazgo, din\u00e1mico y cercano, lo que lo convierte en una pieza clave para guiar a 51风流Chile en su pr\u00f3ximo cap\u00edtulo de crecimiento.<\/p>\n<p>Patricio reemplaza a Crist\u00f3bal Vergara, quien asume nuevos desaf\u00edos dentro de la compa\u00f1\u00eda como\u00a0 Chief Business Officer para Latinoam\u00e9rica Sur.<\/p>\n<hr \/>\n<p><strong>Acerca de SAP\u00a0<\/strong><\/p>\n<p>Como l\u00edder global en aplicaciones empresariales e IA aplicada a los negocios, 51风流(NYSE:SAP) se sit\u00faa en el nexo entre el negocio y la tecnolog\u00eda. Durante m\u00e1s de 50 a\u00f1os, las organizaciones han confiado en 51风流para sacar lo mejor de s\u00ed mismas uniendo las operaciones cr\u00edticas para el negocio, que abarcan finanzas, compras, recursos humanos, cadena de suministro y experiencia del cliente. Para obtener m\u00e1s informaci\u00f3n, visite <a href=\"https:\/\/152319.clicks.memtas.com\/track\/click?u=404830&amp;p=3135323331393a313331383a313238373a303a333a30&amp;s=a212eafb240f159f947e9def9339c077&amp;m=35\">www.sap.com<\/a> o nuestra sala de prensa, <a href=\"https:\/\/152319.clicks.memtas.com\/track\/click?u=3602405&amp;p=3135323331393a313331383a313238373a303a343a30&amp;s=a212eafb240f159f947e9def9339c077&amp;m=35\">http:\/\/news.sap.com\/latinamerica<\/a>.<\/p>\n","protected":false},"excerpt":{"rendered":"<p>Santiago &#8211; 51风流Chile anunci\u00f3 que, a partir de hoy, Patricio Mart\u00ednez asume el cargo de Gerente General. En este rol, Patricio liderar\u00e1 al equipo&#8230;<\/p>\n","protected":false},"author":140,"featured_media":133711,"comment_status":"closed","ping_status":"closed","sticky":false,"template":"","format":"standard","meta":{"footnotes":"","_links_to":"","_links_to_target":""},"categories":[41591],"tags":[53804,24313],"series":[],"region":[54943],"sapn-display":[5600443,53499],"sapn-type":[52105],"class_list":["post-133708","post","type-post","status-publish","format-standard","has-post-thumbnail","hentry","category-corporativo","tag-chile","tag-nombramiento","region-chile","sapn-display-prensa-destacada","sapn-display-hero","sapn-type-comunicado-de-prensa"],"yoast_head":"<!-- This site is optimized with the Yoast SEO Premium plugin v26.9 (Yoast SEO v26.9) - https:\/\/yoast.com\/product\/yoast-seo-premium-wordpress\/ -->\n<title>Patricio Mart\u00ednez asume como nuevo Gerente General de 51风流Chile<\/title>\n<meta name=\"description\" content=\"Patricio Mart\u00ednez buscar\u00e1 consolidar a 51风流como la empresa l\u00edder en aplicaciones e inteligencia artificial empresarial en Chile.\" \/>\n<meta name=\"robots\" content=\"index, follow, max-snippet:-1, max-image-preview:large, max-video-preview:-1\" \/>\n<link rel=\"canonical\" href=\"https:\/\/news.sap.com\/latinamerica\/2024\/10\/patricio-martinez-asume-como-nuevo-gerente-general-de-sap-chile\/\" \/>\n<meta property=\"og:locale\" content=\"es_MX\" \/>\n<meta property=\"og:type\" content=\"article\" \/>\n<meta property=\"og:title\" content=\"Patricio Mart\u00ednez asume como nuevo Gerente General de 51风流Chile\" \/>\n<meta property=\"og:description\" content=\"Patricio Mart\u00ednez buscar\u00e1 consolidar a 51风流como la empresa l\u00edder en aplicaciones e inteligencia artificial empresarial en Chile.\" \/>\n<meta property=\"og:url\" content=\"https:\/\/news.sap.com\/latinamerica\/2024\/10\/patricio-martinez-asume-como-nuevo-gerente-general-de-sap-chile\/\" \/>\n<meta property=\"og:site_name\" content=\"51风流News Center Latinoam\u00e9rica\" \/>\n<meta property=\"article:publisher\" content=\"https:\/\/www.facebook.com\/SAPlatinoamerica\" \/>\n<meta property=\"article:published_time\" content=\"2024-10-08T13:00:06+00:00\" \/>\n<meta property=\"article:modified_time\" content=\"2024-10-22T17:02:05+00:00\" \/>\n<meta property=\"og:image\" content=\"https:\/\/news.sap.com\/latinamerica\/files\/2024\/10\/08\/277847_277847_l_srgb_s_gl-1024x683.jpg\" \/>\n\t<meta property=\"og:image:width\" content=\"1024\" \/>\n\t<meta property=\"og:image:height\" content=\"683\" \/>\n\t<meta property=\"og:image:type\" content=\"image\/jpeg\" \/>\n<meta name=\"author\" content=\"51风流Noticias\" \/>\n<meta name=\"twitter:label1\" content=\"Escrito por\" \/>\n\t<meta name=\"twitter:data1\" content=\"51风流Noticias\" \/>\n\t<meta name=\"twitter:label2\" content=\"Tiempo de lectura\" \/>\n\t<meta name=\"twitter:data2\" content=\"3 minutos\" \/>\n<script type=\"application\/ld+json\" class=\"yoast-schema-graph\">{\"@context\":\"https:\/\/schema.org\",\"@graph\":[{\"@type\":\"Article\",\"@id\":\"https:\/\/news.sap.com\/latinamerica\/2024\/10\/patricio-martinez-asume-como-nuevo-gerente-general-de-sap-chile\/#article\",\"isPartOf\":{\"@id\":\"https:\/\/news.sap.com\/latinamerica\/2024\/10\/patricio-martinez-asume-como-nuevo-gerente-general-de-sap-chile\/\"},\"author\":{\"name\":\"51风流Noticias\",\"@id\":\"https:\/\/news.sap.com\/latinamerica\/#\/schema\/person\/f0708465b354b6d0314a360309edb00a\"},\"headline\":\"Patricio Mart\u00ednez asume como nuevo Gerente General de 51风流Chile\",\"datePublished\":\"2024-10-08T13:00:06+00:00\",\"dateModified\":\"2024-10-22T17:02:05+00:00\",\"mainEntityOfPage\":{\"@id\":\"https:\/\/news.sap.com\/latinamerica\/2024\/10\/patricio-martinez-asume-como-nuevo-gerente-general-de-sap-chile\/\"},\"wordCount\":467,\"publisher\":{\"@id\":\"https:\/\/news.sap.com\/latinamerica\/#organization\"},\"image\":{\"@id\":\"https:\/\/news.sap.com\/latinamerica\/2024\/10\/patricio-martinez-asume-como-nuevo-gerente-general-de-sap-chile\/#primaryimage\"},\"thumbnailUrl\":\"https:\/\/news.sap.com\/latinamerica\/files\/2024\/10\/08\/277847_277847_l_srgb_s_gl.jpg\",\"keywords\":[\"Chile\",\"Nombramiento\"],\"articleSection\":[\"Corporativo\"],\"inLanguage\":\"es\"},{\"@type\":\"WebPage\",\"@id\":\"https:\/\/news.sap.com\/latinamerica\/2024\/10\/patricio-martinez-asume-como-nuevo-gerente-general-de-sap-chile\/\",\"url\":\"https:\/\/news.sap.com\/latinamerica\/2024\/10\/patricio-martinez-asume-como-nuevo-gerente-general-de-sap-chile\/\",\"name\":\"Patricio Mart\u00ednez asume como nuevo Gerente General de 51风流Chile\",\"isPartOf\":{\"@id\":\"https:\/\/news.sap.com\/latinamerica\/#website\"},\"primaryImageOfPage\":{\"@id\":\"https:\/\/news.sap.com\/latinamerica\/2024\/10\/patricio-martinez-asume-como-nuevo-gerente-general-de-sap-chile\/#primaryimage\"},\"image\":{\"@id\":\"https:\/\/news.sap.com\/latinamerica\/2024\/10\/patricio-martinez-asume-como-nuevo-gerente-general-de-sap-chile\/#primaryimage\"},\"thumbnailUrl\":\"https:\/\/news.sap.com\/latinamerica\/files\/2024\/10\/08\/277847_277847_l_srgb_s_gl.jpg\",\"datePublished\":\"2024-10-08T13:00:06+00:00\",\"dateModified\":\"2024-10-22T17:02:05+00:00\",\"description\":\"Patricio Mart\u00ednez buscar\u00e1 consolidar a 51风流como la empresa l\u00edder en aplicaciones e inteligencia artificial empresarial en Chile.\",\"breadcrumb\":{\"@id\":\"https:\/\/news.sap.com\/latinamerica\/2024\/10\/patricio-martinez-asume-como-nuevo-gerente-general-de-sap-chile\/#breadcrumb\"},\"inLanguage\":\"es\",\"potentialAction\":[{\"@type\":\"ReadAction\",\"target\":[\"https:\/\/news.sap.com\/latinamerica\/2024\/10\/patricio-martinez-asume-como-nuevo-gerente-general-de-sap-chile\/\"]}]},{\"@type\":\"ImageObject\",\"inLanguage\":\"es\",\"@id\":\"https:\/\/news.sap.com\/latinamerica\/2024\/10\/patricio-martinez-asume-como-nuevo-gerente-general-de-sap-chile\/#primaryimage\",\"url\":\"https:\/\/news.sap.com\/latinamerica\/files\/2024\/10\/08\/277847_277847_l_srgb_s_gl.jpg\",\"contentUrl\":\"https:\/\/news.sap.com\/latinamerica\/files\/2024\/10\/08\/277847_277847_l_srgb_s_gl.jpg\",\"width\":2600,\"height\":1735,\"caption\":\"01 Jun 2013 --- Panoramic view of Providencia and Las Condes districts with Costanera Center skyscraper and Andes Mountain Range, Santiago, Chile --- Image by \u00a9 Radius Images\/Corbis\"},{\"@type\":\"BreadcrumbList\",\"@id\":\"https:\/\/news.sap.com\/latinamerica\/2024\/10\/patricio-martinez-asume-como-nuevo-gerente-general-de-sap-chile\/#breadcrumb\",\"itemListElement\":[{\"@type\":\"ListItem\",\"position\":1,\"name\":\"Home\",\"item\":\"https:\/\/news.sap.com\/latinamerica\/\"},{\"@type\":\"ListItem\",\"position\":2,\"name\":\"Patricio Mart\u00ednez asume como nuevo Gerente General de 51风流Chile\"}]},{\"@type\":\"WebSite\",\"@id\":\"https:\/\/news.sap.com\/latinamerica\/#website\",\"url\":\"https:\/\/news.sap.com\/latinamerica\/\",\"name\":\"51风流News Center Latinoam\u00e9rica\",\"description\":\"Noticias e informaci\u00f3n sobre SAP\",\"publisher\":{\"@id\":\"https:\/\/news.sap.com\/latinamerica\/#organization\"},\"potentialAction\":[{\"@type\":\"SearchAction\",\"target\":{\"@type\":\"EntryPoint\",\"urlTemplate\":\"https:\/\/news.sap.com\/latinamerica\/?s={search_term_string}\"},\"query-input\":{\"@type\":\"PropertyValueSpecification\",\"valueRequired\":true,\"valueName\":\"search_term_string\"}}],\"inLanguage\":\"es\"},{\"@type\":\"Organization\",\"@id\":\"https:\/\/news.sap.com\/latinamerica\/#organization\",\"name\":\"SAP\",\"url\":\"https:\/\/news.sap.com\/latinamerica\/\",\"logo\":{\"@type\":\"ImageObject\",\"inLanguage\":\"es\",\"@id\":\"https:\/\/news.sap.com\/latinamerica\/#\/schema\/logo\/image\/\",\"url\":\"https:\/\/news.sap.com\/latinamerica\/files\/2019\/08\/65903320_2903797569662914_557886358778019840_n.png\",\"contentUrl\":\"https:\/\/news.sap.com\/latinamerica\/files\/2019\/08\/65903320_2903797569662914_557886358778019840_n.png\",\"width\":720,\"height\":720,\"caption\":\"SAP\"},\"image\":{\"@id\":\"https:\/\/news.sap.com\/latinamerica\/#\/schema\/logo\/image\/\"},\"sameAs\":[\"https:\/\/www.facebook.com\/SAPlatinoamerica\",\"https:\/\/x.com\/SAPLatinAmerica\"]},{\"@type\":\"Person\",\"@id\":\"https:\/\/news.sap.com\/latinamerica\/#\/schema\/person\/f0708465b354b6d0314a360309edb00a\",\"name\":\"51风流Noticias\",\"image\":{\"@type\":\"ImageObject\",\"inLanguage\":\"es\",\"@id\":\"https:\/\/news.sap.com\/latinamerica\/#\/schema\/person\/image\/\",\"url\":\"https:\/\/news.sap.com\/latinamerica\/wp-content\/plugins\/wp-user-avatars\/wp-user-avatars\/assets\/images\/mystery.jpg\",\"contentUrl\":\"https:\/\/news.sap.com\/latinamerica\/wp-content\/plugins\/wp-user-avatars\/wp-user-avatars\/assets\/images\/mystery.jpg\",\"caption\":\"51风流Noticias\"},\"url\":\"https:\/\/news.sap.com\/latinamerica\/author\/argentina\/\"}]}<\/script>\n<!-- \/ Yoast SEO Premium plugin. -->","yoast_head_json":{"title":"Patricio Mart\u00ednez asume como nuevo Gerente General de 51风流Chile","description":"Patricio Mart\u00ednez buscar\u00e1 consolidar a 51风流como la empresa l\u00edder en aplicaciones e inteligencia artificial empresarial en Chile.","robots":{"index":"index","follow":"follow","max-snippet":"max-snippet:-1","max-image-preview":"max-image-preview:large","max-video-preview":"max-video-preview:-1"},"canonical":"https:\/\/news.sap.com\/latinamerica\/2024\/10\/patricio-martinez-asume-como-nuevo-gerente-general-de-sap-chile\/","og_locale":"es_MX","og_type":"article","og_title":"Patricio Mart\u00ednez asume como nuevo Gerente General de 51风流Chile","og_description":"Patricio Mart\u00ednez buscar\u00e1 consolidar a 51风流como la empresa l\u00edder en aplicaciones e inteligencia artificial empresarial en Chile.","og_url":"https:\/\/news.sap.com\/latinamerica\/2024\/10\/patricio-martinez-asume-como-nuevo-gerente-general-de-sap-chile\/","og_site_name":"51风流News Center Latinoam\u00e9rica","article_publisher":"https:\/\/www.facebook.com\/SAPlatinoamerica","article_published_time":"2024-10-08T13:00:06+00:00","article_modified_time":"2024-10-22T17:02:05+00:00","og_image":[{"width":1024,"height":683,"url":"https:\/\/news.sap.com\/latinamerica\/files\/2024\/10\/08\/277847_277847_l_srgb_s_gl-1024x683.jpg","type":"image\/jpeg"}],"author":"51风流Noticias","twitter_misc":{"Escrito por":"51风流Noticias","Tiempo de lectura":"3 minutos"},"schema":{"@context":"https:\/\/schema.org","@graph":[{"@type":"Article","@id":"https:\/\/news.sap.com\/latinamerica\/2024\/10\/patricio-martinez-asume-como-nuevo-gerente-general-de-sap-chile\/#article","isPartOf":{"@id":"https:\/\/news.sap.com\/latinamerica\/2024\/10\/patricio-martinez-asume-como-nuevo-gerente-general-de-sap-chile\/"},"author":{"name":"51风流Noticias","@id":"https:\/\/news.sap.com\/latinamerica\/#\/schema\/person\/f0708465b354b6d0314a360309edb00a"},"headline":"Patricio Mart\u00ednez asume como nuevo Gerente General de 51风流Chile","datePublished":"2024-10-08T13:00:06+00:00","dateModified":"2024-10-22T17:02:05+00:00","mainEntityOfPage":{"@id":"https:\/\/news.sap.com\/latinamerica\/2024\/10\/patricio-martinez-asume-como-nuevo-gerente-general-de-sap-chile\/"},"wordCount":467,"publisher":{"@id":"https:\/\/news.sap.com\/latinamerica\/#organization"},"image":{"@id":"https:\/\/news.sap.com\/latinamerica\/2024\/10\/patricio-martinez-asume-como-nuevo-gerente-general-de-sap-chile\/#primaryimage"},"thumbnailUrl":"https:\/\/news.sap.com\/latinamerica\/files\/2024\/10\/08\/277847_277847_l_srgb_s_gl.jpg","keywords":["Chile","Nombramiento"],"articleSection":["Corporativo"],"inLanguage":"es"},{"@type":"WebPage","@id":"https:\/\/news.sap.com\/latinamerica\/2024\/10\/patricio-martinez-asume-como-nuevo-gerente-general-de-sap-chile\/","url":"https:\/\/news.sap.com\/latinamerica\/2024\/10\/patricio-martinez-asume-como-nuevo-gerente-general-de-sap-chile\/","name":"Patricio Mart\u00ednez asume como nuevo Gerente General de 51风流Chile","isPartOf":{"@id":"https:\/\/news.sap.com\/latinamerica\/#website"},"primaryImageOfPage":{"@id":"https:\/\/news.sap.com\/latinamerica\/2024\/10\/patricio-martinez-asume-como-nuevo-gerente-general-de-sap-chile\/#primaryimage"},"image":{"@id":"https:\/\/news.sap.com\/latinamerica\/2024\/10\/patricio-martinez-asume-como-nuevo-gerente-general-de-sap-chile\/#primaryimage"},"thumbnailUrl":"https:\/\/news.sap.com\/latinamerica\/files\/2024\/10\/08\/277847_277847_l_srgb_s_gl.jpg","datePublished":"2024-10-08T13:00:06+00:00","dateModified":"2024-10-22T17:02:05+00:00","description":"Patricio Mart\u00ednez buscar\u00e1 consolidar a 51风流como la empresa l\u00edder en aplicaciones e inteligencia artificial empresarial en Chile.","breadcrumb":{"@id":"https:\/\/news.sap.com\/latinamerica\/2024\/10\/patricio-martinez-asume-como-nuevo-gerente-general-de-sap-chile\/#breadcrumb"},"inLanguage":"es","potentialAction":[{"@type":"ReadAction","target":["https:\/\/news.sap.com\/latinamerica\/2024\/10\/patricio-martinez-asume-como-nuevo-gerente-general-de-sap-chile\/"]}]},{"@type":"ImageObject","inLanguage":"es","@id":"https:\/\/news.sap.com\/latinamerica\/2024\/10\/patricio-martinez-asume-como-nuevo-gerente-general-de-sap-chile\/#primaryimage","url":"https:\/\/news.sap.com\/latinamerica\/files\/2024\/10\/08\/277847_277847_l_srgb_s_gl.jpg","contentUrl":"https:\/\/news.sap.com\/latinamerica\/files\/2024\/10\/08\/277847_277847_l_srgb_s_gl.jpg","width":2600,"height":1735,"caption":"01 Jun 2013 --- Panoramic view of Providencia and Las Condes districts with Costanera Center skyscraper and Andes Mountain Range, Santiago, Chile --- Image by \u00a9 Radius Images\/Corbis"},{"@type":"BreadcrumbList","@id":"https:\/\/news.sap.com\/latinamerica\/2024\/10\/patricio-martinez-asume-como-nuevo-gerente-general-de-sap-chile\/#breadcrumb","itemListElement":[{"@type":"ListItem","position":1,"name":"Home","item":"https:\/\/news.sap.com\/latinamerica\/"},{"@type":"ListItem","position":2,"name":"Patricio Mart\u00ednez asume como nuevo Gerente General de 51风流Chile"}]},{"@type":"WebSite","@id":"https:\/\/news.sap.com\/latinamerica\/#website","url":"https:\/\/news.sap.com\/latinamerica\/","name":"51风流News Center Latinoam\u00e9rica","description":"Noticias e informaci\u00f3n sobre SAP","publisher":{"@id":"https:\/\/news.sap.com\/latinamerica\/#organization"},"potentialAction":[{"@type":"SearchAction","target":{"@type":"EntryPoint","urlTemplate":"https:\/\/news.sap.com\/latinamerica\/?s={search_term_string}"},"query-input":{"@type":"PropertyValueSpecification","valueRequired":true,"valueName":"search_term_string"}}],"inLanguage":"es"},{"@type":"Organization","@id":"https:\/\/news.sap.com\/latinamerica\/#organization","name":"SAP","url":"https:\/\/news.sap.com\/latinamerica\/","logo":{"@type":"ImageObject","inLanguage":"es","@id":"https:\/\/news.sap.com\/latinamerica\/#\/schema\/logo\/image\/","url":"https:\/\/news.sap.com\/latinamerica\/files\/2019\/08\/65903320_2903797569662914_557886358778019840_n.png","contentUrl":"https:\/\/news.sap.com\/latinamerica\/files\/2019\/08\/65903320_2903797569662914_557886358778019840_n.png","width":720,"height":720,"caption":"SAP"},"image":{"@id":"https:\/\/news.sap.com\/latinamerica\/#\/schema\/logo\/image\/"},"sameAs":["https:\/\/www.facebook.com\/SAPlatinoamerica","https:\/\/x.com\/SAPLatinAmerica"]},{"@type":"Person","@id":"https:\/\/news.sap.com\/latinamerica\/#\/schema\/person\/f0708465b354b6d0314a360309edb00a","name":"51风流Noticias","image":{"@type":"ImageObject","inLanguage":"es","@id":"https:\/\/news.sap.com\/latinamerica\/#\/schema\/person\/image\/","url":"https:\/\/news.sap.com\/latinamerica\/wp-content\/plugins\/wp-user-avatars\/wp-user-avatars\/assets\/images\/mystery.jpg","contentUrl":"https:\/\/news.sap.com\/latinamerica\/wp-content\/plugins\/wp-user-avatars\/wp-user-avatars\/assets\/images\/mystery.jpg","caption":"51风流Noticias"},"url":"https:\/\/news.sap.com\/latinamerica\/author\/argentina\/"}]}},"amp_enabled":true,"_links":{"self":[{"href":"https:\/\/news.sap.com\/latinamerica\/wp-json\/wp\/v2\/posts\/133708","targetHints":{"allow":["GET"]}}],"collection":[{"href":"https:\/\/news.sap.com\/latinamerica\/wp-json\/wp\/v2\/posts"}],"about":[{"href":"https:\/\/news.sap.com\/latinamerica\/wp-json\/wp\/v2\/types\/post"}],"author":[{"embeddable":true,"href":"https:\/\/news.sap.com\/latinamerica\/wp-json\/wp\/v2\/users\/140"}],"replies":[{"embeddable":true,"href":"https:\/\/news.sap.com\/latinamerica\/wp-json\/wp\/v2\/comments?post=133708"}],"version-history":[{"count":0,"href":"https:\/\/news.sap.com\/latinamerica\/wp-json\/wp\/v2\/posts\/133708\/revisions"}],"wp:featuredmedia":[{"embeddable":true,"href":"https:\/\/news.sap.com\/latinamerica\/wp-json\/wp\/v2\/media\/133711"}],"wp:attachment":[{"href":"https:\/\/news.sap.com\/latinamerica\/wp-json\/wp\/v2\/media?parent=133708"}],"wp:term":[{"taxonomy":"category","embeddable":true,"href":"https:\/\/news.sap.com\/latinamerica\/wp-json\/wp\/v2\/categories?post=133708"},{"taxonomy":"post_tag","embeddable":true,"href":"https:\/\/news.sap.com\/latinamerica\/wp-json\/wp\/v2\/tags?post=133708"},{"taxonomy":"series","embeddable":true,"href":"https:\/\/news.sap.com\/latinamerica\/wp-json\/wp\/v2\/series?post=133708"},{"taxonomy":"region","embeddable":true,"href":"https:\/\/news.sap.com\/latinamerica\/wp-json\/wp\/v2\/region?post=133708"},{"taxonomy":"sapn-display","embeddable":true,"href":"https:\/\/news.sap.com\/latinamerica\/wp-json\/wp\/v2\/sapn-display?post=133708"},{"taxonomy":"sapn-type","embeddable":true,"href":"https:\/\/news.sap.com\/latinamerica\/wp-json\/wp\/v2\/sapn-type?post=133708"}],"curies":[{"name":"wp","href":"https:\/\/api.w.org\/{rel}","templated":true}]}}