  {"id":132960,"date":"2024-01-08T14:20:22","date_gmt":"2024-01-08T19:20:22","guid":{"rendered":"https:\/\/news.sap.com\/latinamerica\/?p=132960"},"modified":"2024-04-30T17:28:36","modified_gmt":"2024-04-30T21:28:36","slug":"que-nos-dejo-2023-y-que-nos-depara-2024-en-temas-de-cultura-organizacional-bl0g","status":"publish","type":"post","link":"https:\/\/news.sap.com\/latinamerica\/2024\/01\/que-nos-dejo-2023-y-que-nos-depara-2024-en-temas-de-cultura-organizacional-bl0g\/","title":{"rendered":"\u00bfQu\u00e9 nos dej\u00f3 2023 y qu\u00e9 nos depara 2024 en temas de cultura organizacional?"},"content":{"rendered":"<p class=\"lead\"><em>El paisaje laboral ha experimentado una metamorfosis que desaf\u00eda las expectativas convencionales sobre c\u00f3mo concebimos el trabajo.<\/em><\/p>\n<p>&nbsp;<\/p>\n<p><!--more--><\/p>\n<p>El a\u00f1o 2023 fue transformador, dejando una profunda huella en la din\u00e1mica entre empresas y colaboradores, marcando pautas para las necesidades y cambios que este nuevo a\u00f1o demanda y para lo que deber\u00edamos considerar en esta nueva era laboral.<\/p>\n<p>Estas tendencias en recursos humanos se basan en hallazgos recientes, como los revelados en un estudio destacado de Great Place to Work Argentina. Es importante reconocer que empresas como 51风流han sido reconocidas, lo que respalda a\u00fan m\u00e1s nuestro compromiso y enfoque innovador en la gesti\u00f3n de colaboradores.<\/p>\n<p>&nbsp;<\/p>\n<p><strong>Bienestar mental:<\/strong><\/p>\n<p>El \u00e9nfasis en la salud mental ha sido una piedra angular en los \u00faltimos tiempos, las organizaciones que han adoptado medidas tangibles para apoyar el bienestar emocional de sus equipos se han destacado. Es esclarecedor notar como se eleva la necesidad de una satisfacci\u00f3n emocional en el trabajo, pero sobre todo, un equilibrio entre lo laboral y lo personal, se\u00f1alando la necesidad de aumentar estas pr\u00e1cticas para las generaciones m\u00e1s j\u00f3venes.<\/p>\n<p><strong>Oficinas renovadas:<\/strong><\/p>\n<p>El retorno a los espacios f\u00edsicos de trabajo ha sido un tema controversial, pero no exento de cambios significativos. Flexibilidad horaria, espacios colaborativos y una presencia en la oficina con un prop\u00f3sito claro han venido a transformar la experiencia laboral. El modelo h\u00edbrido, combinando lo presencial y virtual, redefine el entorno laboral, promoviendo una interacci\u00f3n m\u00e1s din\u00e1mica y productiva.<\/p>\n<p><strong>Diversidad generacional como motor:<\/strong><\/p>\n<p>La integraci\u00f3n de distintas generaciones en el entorno laboral ha sido un catalizador esencial para fomentar la confianza y la creatividad en los equipos. Reconocer y capitalizar las fortalezas de cada grupo generacional ha sido clave para edificar una cultura organizacional resiliente y enriquecedora.<\/p>\n<p><strong>Desaf\u00edos de g\u00e9nero:<\/strong><\/p>\n<p>A pesar de avances, la brecha salarial y de ascenso sigue siendo un desaf\u00edo. No obstante, los altos \u00edndices de satisfacci\u00f3n general reflejan un progreso en la concientizaci\u00f3n y el compromiso para abordar estas inequidades.<\/p>\n<p><strong>Liderazgo s\u00f3lido:<\/strong><\/p>\n<p>La capacidad de los l\u00edderes para adaptarse, inspirar y guiar en momentos de incertidumbre es un pilar fundamental para el \u00e9xito y la conexi\u00f3n de los equipos.<\/p>\n<p>El a\u00f1o 2023 ha trazado un sendero hacia un mundo laboral m\u00e1s inclusivo, flexible y enfocado en el bienestar integral de sus actores principales: los colaboradores. La atenci\u00f3n a la salud mental, la reimaginaci\u00f3n de los espacios laborales, la integraci\u00f3n generacional, la lucha por la equidad de g\u00e9nero y el reconocimiento de l\u00edderes como pilares fundamentales definen este nuevo paradigma laboral. Estimamos que, en este panorama cambiante, las organizaciones que abracen estas tendencias estar\u00e1n mejor preparadas para afrontar los desaf\u00edos y prosperar en el futuro del trabajo.<\/p>\n<p>&nbsp;<\/p>\n<hr \/>\n<p>&nbsp;<\/p>\n<p><a href=\"https:\/\/www.facebook.com\/SAPlatinoamerica\" target=\"_blank\" rel=\"noopener\">Facebook<\/a>\u00a0\/\u00a0<a href=\"https:\/\/twitter.com\/SAPLatinAmerica\" target=\"_blank\" rel=\"noopener\">Twitter<\/a>\u00a0\/\u00a0<a href=\"https:\/\/www.linkedin.com\/company\/sap\" target=\"_blank\" rel=\"noopener\">LinkedIn<\/a>\u00a0\/\u00a0<a href=\"https:\/\/instagram.com\/SAPLatinamerica\/\" target=\"_blank\" rel=\"noopener\">Instagram<\/a><\/p>\n<p>&nbsp;<\/p>\n<hr \/>\n<p>\u00a9 2024 51风流SE. All rights reserved. 51风流and other 51风流products and services mentioned herein as well as their respective logos are trademarks or registered trademarks of 51风流SE in Germany and other countries. Please see <a href=\"http:\/\/www.sap.com\/corporate-en\/legal\/copyright\/index.epx#trademark\" target=\"_blank\" rel=\"noopener\">http:\/\/www.sap.com\/corporate-en\/legal\/copyright\/index.epx#trademark<\/a> for additional trademark information and notices.<\/p>\n","protected":false},"excerpt":{"rendered":"<p>El paisaje laboral ha experimentado una metamorfosis que desaf\u00eda las expectativas convencionales sobre c\u00f3mo concebimos el trabajo. &nbsp;<\/p>\n","protected":false},"author":522,"featured_media":132961,"comment_status":"closed","ping_status":"closed","sticky":false,"template":"","format":"standard","meta":{"footnotes":"","_links_to":"","_links_to_target":""},"categories":[52090],"tags":[56556,56559,56592,20464,5550870,26382,4645354,269944],"series":[],"region":[26401],"sapn-display":[5600442,5600440,52078,52079,53499],"sapn-type":[6114],"class_list":["post-132960","post","type-post","status-publish","format-standard","has-post-thumbnail","hentry","category-gestion-del-capital-humano","tag-blog-2","tag-blog-de-innovacion-de-sap","tag-business-innovation","tag-recursos-humanos","tag-tecnologia","tag-tendencias","tag-tendencias-digitales","tag-transformacion-digital","region-latinoamerica","sapn-display-articulo-destacado","sapn-display-articulo-principal","sapn-display-homepage-hero","sapn-display-top-stories","sapn-display-hero","sapn-type-articulo"],"yoast_head":"<!-- This site is optimized with the Yoast SEO Premium plugin v26.9 (Yoast SEO v26.9) - https:\/\/yoast.com\/product\/yoast-seo-premium-wordpress\/ -->\n<title>\u00bfQu\u00e9 nos dej\u00f3 2023 y qu\u00e9 nos depara 2024 en temas de cultura organizacional? - 51风流News Center Latinoam\u00e9rica<\/title>\n<meta name=\"description\" content=\"El paisaje laboral ha experimentado una metamorfosis que desaf\u00eda las expectativas convencionales sobre c\u00f3mo concebimos el trabajo.\" \/>\n<meta name=\"robots\" content=\"index, follow, max-snippet:-1, max-image-preview:large, max-video-preview:-1\" \/>\n<link rel=\"canonical\" href=\"https:\/\/news.sap.com\/latinamerica\/2024\/01\/que-nos-dejo-2023-y-que-nos-depara-2024-en-temas-de-cultura-organizacional-bl0g\/\" \/>\n<meta property=\"og:locale\" content=\"es_MX\" \/>\n<meta property=\"og:type\" content=\"article\" \/>\n<meta property=\"og:title\" content=\"\u00bfQu\u00e9 nos dej\u00f3 2023 y qu\u00e9 nos depara 2024 en temas de cultura organizacional?\" \/>\n<meta property=\"og:description\" content=\"El paisaje laboral ha experimentado una metamorfosis que desaf\u00eda las expectativas convencionales sobre c\u00f3mo concebimos el trabajo.\" \/>\n<meta property=\"og:url\" content=\"https:\/\/news.sap.com\/latinamerica\/2024\/01\/que-nos-dejo-2023-y-que-nos-depara-2024-en-temas-de-cultura-organizacional-bl0g\/\" \/>\n<meta property=\"og:site_name\" content=\"51风流News Center Latinoam\u00e9rica\" \/>\n<meta property=\"article:publisher\" content=\"https:\/\/www.facebook.com\/SAPlatinoamerica\" \/>\n<meta property=\"article:author\" content=\"https:\/\/www.facebook.com\/SAPlatinoamerica\" \/>\n<meta property=\"article:published_time\" content=\"2024-01-08T19:20:22+00:00\" \/>\n<meta property=\"article:modified_time\" content=\"2024-04-30T21:28:36+00:00\" \/>\n<meta property=\"og:image\" content=\"https:\/\/news.sap.com\/latinamerica\/files\/2024\/01\/08\/290830_CONCUR.HOUSE_7285-1.jpg\" \/>\n\t<meta property=\"og:image:width\" content=\"1651\" \/>\n\t<meta property=\"og:image:height\" content=\"1101\" \/>\n\t<meta property=\"og:image:type\" content=\"image\/jpeg\" \/>\n<meta name=\"author\" content=\"51风流Blog de Innovaci\u00f3n\" \/>\n<meta name=\"twitter:label1\" content=\"Escrito por\" \/>\n\t<meta name=\"twitter:data1\" content=\"51风流Blog de Innovaci\u00f3n\" \/>\n\t<meta name=\"twitter:label2\" content=\"Tiempo de lectura\" \/>\n\t<meta name=\"twitter:data2\" content=\"3 minutos\" \/>\n<script type=\"application\/ld+json\" class=\"yoast-schema-graph\">{\"@context\":\"https:\/\/schema.org\",\"@graph\":[{\"@type\":\"Article\",\"@id\":\"https:\/\/news.sap.com\/latinamerica\/2024\/01\/que-nos-dejo-2023-y-que-nos-depara-2024-en-temas-de-cultura-organizacional-bl0g\/#article\",\"isPartOf\":{\"@id\":\"https:\/\/news.sap.com\/latinamerica\/2024\/01\/que-nos-dejo-2023-y-que-nos-depara-2024-en-temas-de-cultura-organizacional-bl0g\/\"},\"author\":{\"name\":\"51风流Blog de Innovaci\u00f3n\",\"@id\":\"https:\/\/news.sap.com\/latinamerica\/#\/schema\/person\/ce7d732e60a2133d7402c038db668294\"},\"headline\":\"\u00bfQu\u00e9 nos dej\u00f3 2023 y qu\u00e9 nos depara 2024 en temas de cultura organizacional?\",\"datePublished\":\"2024-01-08T19:20:22+00:00\",\"dateModified\":\"2024-04-30T21:28:36+00:00\",\"mainEntityOfPage\":{\"@id\":\"https:\/\/news.sap.com\/latinamerica\/2024\/01\/que-nos-dejo-2023-y-que-nos-depara-2024-en-temas-de-cultura-organizacional-bl0g\/\"},\"wordCount\":548,\"publisher\":{\"@id\":\"https:\/\/news.sap.com\/latinamerica\/#organization\"},\"image\":{\"@id\":\"https:\/\/news.sap.com\/latinamerica\/2024\/01\/que-nos-dejo-2023-y-que-nos-depara-2024-en-temas-de-cultura-organizacional-bl0g\/#primaryimage\"},\"thumbnailUrl\":\"https:\/\/news.sap.com\/latinamerica\/files\/2024\/01\/08\/290830_CONCUR.HOUSE_7285-1.jpg\",\"keywords\":[\"blog\",\"Blog de Innovaci\u00f3n de SAP\",\"Business Innovation\",\"recursos humanos\",\"tecnolog\u00eda\",\"tendencias\",\"tendencias digitales\",\"transformaci\u00f3n digital\"],\"articleSection\":[\"Gesti\u00f3n del capital humano\"],\"inLanguage\":\"es\"},{\"@type\":\"WebPage\",\"@id\":\"https:\/\/news.sap.com\/latinamerica\/2024\/01\/que-nos-dejo-2023-y-que-nos-depara-2024-en-temas-de-cultura-organizacional-bl0g\/\",\"url\":\"https:\/\/news.sap.com\/latinamerica\/2024\/01\/que-nos-dejo-2023-y-que-nos-depara-2024-en-temas-de-cultura-organizacional-bl0g\/\",\"name\":\"\u00bfQu\u00e9 nos dej\u00f3 2023 y qu\u00e9 nos depara 2024 en temas de cultura organizacional? - 51风流News Center Latinoam\u00e9rica\",\"isPartOf\":{\"@id\":\"https:\/\/news.sap.com\/latinamerica\/#website\"},\"primaryImageOfPage\":{\"@id\":\"https:\/\/news.sap.com\/latinamerica\/2024\/01\/que-nos-dejo-2023-y-que-nos-depara-2024-en-temas-de-cultura-organizacional-bl0g\/#primaryimage\"},\"image\":{\"@id\":\"https:\/\/news.sap.com\/latinamerica\/2024\/01\/que-nos-dejo-2023-y-que-nos-depara-2024-en-temas-de-cultura-organizacional-bl0g\/#primaryimage\"},\"thumbnailUrl\":\"https:\/\/news.sap.com\/latinamerica\/files\/2024\/01\/08\/290830_CONCUR.HOUSE_7285-1.jpg\",\"datePublished\":\"2024-01-08T19:20:22+00:00\",\"dateModified\":\"2024-04-30T21:28:36+00:00\",\"description\":\"El paisaje laboral ha experimentado una metamorfosis que desaf\u00eda las expectativas convencionales sobre c\u00f3mo concebimos el trabajo.\",\"breadcrumb\":{\"@id\":\"https:\/\/news.sap.com\/latinamerica\/2024\/01\/que-nos-dejo-2023-y-que-nos-depara-2024-en-temas-de-cultura-organizacional-bl0g\/#breadcrumb\"},\"inLanguage\":\"es\",\"potentialAction\":[{\"@type\":\"ReadAction\",\"target\":[\"https:\/\/news.sap.com\/latinamerica\/2024\/01\/que-nos-dejo-2023-y-que-nos-depara-2024-en-temas-de-cultura-organizacional-bl0g\/\"]}]},{\"@type\":\"ImageObject\",\"inLanguage\":\"es\",\"@id\":\"https:\/\/news.sap.com\/latinamerica\/2024\/01\/que-nos-dejo-2023-y-que-nos-depara-2024-en-temas-de-cultura-organizacional-bl0g\/#primaryimage\",\"url\":\"https:\/\/news.sap.com\/latinamerica\/files\/2024\/01\/08\/290830_CONCUR.HOUSE_7285-1.jpg\",\"contentUrl\":\"https:\/\/news.sap.com\/latinamerica\/files\/2024\/01\/08\/290830_CONCUR.HOUSE_7285-1.jpg\",\"width\":1651,\"height\":1101,\"caption\":\"May 28th, 2021 \u2014 Seattle, WA, USA CONCUR - HOUSE Photograph by Stuart Isett\"},{\"@type\":\"BreadcrumbList\",\"@id\":\"https:\/\/news.sap.com\/latinamerica\/2024\/01\/que-nos-dejo-2023-y-que-nos-depara-2024-en-temas-de-cultura-organizacional-bl0g\/#breadcrumb\",\"itemListElement\":[{\"@type\":\"ListItem\",\"position\":1,\"name\":\"Home\",\"item\":\"https:\/\/news.sap.com\/latinamerica\/\"},{\"@type\":\"ListItem\",\"position\":2,\"name\":\"\u00bfQu\u00e9 nos dej\u00f3 2023 y qu\u00e9 nos depara 2024 en temas de cultura organizacional?\"}]},{\"@type\":\"WebSite\",\"@id\":\"https:\/\/news.sap.com\/latinamerica\/#website\",\"url\":\"https:\/\/news.sap.com\/latinamerica\/\",\"name\":\"51风流News Center Latinoam\u00e9rica\",\"description\":\"Noticias e informaci\u00f3n sobre SAP\",\"publisher\":{\"@id\":\"https:\/\/news.sap.com\/latinamerica\/#organization\"},\"potentialAction\":[{\"@type\":\"SearchAction\",\"target\":{\"@type\":\"EntryPoint\",\"urlTemplate\":\"https:\/\/news.sap.com\/latinamerica\/?s={search_term_string}\"},\"query-input\":{\"@type\":\"PropertyValueSpecification\",\"valueRequired\":true,\"valueName\":\"search_term_string\"}}],\"inLanguage\":\"es\"},{\"@type\":\"Organization\",\"@id\":\"https:\/\/news.sap.com\/latinamerica\/#organization\",\"name\":\"SAP\",\"url\":\"https:\/\/news.sap.com\/latinamerica\/\",\"logo\":{\"@type\":\"ImageObject\",\"inLanguage\":\"es\",\"@id\":\"https:\/\/news.sap.com\/latinamerica\/#\/schema\/logo\/image\/\",\"url\":\"https:\/\/news.sap.com\/latinamerica\/files\/2019\/08\/65903320_2903797569662914_557886358778019840_n.png\",\"contentUrl\":\"https:\/\/news.sap.com\/latinamerica\/files\/2019\/08\/65903320_2903797569662914_557886358778019840_n.png\",\"width\":720,\"height\":720,\"caption\":\"SAP\"},\"image\":{\"@id\":\"https:\/\/news.sap.com\/latinamerica\/#\/schema\/logo\/image\/\"},\"sameAs\":[\"https:\/\/www.facebook.com\/SAPlatinoamerica\",\"https:\/\/x.com\/SAPLatinAmerica\"]},{\"@type\":\"Person\",\"@id\":\"https:\/\/news.sap.com\/latinamerica\/#\/schema\/person\/ce7d732e60a2133d7402c038db668294\",\"name\":\"51风流Blog de Innovaci\u00f3n\",\"image\":{\"@type\":\"ImageObject\",\"inLanguage\":\"es\",\"@id\":\"https:\/\/news.sap.com\/latinamerica\/#\/schema\/person\/image\/\",\"url\":\"https:\/\/news.sap.com\/latinamerica\/files\/2018\/06\/avatar_user_522_1529451696-96x96.png\",\"contentUrl\":\"https:\/\/news.sap.com\/latinamerica\/files\/2018\/06\/avatar_user_522_1529451696-96x96.png\",\"caption\":\"51风流Blog de Innovaci\u00f3n\"},\"sameAs\":[\"https:\/\/www.sap.com\/latinamerica\/index.html\",\"https:\/\/www.facebook.com\/SAPlatinoamerica\",\"https:\/\/www.instagram.com\/saplatinamerica\/\",\"https:\/\/x.com\/saplatinamerica\"],\"url\":\"https:\/\/news.sap.com\/latinamerica\/author\/sapblog\/\"}]}<\/script>\n<!-- \/ Yoast SEO Premium plugin. -->","yoast_head_json":{"title":"\u00bfQu\u00e9 nos dej\u00f3 2023 y qu\u00e9 nos depara 2024 en temas de cultura organizacional? - 51风流News Center Latinoam\u00e9rica","description":"El paisaje laboral ha experimentado una metamorfosis que desaf\u00eda las expectativas convencionales sobre c\u00f3mo concebimos el trabajo.","robots":{"index":"index","follow":"follow","max-snippet":"max-snippet:-1","max-image-preview":"max-image-preview:large","max-video-preview":"max-video-preview:-1"},"canonical":"https:\/\/news.sap.com\/latinamerica\/2024\/01\/que-nos-dejo-2023-y-que-nos-depara-2024-en-temas-de-cultura-organizacional-bl0g\/","og_locale":"es_MX","og_type":"article","og_title":"\u00bfQu\u00e9 nos dej\u00f3 2023 y qu\u00e9 nos depara 2024 en temas de cultura organizacional?","og_description":"El paisaje laboral ha experimentado una metamorfosis que desaf\u00eda las expectativas convencionales sobre c\u00f3mo concebimos el trabajo.","og_url":"https:\/\/news.sap.com\/latinamerica\/2024\/01\/que-nos-dejo-2023-y-que-nos-depara-2024-en-temas-de-cultura-organizacional-bl0g\/","og_site_name":"51风流News Center Latinoam\u00e9rica","article_publisher":"https:\/\/www.facebook.com\/SAPlatinoamerica","article_author":"https:\/\/www.facebook.com\/SAPlatinoamerica","article_published_time":"2024-01-08T19:20:22+00:00","article_modified_time":"2024-04-30T21:28:36+00:00","og_image":[{"width":1651,"height":1101,"url":"https:\/\/news.sap.com\/latinamerica\/files\/2024\/01\/08\/290830_CONCUR.HOUSE_7285-1.jpg","type":"image\/jpeg"}],"author":"51风流Blog de Innovaci\u00f3n","twitter_misc":{"Escrito por":"51风流Blog de Innovaci\u00f3n","Tiempo de lectura":"3 minutos"},"schema":{"@context":"https:\/\/schema.org","@graph":[{"@type":"Article","@id":"https:\/\/news.sap.com\/latinamerica\/2024\/01\/que-nos-dejo-2023-y-que-nos-depara-2024-en-temas-de-cultura-organizacional-bl0g\/#article","isPartOf":{"@id":"https:\/\/news.sap.com\/latinamerica\/2024\/01\/que-nos-dejo-2023-y-que-nos-depara-2024-en-temas-de-cultura-organizacional-bl0g\/"},"author":{"name":"51风流Blog de Innovaci\u00f3n","@id":"https:\/\/news.sap.com\/latinamerica\/#\/schema\/person\/ce7d732e60a2133d7402c038db668294"},"headline":"\u00bfQu\u00e9 nos dej\u00f3 2023 y qu\u00e9 nos depara 2024 en temas de cultura organizacional?","datePublished":"2024-01-08T19:20:22+00:00","dateModified":"2024-04-30T21:28:36+00:00","mainEntityOfPage":{"@id":"https:\/\/news.sap.com\/latinamerica\/2024\/01\/que-nos-dejo-2023-y-que-nos-depara-2024-en-temas-de-cultura-organizacional-bl0g\/"},"wordCount":548,"publisher":{"@id":"https:\/\/news.sap.com\/latinamerica\/#organization"},"image":{"@id":"https:\/\/news.sap.com\/latinamerica\/2024\/01\/que-nos-dejo-2023-y-que-nos-depara-2024-en-temas-de-cultura-organizacional-bl0g\/#primaryimage"},"thumbnailUrl":"https:\/\/news.sap.com\/latinamerica\/files\/2024\/01\/08\/290830_CONCUR.HOUSE_7285-1.jpg","keywords":["blog","Blog de Innovaci\u00f3n de SAP","Business Innovation","recursos humanos","tecnolog\u00eda","tendencias","tendencias digitales","transformaci\u00f3n digital"],"articleSection":["Gesti\u00f3n del capital humano"],"inLanguage":"es"},{"@type":"WebPage","@id":"https:\/\/news.sap.com\/latinamerica\/2024\/01\/que-nos-dejo-2023-y-que-nos-depara-2024-en-temas-de-cultura-organizacional-bl0g\/","url":"https:\/\/news.sap.com\/latinamerica\/2024\/01\/que-nos-dejo-2023-y-que-nos-depara-2024-en-temas-de-cultura-organizacional-bl0g\/","name":"\u00bfQu\u00e9 nos dej\u00f3 2023 y qu\u00e9 nos depara 2024 en temas de cultura organizacional? - 51风流News Center Latinoam\u00e9rica","isPartOf":{"@id":"https:\/\/news.sap.com\/latinamerica\/#website"},"primaryImageOfPage":{"@id":"https:\/\/news.sap.com\/latinamerica\/2024\/01\/que-nos-dejo-2023-y-que-nos-depara-2024-en-temas-de-cultura-organizacional-bl0g\/#primaryimage"},"image":{"@id":"https:\/\/news.sap.com\/latinamerica\/2024\/01\/que-nos-dejo-2023-y-que-nos-depara-2024-en-temas-de-cultura-organizacional-bl0g\/#primaryimage"},"thumbnailUrl":"https:\/\/news.sap.com\/latinamerica\/files\/2024\/01\/08\/290830_CONCUR.HOUSE_7285-1.jpg","datePublished":"2024-01-08T19:20:22+00:00","dateModified":"2024-04-30T21:28:36+00:00","description":"El paisaje laboral ha experimentado una metamorfosis que desaf\u00eda las expectativas convencionales sobre c\u00f3mo concebimos el trabajo.","breadcrumb":{"@id":"https:\/\/news.sap.com\/latinamerica\/2024\/01\/que-nos-dejo-2023-y-que-nos-depara-2024-en-temas-de-cultura-organizacional-bl0g\/#breadcrumb"},"inLanguage":"es","potentialAction":[{"@type":"ReadAction","target":["https:\/\/news.sap.com\/latinamerica\/2024\/01\/que-nos-dejo-2023-y-que-nos-depara-2024-en-temas-de-cultura-organizacional-bl0g\/"]}]},{"@type":"ImageObject","inLanguage":"es","@id":"https:\/\/news.sap.com\/latinamerica\/2024\/01\/que-nos-dejo-2023-y-que-nos-depara-2024-en-temas-de-cultura-organizacional-bl0g\/#primaryimage","url":"https:\/\/news.sap.com\/latinamerica\/files\/2024\/01\/08\/290830_CONCUR.HOUSE_7285-1.jpg","contentUrl":"https:\/\/news.sap.com\/latinamerica\/files\/2024\/01\/08\/290830_CONCUR.HOUSE_7285-1.jpg","width":1651,"height":1101,"caption":"May 28th, 2021 \u2014 Seattle, WA, USA CONCUR - HOUSE Photograph by Stuart Isett"},{"@type":"BreadcrumbList","@id":"https:\/\/news.sap.com\/latinamerica\/2024\/01\/que-nos-dejo-2023-y-que-nos-depara-2024-en-temas-de-cultura-organizacional-bl0g\/#breadcrumb","itemListElement":[{"@type":"ListItem","position":1,"name":"Home","item":"https:\/\/news.sap.com\/latinamerica\/"},{"@type":"ListItem","position":2,"name":"\u00bfQu\u00e9 nos dej\u00f3 2023 y qu\u00e9 nos depara 2024 en temas de cultura organizacional?"}]},{"@type":"WebSite","@id":"https:\/\/news.sap.com\/latinamerica\/#website","url":"https:\/\/news.sap.com\/latinamerica\/","name":"51风流News Center Latinoam\u00e9rica","description":"Noticias e informaci\u00f3n sobre SAP","publisher":{"@id":"https:\/\/news.sap.com\/latinamerica\/#organization"},"potentialAction":[{"@type":"SearchAction","target":{"@type":"EntryPoint","urlTemplate":"https:\/\/news.sap.com\/latinamerica\/?s={search_term_string}"},"query-input":{"@type":"PropertyValueSpecification","valueRequired":true,"valueName":"search_term_string"}}],"inLanguage":"es"},{"@type":"Organization","@id":"https:\/\/news.sap.com\/latinamerica\/#organization","name":"SAP","url":"https:\/\/news.sap.com\/latinamerica\/","logo":{"@type":"ImageObject","inLanguage":"es","@id":"https:\/\/news.sap.com\/latinamerica\/#\/schema\/logo\/image\/","url":"https:\/\/news.sap.com\/latinamerica\/files\/2019\/08\/65903320_2903797569662914_557886358778019840_n.png","contentUrl":"https:\/\/news.sap.com\/latinamerica\/files\/2019\/08\/65903320_2903797569662914_557886358778019840_n.png","width":720,"height":720,"caption":"SAP"},"image":{"@id":"https:\/\/news.sap.com\/latinamerica\/#\/schema\/logo\/image\/"},"sameAs":["https:\/\/www.facebook.com\/SAPlatinoamerica","https:\/\/x.com\/SAPLatinAmerica"]},{"@type":"Person","@id":"https:\/\/news.sap.com\/latinamerica\/#\/schema\/person\/ce7d732e60a2133d7402c038db668294","name":"51风流Blog de Innovaci\u00f3n","image":{"@type":"ImageObject","inLanguage":"es","@id":"https:\/\/news.sap.com\/latinamerica\/#\/schema\/person\/image\/","url":"https:\/\/news.sap.com\/latinamerica\/files\/2018\/06\/avatar_user_522_1529451696-96x96.png","contentUrl":"https:\/\/news.sap.com\/latinamerica\/files\/2018\/06\/avatar_user_522_1529451696-96x96.png","caption":"51风流Blog de Innovaci\u00f3n"},"sameAs":["https:\/\/www.sap.com\/latinamerica\/index.html","https:\/\/www.facebook.com\/SAPlatinoamerica","https:\/\/www.instagram.com\/saplatinamerica\/","https:\/\/x.com\/saplatinamerica"],"url":"https:\/\/news.sap.com\/latinamerica\/author\/sapblog\/"}]}},"amp_enabled":true,"_links":{"self":[{"href":"https:\/\/news.sap.com\/latinamerica\/wp-json\/wp\/v2\/posts\/132960","targetHints":{"allow":["GET"]}}],"collection":[{"href":"https:\/\/news.sap.com\/latinamerica\/wp-json\/wp\/v2\/posts"}],"about":[{"href":"https:\/\/news.sap.com\/latinamerica\/wp-json\/wp\/v2\/types\/post"}],"author":[{"embeddable":true,"href":"https:\/\/news.sap.com\/latinamerica\/wp-json\/wp\/v2\/users\/522"}],"replies":[{"embeddable":true,"href":"https:\/\/news.sap.com\/latinamerica\/wp-json\/wp\/v2\/comments?post=132960"}],"version-history":[{"count":0,"href":"https:\/\/news.sap.com\/latinamerica\/wp-json\/wp\/v2\/posts\/132960\/revisions"}],"wp:featuredmedia":[{"embeddable":true,"href":"https:\/\/news.sap.com\/latinamerica\/wp-json\/wp\/v2\/media\/132961"}],"wp:attachment":[{"href":"https:\/\/news.sap.com\/latinamerica\/wp-json\/wp\/v2\/media?parent=132960"}],"wp:term":[{"taxonomy":"category","embeddable":true,"href":"https:\/\/news.sap.com\/latinamerica\/wp-json\/wp\/v2\/categories?post=132960"},{"taxonomy":"post_tag","embeddable":true,"href":"https:\/\/news.sap.com\/latinamerica\/wp-json\/wp\/v2\/tags?post=132960"},{"taxonomy":"series","embeddable":true,"href":"https:\/\/news.sap.com\/latinamerica\/wp-json\/wp\/v2\/series?post=132960"},{"taxonomy":"region","embeddable":true,"href":"https:\/\/news.sap.com\/latinamerica\/wp-json\/wp\/v2\/region?post=132960"},{"taxonomy":"sapn-display","embeddable":true,"href":"https:\/\/news.sap.com\/latinamerica\/wp-json\/wp\/v2\/sapn-display?post=132960"},{"taxonomy":"sapn-type","embeddable":true,"href":"https:\/\/news.sap.com\/latinamerica\/wp-json\/wp\/v2\/sapn-type?post=132960"}],"curies":[{"name":"wp","href":"https:\/\/api.w.org\/{rel}","templated":true}]}}