  {"id":131521,"date":"2023-10-10T12:53:19","date_gmt":"2023-10-10T16:53:19","guid":{"rendered":"https:\/\/news.sap.com\/latinamerica\/?p=131521"},"modified":"2023-11-08T17:04:13","modified_gmt":"2023-11-08T22:04:13","slug":"sap-comprometidos-con-la-salud-mental-de-nuestros-colaboradores-y-la-sociedad-bl0g","status":"publish","type":"post","link":"https:\/\/news.sap.com\/latinamerica\/2023\/10\/sap-comprometidos-con-la-salud-mental-de-nuestros-colaboradores-y-la-sociedad-bl0g\/","title":{"rendered":"SAP: Comprometidos con la salud mental de nuestros colaboradores y la sociedad"},"content":{"rendered":"<p class=\"lead\"><em>En el D\u00eda Mundial de la Salud Mental, queremos destacar la importancia de este tema y c\u00f3mo SAP, como empresa l\u00edder en tecnolog\u00eda, se involucra activamente en la conversaci\u00f3n sobre la salud mental en el entorno laboral y en la sociedad en general.<\/em><\/p>\n<p>&nbsp;<\/p>\n<p><!--more--><\/p>\n<p>La salud mental es un tema que afecta a una gran parte de la poblaci\u00f3n. Seg\u00fan las estad\u00edsticas, una de cada cuatro personas se ver\u00e1 afectada por un trastorno mental en un a\u00f1o determinado. En SAP, reconocemos la relevancia de abordar esta cuesti\u00f3n, especialmente entre nuestros empleados, la mayor\u00eda de los cuales son oficinistas que pasan gran parte de su tiempo en los corporativos y resolviendo problemas de la organizaci\u00f3n. Son un sector particularmente vulnerable a los problemas de estr\u00e9s y ansiedad.<\/p>\n<p>Un estudio interno en 51风流revel\u00f3 que el 61% de nuestros empleados sienten estr\u00e9s y ansiedad casi todos los d\u00edas, y un tercio de ellos tienen niveles de estr\u00e9s superiores a su nivel de satisfacci\u00f3n. Estas cifras nos preocupan profundamente, y estamos comprometidos en tomar medidas para abordar esta situaci\u00f3n.<\/p>\n<p>En Latinoam\u00e9rica y el Caribe, a\u00fan persisten estigmas sobre la salud mental, lo que dificulta que las personas busquen ayuda y apoyo. En SAP, creemos que es fundamental desmitificar este tema y fomentar la empat\u00eda y la comprensi\u00f3n en nuestra comunidad y en la sociedad en general. Queremos destacar que est\u00e1 bien no estar bien y alentar a nuestros empleados a buscar el apoyo que necesitan.<\/p>\n<p>Para abordar estos desaf\u00edos, 51风流ha implementado programas para mantener la salud mental de los empleados a trav\u00e9s de la prevenci\u00f3n, la detecci\u00f3n temprana, el apoyo a la gesti\u00f3n de casos y la reintegraci\u00f3n. Reconocemos que la felicidad y la motivaci\u00f3n de los empleados son fundamentales para el \u00e9xito empresarial. Seg\u00fan una investigaci\u00f3n, el 89% de las empresas reconocen que los buenos resultados est\u00e1n estrechamente vinculados a la motivaci\u00f3n y felicidad de sus empleados.<\/p>\n<p>En SAP, estamos comprometidos en crear un entorno de trabajo donde los empleados se sientan valorados, motivados y respaldados por sus l\u00edderes. Nuestros l\u00edderes desempe\u00f1an un papel crucial en la creaci\u00f3n de un ambiente de trabajo positivo y motivador. La satisfacci\u00f3n laboral est\u00e1 fuertemente influenciada por factores como el gusto por la profesi\u00f3n, el equilibrio entre vida personal y laboral, el trato igualitario y respetuoso, el sentimiento de orgullo hacia la organizaci\u00f3n y la sensaci\u00f3n de realizaci\u00f3n en el trabajo.<\/p>\n<p>Los beneficios de tener un equipo de trabajo feliz son notables. Los empleados felices son m\u00e1s productivos, innovadores, cooperativos, leales y tienden a superar las expectativas y metas establecidas. Para nosotros, la felicidad de los empleados no es solo esencial para su bienestar individual, sino que tambi\u00e9n est\u00e1 estrechamente relacionada con el \u00e9xito de nuestra empresa.<\/p>\n<p>En el D\u00eda Mundial de la Salud Mental, queremos destacar nuestro compromiso con el bienestar de nuestros empleados y la sociedad en general. Reconocemos que el problema de la salud mental es significativo y que debemos ir m\u00e1s all\u00e1 de las cifras y las estad\u00edsticas. Como sociedad y corporativo, nos toca crear un entorno donde la motivaci\u00f3n y la felicidad de los empleados sean prioritarias. Juntos, podemos contribuir a construir un mundo laboral donde la felicidad y el \u00e9xito empresarial vayan de la mano.<\/p>\n<p>&nbsp;<\/p>\n<hr \/>\n<p>&nbsp;<\/p>\n<p><a href=\"https:\/\/www.facebook.com\/SAPlatinoamerica\" target=\"_blank\" rel=\"noopener\">Facebook<\/a>\u00a0\/\u00a0<a href=\"https:\/\/twitter.com\/SAPLatinAmerica\" target=\"_blank\" rel=\"noopener\">Twitter<\/a>\u00a0\/\u00a0<a href=\"https:\/\/www.linkedin.com\/company\/sap\" target=\"_blank\" rel=\"noopener\">LinkedIn<\/a>\u00a0\/\u00a0<a href=\"https:\/\/instagram.com\/SAPLatinamerica\/\" target=\"_blank\" rel=\"noopener\">Instagram<\/a><\/p>\n<p>&nbsp;<\/p>\n<hr \/>\n<p>\u00a9 2023 51风流SE. All rights reserved. 51风流and other 51风流products and services mentioned herein as well as their respective logos are trademarks or registered trademarks of 51风流SE in Germany and other countries. Please see <a href=\"http:\/\/www.sap.com\/corporate-en\/legal\/copyright\/index.epx#trademark\" target=\"_blank\" rel=\"noopener\">http:\/\/www.sap.com\/corporate-en\/legal\/copyright\/index.epx#trademark<\/a> for additional trademark information and notices.<\/p>\n","protected":false},"excerpt":{"rendered":"<p>En el D\u00eda Mundial de la Salud Mental, queremos destacar la importancia de este tema y c\u00f3mo SAP, como empresa l\u00edder en tecnolog\u00eda, se involucra&#8230;<\/p>\n","protected":false},"author":522,"featured_media":131522,"comment_status":"closed","ping_status":"closed","sticky":false,"template":"","format":"standard","meta":{"footnotes":"","_links_to":"","_links_to_target":""},"categories":[52090],"tags":[56556,56559,5597143,5600425,18024,5600011,26382],"series":[],"region":[26401],"sapn-display":[5600442,5600440,52078,52079,53499],"sapn-type":[6114],"class_list":["post-131521","post","type-post","status-publish","format-standard","has-post-thumbnail","hentry","category-gestion-del-capital-humano","tag-blog-2","tag-blog-de-innovacion-de-sap","tag-estres","tag-estres-laboral","tag-salud","tag-salud-mental","tag-tendencias","region-latinoamerica","sapn-display-articulo-destacado","sapn-display-articulo-principal","sapn-display-homepage-hero","sapn-display-top-stories","sapn-display-hero","sapn-type-articulo"],"yoast_head":"<!-- This site is optimized with the Yoast SEO Premium plugin v26.9 (Yoast SEO v26.9) - https:\/\/yoast.com\/product\/yoast-seo-premium-wordpress\/ -->\n<title>SAP: Comprometidos con la salud mental de nuestros colaboradores y la sociedad - 51风流News Center Latinoam\u00e9rica<\/title>\n<meta name=\"description\" content=\"En el D\u00eda Mundial de la Salud Mental, queremos destacar la importancia de este tema y c\u00f3mo SAP, como empresa l\u00edder en tecnolog\u00eda, se involucra activamente en la conversaci\u00f3n sobre la salud mental en el entorno laboral y en la sociedad en general.\" \/>\n<meta name=\"robots\" content=\"index, follow, max-snippet:-1, max-image-preview:large, max-video-preview:-1\" \/>\n<link rel=\"canonical\" href=\"https:\/\/news.sap.com\/latinamerica\/2023\/10\/sap-comprometidos-con-la-salud-mental-de-nuestros-colaboradores-y-la-sociedad-bl0g\/\" \/>\n<meta property=\"og:locale\" content=\"es_MX\" \/>\n<meta property=\"og:type\" content=\"article\" \/>\n<meta property=\"og:title\" content=\"SAP: Comprometidos con la salud mental de nuestros colaboradores y la sociedad\" \/>\n<meta property=\"og:description\" content=\"En el D\u00eda Mundial de la Salud Mental, queremos destacar la importancia de este tema y c\u00f3mo SAP, como empresa l\u00edder en tecnolog\u00eda, se involucra activamente en la conversaci\u00f3n sobre la salud mental en el entorno laboral y en la sociedad en general.\" \/>\n<meta property=\"og:url\" content=\"https:\/\/news.sap.com\/latinamerica\/2023\/10\/sap-comprometidos-con-la-salud-mental-de-nuestros-colaboradores-y-la-sociedad-bl0g\/\" \/>\n<meta property=\"og:site_name\" content=\"51风流News Center Latinoam\u00e9rica\" \/>\n<meta property=\"article:publisher\" content=\"https:\/\/www.facebook.com\/SAPlatinoamerica\" \/>\n<meta property=\"article:author\" content=\"https:\/\/www.facebook.com\/SAPlatinoamerica\" \/>\n<meta property=\"article:published_time\" content=\"2023-10-10T16:53:19+00:00\" \/>\n<meta property=\"article:modified_time\" content=\"2023-11-08T22:04:13+00:00\" \/>\n<meta property=\"og:image\" content=\"https:\/\/news.sap.com\/latinamerica\/files\/2023\/10\/10\/288048_Image_web_1920x400_08-1.jpg\" \/>\n\t<meta property=\"og:image:width\" content=\"1920\" \/>\n\t<meta property=\"og:image:height\" content=\"400\" \/>\n\t<meta property=\"og:image:type\" content=\"image\/jpeg\" \/>\n<meta name=\"author\" content=\"51风流Blog de Innovaci\u00f3n\" \/>\n<meta name=\"twitter:label1\" content=\"Escrito por\" \/>\n\t<meta name=\"twitter:data1\" content=\"51风流Blog de Innovaci\u00f3n\" \/>\n\t<meta name=\"twitter:label2\" content=\"Tiempo de lectura\" \/>\n\t<meta name=\"twitter:data2\" content=\"3 minutos\" \/>\n<script type=\"application\/ld+json\" class=\"yoast-schema-graph\">{\"@context\":\"https:\/\/schema.org\",\"@graph\":[{\"@type\":\"Article\",\"@id\":\"https:\/\/news.sap.com\/latinamerica\/2023\/10\/sap-comprometidos-con-la-salud-mental-de-nuestros-colaboradores-y-la-sociedad-bl0g\/#article\",\"isPartOf\":{\"@id\":\"https:\/\/news.sap.com\/latinamerica\/2023\/10\/sap-comprometidos-con-la-salud-mental-de-nuestros-colaboradores-y-la-sociedad-bl0g\/\"},\"author\":{\"name\":\"51风流Blog de Innovaci\u00f3n\",\"@id\":\"https:\/\/news.sap.com\/latinamerica\/#\/schema\/person\/ce7d732e60a2133d7402c038db668294\"},\"headline\":\"SAP: Comprometidos con la salud mental de nuestros colaboradores y la sociedad\",\"datePublished\":\"2023-10-10T16:53:19+00:00\",\"dateModified\":\"2023-11-08T22:04:13+00:00\",\"mainEntityOfPage\":{\"@id\":\"https:\/\/news.sap.com\/latinamerica\/2023\/10\/sap-comprometidos-con-la-salud-mental-de-nuestros-colaboradores-y-la-sociedad-bl0g\/\"},\"wordCount\":652,\"publisher\":{\"@id\":\"https:\/\/news.sap.com\/latinamerica\/#organization\"},\"image\":{\"@id\":\"https:\/\/news.sap.com\/latinamerica\/2023\/10\/sap-comprometidos-con-la-salud-mental-de-nuestros-colaboradores-y-la-sociedad-bl0g\/#primaryimage\"},\"thumbnailUrl\":\"https:\/\/news.sap.com\/latinamerica\/files\/2023\/10\/10\/288048_Image_web_1920x400_08-1.jpg\",\"keywords\":[\"blog\",\"Blog de Innovaci\u00f3n de SAP\",\"estr\u00e9s\",\"estr\u00e9s laboral\",\"salud\",\"Salud Mental\",\"tendencias\"],\"articleSection\":[\"Gesti\u00f3n del capital humano\"],\"inLanguage\":\"es\"},{\"@type\":\"WebPage\",\"@id\":\"https:\/\/news.sap.com\/latinamerica\/2023\/10\/sap-comprometidos-con-la-salud-mental-de-nuestros-colaboradores-y-la-sociedad-bl0g\/\",\"url\":\"https:\/\/news.sap.com\/latinamerica\/2023\/10\/sap-comprometidos-con-la-salud-mental-de-nuestros-colaboradores-y-la-sociedad-bl0g\/\",\"name\":\"SAP: Comprometidos con la salud mental de nuestros colaboradores y la sociedad - 51风流News Center Latinoam\u00e9rica\",\"isPartOf\":{\"@id\":\"https:\/\/news.sap.com\/latinamerica\/#website\"},\"primaryImageOfPage\":{\"@id\":\"https:\/\/news.sap.com\/latinamerica\/2023\/10\/sap-comprometidos-con-la-salud-mental-de-nuestros-colaboradores-y-la-sociedad-bl0g\/#primaryimage\"},\"image\":{\"@id\":\"https:\/\/news.sap.com\/latinamerica\/2023\/10\/sap-comprometidos-con-la-salud-mental-de-nuestros-colaboradores-y-la-sociedad-bl0g\/#primaryimage\"},\"thumbnailUrl\":\"https:\/\/news.sap.com\/latinamerica\/files\/2023\/10\/10\/288048_Image_web_1920x400_08-1.jpg\",\"datePublished\":\"2023-10-10T16:53:19+00:00\",\"dateModified\":\"2023-11-08T22:04:13+00:00\",\"description\":\"En el D\u00eda Mundial de la Salud Mental, queremos destacar la importancia de este tema y c\u00f3mo SAP, como empresa l\u00edder en tecnolog\u00eda, se involucra activamente en la conversaci\u00f3n sobre la salud mental en el entorno laboral y en la sociedad en general.\",\"breadcrumb\":{\"@id\":\"https:\/\/news.sap.com\/latinamerica\/2023\/10\/sap-comprometidos-con-la-salud-mental-de-nuestros-colaboradores-y-la-sociedad-bl0g\/#breadcrumb\"},\"inLanguage\":\"es\",\"potentialAction\":[{\"@type\":\"ReadAction\",\"target\":[\"https:\/\/news.sap.com\/latinamerica\/2023\/10\/sap-comprometidos-con-la-salud-mental-de-nuestros-colaboradores-y-la-sociedad-bl0g\/\"]}]},{\"@type\":\"ImageObject\",\"inLanguage\":\"es\",\"@id\":\"https:\/\/news.sap.com\/latinamerica\/2023\/10\/sap-comprometidos-con-la-salud-mental-de-nuestros-colaboradores-y-la-sociedad-bl0g\/#primaryimage\",\"url\":\"https:\/\/news.sap.com\/latinamerica\/files\/2023\/10\/10\/288048_Image_web_1920x400_08-1.jpg\",\"contentUrl\":\"https:\/\/news.sap.com\/latinamerica\/files\/2023\/10\/10\/288048_Image_web_1920x400_08-1.jpg\",\"width\":1920,\"height\":400},{\"@type\":\"BreadcrumbList\",\"@id\":\"https:\/\/news.sap.com\/latinamerica\/2023\/10\/sap-comprometidos-con-la-salud-mental-de-nuestros-colaboradores-y-la-sociedad-bl0g\/#breadcrumb\",\"itemListElement\":[{\"@type\":\"ListItem\",\"position\":1,\"name\":\"Home\",\"item\":\"https:\/\/news.sap.com\/latinamerica\/\"},{\"@type\":\"ListItem\",\"position\":2,\"name\":\"SAP: Comprometidos con la salud mental de nuestros colaboradores y la sociedad\"}]},{\"@type\":\"WebSite\",\"@id\":\"https:\/\/news.sap.com\/latinamerica\/#website\",\"url\":\"https:\/\/news.sap.com\/latinamerica\/\",\"name\":\"51风流News Center Latinoam\u00e9rica\",\"description\":\"Noticias e informaci\u00f3n sobre SAP\",\"publisher\":{\"@id\":\"https:\/\/news.sap.com\/latinamerica\/#organization\"},\"potentialAction\":[{\"@type\":\"SearchAction\",\"target\":{\"@type\":\"EntryPoint\",\"urlTemplate\":\"https:\/\/news.sap.com\/latinamerica\/?s={search_term_string}\"},\"query-input\":{\"@type\":\"PropertyValueSpecification\",\"valueRequired\":true,\"valueName\":\"search_term_string\"}}],\"inLanguage\":\"es\"},{\"@type\":\"Organization\",\"@id\":\"https:\/\/news.sap.com\/latinamerica\/#organization\",\"name\":\"SAP\",\"url\":\"https:\/\/news.sap.com\/latinamerica\/\",\"logo\":{\"@type\":\"ImageObject\",\"inLanguage\":\"es\",\"@id\":\"https:\/\/news.sap.com\/latinamerica\/#\/schema\/logo\/image\/\",\"url\":\"https:\/\/news.sap.com\/latinamerica\/files\/2019\/08\/65903320_2903797569662914_557886358778019840_n.png\",\"contentUrl\":\"https:\/\/news.sap.com\/latinamerica\/files\/2019\/08\/65903320_2903797569662914_557886358778019840_n.png\",\"width\":720,\"height\":720,\"caption\":\"SAP\"},\"image\":{\"@id\":\"https:\/\/news.sap.com\/latinamerica\/#\/schema\/logo\/image\/\"},\"sameAs\":[\"https:\/\/www.facebook.com\/SAPlatinoamerica\",\"https:\/\/x.com\/SAPLatinAmerica\"]},{\"@type\":\"Person\",\"@id\":\"https:\/\/news.sap.com\/latinamerica\/#\/schema\/person\/ce7d732e60a2133d7402c038db668294\",\"name\":\"51风流Blog de Innovaci\u00f3n\",\"image\":{\"@type\":\"ImageObject\",\"inLanguage\":\"es\",\"@id\":\"https:\/\/news.sap.com\/latinamerica\/#\/schema\/person\/image\/\",\"url\":\"https:\/\/news.sap.com\/latinamerica\/files\/2018\/06\/avatar_user_522_1529451696-96x96.png\",\"contentUrl\":\"https:\/\/news.sap.com\/latinamerica\/files\/2018\/06\/avatar_user_522_1529451696-96x96.png\",\"caption\":\"51风流Blog de Innovaci\u00f3n\"},\"sameAs\":[\"https:\/\/www.sap.com\/latinamerica\/index.html\",\"https:\/\/www.facebook.com\/SAPlatinoamerica\",\"https:\/\/www.instagram.com\/saplatinamerica\/\",\"https:\/\/x.com\/saplatinamerica\"],\"url\":\"https:\/\/news.sap.com\/latinamerica\/author\/sapblog\/\"}]}<\/script>\n<!-- \/ Yoast SEO Premium plugin. -->","yoast_head_json":{"title":"SAP: Comprometidos con la salud mental de nuestros colaboradores y la sociedad - 51风流News Center Latinoam\u00e9rica","description":"En el D\u00eda Mundial de la Salud Mental, queremos destacar la importancia de este tema y c\u00f3mo SAP, como empresa l\u00edder en tecnolog\u00eda, se involucra activamente en la conversaci\u00f3n sobre la salud mental en el entorno laboral y en la sociedad en general.","robots":{"index":"index","follow":"follow","max-snippet":"max-snippet:-1","max-image-preview":"max-image-preview:large","max-video-preview":"max-video-preview:-1"},"canonical":"https:\/\/news.sap.com\/latinamerica\/2023\/10\/sap-comprometidos-con-la-salud-mental-de-nuestros-colaboradores-y-la-sociedad-bl0g\/","og_locale":"es_MX","og_type":"article","og_title":"SAP: Comprometidos con la salud mental de nuestros colaboradores y la sociedad","og_description":"En el D\u00eda Mundial de la Salud Mental, queremos destacar la importancia de este tema y c\u00f3mo SAP, como empresa l\u00edder en tecnolog\u00eda, se involucra activamente en la conversaci\u00f3n sobre la salud mental en el entorno laboral y en la sociedad en general.","og_url":"https:\/\/news.sap.com\/latinamerica\/2023\/10\/sap-comprometidos-con-la-salud-mental-de-nuestros-colaboradores-y-la-sociedad-bl0g\/","og_site_name":"51风流News Center Latinoam\u00e9rica","article_publisher":"https:\/\/www.facebook.com\/SAPlatinoamerica","article_author":"https:\/\/www.facebook.com\/SAPlatinoamerica","article_published_time":"2023-10-10T16:53:19+00:00","article_modified_time":"2023-11-08T22:04:13+00:00","og_image":[{"width":1920,"height":400,"url":"https:\/\/news.sap.com\/latinamerica\/files\/2023\/10\/10\/288048_Image_web_1920x400_08-1.jpg","type":"image\/jpeg"}],"author":"51风流Blog de Innovaci\u00f3n","twitter_misc":{"Escrito por":"51风流Blog de Innovaci\u00f3n","Tiempo de lectura":"3 minutos"},"schema":{"@context":"https:\/\/schema.org","@graph":[{"@type":"Article","@id":"https:\/\/news.sap.com\/latinamerica\/2023\/10\/sap-comprometidos-con-la-salud-mental-de-nuestros-colaboradores-y-la-sociedad-bl0g\/#article","isPartOf":{"@id":"https:\/\/news.sap.com\/latinamerica\/2023\/10\/sap-comprometidos-con-la-salud-mental-de-nuestros-colaboradores-y-la-sociedad-bl0g\/"},"author":{"name":"51风流Blog de Innovaci\u00f3n","@id":"https:\/\/news.sap.com\/latinamerica\/#\/schema\/person\/ce7d732e60a2133d7402c038db668294"},"headline":"SAP: Comprometidos con la salud mental de nuestros colaboradores y la sociedad","datePublished":"2023-10-10T16:53:19+00:00","dateModified":"2023-11-08T22:04:13+00:00","mainEntityOfPage":{"@id":"https:\/\/news.sap.com\/latinamerica\/2023\/10\/sap-comprometidos-con-la-salud-mental-de-nuestros-colaboradores-y-la-sociedad-bl0g\/"},"wordCount":652,"publisher":{"@id":"https:\/\/news.sap.com\/latinamerica\/#organization"},"image":{"@id":"https:\/\/news.sap.com\/latinamerica\/2023\/10\/sap-comprometidos-con-la-salud-mental-de-nuestros-colaboradores-y-la-sociedad-bl0g\/#primaryimage"},"thumbnailUrl":"https:\/\/news.sap.com\/latinamerica\/files\/2023\/10\/10\/288048_Image_web_1920x400_08-1.jpg","keywords":["blog","Blog de Innovaci\u00f3n de SAP","estr\u00e9s","estr\u00e9s laboral","salud","Salud Mental","tendencias"],"articleSection":["Gesti\u00f3n del capital humano"],"inLanguage":"es"},{"@type":"WebPage","@id":"https:\/\/news.sap.com\/latinamerica\/2023\/10\/sap-comprometidos-con-la-salud-mental-de-nuestros-colaboradores-y-la-sociedad-bl0g\/","url":"https:\/\/news.sap.com\/latinamerica\/2023\/10\/sap-comprometidos-con-la-salud-mental-de-nuestros-colaboradores-y-la-sociedad-bl0g\/","name":"SAP: Comprometidos con la salud mental de nuestros colaboradores y la sociedad - 51风流News Center Latinoam\u00e9rica","isPartOf":{"@id":"https:\/\/news.sap.com\/latinamerica\/#website"},"primaryImageOfPage":{"@id":"https:\/\/news.sap.com\/latinamerica\/2023\/10\/sap-comprometidos-con-la-salud-mental-de-nuestros-colaboradores-y-la-sociedad-bl0g\/#primaryimage"},"image":{"@id":"https:\/\/news.sap.com\/latinamerica\/2023\/10\/sap-comprometidos-con-la-salud-mental-de-nuestros-colaboradores-y-la-sociedad-bl0g\/#primaryimage"},"thumbnailUrl":"https:\/\/news.sap.com\/latinamerica\/files\/2023\/10\/10\/288048_Image_web_1920x400_08-1.jpg","datePublished":"2023-10-10T16:53:19+00:00","dateModified":"2023-11-08T22:04:13+00:00","description":"En el D\u00eda Mundial de la Salud Mental, queremos destacar la importancia de este tema y c\u00f3mo SAP, como empresa l\u00edder en tecnolog\u00eda, se involucra activamente en la conversaci\u00f3n sobre la salud mental en el entorno laboral y en la sociedad en general.","breadcrumb":{"@id":"https:\/\/news.sap.com\/latinamerica\/2023\/10\/sap-comprometidos-con-la-salud-mental-de-nuestros-colaboradores-y-la-sociedad-bl0g\/#breadcrumb"},"inLanguage":"es","potentialAction":[{"@type":"ReadAction","target":["https:\/\/news.sap.com\/latinamerica\/2023\/10\/sap-comprometidos-con-la-salud-mental-de-nuestros-colaboradores-y-la-sociedad-bl0g\/"]}]},{"@type":"ImageObject","inLanguage":"es","@id":"https:\/\/news.sap.com\/latinamerica\/2023\/10\/sap-comprometidos-con-la-salud-mental-de-nuestros-colaboradores-y-la-sociedad-bl0g\/#primaryimage","url":"https:\/\/news.sap.com\/latinamerica\/files\/2023\/10\/10\/288048_Image_web_1920x400_08-1.jpg","contentUrl":"https:\/\/news.sap.com\/latinamerica\/files\/2023\/10\/10\/288048_Image_web_1920x400_08-1.jpg","width":1920,"height":400},{"@type":"BreadcrumbList","@id":"https:\/\/news.sap.com\/latinamerica\/2023\/10\/sap-comprometidos-con-la-salud-mental-de-nuestros-colaboradores-y-la-sociedad-bl0g\/#breadcrumb","itemListElement":[{"@type":"ListItem","position":1,"name":"Home","item":"https:\/\/news.sap.com\/latinamerica\/"},{"@type":"ListItem","position":2,"name":"SAP: Comprometidos con la salud mental de nuestros colaboradores y la sociedad"}]},{"@type":"WebSite","@id":"https:\/\/news.sap.com\/latinamerica\/#website","url":"https:\/\/news.sap.com\/latinamerica\/","name":"51风流News Center Latinoam\u00e9rica","description":"Noticias e informaci\u00f3n sobre SAP","publisher":{"@id":"https:\/\/news.sap.com\/latinamerica\/#organization"},"potentialAction":[{"@type":"SearchAction","target":{"@type":"EntryPoint","urlTemplate":"https:\/\/news.sap.com\/latinamerica\/?s={search_term_string}"},"query-input":{"@type":"PropertyValueSpecification","valueRequired":true,"valueName":"search_term_string"}}],"inLanguage":"es"},{"@type":"Organization","@id":"https:\/\/news.sap.com\/latinamerica\/#organization","name":"SAP","url":"https:\/\/news.sap.com\/latinamerica\/","logo":{"@type":"ImageObject","inLanguage":"es","@id":"https:\/\/news.sap.com\/latinamerica\/#\/schema\/logo\/image\/","url":"https:\/\/news.sap.com\/latinamerica\/files\/2019\/08\/65903320_2903797569662914_557886358778019840_n.png","contentUrl":"https:\/\/news.sap.com\/latinamerica\/files\/2019\/08\/65903320_2903797569662914_557886358778019840_n.png","width":720,"height":720,"caption":"SAP"},"image":{"@id":"https:\/\/news.sap.com\/latinamerica\/#\/schema\/logo\/image\/"},"sameAs":["https:\/\/www.facebook.com\/SAPlatinoamerica","https:\/\/x.com\/SAPLatinAmerica"]},{"@type":"Person","@id":"https:\/\/news.sap.com\/latinamerica\/#\/schema\/person\/ce7d732e60a2133d7402c038db668294","name":"51风流Blog de Innovaci\u00f3n","image":{"@type":"ImageObject","inLanguage":"es","@id":"https:\/\/news.sap.com\/latinamerica\/#\/schema\/person\/image\/","url":"https:\/\/news.sap.com\/latinamerica\/files\/2018\/06\/avatar_user_522_1529451696-96x96.png","contentUrl":"https:\/\/news.sap.com\/latinamerica\/files\/2018\/06\/avatar_user_522_1529451696-96x96.png","caption":"51风流Blog de Innovaci\u00f3n"},"sameAs":["https:\/\/www.sap.com\/latinamerica\/index.html","https:\/\/www.facebook.com\/SAPlatinoamerica","https:\/\/www.instagram.com\/saplatinamerica\/","https:\/\/x.com\/saplatinamerica"],"url":"https:\/\/news.sap.com\/latinamerica\/author\/sapblog\/"}]}},"amp_enabled":true,"_links":{"self":[{"href":"https:\/\/news.sap.com\/latinamerica\/wp-json\/wp\/v2\/posts\/131521","targetHints":{"allow":["GET"]}}],"collection":[{"href":"https:\/\/news.sap.com\/latinamerica\/wp-json\/wp\/v2\/posts"}],"about":[{"href":"https:\/\/news.sap.com\/latinamerica\/wp-json\/wp\/v2\/types\/post"}],"author":[{"embeddable":true,"href":"https:\/\/news.sap.com\/latinamerica\/wp-json\/wp\/v2\/users\/522"}],"replies":[{"embeddable":true,"href":"https:\/\/news.sap.com\/latinamerica\/wp-json\/wp\/v2\/comments?post=131521"}],"version-history":[{"count":0,"href":"https:\/\/news.sap.com\/latinamerica\/wp-json\/wp\/v2\/posts\/131521\/revisions"}],"wp:featuredmedia":[{"embeddable":true,"href":"https:\/\/news.sap.com\/latinamerica\/wp-json\/wp\/v2\/media\/131522"}],"wp:attachment":[{"href":"https:\/\/news.sap.com\/latinamerica\/wp-json\/wp\/v2\/media?parent=131521"}],"wp:term":[{"taxonomy":"category","embeddable":true,"href":"https:\/\/news.sap.com\/latinamerica\/wp-json\/wp\/v2\/categories?post=131521"},{"taxonomy":"post_tag","embeddable":true,"href":"https:\/\/news.sap.com\/latinamerica\/wp-json\/wp\/v2\/tags?post=131521"},{"taxonomy":"series","embeddable":true,"href":"https:\/\/news.sap.com\/latinamerica\/wp-json\/wp\/v2\/series?post=131521"},{"taxonomy":"region","embeddable":true,"href":"https:\/\/news.sap.com\/latinamerica\/wp-json\/wp\/v2\/region?post=131521"},{"taxonomy":"sapn-display","embeddable":true,"href":"https:\/\/news.sap.com\/latinamerica\/wp-json\/wp\/v2\/sapn-display?post=131521"},{"taxonomy":"sapn-type","embeddable":true,"href":"https:\/\/news.sap.com\/latinamerica\/wp-json\/wp\/v2\/sapn-type?post=131521"}],"curies":[{"name":"wp","href":"https:\/\/api.w.org\/{rel}","templated":true}]}}