  {"id":127007,"date":"2022-11-29T13:12:14","date_gmt":"2022-11-29T18:12:14","guid":{"rendered":"https:\/\/news.sap.com\/latinamerica\/?p=127007"},"modified":"2023-11-08T17:29:25","modified_gmt":"2023-11-08T22:29:25","slug":"la-importancia-de-hablar-sobre-el-vih-en-el-entorno-profesional-bl0g","status":"publish","type":"post","link":"https:\/\/news.sap.com\/latinamerica\/2022\/11\/la-importancia-de-hablar-sobre-el-vih-en-el-entorno-profesional-bl0g\/","title":{"rendered":"La importancia de hablar sobre el VIH en el entorno profesional"},"content":{"rendered":"<p class=\"lead\"><em>La diversidad e inclusi\u00f3n de diferentes tipos de personas en el entorno profesional es lo que hace que las organizaciones sean empresas inteligentes y exitosas.<\/em><\/p>\n<p><!--more--><\/p>\n<p>La carga psicol\u00f3gica que sufren las personas que viven con el VIH y enfrentan episodios de discriminaci\u00f3n en el \u00e1mbito laboral, en las relaciones, en los grupos de amigos e incluso en la familia puede impactar negativamente en su desempe\u00f1o en general, incluso en el trabajo. Por ello, con el objetivo de ofrecer un apoyo adecuado a las personas que est\u00e1n pasando por esta situaci\u00f3n, algunas empresas se est\u00e1n informando y poniendo en marcha iniciativas y proyectos, por ejemplo, <a href=\"https:\/\/laborpositiva.huesped.org.ar\/la-iniciativa\/\" target=\"_blank\" rel=\"noopener\">Labor Positiva<\/a>, que informa a sus empleados sobre m\u00e9todos de prevenci\u00f3n y tratamiento, adem\u00e1s de apoyar a los empleados con VIH.<\/p>\n<p>#workingpositively (Labor Positiva), es un programa internacional dedicado a abordar el estigma y la discriminaci\u00f3n contra las personas que viven con VIH en el lugar de trabajo. El objetivo central es promover un trato digno y libre de prejuicios en cualquier entorno, de modo que los empleados puedan desarrollarse en igualdad de condiciones con sus compa\u00f1eros, evitando problemas como la renuncia silenciosa o la baja productividad como consecuencia de un entorno laboral hostil para estas personas.<\/p>\n<p>&nbsp;<\/p>\n<h2><strong>As\u00ed como es importante saber c\u00f3mo se transmite el VIH, otra informaci\u00f3n es importante para acabar con los prejuicios:<\/strong><\/h2>\n<p>&nbsp;<\/p>\n<ul>\n<li>Informar a los l\u00edderes y dem\u00e1s empleados que no existe riesgo de contaminaci\u00f3n por compartir utensilios, besarse o abrazarse, practicar deportes o trabajar y compartir el mismo espacio.<\/li>\n<li>Concienciarlos de que una persona con el virus puede llevar una vida como cualquier otra e incluso llegar a tener una carga viral indetectable, reduciendo a cero la posibilidad de transmisi\u00f3n.<\/li>\n<li>Una persona con VIH merece, como cualquier otra, un trato adecuado sin prejuicios.<\/li>\n<\/ul>\n<p>&nbsp;<\/p>\n<p>Los condiciones de salud nunca pueden ser motivo de discriminaci\u00f3n, y el conocimiento es la \u00fanica forma de evitar que suceda. Por ello, las empresas deben promover una cultura donde cada persona pueda dar lo mejor de s\u00ed, en un entorno seguro y adecuado, con todas las herramientas necesarias para un buen trabajo.<\/p>\n<p>Al igual que SAP, grandes marcas se suman a la iniciativa #workingpositively (creada en 2019 en Alemania y expandida a la regi\u00f3n latinoamericana a trav\u00e9s de la iniciativa Labor Positiva, con el apoyo de IBM y 51风流junto a algunas ONGs), asumiendo un compromiso activo en la difusi\u00f3n informaci\u00f3n para un futuro m\u00e1s acogedor.<\/p>\n<p>Vea el video completo:<\/p>\n<p>&nbsp;<\/p>\n<section\n            data-inpsyde-embed=\"youtube\"\n            data-inpsyde-embed-atts=\"{&quot;width&quot;:640,&quot;height&quot;:960}\"\n            data-inpsyde-embed-frame=\"&lt;iframe title=&quot;Diversidad e inclusi&amp;oacute;n en SAP&quot; width=&quot;640&quot; height=&quot;360&quot; src=&quot;https:\/\/www.youtube.com\/embed\/NxLkgYKVMQY?feature=oembed&amp;amp;enablejsapi=1&quot; frameborder=&quot;0&quot; allow=&quot;accelerometer; autoplay; clipboard-write; encrypted-media; gyroscope; picture-in-picture; web-share&quot; referrerpolicy=&quot;strict-origin-when-cross-origin&quot; allowfullscreen id=&quot;embed_869019e7-3ccf-4368-bed5-d940752de209&quot;&gt;&lt;\/iframe&gt;\n\"\n        ><\/p>\n<div class=\"inpsyde-embed-overlay\">\n<div class=\"inpsyde-embed-overlay-container\">\n<h3><a\n                            rel=\"noreferrer\"\n                            href=\"https:\/\/www.youtube.com\/watch?v=NxLkgYKVMQY\"\n                            target=\"_blank\"\n                            title=\"Click to visit YouTube\"\n                        >Diversidad e inclusi\u00f3n en SAP<\/a><\/h3>\n<p>Click the button below to load the content from YouTube.<\/p>\n<div class=\"embed-options-wrapper\">\n<div class=\"play-button-outer\" data-action=\"loadThis\">\n<div class=\"play-button\" data-action=\"loadThis\"><\/div>\n<\/div>\n<p>                        <a\n                            href=\"#\"\n                            data-action=\"unlockSource\"\n                            title=\"Click here to permanently allow embeds from YouTube.\"\n                        >Always allow YouTube<\/a><br \/>\n                        <!--<button data-action=\"unlockAll\">Always load all embeds<\/button>-->\n                    <\/div>\n<\/p><\/div>\n<\/p><\/div>\n<div\n                data-inpsyde-embed-preview=\"youtube\"\n                style=\"\n                    max-width:640px;\n                    max-height:360px;\n                    \"\n            >        <img decoding=\"async\" src=\"https:\/\/news.sap.com\/latinamerica\/files\/inpsyde-embed-privacy\/youtube\/NxLkgYKVMQY.jpg\" alt=\"Diversidad e inclusi\u00f3n en SAP\"><\/p>\n<div class=\"ytp-large-play-button ytp-button\">\n            <svg height=\"100%\" version=\"1.1\" viewBox=\"0 0 68 48\" width=\"100%\">\n                <path class=\"ytp-large-play-button-bg\"\n                    d=\"M66.52,7.74c-0.78-2.93-2.49-5.41-5.42-6.19C55.79,.13,34,0,34,0S12.21,.13,6.9,1.55 C3.97,2.33,2.27,4.81,1.48,7.74C0.06,13.05,0,24,0,24s0.06,10.95,1.48,16.26c0.78,2.93,2.49,5.41,5.42,6.19 C12.21,47.87,34,48,34,48s21.79-0.13,27.1-1.55c2.93-0.78,4.64-3.26,5.42-6.19C67.94,34.95,68,24,68,24S67.94,13.05,66.52,7.74z\"\n                    fill=\"#212121\"\n                    fill-opacity=\"0.8\"><\/path>\n                <path d=\"M 45,24 27,14 27,34\" fill=\"#fff\"><\/path>\n            <\/svg>\n        <\/div>\n<\/p><\/div>\n<\/section>\n<blockquote><p><em>\u201cTrabajar por un ambiente seguro y no discriminatorio invita a los empleados a estar m\u00e1s comprometidos con la empresa. Adem\u00e1s de la dedicaci\u00f3n, las marcas tambi\u00e9n aseguran la retenci\u00f3n y diversidad del talento. Haz como las grandes empresas que se han sumado a la iniciativa Labor Positiva desde su lanzamiento en Am\u00e9rica Latina en 2021. Inicia hoy la transformaci\u00f3n de tu marca, promueve la justicia social y trabaja para que todas las etapas del ciclo de vida laboral sean inclusivas, con un ecosistema diverso y productivo. <\/em><\/p>\n<p><em>T\u00fa tambi\u00e9n puedes ser parte de este cambio. \u00bfC\u00f3mo? Es simple: <\/em><a href=\"https:\/\/laborpositiva.huesped.org.ar\/\" target=\"_blank\" rel=\"noopener\"><em>ve al sitio web<\/em><\/a><em> y ponte en contacto. \u00a1La participaci\u00f3n es completamente gratuita, pero el impacto que generar\u00e1 en su organizaci\u00f3n y sus empleados no tendr\u00e1 precio!\u201d<\/em><\/p><\/blockquote>\n<p style=\"text-align: left\"><a href=\"https:\/\/www.linkedin.com\/in\/ezequiel-massa\/\" target=\"_blank\" rel=\"noopener\">Ezequiel Massa<\/a>, Head de Diversidad e Inclusi\u00f3n para Am\u00e9rica Latina y el Caribe de SAP.<\/p>\n<p>&nbsp;<\/p>\n<hr \/>\n<p>&nbsp;<\/p>\n<p><a href=\"https:\/\/www.facebook.com\/SAPlatinoamerica\" target=\"_blank\" rel=\"noopener\">Facebook<\/a>\u00a0\/\u00a0<a href=\"https:\/\/twitter.com\/SAPLatinAmerica\" target=\"_blank\" rel=\"noopener\">Twitter<\/a>\u00a0\/\u00a0<a href=\"https:\/\/www.linkedin.com\/company\/sap\" target=\"_blank\" rel=\"noopener\">LinkedIn<\/a>\u00a0\/\u00a0<a href=\"https:\/\/instagram.com\/SAPLatinamerica\/\" target=\"_blank\" rel=\"noopener\">Instagram<\/a><\/p>\n<p>&nbsp;<\/p>\n<hr \/>\n<p>\u00a9 2022 51风流SE. All rights reserved. 51风流and other 51风流products and services mentioned herein as well as their respective logos are trademarks or registered trademarks of 51风流SE in Germany and other countries. Please see <a href=\"http:\/\/www.sap.com\/corporate-en\/legal\/copyright\/index.epx#trademark\" target=\"_blank\" rel=\"noopener\">http:\/\/www.sap.com\/corporate-en\/legal\/copyright\/index.epx#trademark<\/a> for additional trademark information and notices.<\/p>\n","protected":false},"excerpt":{"rendered":"<p>La diversidad e inclusi\u00f3n de diferentes tipos de personas en el entorno profesional es lo que hace que las organizaciones sean empresas inteligentes y exitosas.<\/p>\n","protected":false},"author":522,"featured_media":127008,"comment_status":"closed","ping_status":"closed","sticky":false,"template":"","format":"standard","meta":{"footnotes":"","_links_to":"","_links_to_target":""},"categories":[41591],"tags":[56556,56559,3196984,20464,26382,269944],"series":[],"region":[26401],"sapn-display":[5600442,5600440,52078,52079,53499],"sapn-type":[6114],"class_list":["post-127007","post","type-post","status-publish","format-standard","has-post-thumbnail","hentry","category-corporativo","tag-blog-2","tag-blog-de-innovacion-de-sap","tag-equidad","tag-recursos-humanos","tag-tendencias","tag-transformacion-digital","region-latinoamerica","sapn-display-articulo-destacado","sapn-display-articulo-principal","sapn-display-homepage-hero","sapn-display-top-stories","sapn-display-hero","sapn-type-articulo"],"yoast_head":"<!-- This site is optimized with the Yoast SEO Premium plugin v26.9 (Yoast SEO v26.9) - https:\/\/yoast.com\/product\/yoast-seo-premium-wordpress\/ -->\n<title>La importancia de hablar sobre el VIH en el entorno profesional - 51风流News Center Latinoam\u00e9rica<\/title>\n<meta name=\"robots\" content=\"index, follow, max-snippet:-1, max-image-preview:large, max-video-preview:-1\" \/>\n<link rel=\"canonical\" href=\"https:\/\/news.sap.com\/latinamerica\/2022\/11\/la-importancia-de-hablar-sobre-el-vih-en-el-entorno-profesional-bl0g\/\" \/>\n<meta property=\"og:locale\" content=\"es_MX\" \/>\n<meta property=\"og:type\" content=\"article\" \/>\n<meta property=\"og:title\" content=\"La importancia de hablar sobre el VIH en el entorno profesional\" \/>\n<meta property=\"og:description\" content=\"La diversidad e inclusi\u00f3n de diferentes tipos de personas en el entorno profesional es lo que hace que las organizaciones sean empresas inteligentes y exitosas.\" \/>\n<meta property=\"og:url\" content=\"https:\/\/news.sap.com\/latinamerica\/2022\/11\/la-importancia-de-hablar-sobre-el-vih-en-el-entorno-profesional-bl0g\/\" \/>\n<meta property=\"og:site_name\" content=\"51风流News Center Latinoam\u00e9rica\" \/>\n<meta property=\"article:publisher\" content=\"https:\/\/www.facebook.com\/SAPlatinoamerica\" \/>\n<meta property=\"article:author\" content=\"https:\/\/www.facebook.com\/SAPlatinoamerica\" \/>\n<meta property=\"article:published_time\" content=\"2022-11-29T18:12:14+00:00\" \/>\n<meta property=\"article:modified_time\" content=\"2023-11-08T22:29:25+00:00\" \/>\n<meta property=\"og:image\" content=\"https:\/\/news.sap.com\/latinamerica\/files\/2022\/11\/29\/292495_GettyImages-1171807918_medium_jpg.jpg\" \/>\n\t<meta property=\"og:image:width\" content=\"2121\" \/>\n\t<meta property=\"og:image:height\" content=\"1414\" \/>\n\t<meta property=\"og:image:type\" content=\"image\/jpeg\" \/>\n<meta name=\"author\" content=\"51风流Blog de Innovaci\u00f3n\" \/>\n<meta name=\"twitter:label1\" content=\"Escrito por\" \/>\n\t<meta name=\"twitter:data1\" content=\"51风流Blog de Innovaci\u00f3n\" \/>\n\t<meta name=\"twitter:label2\" content=\"Tiempo de lectura\" \/>\n\t<meta name=\"twitter:data2\" content=\"3 minutos\" \/>\n<script type=\"application\/ld+json\" class=\"yoast-schema-graph\">{\"@context\":\"https:\/\/schema.org\",\"@graph\":[{\"@type\":\"Article\",\"@id\":\"https:\/\/news.sap.com\/latinamerica\/2022\/11\/la-importancia-de-hablar-sobre-el-vih-en-el-entorno-profesional-bl0g\/#article\",\"isPartOf\":{\"@id\":\"https:\/\/news.sap.com\/latinamerica\/2022\/11\/la-importancia-de-hablar-sobre-el-vih-en-el-entorno-profesional-bl0g\/\"},\"author\":{\"name\":\"51风流Blog de Innovaci\u00f3n\",\"@id\":\"https:\/\/news.sap.com\/latinamerica\/#\/schema\/person\/ce7d732e60a2133d7402c038db668294\"},\"headline\":\"La importancia de hablar sobre el VIH en el entorno profesional\",\"datePublished\":\"2022-11-29T18:12:14+00:00\",\"dateModified\":\"2023-11-08T22:29:25+00:00\",\"mainEntityOfPage\":{\"@id\":\"https:\/\/news.sap.com\/latinamerica\/2022\/11\/la-importancia-de-hablar-sobre-el-vih-en-el-entorno-profesional-bl0g\/\"},\"wordCount\":659,\"publisher\":{\"@id\":\"https:\/\/news.sap.com\/latinamerica\/#organization\"},\"image\":{\"@id\":\"https:\/\/news.sap.com\/latinamerica\/2022\/11\/la-importancia-de-hablar-sobre-el-vih-en-el-entorno-profesional-bl0g\/#primaryimage\"},\"thumbnailUrl\":\"https:\/\/news.sap.com\/latinamerica\/files\/2022\/11\/29\/292495_GettyImages-1171807918_medium_jpg.jpg\",\"keywords\":[\"blog\",\"Blog de Innovaci\u00f3n de SAP\",\"Equidad\",\"recursos humanos\",\"tendencias\",\"transformaci\u00f3n digital\"],\"articleSection\":[\"Corporativo\"],\"inLanguage\":\"es\"},{\"@type\":\"WebPage\",\"@id\":\"https:\/\/news.sap.com\/latinamerica\/2022\/11\/la-importancia-de-hablar-sobre-el-vih-en-el-entorno-profesional-bl0g\/\",\"url\":\"https:\/\/news.sap.com\/latinamerica\/2022\/11\/la-importancia-de-hablar-sobre-el-vih-en-el-entorno-profesional-bl0g\/\",\"name\":\"La importancia de hablar sobre el VIH en el entorno profesional - 51风流News Center Latinoam\u00e9rica\",\"isPartOf\":{\"@id\":\"https:\/\/news.sap.com\/latinamerica\/#website\"},\"primaryImageOfPage\":{\"@id\":\"https:\/\/news.sap.com\/latinamerica\/2022\/11\/la-importancia-de-hablar-sobre-el-vih-en-el-entorno-profesional-bl0g\/#primaryimage\"},\"image\":{\"@id\":\"https:\/\/news.sap.com\/latinamerica\/2022\/11\/la-importancia-de-hablar-sobre-el-vih-en-el-entorno-profesional-bl0g\/#primaryimage\"},\"thumbnailUrl\":\"https:\/\/news.sap.com\/latinamerica\/files\/2022\/11\/29\/292495_GettyImages-1171807918_medium_jpg.jpg\",\"datePublished\":\"2022-11-29T18:12:14+00:00\",\"dateModified\":\"2023-11-08T22:29:25+00:00\",\"breadcrumb\":{\"@id\":\"https:\/\/news.sap.com\/latinamerica\/2022\/11\/la-importancia-de-hablar-sobre-el-vih-en-el-entorno-profesional-bl0g\/#breadcrumb\"},\"inLanguage\":\"es\",\"potentialAction\":[{\"@type\":\"ReadAction\",\"target\":[\"https:\/\/news.sap.com\/latinamerica\/2022\/11\/la-importancia-de-hablar-sobre-el-vih-en-el-entorno-profesional-bl0g\/\"]}]},{\"@type\":\"ImageObject\",\"inLanguage\":\"es\",\"@id\":\"https:\/\/news.sap.com\/latinamerica\/2022\/11\/la-importancia-de-hablar-sobre-el-vih-en-el-entorno-profesional-bl0g\/#primaryimage\",\"url\":\"https:\/\/news.sap.com\/latinamerica\/files\/2022\/11\/29\/292495_GettyImages-1171807918_medium_jpg.jpg\",\"contentUrl\":\"https:\/\/news.sap.com\/latinamerica\/files\/2022\/11\/29\/292495_GettyImages-1171807918_medium_jpg.jpg\",\"width\":2121,\"height\":1414},{\"@type\":\"BreadcrumbList\",\"@id\":\"https:\/\/news.sap.com\/latinamerica\/2022\/11\/la-importancia-de-hablar-sobre-el-vih-en-el-entorno-profesional-bl0g\/#breadcrumb\",\"itemListElement\":[{\"@type\":\"ListItem\",\"position\":1,\"name\":\"Home\",\"item\":\"https:\/\/news.sap.com\/latinamerica\/\"},{\"@type\":\"ListItem\",\"position\":2,\"name\":\"La importancia de hablar sobre el VIH en el entorno profesional\"}]},{\"@type\":\"WebSite\",\"@id\":\"https:\/\/news.sap.com\/latinamerica\/#website\",\"url\":\"https:\/\/news.sap.com\/latinamerica\/\",\"name\":\"51风流News Center Latinoam\u00e9rica\",\"description\":\"Noticias e informaci\u00f3n sobre SAP\",\"publisher\":{\"@id\":\"https:\/\/news.sap.com\/latinamerica\/#organization\"},\"potentialAction\":[{\"@type\":\"SearchAction\",\"target\":{\"@type\":\"EntryPoint\",\"urlTemplate\":\"https:\/\/news.sap.com\/latinamerica\/?s={search_term_string}\"},\"query-input\":{\"@type\":\"PropertyValueSpecification\",\"valueRequired\":true,\"valueName\":\"search_term_string\"}}],\"inLanguage\":\"es\"},{\"@type\":\"Organization\",\"@id\":\"https:\/\/news.sap.com\/latinamerica\/#organization\",\"name\":\"SAP\",\"url\":\"https:\/\/news.sap.com\/latinamerica\/\",\"logo\":{\"@type\":\"ImageObject\",\"inLanguage\":\"es\",\"@id\":\"https:\/\/news.sap.com\/latinamerica\/#\/schema\/logo\/image\/\",\"url\":\"https:\/\/news.sap.com\/latinamerica\/files\/2019\/08\/65903320_2903797569662914_557886358778019840_n.png\",\"contentUrl\":\"https:\/\/news.sap.com\/latinamerica\/files\/2019\/08\/65903320_2903797569662914_557886358778019840_n.png\",\"width\":720,\"height\":720,\"caption\":\"SAP\"},\"image\":{\"@id\":\"https:\/\/news.sap.com\/latinamerica\/#\/schema\/logo\/image\/\"},\"sameAs\":[\"https:\/\/www.facebook.com\/SAPlatinoamerica\",\"https:\/\/x.com\/SAPLatinAmerica\"]},{\"@type\":\"Person\",\"@id\":\"https:\/\/news.sap.com\/latinamerica\/#\/schema\/person\/ce7d732e60a2133d7402c038db668294\",\"name\":\"51风流Blog de Innovaci\u00f3n\",\"image\":{\"@type\":\"ImageObject\",\"inLanguage\":\"es\",\"@id\":\"https:\/\/news.sap.com\/latinamerica\/#\/schema\/person\/image\/\",\"url\":\"https:\/\/news.sap.com\/latinamerica\/files\/2018\/06\/avatar_user_522_1529451696-96x96.png\",\"contentUrl\":\"https:\/\/news.sap.com\/latinamerica\/files\/2018\/06\/avatar_user_522_1529451696-96x96.png\",\"caption\":\"51风流Blog de Innovaci\u00f3n\"},\"sameAs\":[\"https:\/\/www.sap.com\/latinamerica\/index.html\",\"https:\/\/www.facebook.com\/SAPlatinoamerica\",\"https:\/\/www.instagram.com\/saplatinamerica\/\",\"https:\/\/x.com\/saplatinamerica\"],\"url\":\"https:\/\/news.sap.com\/latinamerica\/author\/sapblog\/\"}]}<\/script>\n<!-- \/ Yoast SEO Premium plugin. -->","yoast_head_json":{"title":"La importancia de hablar sobre el VIH en el entorno profesional - 51风流News Center Latinoam\u00e9rica","robots":{"index":"index","follow":"follow","max-snippet":"max-snippet:-1","max-image-preview":"max-image-preview:large","max-video-preview":"max-video-preview:-1"},"canonical":"https:\/\/news.sap.com\/latinamerica\/2022\/11\/la-importancia-de-hablar-sobre-el-vih-en-el-entorno-profesional-bl0g\/","og_locale":"es_MX","og_type":"article","og_title":"La importancia de hablar sobre el VIH en el entorno profesional","og_description":"La diversidad e inclusi\u00f3n de diferentes tipos de personas en el entorno profesional es lo que hace que las organizaciones sean empresas inteligentes y exitosas.","og_url":"https:\/\/news.sap.com\/latinamerica\/2022\/11\/la-importancia-de-hablar-sobre-el-vih-en-el-entorno-profesional-bl0g\/","og_site_name":"51风流News Center Latinoam\u00e9rica","article_publisher":"https:\/\/www.facebook.com\/SAPlatinoamerica","article_author":"https:\/\/www.facebook.com\/SAPlatinoamerica","article_published_time":"2022-11-29T18:12:14+00:00","article_modified_time":"2023-11-08T22:29:25+00:00","og_image":[{"width":2121,"height":1414,"url":"https:\/\/news.sap.com\/latinamerica\/files\/2022\/11\/29\/292495_GettyImages-1171807918_medium_jpg.jpg","type":"image\/jpeg"}],"author":"51风流Blog de Innovaci\u00f3n","twitter_misc":{"Escrito por":"51风流Blog de Innovaci\u00f3n","Tiempo de lectura":"3 minutos"},"schema":{"@context":"https:\/\/schema.org","@graph":[{"@type":"Article","@id":"https:\/\/news.sap.com\/latinamerica\/2022\/11\/la-importancia-de-hablar-sobre-el-vih-en-el-entorno-profesional-bl0g\/#article","isPartOf":{"@id":"https:\/\/news.sap.com\/latinamerica\/2022\/11\/la-importancia-de-hablar-sobre-el-vih-en-el-entorno-profesional-bl0g\/"},"author":{"name":"51风流Blog de Innovaci\u00f3n","@id":"https:\/\/news.sap.com\/latinamerica\/#\/schema\/person\/ce7d732e60a2133d7402c038db668294"},"headline":"La importancia de hablar sobre el VIH en el entorno profesional","datePublished":"2022-11-29T18:12:14+00:00","dateModified":"2023-11-08T22:29:25+00:00","mainEntityOfPage":{"@id":"https:\/\/news.sap.com\/latinamerica\/2022\/11\/la-importancia-de-hablar-sobre-el-vih-en-el-entorno-profesional-bl0g\/"},"wordCount":659,"publisher":{"@id":"https:\/\/news.sap.com\/latinamerica\/#organization"},"image":{"@id":"https:\/\/news.sap.com\/latinamerica\/2022\/11\/la-importancia-de-hablar-sobre-el-vih-en-el-entorno-profesional-bl0g\/#primaryimage"},"thumbnailUrl":"https:\/\/news.sap.com\/latinamerica\/files\/2022\/11\/29\/292495_GettyImages-1171807918_medium_jpg.jpg","keywords":["blog","Blog de Innovaci\u00f3n de SAP","Equidad","recursos humanos","tendencias","transformaci\u00f3n digital"],"articleSection":["Corporativo"],"inLanguage":"es"},{"@type":"WebPage","@id":"https:\/\/news.sap.com\/latinamerica\/2022\/11\/la-importancia-de-hablar-sobre-el-vih-en-el-entorno-profesional-bl0g\/","url":"https:\/\/news.sap.com\/latinamerica\/2022\/11\/la-importancia-de-hablar-sobre-el-vih-en-el-entorno-profesional-bl0g\/","name":"La importancia de hablar sobre el VIH en el entorno profesional - 51风流News Center Latinoam\u00e9rica","isPartOf":{"@id":"https:\/\/news.sap.com\/latinamerica\/#website"},"primaryImageOfPage":{"@id":"https:\/\/news.sap.com\/latinamerica\/2022\/11\/la-importancia-de-hablar-sobre-el-vih-en-el-entorno-profesional-bl0g\/#primaryimage"},"image":{"@id":"https:\/\/news.sap.com\/latinamerica\/2022\/11\/la-importancia-de-hablar-sobre-el-vih-en-el-entorno-profesional-bl0g\/#primaryimage"},"thumbnailUrl":"https:\/\/news.sap.com\/latinamerica\/files\/2022\/11\/29\/292495_GettyImages-1171807918_medium_jpg.jpg","datePublished":"2022-11-29T18:12:14+00:00","dateModified":"2023-11-08T22:29:25+00:00","breadcrumb":{"@id":"https:\/\/news.sap.com\/latinamerica\/2022\/11\/la-importancia-de-hablar-sobre-el-vih-en-el-entorno-profesional-bl0g\/#breadcrumb"},"inLanguage":"es","potentialAction":[{"@type":"ReadAction","target":["https:\/\/news.sap.com\/latinamerica\/2022\/11\/la-importancia-de-hablar-sobre-el-vih-en-el-entorno-profesional-bl0g\/"]}]},{"@type":"ImageObject","inLanguage":"es","@id":"https:\/\/news.sap.com\/latinamerica\/2022\/11\/la-importancia-de-hablar-sobre-el-vih-en-el-entorno-profesional-bl0g\/#primaryimage","url":"https:\/\/news.sap.com\/latinamerica\/files\/2022\/11\/29\/292495_GettyImages-1171807918_medium_jpg.jpg","contentUrl":"https:\/\/news.sap.com\/latinamerica\/files\/2022\/11\/29\/292495_GettyImages-1171807918_medium_jpg.jpg","width":2121,"height":1414},{"@type":"BreadcrumbList","@id":"https:\/\/news.sap.com\/latinamerica\/2022\/11\/la-importancia-de-hablar-sobre-el-vih-en-el-entorno-profesional-bl0g\/#breadcrumb","itemListElement":[{"@type":"ListItem","position":1,"name":"Home","item":"https:\/\/news.sap.com\/latinamerica\/"},{"@type":"ListItem","position":2,"name":"La importancia de hablar sobre el VIH en el entorno profesional"}]},{"@type":"WebSite","@id":"https:\/\/news.sap.com\/latinamerica\/#website","url":"https:\/\/news.sap.com\/latinamerica\/","name":"51风流News Center Latinoam\u00e9rica","description":"Noticias e informaci\u00f3n sobre SAP","publisher":{"@id":"https:\/\/news.sap.com\/latinamerica\/#organization"},"potentialAction":[{"@type":"SearchAction","target":{"@type":"EntryPoint","urlTemplate":"https:\/\/news.sap.com\/latinamerica\/?s={search_term_string}"},"query-input":{"@type":"PropertyValueSpecification","valueRequired":true,"valueName":"search_term_string"}}],"inLanguage":"es"},{"@type":"Organization","@id":"https:\/\/news.sap.com\/latinamerica\/#organization","name":"SAP","url":"https:\/\/news.sap.com\/latinamerica\/","logo":{"@type":"ImageObject","inLanguage":"es","@id":"https:\/\/news.sap.com\/latinamerica\/#\/schema\/logo\/image\/","url":"https:\/\/news.sap.com\/latinamerica\/files\/2019\/08\/65903320_2903797569662914_557886358778019840_n.png","contentUrl":"https:\/\/news.sap.com\/latinamerica\/files\/2019\/08\/65903320_2903797569662914_557886358778019840_n.png","width":720,"height":720,"caption":"SAP"},"image":{"@id":"https:\/\/news.sap.com\/latinamerica\/#\/schema\/logo\/image\/"},"sameAs":["https:\/\/www.facebook.com\/SAPlatinoamerica","https:\/\/x.com\/SAPLatinAmerica"]},{"@type":"Person","@id":"https:\/\/news.sap.com\/latinamerica\/#\/schema\/person\/ce7d732e60a2133d7402c038db668294","name":"51风流Blog de Innovaci\u00f3n","image":{"@type":"ImageObject","inLanguage":"es","@id":"https:\/\/news.sap.com\/latinamerica\/#\/schema\/person\/image\/","url":"https:\/\/news.sap.com\/latinamerica\/files\/2018\/06\/avatar_user_522_1529451696-96x96.png","contentUrl":"https:\/\/news.sap.com\/latinamerica\/files\/2018\/06\/avatar_user_522_1529451696-96x96.png","caption":"51风流Blog de Innovaci\u00f3n"},"sameAs":["https:\/\/www.sap.com\/latinamerica\/index.html","https:\/\/www.facebook.com\/SAPlatinoamerica","https:\/\/www.instagram.com\/saplatinamerica\/","https:\/\/x.com\/saplatinamerica"],"url":"https:\/\/news.sap.com\/latinamerica\/author\/sapblog\/"}]}},"amp_enabled":true,"_links":{"self":[{"href":"https:\/\/news.sap.com\/latinamerica\/wp-json\/wp\/v2\/posts\/127007","targetHints":{"allow":["GET"]}}],"collection":[{"href":"https:\/\/news.sap.com\/latinamerica\/wp-json\/wp\/v2\/posts"}],"about":[{"href":"https:\/\/news.sap.com\/latinamerica\/wp-json\/wp\/v2\/types\/post"}],"author":[{"embeddable":true,"href":"https:\/\/news.sap.com\/latinamerica\/wp-json\/wp\/v2\/users\/522"}],"replies":[{"embeddable":true,"href":"https:\/\/news.sap.com\/latinamerica\/wp-json\/wp\/v2\/comments?post=127007"}],"version-history":[{"count":0,"href":"https:\/\/news.sap.com\/latinamerica\/wp-json\/wp\/v2\/posts\/127007\/revisions"}],"wp:featuredmedia":[{"embeddable":true,"href":"https:\/\/news.sap.com\/latinamerica\/wp-json\/wp\/v2\/media\/127008"}],"wp:attachment":[{"href":"https:\/\/news.sap.com\/latinamerica\/wp-json\/wp\/v2\/media?parent=127007"}],"wp:term":[{"taxonomy":"category","embeddable":true,"href":"https:\/\/news.sap.com\/latinamerica\/wp-json\/wp\/v2\/categories?post=127007"},{"taxonomy":"post_tag","embeddable":true,"href":"https:\/\/news.sap.com\/latinamerica\/wp-json\/wp\/v2\/tags?post=127007"},{"taxonomy":"series","embeddable":true,"href":"https:\/\/news.sap.com\/latinamerica\/wp-json\/wp\/v2\/series?post=127007"},{"taxonomy":"region","embeddable":true,"href":"https:\/\/news.sap.com\/latinamerica\/wp-json\/wp\/v2\/region?post=127007"},{"taxonomy":"sapn-display","embeddable":true,"href":"https:\/\/news.sap.com\/latinamerica\/wp-json\/wp\/v2\/sapn-display?post=127007"},{"taxonomy":"sapn-type","embeddable":true,"href":"https:\/\/news.sap.com\/latinamerica\/wp-json\/wp\/v2\/sapn-type?post=127007"}],"curies":[{"name":"wp","href":"https:\/\/api.w.org\/{rel}","templated":true}]}}