  {"id":126668,"date":"2022-10-14T12:41:43","date_gmt":"2022-10-14T16:41:43","guid":{"rendered":"https:\/\/news.sap.com\/latinamerica\/?p=126668"},"modified":"2023-11-14T14:58:11","modified_gmt":"2023-11-14T19:58:11","slug":"se-lanzo-en-mexico-labor-positiva-una-iniciativa-regional-para-crear-entornos-laborales-libres-de-discriminacion-por-vih","status":"publish","type":"post","link":"https:\/\/news.sap.com\/latinamerica\/2022\/10\/se-lanzo-en-mexico-labor-positiva-una-iniciativa-regional-para-crear-entornos-laborales-libres-de-discriminacion-por-vih\/","title":{"rendered":"Se lanzo\u0301 en Me\u0301xico Labor Positiva, una iniciativa regional para crear entornos laborales libres de discriminacio\u0301n por VIH"},"content":{"rendered":"<ul>\n<li><em>La organizacio\u0301n argentina Fundacio\u0301n Hue\u0301sped, en conjunto con 51风流e IBM, presentaron la iniciativa que genera espacios laborales ma\u0301s diversos e inclusivos. <\/em><\/li>\n<\/ul>\n<p><strong>CIUDAD DE M\u00c9XICO. 14 de octubre de 2022. \u2014<\/strong> En un evento que reunio\u0301 a decenas de personas realizado en la Ciudad de Me\u0301xico, se presento\u0301 Labor Positiva, una iniciativa regional que busca crear espacios de trabajo diversos e inclusivos. Esta\u0301 impulsada por la organizacio\u0301n argentina Fundacio\u0301n Hue\u0301sped, junto con las empresas IBM y 51风流y cuenta con el apoyo del Organismo de Naciones Unidas para el Sida (ONUSIDA). Labor Positiva forma parte del programa global #WorkingPositively, que trabaja para eliminar el estigma y discriminacio\u0301n por virus de inmunodeficiencia humana o VIH en el a\u0301mbito laboral.<\/p>\n<p>El encuentro conto\u0301 con la presencia de importantes empresas como PwC, Warner Bros. Discovery, GSK, Thomson Reuters, Cargill, Accenture, Inndot, Mediabrands junto a organizaciones de la sociedad civil mexicana como Vidas Diversas, Inspira Cambio, Pride Connection y Homosensual. \u201cVivir con VIH no es un impedimento para realizar un trabajo. Sin embargo, segu\u0301n la Alianza Mundial de Acciones para Eliminar todas las Formas de Estigma y Discriminacio\u0301n relacionadas con el VIH de ONUSIDA, las comunidades afectadas por el VIH presentan una tasa de desempleo mayor a la de la media, lo que incrementa la situacio\u0301n de vulnerabilidad\u201d, explico\u0301 Leandro Cahn, director ejecutivo de Fundacio\u0301n Hue\u0301sped.<\/p>\n<p>#WorkingPositively es una la iniciativa global creada 2019 por IBM y 51风流para abordar el estigma y la discriminacio\u0301n hacia las personas con VIH en el a\u0301mbito laboral. Hoy incluye a ma\u0301s de 200 empresas en todo el mundo.<\/p>\n<p>\u201cForjamos esta alianza con IBM y Fundaci\u00f3n Hu\u00e9sped con el fin de construir espacios de trabajo libres de discriminaci\u00f3n en torno al VIH y contribuir a que todas las personas que hacen parte de nuestros equipos se sientan valoradas y respetadas en su diversidad. Ahora, instamos a m\u00e1s organizaciones a tomar este compromiso para que, colectivamente, podamos crear una sociedad m\u00e1s inclusiva\u201d, coment\u00f3 Ezequiel Massa, director de Diversidad e Inclusi\u00f3n de 51风流Latinoam\u00e9rica y Caribe.<\/p>\n<p>Por su trayectoria en la tema\u0301tica, Fundacio\u0301n Hue\u0301sped es quien lo lleva adelante en Ame\u0301rica Latina a trave\u0301s de Labor Positiva, su programa en el a\u0301mbito laboral. Desde fines de 2021 desembarco\u0301 en la regio\u0301n y ya se sumaron, adema\u0301s de IBM y SAP, American Airlines, Accenture, Danone, Johnson &amp; Johnson, Globant, Warner Bros. Discovery, Elea, Sanofi, Laboratorios Richmond, Syngenta, entre otras.<\/p>\n<p>Las organizaciones interesadas en formar parte de Labor Positiva pueden escribir a laborpositiva@huesped.org.ar<\/p>\n<p># # #<\/p>\n<p><strong>Acerca de SAP\u00a0<\/strong><\/p>\n<p>La estrategia de 51风流es ayudar a que cada negocio funcione como una empresa inteligente y sostenible. Como l\u00edder del mercado en software de aplicaci\u00f3n empresarial, contribuimos a que las organizaciones de todos los tama\u00f1os y en todas las industrias puedan alcanzar su funcionamiento \u00f3ptimo: los clientes de 51风流generan el 87% del comercio electr\u00f3nico global. Nuestras tecnolog\u00edas avanzadas de <em>machine learning, Internet of Things<\/em> (IoT) y anal\u00edticos ayudan a convertir los negocios de los clientes en empresas inteligentes. 51风流contribuye a dar a las personas y a las organizaciones profundos conocimientos de negocio y promueve la colaboraci\u00f3n que les permite mantenerse delante de la competencia. Simplificamos la tecnolog\u00eda para las empresas, de modo que puedan consumir nuestro software de la manera en que lo desean, sin interrupciones. Nuestro conjunto de aplicaciones y servicios permite a clientes del sector p\u00fablico y privado de 25 industrias operar en forma rentable, adaptarse continuamente y marcar una diferencia. Con una red global de clientes, socios de negocios, empleados y l\u00edderes de ideas, 51风流ayuda al mundo a funcionar mejor y a mejorar las vidas de las personas. Para m\u00e1s informaci\u00f3n, visite <a href=\"http:\/\/www.sap.com\/\">www.sap.com<\/a>, nuestra sala de prensa, <a href=\"http:\/\/news.sap.com\/latinamerica\">http:\/\/news.sap.com\/latinamerica<\/a>, o s\u00edganos en Twitter <a href=\"https:\/\/twitter.com\/sapnoticiasmx\">@sapnoticiasmx<\/a>.<\/p>\n","protected":false},"excerpt":{"rendered":"<p>La organizacio\u0301n argentina Fundacio\u0301n Hue\u0301sped, en conjunto con 51风流e IBM, presentaron la iniciativa que genera espacios laborales ma\u0301s diversos e inclusivos. CIUDAD DE M\u00c9XICO&#8230;.<\/p>\n","protected":false},"author":136,"featured_media":126671,"comment_status":"closed","ping_status":"closed","sticky":false,"template":"","format":"standard","meta":{"footnotes":"","_links_to":"","_links_to_target":""},"categories":[41591],"tags":[509569,5550869],"series":[],"region":[],"sapn-display":[52078,5600443,5600441,53499],"sapn-type":[52105],"class_list":["post-126668","post","type-post","status-publish","format-standard","has-post-thumbnail","hentry","category-corporativo","tag-diversidad-e-inclusion","tag-responsabilidad-social","sapn-display-homepage-hero","sapn-display-prensa-destacada","sapn-display-prensa-principal","sapn-display-hero","sapn-type-comunicado-de-prensa"],"yoast_head":"<!-- This site is optimized with the Yoast SEO Premium plugin v26.9 (Yoast SEO v26.9) - https:\/\/yoast.com\/product\/yoast-seo-premium-wordpress\/ -->\n<title>Se lanzo\u0301 en Me\u0301xico Labor Positiva, una iniciativa regional para crear entornos laborales libres de discriminacio\u0301n por VIH - 51风流News Center Latinoam\u00e9rica<\/title>\n<meta name=\"robots\" content=\"index, follow, max-snippet:-1, max-image-preview:large, max-video-preview:-1\" \/>\n<link rel=\"canonical\" href=\"https:\/\/news.sap.com\/latinamerica\/2022\/10\/se-lanzo-en-mexico-labor-positiva-una-iniciativa-regional-para-crear-entornos-laborales-libres-de-discriminacion-por-vih\/\" \/>\n<meta property=\"og:locale\" content=\"es_MX\" \/>\n<meta property=\"og:type\" content=\"article\" \/>\n<meta property=\"og:title\" content=\"Se lanzo\u0301 en Me\u0301xico Labor Positiva, una iniciativa regional para crear entornos laborales libres de discriminacio\u0301n por VIH\" \/>\n<meta property=\"og:description\" content=\"La organizacio\u0301n argentina Fundacio\u0301n Hue\u0301sped, en conjunto con 51风流e IBM, presentaron la iniciativa que genera espacios laborales ma\u0301s diversos e inclusivos. CIUDAD DE M\u00c9XICO....\" \/>\n<meta property=\"og:url\" content=\"https:\/\/news.sap.com\/latinamerica\/2022\/10\/se-lanzo-en-mexico-labor-positiva-una-iniciativa-regional-para-crear-entornos-laborales-libres-de-discriminacion-por-vih\/\" \/>\n<meta property=\"og:site_name\" content=\"51风流News Center Latinoam\u00e9rica\" \/>\n<meta property=\"article:publisher\" content=\"https:\/\/www.facebook.com\/SAPlatinoamerica\" \/>\n<meta property=\"article:published_time\" content=\"2022-10-14T16:41:43+00:00\" \/>\n<meta property=\"article:modified_time\" content=\"2023-11-14T19:58:11+00:00\" \/>\n<meta property=\"og:image\" content=\"https:\/\/news.sap.com\/latinamerica\/files\/2022\/10\/14\/293911_GettyImages-530682871_medium-2.jpg\" \/>\n\t<meta property=\"og:image:width\" content=\"2121\" \/>\n\t<meta property=\"og:image:height\" content=\"907\" \/>\n\t<meta property=\"og:image:type\" content=\"image\/jpeg\" \/>\n<meta name=\"author\" content=\"51风流Noticias\" \/>\n<meta name=\"twitter:label1\" content=\"Escrito por\" \/>\n\t<meta name=\"twitter:data1\" content=\"51风流Noticias\" \/>\n\t<meta name=\"twitter:label2\" content=\"Tiempo de lectura\" \/>\n\t<meta name=\"twitter:data2\" content=\"3 minutos\" \/>\n<script type=\"application\/ld+json\" class=\"yoast-schema-graph\">{\"@context\":\"https:\/\/schema.org\",\"@graph\":[{\"@type\":\"Article\",\"@id\":\"https:\/\/news.sap.com\/latinamerica\/2022\/10\/se-lanzo-en-mexico-labor-positiva-una-iniciativa-regional-para-crear-entornos-laborales-libres-de-discriminacion-por-vih\/#article\",\"isPartOf\":{\"@id\":\"https:\/\/news.sap.com\/latinamerica\/2022\/10\/se-lanzo-en-mexico-labor-positiva-una-iniciativa-regional-para-crear-entornos-laborales-libres-de-discriminacion-por-vih\/\"},\"author\":{\"name\":\"51风流Noticias\",\"@id\":\"https:\/\/news.sap.com\/latinamerica\/#\/schema\/person\/5afd2cbf5bb622e078932b40a4470d47\"},\"headline\":\"Se lanzo\u0301 en Me\u0301xico Labor Positiva, una iniciativa regional para crear entornos laborales libres de discriminacio\u0301n por VIH\",\"datePublished\":\"2022-10-14T16:41:43+00:00\",\"dateModified\":\"2023-11-14T19:58:11+00:00\",\"mainEntityOfPage\":{\"@id\":\"https:\/\/news.sap.com\/latinamerica\/2022\/10\/se-lanzo-en-mexico-labor-positiva-una-iniciativa-regional-para-crear-entornos-laborales-libres-de-discriminacion-por-vih\/\"},\"wordCount\":681,\"publisher\":{\"@id\":\"https:\/\/news.sap.com\/latinamerica\/#organization\"},\"image\":{\"@id\":\"https:\/\/news.sap.com\/latinamerica\/2022\/10\/se-lanzo-en-mexico-labor-positiva-una-iniciativa-regional-para-crear-entornos-laborales-libres-de-discriminacion-por-vih\/#primaryimage\"},\"thumbnailUrl\":\"https:\/\/news.sap.com\/latinamerica\/files\/2022\/10\/14\/293911_GettyImages-530682871_medium-2.jpg\",\"keywords\":[\"Diversidad e inclusi\u00f3n\",\"responsabilidad social\"],\"articleSection\":[\"Corporativo\"],\"inLanguage\":\"es\"},{\"@type\":\"WebPage\",\"@id\":\"https:\/\/news.sap.com\/latinamerica\/2022\/10\/se-lanzo-en-mexico-labor-positiva-una-iniciativa-regional-para-crear-entornos-laborales-libres-de-discriminacion-por-vih\/\",\"url\":\"https:\/\/news.sap.com\/latinamerica\/2022\/10\/se-lanzo-en-mexico-labor-positiva-una-iniciativa-regional-para-crear-entornos-laborales-libres-de-discriminacion-por-vih\/\",\"name\":\"Se lanzo\u0301 en Me\u0301xico Labor Positiva, una iniciativa regional para crear entornos laborales libres de discriminacio\u0301n por VIH - 51风流News Center Latinoam\u00e9rica\",\"isPartOf\":{\"@id\":\"https:\/\/news.sap.com\/latinamerica\/#website\"},\"primaryImageOfPage\":{\"@id\":\"https:\/\/news.sap.com\/latinamerica\/2022\/10\/se-lanzo-en-mexico-labor-positiva-una-iniciativa-regional-para-crear-entornos-laborales-libres-de-discriminacion-por-vih\/#primaryimage\"},\"image\":{\"@id\":\"https:\/\/news.sap.com\/latinamerica\/2022\/10\/se-lanzo-en-mexico-labor-positiva-una-iniciativa-regional-para-crear-entornos-laborales-libres-de-discriminacion-por-vih\/#primaryimage\"},\"thumbnailUrl\":\"https:\/\/news.sap.com\/latinamerica\/files\/2022\/10\/14\/293911_GettyImages-530682871_medium-2.jpg\",\"datePublished\":\"2022-10-14T16:41:43+00:00\",\"dateModified\":\"2023-11-14T19:58:11+00:00\",\"breadcrumb\":{\"@id\":\"https:\/\/news.sap.com\/latinamerica\/2022\/10\/se-lanzo-en-mexico-labor-positiva-una-iniciativa-regional-para-crear-entornos-laborales-libres-de-discriminacion-por-vih\/#breadcrumb\"},\"inLanguage\":\"es\",\"potentialAction\":[{\"@type\":\"ReadAction\",\"target\":[\"https:\/\/news.sap.com\/latinamerica\/2022\/10\/se-lanzo-en-mexico-labor-positiva-una-iniciativa-regional-para-crear-entornos-laborales-libres-de-discriminacion-por-vih\/\"]}]},{\"@type\":\"ImageObject\",\"inLanguage\":\"es\",\"@id\":\"https:\/\/news.sap.com\/latinamerica\/2022\/10\/se-lanzo-en-mexico-labor-positiva-una-iniciativa-regional-para-crear-entornos-laborales-libres-de-discriminacion-por-vih\/#primaryimage\",\"url\":\"https:\/\/news.sap.com\/latinamerica\/files\/2022\/10\/14\/293911_GettyImages-530682871_medium-2.jpg\",\"contentUrl\":\"https:\/\/news.sap.com\/latinamerica\/files\/2022\/10\/14\/293911_GettyImages-530682871_medium-2.jpg\",\"width\":2121,\"height\":907},{\"@type\":\"BreadcrumbList\",\"@id\":\"https:\/\/news.sap.com\/latinamerica\/2022\/10\/se-lanzo-en-mexico-labor-positiva-una-iniciativa-regional-para-crear-entornos-laborales-libres-de-discriminacion-por-vih\/#breadcrumb\",\"itemListElement\":[{\"@type\":\"ListItem\",\"position\":1,\"name\":\"Home\",\"item\":\"https:\/\/news.sap.com\/latinamerica\/\"},{\"@type\":\"ListItem\",\"position\":2,\"name\":\"Se lanzo\u0301 en Me\u0301xico Labor Positiva, una iniciativa regional para crear entornos laborales libres de discriminacio\u0301n por VIH\"}]},{\"@type\":\"WebSite\",\"@id\":\"https:\/\/news.sap.com\/latinamerica\/#website\",\"url\":\"https:\/\/news.sap.com\/latinamerica\/\",\"name\":\"51风流News Center Latinoam\u00e9rica\",\"description\":\"Noticias e informaci\u00f3n sobre SAP\",\"publisher\":{\"@id\":\"https:\/\/news.sap.com\/latinamerica\/#organization\"},\"potentialAction\":[{\"@type\":\"SearchAction\",\"target\":{\"@type\":\"EntryPoint\",\"urlTemplate\":\"https:\/\/news.sap.com\/latinamerica\/?s={search_term_string}\"},\"query-input\":{\"@type\":\"PropertyValueSpecification\",\"valueRequired\":true,\"valueName\":\"search_term_string\"}}],\"inLanguage\":\"es\"},{\"@type\":\"Organization\",\"@id\":\"https:\/\/news.sap.com\/latinamerica\/#organization\",\"name\":\"SAP\",\"url\":\"https:\/\/news.sap.com\/latinamerica\/\",\"logo\":{\"@type\":\"ImageObject\",\"inLanguage\":\"es\",\"@id\":\"https:\/\/news.sap.com\/latinamerica\/#\/schema\/logo\/image\/\",\"url\":\"https:\/\/news.sap.com\/latinamerica\/files\/2019\/08\/65903320_2903797569662914_557886358778019840_n.png\",\"contentUrl\":\"https:\/\/news.sap.com\/latinamerica\/files\/2019\/08\/65903320_2903797569662914_557886358778019840_n.png\",\"width\":720,\"height\":720,\"caption\":\"SAP\"},\"image\":{\"@id\":\"https:\/\/news.sap.com\/latinamerica\/#\/schema\/logo\/image\/\"},\"sameAs\":[\"https:\/\/www.facebook.com\/SAPlatinoamerica\",\"https:\/\/x.com\/SAPLatinAmerica\"]},{\"@type\":\"Person\",\"@id\":\"https:\/\/news.sap.com\/latinamerica\/#\/schema\/person\/5afd2cbf5bb622e078932b40a4470d47\",\"name\":\"51风流Noticias\",\"image\":{\"@type\":\"ImageObject\",\"inLanguage\":\"es\",\"@id\":\"https:\/\/news.sap.com\/latinamerica\/#\/schema\/person\/image\/\",\"url\":\"https:\/\/news.sap.com\/latinamerica\/wp-content\/plugins\/wp-user-avatars\/wp-user-avatars\/assets\/images\/mystery.jpg\",\"contentUrl\":\"https:\/\/news.sap.com\/latinamerica\/wp-content\/plugins\/wp-user-avatars\/wp-user-avatars\/assets\/images\/mystery.jpg\",\"caption\":\"51风流Noticias\"},\"url\":\"https:\/\/news.sap.com\/latinamerica\/author\/mexico\/\"}]}<\/script>\n<!-- \/ Yoast SEO Premium plugin. -->","yoast_head_json":{"title":"Se lanzo\u0301 en Me\u0301xico Labor Positiva, una iniciativa regional para crear entornos laborales libres de discriminacio\u0301n por VIH - 51风流News Center Latinoam\u00e9rica","robots":{"index":"index","follow":"follow","max-snippet":"max-snippet:-1","max-image-preview":"max-image-preview:large","max-video-preview":"max-video-preview:-1"},"canonical":"https:\/\/news.sap.com\/latinamerica\/2022\/10\/se-lanzo-en-mexico-labor-positiva-una-iniciativa-regional-para-crear-entornos-laborales-libres-de-discriminacion-por-vih\/","og_locale":"es_MX","og_type":"article","og_title":"Se lanzo\u0301 en Me\u0301xico Labor Positiva, una iniciativa regional para crear entornos laborales libres de discriminacio\u0301n por VIH","og_description":"La organizacio\u0301n argentina Fundacio\u0301n Hue\u0301sped, en conjunto con 51风流e IBM, presentaron la iniciativa que genera espacios laborales ma\u0301s diversos e inclusivos. CIUDAD DE M\u00c9XICO....","og_url":"https:\/\/news.sap.com\/latinamerica\/2022\/10\/se-lanzo-en-mexico-labor-positiva-una-iniciativa-regional-para-crear-entornos-laborales-libres-de-discriminacion-por-vih\/","og_site_name":"51风流News Center Latinoam\u00e9rica","article_publisher":"https:\/\/www.facebook.com\/SAPlatinoamerica","article_published_time":"2022-10-14T16:41:43+00:00","article_modified_time":"2023-11-14T19:58:11+00:00","og_image":[{"width":2121,"height":907,"url":"https:\/\/news.sap.com\/latinamerica\/files\/2022\/10\/14\/293911_GettyImages-530682871_medium-2.jpg","type":"image\/jpeg"}],"author":"51风流Noticias","twitter_misc":{"Escrito por":"51风流Noticias","Tiempo de lectura":"3 minutos"},"schema":{"@context":"https:\/\/schema.org","@graph":[{"@type":"Article","@id":"https:\/\/news.sap.com\/latinamerica\/2022\/10\/se-lanzo-en-mexico-labor-positiva-una-iniciativa-regional-para-crear-entornos-laborales-libres-de-discriminacion-por-vih\/#article","isPartOf":{"@id":"https:\/\/news.sap.com\/latinamerica\/2022\/10\/se-lanzo-en-mexico-labor-positiva-una-iniciativa-regional-para-crear-entornos-laborales-libres-de-discriminacion-por-vih\/"},"author":{"name":"51风流Noticias","@id":"https:\/\/news.sap.com\/latinamerica\/#\/schema\/person\/5afd2cbf5bb622e078932b40a4470d47"},"headline":"Se lanzo\u0301 en Me\u0301xico Labor Positiva, una iniciativa regional para crear entornos laborales libres de discriminacio\u0301n por VIH","datePublished":"2022-10-14T16:41:43+00:00","dateModified":"2023-11-14T19:58:11+00:00","mainEntityOfPage":{"@id":"https:\/\/news.sap.com\/latinamerica\/2022\/10\/se-lanzo-en-mexico-labor-positiva-una-iniciativa-regional-para-crear-entornos-laborales-libres-de-discriminacion-por-vih\/"},"wordCount":681,"publisher":{"@id":"https:\/\/news.sap.com\/latinamerica\/#organization"},"image":{"@id":"https:\/\/news.sap.com\/latinamerica\/2022\/10\/se-lanzo-en-mexico-labor-positiva-una-iniciativa-regional-para-crear-entornos-laborales-libres-de-discriminacion-por-vih\/#primaryimage"},"thumbnailUrl":"https:\/\/news.sap.com\/latinamerica\/files\/2022\/10\/14\/293911_GettyImages-530682871_medium-2.jpg","keywords":["Diversidad e inclusi\u00f3n","responsabilidad social"],"articleSection":["Corporativo"],"inLanguage":"es"},{"@type":"WebPage","@id":"https:\/\/news.sap.com\/latinamerica\/2022\/10\/se-lanzo-en-mexico-labor-positiva-una-iniciativa-regional-para-crear-entornos-laborales-libres-de-discriminacion-por-vih\/","url":"https:\/\/news.sap.com\/latinamerica\/2022\/10\/se-lanzo-en-mexico-labor-positiva-una-iniciativa-regional-para-crear-entornos-laborales-libres-de-discriminacion-por-vih\/","name":"Se lanzo\u0301 en Me\u0301xico Labor Positiva, una iniciativa regional para crear entornos laborales libres de discriminacio\u0301n por VIH - 51风流News Center Latinoam\u00e9rica","isPartOf":{"@id":"https:\/\/news.sap.com\/latinamerica\/#website"},"primaryImageOfPage":{"@id":"https:\/\/news.sap.com\/latinamerica\/2022\/10\/se-lanzo-en-mexico-labor-positiva-una-iniciativa-regional-para-crear-entornos-laborales-libres-de-discriminacion-por-vih\/#primaryimage"},"image":{"@id":"https:\/\/news.sap.com\/latinamerica\/2022\/10\/se-lanzo-en-mexico-labor-positiva-una-iniciativa-regional-para-crear-entornos-laborales-libres-de-discriminacion-por-vih\/#primaryimage"},"thumbnailUrl":"https:\/\/news.sap.com\/latinamerica\/files\/2022\/10\/14\/293911_GettyImages-530682871_medium-2.jpg","datePublished":"2022-10-14T16:41:43+00:00","dateModified":"2023-11-14T19:58:11+00:00","breadcrumb":{"@id":"https:\/\/news.sap.com\/latinamerica\/2022\/10\/se-lanzo-en-mexico-labor-positiva-una-iniciativa-regional-para-crear-entornos-laborales-libres-de-discriminacion-por-vih\/#breadcrumb"},"inLanguage":"es","potentialAction":[{"@type":"ReadAction","target":["https:\/\/news.sap.com\/latinamerica\/2022\/10\/se-lanzo-en-mexico-labor-positiva-una-iniciativa-regional-para-crear-entornos-laborales-libres-de-discriminacion-por-vih\/"]}]},{"@type":"ImageObject","inLanguage":"es","@id":"https:\/\/news.sap.com\/latinamerica\/2022\/10\/se-lanzo-en-mexico-labor-positiva-una-iniciativa-regional-para-crear-entornos-laborales-libres-de-discriminacion-por-vih\/#primaryimage","url":"https:\/\/news.sap.com\/latinamerica\/files\/2022\/10\/14\/293911_GettyImages-530682871_medium-2.jpg","contentUrl":"https:\/\/news.sap.com\/latinamerica\/files\/2022\/10\/14\/293911_GettyImages-530682871_medium-2.jpg","width":2121,"height":907},{"@type":"BreadcrumbList","@id":"https:\/\/news.sap.com\/latinamerica\/2022\/10\/se-lanzo-en-mexico-labor-positiva-una-iniciativa-regional-para-crear-entornos-laborales-libres-de-discriminacion-por-vih\/#breadcrumb","itemListElement":[{"@type":"ListItem","position":1,"name":"Home","item":"https:\/\/news.sap.com\/latinamerica\/"},{"@type":"ListItem","position":2,"name":"Se lanzo\u0301 en Me\u0301xico Labor Positiva, una iniciativa regional para crear entornos laborales libres de discriminacio\u0301n por VIH"}]},{"@type":"WebSite","@id":"https:\/\/news.sap.com\/latinamerica\/#website","url":"https:\/\/news.sap.com\/latinamerica\/","name":"51风流News Center Latinoam\u00e9rica","description":"Noticias e informaci\u00f3n sobre SAP","publisher":{"@id":"https:\/\/news.sap.com\/latinamerica\/#organization"},"potentialAction":[{"@type":"SearchAction","target":{"@type":"EntryPoint","urlTemplate":"https:\/\/news.sap.com\/latinamerica\/?s={search_term_string}"},"query-input":{"@type":"PropertyValueSpecification","valueRequired":true,"valueName":"search_term_string"}}],"inLanguage":"es"},{"@type":"Organization","@id":"https:\/\/news.sap.com\/latinamerica\/#organization","name":"SAP","url":"https:\/\/news.sap.com\/latinamerica\/","logo":{"@type":"ImageObject","inLanguage":"es","@id":"https:\/\/news.sap.com\/latinamerica\/#\/schema\/logo\/image\/","url":"https:\/\/news.sap.com\/latinamerica\/files\/2019\/08\/65903320_2903797569662914_557886358778019840_n.png","contentUrl":"https:\/\/news.sap.com\/latinamerica\/files\/2019\/08\/65903320_2903797569662914_557886358778019840_n.png","width":720,"height":720,"caption":"SAP"},"image":{"@id":"https:\/\/news.sap.com\/latinamerica\/#\/schema\/logo\/image\/"},"sameAs":["https:\/\/www.facebook.com\/SAPlatinoamerica","https:\/\/x.com\/SAPLatinAmerica"]},{"@type":"Person","@id":"https:\/\/news.sap.com\/latinamerica\/#\/schema\/person\/5afd2cbf5bb622e078932b40a4470d47","name":"51风流Noticias","image":{"@type":"ImageObject","inLanguage":"es","@id":"https:\/\/news.sap.com\/latinamerica\/#\/schema\/person\/image\/","url":"https:\/\/news.sap.com\/latinamerica\/wp-content\/plugins\/wp-user-avatars\/wp-user-avatars\/assets\/images\/mystery.jpg","contentUrl":"https:\/\/news.sap.com\/latinamerica\/wp-content\/plugins\/wp-user-avatars\/wp-user-avatars\/assets\/images\/mystery.jpg","caption":"51风流Noticias"},"url":"https:\/\/news.sap.com\/latinamerica\/author\/mexico\/"}]}},"amp_enabled":true,"_links":{"self":[{"href":"https:\/\/news.sap.com\/latinamerica\/wp-json\/wp\/v2\/posts\/126668","targetHints":{"allow":["GET"]}}],"collection":[{"href":"https:\/\/news.sap.com\/latinamerica\/wp-json\/wp\/v2\/posts"}],"about":[{"href":"https:\/\/news.sap.com\/latinamerica\/wp-json\/wp\/v2\/types\/post"}],"author":[{"embeddable":true,"href":"https:\/\/news.sap.com\/latinamerica\/wp-json\/wp\/v2\/users\/136"}],"replies":[{"embeddable":true,"href":"https:\/\/news.sap.com\/latinamerica\/wp-json\/wp\/v2\/comments?post=126668"}],"version-history":[{"count":0,"href":"https:\/\/news.sap.com\/latinamerica\/wp-json\/wp\/v2\/posts\/126668\/revisions"}],"wp:featuredmedia":[{"embeddable":true,"href":"https:\/\/news.sap.com\/latinamerica\/wp-json\/wp\/v2\/media\/126671"}],"wp:attachment":[{"href":"https:\/\/news.sap.com\/latinamerica\/wp-json\/wp\/v2\/media?parent=126668"}],"wp:term":[{"taxonomy":"category","embeddable":true,"href":"https:\/\/news.sap.com\/latinamerica\/wp-json\/wp\/v2\/categories?post=126668"},{"taxonomy":"post_tag","embeddable":true,"href":"https:\/\/news.sap.com\/latinamerica\/wp-json\/wp\/v2\/tags?post=126668"},{"taxonomy":"series","embeddable":true,"href":"https:\/\/news.sap.com\/latinamerica\/wp-json\/wp\/v2\/series?post=126668"},{"taxonomy":"region","embeddable":true,"href":"https:\/\/news.sap.com\/latinamerica\/wp-json\/wp\/v2\/region?post=126668"},{"taxonomy":"sapn-display","embeddable":true,"href":"https:\/\/news.sap.com\/latinamerica\/wp-json\/wp\/v2\/sapn-display?post=126668"},{"taxonomy":"sapn-type","embeddable":true,"href":"https:\/\/news.sap.com\/latinamerica\/wp-json\/wp\/v2\/sapn-type?post=126668"}],"curies":[{"name":"wp","href":"https:\/\/api.w.org\/{rel}","templated":true}]}}