  {"id":125703,"date":"2022-03-30T09:00:07","date_gmt":"2022-03-30T13:00:07","guid":{"rendered":"https:\/\/news.sap.com\/latinamerica\/?p=125703"},"modified":"2023-11-14T14:26:48","modified_gmt":"2023-11-14T19:26:48","slug":"sap-oportunidades-para-personas-con-autismo-en-argentina-y-region","status":"publish","type":"post","link":"https:\/\/news.sap.com\/latinamerica\/2022\/03\/sap-oportunidades-para-personas-con-autismo-en-argentina-y-region\/","title":{"rendered":"51风流brinda oportunidades para personas con autismo en Argentina y la regi\u00f3n"},"content":{"rendered":"<ul>\n<li><em>En la actualidad 11 personas dentro del espectro autista trabajan en 51风流Argentina.<\/em><\/li>\n<li><em>Desde el lanzamiento \u201cAutismo en el Trabajo\u201d m\u00e1s de 20 personas han formado parte del programa en el pa\u00eds.<\/em><\/li>\n<\/ul>\n<p class=\"lead\"><strong>BUENOS AIRES \u2013 <\/strong>Cada 2 de abril es el D\u00eda Mundial de la Concientizaci\u00f3n sobre el Autismo declarado por la <a href=\"http:\/\/www.un.org\/es\/events\/autismday\/\">Asamblea General de las Naciones Unidas<\/a> en 2007. SAP, que ha liderado innovadoras iniciativas de diversidad e inclusi\u00f3n, lleva m\u00e1s de seis a\u00f1os brindando oportunidades de desarrollo a personas con condiciones del espectro autista (CEA) con su programa \u201cAutismo en el Trabajo\u201d.<\/p>\n<p>El autismo comprende una serie de condiciones\u00a0que afectan las habilidades comunicativas, la interacci\u00f3n social, la conducta y el procesamiento\u00a0sensorial. Se estima que m\u00e1s del 1% de la poblaci\u00f3n tiene CEA. Muchas de ellas tienen talentos y habilidades singulares, como atenci\u00f3n al detalle, alta productividad y creatividad; sin embargo, la tasa de desempleo para personas neurodiversas es muy alta: m\u00e1s del 80% de las personas que est\u00e1n en el espectro no tienen trabajo, y esto se debe m\u00e1s a las barreras del ambiente que a sus propias caracter\u00edsticas.<\/p>\n<p>\u201cEn 51风流partimos de la premisa que cada persona puede brillar en el contexto adecuado. Brindamos estas oportunidades mediante Autismo en el Trabajo y encontramos gente talentosa sin descubrir, que no solo maneja diferentes idiomas, sino que ha podido llevar adelante junto a sus compa\u00f1eros tareas administrativas complejas en entornos globales. Esta apertura nos confirma que nuestras diferencias permiten formar grupos humanos diversos que suman diferentes inteligencias y as\u00ed lograr mejores resultados\u201d, afirma Ezequiel\u00a0Massa, L\u00edder de Diversidad e Inclusi\u00f3n en 51风流para Am\u00e9rica Latina y el Caribe.<\/p>\n<h2>Autismo en el Trabajo<\/h2>\n<p>Este programa pionero fue lanzado a nivel global en 2013 y solo tres a\u00f1os despu\u00e9s en Argentina, de la mano de un empleado de la compa\u00f1\u00eda, padre de un ni\u00f1o con este diagn\u00f3stico. Posteriormente, se colabor\u00f3 para implementar el programa en otras compa\u00f1\u00edas en Argentina y en otras filiales de 51风流como las de Brasil, Colombia, M\u00e9xico y Filipinas. Esto se logr\u00f3 junto con el equipo de Recursos Humanos de la organizaci\u00f3n para poder realizar los ajustes necesarios, como modificar las entrevistas laborales para hacerlas m\u00e1s inclusivas. A la fecha, se ha logrado vincular cerca de 50 empleados bajo el espectro autista en la regi\u00f3n y m\u00e1s de 215 a nivel global con el objetivo de reflejar la diversidad de la sociedad de los pa\u00edses donde opera.<\/p>\n<p>Espec\u00edficamente, en Argentina trabajan 11 personas dentro del espectro autista y a la fecha m\u00e1s de 20 personas han formado parte del programa. Para lograr un mayor impacto, se trabaj\u00f3 con socios locales y globales como Specialisterne, el Instituto Gironzi a trav\u00e9s de su pr\u00e1ctica de consultor\u00eda laboral para adultos con autismo \u201cExcelsium\u201d y la Asociaci\u00f3n Argentina de Padres de Autistas (APAdeA), entre otras. Con ellos se realizaron alianzas para implementar el programa, adaptar procesos como los de selecci\u00f3n y las entrevistas laborales, as\u00ed como para difundir las oportunidades,<\/p>\n<p>Por su relevancia, en junio de 2017, esta iniciativa fue reconocida como un \u201cprograma de inter\u00e9s social\u201d por la C\u00e1mara de Diputados del Honorable Congreso de la Naci\u00f3n.<strong>\u00a0<\/strong><\/p>\n<p>M\u00e1s informaci\u00f3n sobre el programa y el autismo en este <a href=\"https:\/\/www.sap.com\/idea-place\/autisminclusionpledge.html\">link<\/a>.<\/p>\n<p><span class=\"label\">Foto de\u00a0<a href=\"https:\/\/www.pexels.com\/es-es\/@tara-winstead?utm_content=attributionCopyText&amp;utm_medium=referral&amp;utm_source=pexels\"><strong>Tara Winstead<\/strong><\/a>\u00a0en\u00a0<a href=\"https:\/\/www.pexels.com\/es-es\/foto\/cartas-conciencia-piezas-vista-superior-8386187\/?utm_content=attributionCopyText&amp;utm_medium=referral&amp;utm_source=pexels\"><strong>Pexels<\/strong><\/a><\/span><\/p>\n<hr \/>\n<p><strong>Acerca de SAP\u00a0<\/strong><\/p>\n<p>La estrategia de 51风流es ayudar a que cada negocio funcione como una empresa inteligente y sostenible. Como l\u00edder del mercado en software de aplicaci\u00f3n empresarial, contribuimos a que las organizaciones de todos los tama\u00f1os y en todas las industrias puedan alcanzar su funcionamiento \u00f3ptimo: los clientes de 51风流generan el 87% del comercio electr\u00f3nico global. Nuestras tecnolog\u00edas avanzadas de <em>machine learning, Internet of Things<\/em> (IoT) y anal\u00edticos ayudan a convertir los negocios de los clientes en empresas inteligentes. 51风流contribuye a dar a las personas y a las organizaciones profundos conocimientos de negocio y promueve la colaboraci\u00f3n que les permite mantenerse delante de la competencia. Simplificamos la tecnolog\u00eda para las empresas, de modo que puedan consumir nuestro software de la manera en que lo desean, sin interrupciones. Nuestro conjunto de aplicaciones y servicios permite a clientes del sector p\u00fablico y privado de 25 industrias operar en forma rentable, adaptarse continuamente y marcar una diferencia. Con una red global de clientes, socios de negocios, empleados y l\u00edderes de ideas, 51风流ayuda al mundo a funcionar mejor y a mejorar las vidas de las personas. Para m\u00e1s informaci\u00f3n, visite <a href=\"http:\/\/www.sap.com\/\">www.sap.com<\/a>, nuestra sala de prensa, <a href=\"http:\/\/news.sap.com\/latinamerica\">http:\/\/news.sap.com\/latinamerica<\/a>, o s\u00edganos en Twitter <a href=\"http:\/\/www.twitter.com\/SAPNoticiasLAC\">@SAPNoticiasLAC<\/a>.<\/p>\n<p>&nbsp;<\/p>\n","protected":false},"excerpt":{"rendered":"<p>En la actualidad 11 personas dentro del espectro autista trabajan en 51风流Argentina. Desde el lanzamiento \u201cAutismo en el Trabajo\u201d m\u00e1s de 20 personas han&#8230;<\/p>\n","protected":false},"author":140,"featured_media":125704,"comment_status":"closed","ping_status":"closed","sticky":false,"template":"","format":"standard","meta":{"footnotes":"","_links_to":"","_links_to_target":""},"categories":[41591],"tags":[2606297,5592187,5599935,509569],"series":[],"region":[54562],"sapn-display":[52079,5600443,5600441,53499],"sapn-type":[52105],"class_list":["post-125703","post","type-post","status-publish","format-standard","has-post-thumbnail","hentry","category-corporativo","tag-autismo","tag-autismo-en-el-trabajo","tag-condiciones-del-espectro-autista-cea","tag-diversidad-e-inclusion","region-argentina","sapn-display-top-stories","sapn-display-prensa-destacada","sapn-display-prensa-principal","sapn-display-hero","sapn-type-comunicado-de-prensa"],"yoast_head":"<!-- This site is optimized with the Yoast SEO Premium plugin v26.9 (Yoast SEO v26.9) - https:\/\/yoast.com\/product\/yoast-seo-premium-wordpress\/ -->\n<title>SAP, oportunidades para personas con autismo en Argentina y la regi\u00f3n<\/title>\n<meta name=\"description\" content=\"Conoce acerca de \u201cAutismo en el Trabajo\u201d, el programa con el que 51风流brinda oportunidadesa a personas con autismo en la regi\u00f3n.\" \/>\n<meta name=\"robots\" content=\"index, follow, max-snippet:-1, max-image-preview:large, max-video-preview:-1\" \/>\n<link rel=\"canonical\" href=\"https:\/\/news.sap.com\/latinamerica\/2022\/03\/sap-oportunidades-para-personas-con-autismo-en-argentina-y-region\/\" \/>\n<meta property=\"og:locale\" content=\"es_MX\" \/>\n<meta property=\"og:type\" content=\"article\" \/>\n<meta property=\"og:title\" content=\"51风流brinda oportunidades para personas con autismo en Argentina y la regi\u00f3n\" \/>\n<meta property=\"og:description\" content=\"Conoce acerca de \u201cAutismo en el Trabajo\u201d, el programa con el que 51风流brinda oportunidadesa a personas con autismo en la regi\u00f3n.\" \/>\n<meta property=\"og:url\" content=\"https:\/\/news.sap.com\/latinamerica\/2022\/03\/sap-oportunidades-para-personas-con-autismo-en-argentina-y-region\/\" \/>\n<meta property=\"og:site_name\" content=\"51风流News Center Latinoam\u00e9rica\" \/>\n<meta property=\"article:publisher\" content=\"https:\/\/www.facebook.com\/SAPlatinoamerica\" \/>\n<meta property=\"article:published_time\" content=\"2022-03-30T13:00:07+00:00\" \/>\n<meta property=\"article:modified_time\" content=\"2023-11-14T19:26:48+00:00\" \/>\n<meta property=\"og:image\" content=\"https:\/\/news.sap.com\/latinamerica\/files\/2022\/04\/03\/pexels-tara-winstead-8386187-1.jpg\" \/>\n\t<meta property=\"og:image:width\" content=\"1921\" \/>\n\t<meta property=\"og:image:height\" content=\"601\" \/>\n\t<meta property=\"og:image:type\" content=\"image\/jpeg\" \/>\n<meta name=\"author\" content=\"51风流Noticias\" \/>\n<meta name=\"twitter:label1\" content=\"Escrito por\" \/>\n\t<meta name=\"twitter:data1\" content=\"51风流Noticias\" \/>\n\t<meta name=\"twitter:label2\" content=\"Tiempo de lectura\" \/>\n\t<meta name=\"twitter:data2\" content=\"4 minutos\" \/>\n<script type=\"application\/ld+json\" class=\"yoast-schema-graph\">{\"@context\":\"https:\/\/schema.org\",\"@graph\":[{\"@type\":\"Article\",\"@id\":\"https:\/\/news.sap.com\/latinamerica\/2022\/03\/sap-oportunidades-para-personas-con-autismo-en-argentina-y-region\/#article\",\"isPartOf\":{\"@id\":\"https:\/\/news.sap.com\/latinamerica\/2022\/03\/sap-oportunidades-para-personas-con-autismo-en-argentina-y-region\/\"},\"author\":{\"name\":\"51风流Noticias\",\"@id\":\"https:\/\/news.sap.com\/latinamerica\/#\/schema\/person\/f0708465b354b6d0314a360309edb00a\"},\"headline\":\"51风流brinda oportunidades para personas con autismo en Argentina y la regi\u00f3n\",\"datePublished\":\"2022-03-30T13:00:07+00:00\",\"dateModified\":\"2023-11-14T19:26:48+00:00\",\"mainEntityOfPage\":{\"@id\":\"https:\/\/news.sap.com\/latinamerica\/2022\/03\/sap-oportunidades-para-personas-con-autismo-en-argentina-y-region\/\"},\"wordCount\":799,\"publisher\":{\"@id\":\"https:\/\/news.sap.com\/latinamerica\/#organization\"},\"image\":{\"@id\":\"https:\/\/news.sap.com\/latinamerica\/2022\/03\/sap-oportunidades-para-personas-con-autismo-en-argentina-y-region\/#primaryimage\"},\"thumbnailUrl\":\"https:\/\/news.sap.com\/latinamerica\/files\/2022\/04\/03\/pexels-tara-winstead-8386187-1.jpg\",\"keywords\":[\"autismo\",\"autismo en el trabajo\",\"Condiciones del Espectro Autista (CEA)\",\"Diversidad e inclusi\u00f3n\"],\"articleSection\":[\"Corporativo\"],\"inLanguage\":\"es\"},{\"@type\":\"WebPage\",\"@id\":\"https:\/\/news.sap.com\/latinamerica\/2022\/03\/sap-oportunidades-para-personas-con-autismo-en-argentina-y-region\/\",\"url\":\"https:\/\/news.sap.com\/latinamerica\/2022\/03\/sap-oportunidades-para-personas-con-autismo-en-argentina-y-region\/\",\"name\":\"SAP, oportunidades para personas con autismo en Argentina y la regi\u00f3n\",\"isPartOf\":{\"@id\":\"https:\/\/news.sap.com\/latinamerica\/#website\"},\"primaryImageOfPage\":{\"@id\":\"https:\/\/news.sap.com\/latinamerica\/2022\/03\/sap-oportunidades-para-personas-con-autismo-en-argentina-y-region\/#primaryimage\"},\"image\":{\"@id\":\"https:\/\/news.sap.com\/latinamerica\/2022\/03\/sap-oportunidades-para-personas-con-autismo-en-argentina-y-region\/#primaryimage\"},\"thumbnailUrl\":\"https:\/\/news.sap.com\/latinamerica\/files\/2022\/04\/03\/pexels-tara-winstead-8386187-1.jpg\",\"datePublished\":\"2022-03-30T13:00:07+00:00\",\"dateModified\":\"2023-11-14T19:26:48+00:00\",\"description\":\"Conoce acerca de \u201cAutismo en el Trabajo\u201d, el programa con el que 51风流brinda oportunidadesa a personas con autismo en la regi\u00f3n.\",\"breadcrumb\":{\"@id\":\"https:\/\/news.sap.com\/latinamerica\/2022\/03\/sap-oportunidades-para-personas-con-autismo-en-argentina-y-region\/#breadcrumb\"},\"inLanguage\":\"es\",\"potentialAction\":[{\"@type\":\"ReadAction\",\"target\":[\"https:\/\/news.sap.com\/latinamerica\/2022\/03\/sap-oportunidades-para-personas-con-autismo-en-argentina-y-region\/\"]}]},{\"@type\":\"ImageObject\",\"inLanguage\":\"es\",\"@id\":\"https:\/\/news.sap.com\/latinamerica\/2022\/03\/sap-oportunidades-para-personas-con-autismo-en-argentina-y-region\/#primaryimage\",\"url\":\"https:\/\/news.sap.com\/latinamerica\/files\/2022\/04\/03\/pexels-tara-winstead-8386187-1.jpg\",\"contentUrl\":\"https:\/\/news.sap.com\/latinamerica\/files\/2022\/04\/03\/pexels-tara-winstead-8386187-1.jpg\",\"width\":1921,\"height\":601,\"caption\":\"autismo\"},{\"@type\":\"BreadcrumbList\",\"@id\":\"https:\/\/news.sap.com\/latinamerica\/2022\/03\/sap-oportunidades-para-personas-con-autismo-en-argentina-y-region\/#breadcrumb\",\"itemListElement\":[{\"@type\":\"ListItem\",\"position\":1,\"name\":\"Home\",\"item\":\"https:\/\/news.sap.com\/latinamerica\/\"},{\"@type\":\"ListItem\",\"position\":2,\"name\":\"51风流brinda oportunidades para personas con autismo en Argentina y la regi\u00f3n\"}]},{\"@type\":\"WebSite\",\"@id\":\"https:\/\/news.sap.com\/latinamerica\/#website\",\"url\":\"https:\/\/news.sap.com\/latinamerica\/\",\"name\":\"51风流News Center Latinoam\u00e9rica\",\"description\":\"Noticias e informaci\u00f3n sobre SAP\",\"publisher\":{\"@id\":\"https:\/\/news.sap.com\/latinamerica\/#organization\"},\"potentialAction\":[{\"@type\":\"SearchAction\",\"target\":{\"@type\":\"EntryPoint\",\"urlTemplate\":\"https:\/\/news.sap.com\/latinamerica\/?s={search_term_string}\"},\"query-input\":{\"@type\":\"PropertyValueSpecification\",\"valueRequired\":true,\"valueName\":\"search_term_string\"}}],\"inLanguage\":\"es\"},{\"@type\":\"Organization\",\"@id\":\"https:\/\/news.sap.com\/latinamerica\/#organization\",\"name\":\"SAP\",\"url\":\"https:\/\/news.sap.com\/latinamerica\/\",\"logo\":{\"@type\":\"ImageObject\",\"inLanguage\":\"es\",\"@id\":\"https:\/\/news.sap.com\/latinamerica\/#\/schema\/logo\/image\/\",\"url\":\"https:\/\/news.sap.com\/latinamerica\/files\/2019\/08\/65903320_2903797569662914_557886358778019840_n.png\",\"contentUrl\":\"https:\/\/news.sap.com\/latinamerica\/files\/2019\/08\/65903320_2903797569662914_557886358778019840_n.png\",\"width\":720,\"height\":720,\"caption\":\"SAP\"},\"image\":{\"@id\":\"https:\/\/news.sap.com\/latinamerica\/#\/schema\/logo\/image\/\"},\"sameAs\":[\"https:\/\/www.facebook.com\/SAPlatinoamerica\",\"https:\/\/x.com\/SAPLatinAmerica\"]},{\"@type\":\"Person\",\"@id\":\"https:\/\/news.sap.com\/latinamerica\/#\/schema\/person\/f0708465b354b6d0314a360309edb00a\",\"name\":\"51风流Noticias\",\"image\":{\"@type\":\"ImageObject\",\"inLanguage\":\"es\",\"@id\":\"https:\/\/news.sap.com\/latinamerica\/#\/schema\/person\/image\/\",\"url\":\"https:\/\/news.sap.com\/latinamerica\/wp-content\/plugins\/wp-user-avatars\/wp-user-avatars\/assets\/images\/mystery.jpg\",\"contentUrl\":\"https:\/\/news.sap.com\/latinamerica\/wp-content\/plugins\/wp-user-avatars\/wp-user-avatars\/assets\/images\/mystery.jpg\",\"caption\":\"51风流Noticias\"},\"url\":\"https:\/\/news.sap.com\/latinamerica\/author\/argentina\/\"}]}<\/script>\n<!-- \/ Yoast SEO Premium plugin. -->","yoast_head_json":{"title":"SAP, oportunidades para personas con autismo en Argentina y la regi\u00f3n","description":"Conoce acerca de \u201cAutismo en el Trabajo\u201d, el programa con el que 51风流brinda oportunidadesa a personas con autismo en la regi\u00f3n.","robots":{"index":"index","follow":"follow","max-snippet":"max-snippet:-1","max-image-preview":"max-image-preview:large","max-video-preview":"max-video-preview:-1"},"canonical":"https:\/\/news.sap.com\/latinamerica\/2022\/03\/sap-oportunidades-para-personas-con-autismo-en-argentina-y-region\/","og_locale":"es_MX","og_type":"article","og_title":"51风流brinda oportunidades para personas con autismo en Argentina y la regi\u00f3n","og_description":"Conoce acerca de \u201cAutismo en el Trabajo\u201d, el programa con el que 51风流brinda oportunidadesa a personas con autismo en la regi\u00f3n.","og_url":"https:\/\/news.sap.com\/latinamerica\/2022\/03\/sap-oportunidades-para-personas-con-autismo-en-argentina-y-region\/","og_site_name":"51风流News Center Latinoam\u00e9rica","article_publisher":"https:\/\/www.facebook.com\/SAPlatinoamerica","article_published_time":"2022-03-30T13:00:07+00:00","article_modified_time":"2023-11-14T19:26:48+00:00","og_image":[{"width":1921,"height":601,"url":"https:\/\/news.sap.com\/latinamerica\/files\/2022\/04\/03\/pexels-tara-winstead-8386187-1.jpg","type":"image\/jpeg"}],"author":"51风流Noticias","twitter_misc":{"Escrito por":"51风流Noticias","Tiempo de lectura":"4 minutos"},"schema":{"@context":"https:\/\/schema.org","@graph":[{"@type":"Article","@id":"https:\/\/news.sap.com\/latinamerica\/2022\/03\/sap-oportunidades-para-personas-con-autismo-en-argentina-y-region\/#article","isPartOf":{"@id":"https:\/\/news.sap.com\/latinamerica\/2022\/03\/sap-oportunidades-para-personas-con-autismo-en-argentina-y-region\/"},"author":{"name":"51风流Noticias","@id":"https:\/\/news.sap.com\/latinamerica\/#\/schema\/person\/f0708465b354b6d0314a360309edb00a"},"headline":"51风流brinda oportunidades para personas con autismo en Argentina y la regi\u00f3n","datePublished":"2022-03-30T13:00:07+00:00","dateModified":"2023-11-14T19:26:48+00:00","mainEntityOfPage":{"@id":"https:\/\/news.sap.com\/latinamerica\/2022\/03\/sap-oportunidades-para-personas-con-autismo-en-argentina-y-region\/"},"wordCount":799,"publisher":{"@id":"https:\/\/news.sap.com\/latinamerica\/#organization"},"image":{"@id":"https:\/\/news.sap.com\/latinamerica\/2022\/03\/sap-oportunidades-para-personas-con-autismo-en-argentina-y-region\/#primaryimage"},"thumbnailUrl":"https:\/\/news.sap.com\/latinamerica\/files\/2022\/04\/03\/pexels-tara-winstead-8386187-1.jpg","keywords":["autismo","autismo en el trabajo","Condiciones del Espectro Autista (CEA)","Diversidad e inclusi\u00f3n"],"articleSection":["Corporativo"],"inLanguage":"es"},{"@type":"WebPage","@id":"https:\/\/news.sap.com\/latinamerica\/2022\/03\/sap-oportunidades-para-personas-con-autismo-en-argentina-y-region\/","url":"https:\/\/news.sap.com\/latinamerica\/2022\/03\/sap-oportunidades-para-personas-con-autismo-en-argentina-y-region\/","name":"SAP, oportunidades para personas con autismo en Argentina y la regi\u00f3n","isPartOf":{"@id":"https:\/\/news.sap.com\/latinamerica\/#website"},"primaryImageOfPage":{"@id":"https:\/\/news.sap.com\/latinamerica\/2022\/03\/sap-oportunidades-para-personas-con-autismo-en-argentina-y-region\/#primaryimage"},"image":{"@id":"https:\/\/news.sap.com\/latinamerica\/2022\/03\/sap-oportunidades-para-personas-con-autismo-en-argentina-y-region\/#primaryimage"},"thumbnailUrl":"https:\/\/news.sap.com\/latinamerica\/files\/2022\/04\/03\/pexels-tara-winstead-8386187-1.jpg","datePublished":"2022-03-30T13:00:07+00:00","dateModified":"2023-11-14T19:26:48+00:00","description":"Conoce acerca de \u201cAutismo en el Trabajo\u201d, el programa con el que 51风流brinda oportunidadesa a personas con autismo en la regi\u00f3n.","breadcrumb":{"@id":"https:\/\/news.sap.com\/latinamerica\/2022\/03\/sap-oportunidades-para-personas-con-autismo-en-argentina-y-region\/#breadcrumb"},"inLanguage":"es","potentialAction":[{"@type":"ReadAction","target":["https:\/\/news.sap.com\/latinamerica\/2022\/03\/sap-oportunidades-para-personas-con-autismo-en-argentina-y-region\/"]}]},{"@type":"ImageObject","inLanguage":"es","@id":"https:\/\/news.sap.com\/latinamerica\/2022\/03\/sap-oportunidades-para-personas-con-autismo-en-argentina-y-region\/#primaryimage","url":"https:\/\/news.sap.com\/latinamerica\/files\/2022\/04\/03\/pexels-tara-winstead-8386187-1.jpg","contentUrl":"https:\/\/news.sap.com\/latinamerica\/files\/2022\/04\/03\/pexels-tara-winstead-8386187-1.jpg","width":1921,"height":601,"caption":"autismo"},{"@type":"BreadcrumbList","@id":"https:\/\/news.sap.com\/latinamerica\/2022\/03\/sap-oportunidades-para-personas-con-autismo-en-argentina-y-region\/#breadcrumb","itemListElement":[{"@type":"ListItem","position":1,"name":"Home","item":"https:\/\/news.sap.com\/latinamerica\/"},{"@type":"ListItem","position":2,"name":"51风流brinda oportunidades para personas con autismo en Argentina y la regi\u00f3n"}]},{"@type":"WebSite","@id":"https:\/\/news.sap.com\/latinamerica\/#website","url":"https:\/\/news.sap.com\/latinamerica\/","name":"51风流News Center Latinoam\u00e9rica","description":"Noticias e informaci\u00f3n sobre SAP","publisher":{"@id":"https:\/\/news.sap.com\/latinamerica\/#organization"},"potentialAction":[{"@type":"SearchAction","target":{"@type":"EntryPoint","urlTemplate":"https:\/\/news.sap.com\/latinamerica\/?s={search_term_string}"},"query-input":{"@type":"PropertyValueSpecification","valueRequired":true,"valueName":"search_term_string"}}],"inLanguage":"es"},{"@type":"Organization","@id":"https:\/\/news.sap.com\/latinamerica\/#organization","name":"SAP","url":"https:\/\/news.sap.com\/latinamerica\/","logo":{"@type":"ImageObject","inLanguage":"es","@id":"https:\/\/news.sap.com\/latinamerica\/#\/schema\/logo\/image\/","url":"https:\/\/news.sap.com\/latinamerica\/files\/2019\/08\/65903320_2903797569662914_557886358778019840_n.png","contentUrl":"https:\/\/news.sap.com\/latinamerica\/files\/2019\/08\/65903320_2903797569662914_557886358778019840_n.png","width":720,"height":720,"caption":"SAP"},"image":{"@id":"https:\/\/news.sap.com\/latinamerica\/#\/schema\/logo\/image\/"},"sameAs":["https:\/\/www.facebook.com\/SAPlatinoamerica","https:\/\/x.com\/SAPLatinAmerica"]},{"@type":"Person","@id":"https:\/\/news.sap.com\/latinamerica\/#\/schema\/person\/f0708465b354b6d0314a360309edb00a","name":"51风流Noticias","image":{"@type":"ImageObject","inLanguage":"es","@id":"https:\/\/news.sap.com\/latinamerica\/#\/schema\/person\/image\/","url":"https:\/\/news.sap.com\/latinamerica\/wp-content\/plugins\/wp-user-avatars\/wp-user-avatars\/assets\/images\/mystery.jpg","contentUrl":"https:\/\/news.sap.com\/latinamerica\/wp-content\/plugins\/wp-user-avatars\/wp-user-avatars\/assets\/images\/mystery.jpg","caption":"51风流Noticias"},"url":"https:\/\/news.sap.com\/latinamerica\/author\/argentina\/"}]}},"amp_enabled":true,"_links":{"self":[{"href":"https:\/\/news.sap.com\/latinamerica\/wp-json\/wp\/v2\/posts\/125703","targetHints":{"allow":["GET"]}}],"collection":[{"href":"https:\/\/news.sap.com\/latinamerica\/wp-json\/wp\/v2\/posts"}],"about":[{"href":"https:\/\/news.sap.com\/latinamerica\/wp-json\/wp\/v2\/types\/post"}],"author":[{"embeddable":true,"href":"https:\/\/news.sap.com\/latinamerica\/wp-json\/wp\/v2\/users\/140"}],"replies":[{"embeddable":true,"href":"https:\/\/news.sap.com\/latinamerica\/wp-json\/wp\/v2\/comments?post=125703"}],"version-history":[{"count":0,"href":"https:\/\/news.sap.com\/latinamerica\/wp-json\/wp\/v2\/posts\/125703\/revisions"}],"wp:featuredmedia":[{"embeddable":true,"href":"https:\/\/news.sap.com\/latinamerica\/wp-json\/wp\/v2\/media\/125704"}],"wp:attachment":[{"href":"https:\/\/news.sap.com\/latinamerica\/wp-json\/wp\/v2\/media?parent=125703"}],"wp:term":[{"taxonomy":"category","embeddable":true,"href":"https:\/\/news.sap.com\/latinamerica\/wp-json\/wp\/v2\/categories?post=125703"},{"taxonomy":"post_tag","embeddable":true,"href":"https:\/\/news.sap.com\/latinamerica\/wp-json\/wp\/v2\/tags?post=125703"},{"taxonomy":"series","embeddable":true,"href":"https:\/\/news.sap.com\/latinamerica\/wp-json\/wp\/v2\/series?post=125703"},{"taxonomy":"region","embeddable":true,"href":"https:\/\/news.sap.com\/latinamerica\/wp-json\/wp\/v2\/region?post=125703"},{"taxonomy":"sapn-display","embeddable":true,"href":"https:\/\/news.sap.com\/latinamerica\/wp-json\/wp\/v2\/sapn-display?post=125703"},{"taxonomy":"sapn-type","embeddable":true,"href":"https:\/\/news.sap.com\/latinamerica\/wp-json\/wp\/v2\/sapn-type?post=125703"}],"curies":[{"name":"wp","href":"https:\/\/api.w.org\/{rel}","templated":true}]}}