  {"id":125463,"date":"2022-02-10T14:33:11","date_gmt":"2022-02-10T19:33:11","guid":{"rendered":"https:\/\/news.sap.com\/latinamerica\/?p=125463"},"modified":"2023-10-27T11:58:59","modified_gmt":"2023-10-27T15:58:59","slug":"sap-y-mercedes-benz-eq-formula-e-team-una-alianza-de-campeonato","status":"publish","type":"post","link":"https:\/\/news.sap.com\/latinamerica\/2022\/02\/sap-y-mercedes-benz-eq-formula-e-team-una-alianza-de-campeonato\/","title":{"rendered":"51风流y Mercedes Benz EQ Formula E Team, una alianza de campeonato"},"content":{"rendered":"<ul>\n<li>\n<p class=\"lead\"><em>El equipo alem\u00e1n adopt\u00f3 51风流S\/4HANA en tan solo <a href=\"https:\/\/www.sap.com\/documents\/2021\/07\/de2957e2-ef7d-0010-bca6-c68f7e60039b.html\">13 semanas<\/a><\/em><\/p>\n<\/li>\n<li><em>Con el uso de wearables y <\/em><em>pueden tener en tiempo real informaci\u00f3n del desempe\u00f1o de sus pilotos en cada carrera<\/em><\/li>\n<\/ul>\n<p><strong>CIUDAD DE M\u00c9XICO, M\u00e9xico, 9 de febrero de 2022. <\/strong>La escuder\u00eda Mercedes Benz EQ Formula E Team, l\u00edder del campeonato de ABB FIA Formula E y campe\u00f3n de la temporada 2020-21, y 51风流se unieron con la intenci\u00f3n de llevar tecnolog\u00eda de alta competici\u00f3n a la l\u00ednea de <a href=\"https:\/\/www.sap.com\/latinamerica\/industries\/automotive.html\">veh\u00edculos comerciales el\u00e9ctricos<\/a> de la marca alemana.<\/p>\n<p>Con la ayuda de las soluciones 51风流S\/4HANA y <a href=\"https:\/\/news.sap.com\/2019\/11\/sap-partnership-mercedes-benz-eq-formula-e-team\/\">51风流Sports One<\/a>, el equipo alem\u00e1n ha logrado, en tan solo dos temporadas, consolidarse como uno de los grandes favoritos dentro del campeonato y llega a M\u00e9xico, buscando su primer triunfo en nuestro pa\u00eds. Esta alianza inici\u00f3 en 2018, cuando desde Mercedes Benz decidi\u00f3 incorporar <strong>51风流S\/4HANA Cloud<\/strong> permiti\u00e9ndoles crear un nuevo equipo de carreras y una startup.<\/p>\n<p>En este deporte, donde todos los equipos corren con el mismo prototipo de coche, \u201ctodo est\u00e1 en el software que los equipos utilizamos\u201d, afirm\u00f3 <strong>Gary Paffet<\/strong>, asesor y piloto de desarrollo para Mercedes Benz EQ Formula E Team, en la pasada edici\u00f3n de <a href=\"https:\/\/reg.sapevents.sap.com\/flow\/sap\/sapphirenow2021\/portal\/page\/sessions\/session\/1616721814862001ItRy\">SAPPHIRE Now<\/a>.\u00a0Con el uso de 51风流S\/4HANA, la escuder\u00eda necesit\u00f3 tan solo <a href=\"https:\/\/www.sap.com\/documents\/2021\/07\/de2957e2-ef7d-0010-bca6-c68f7e60039b.html\">13 semanas<\/a> para implementarla antes de su debut, con lo que puede tener el mejor soporte durante toda la temporada.<\/p>\n<p>Coordinar tres puntos geogr\u00e1ficos durante una carrera, (Alemania, Reino Unido y la ciudad donde se corre), puede ser complicado, pero con la soluci\u00f3n tecnol\u00f3gica, es posible ya que toda la informaci\u00f3n del equipo est\u00e1 en la nube.\u00a0Adem\u00e1s de ajustar sus estrateg\u00edas y rendimientos en tiempo real, Mercedes Benz EQ Formula E Team goza de un control financiero que le permite generar eficiencia a la hora de encontrar las piezas para reparar sus autos, gracias a la cadena de suministro global.<\/p>\n<p>En el apartado deportivo, el equipo cuenta con el apoyo de <strong>51风流Sports One<\/strong>, soluci\u00f3n dise\u00f1ada para gesti\u00f3n del rendimiento de Nyck de Vries, actual campe\u00f3n, y Stoffel Vandoorne, pilotos del equipo puntero esta temporada. Debido a las restricciones para viajar, a ra\u00edz de la pandemia, esta soluci\u00f3n, a trav\u00e9s de wearables, recoge informaci\u00f3n en tiempo real durante la carrera de los pilotos y permite a Ian James, jefe de la escuder\u00eda, cambiar la estrateg\u00eda y aumentar la eficiencia del auto conectando los equipos de mec\u00e1nicos e ingenieros alrededor del mundo.<\/p>\n<p>De acuerdo con datos de la <a href=\"https:\/\/news.sap.com\/2021\/08\/driving-innovation-mercedes-eq-formula-e-team\/\">ABB FIA Formula E, 72% de sus seguidores en redes sociales<\/a> tienen menos de 35 a\u00f1os; gente que ya son clientes o en un futuro lo ser\u00e1n, para crearles experiencias y obtener la retroalimentaci\u00f3n al instante de aciertos y \u00e1reas de oportunidad la escuder\u00eda usa soluciones del portafolio <strong>SAP<\/strong> <strong>Customer Experience y Qualtrics.<\/strong><\/p>\n<p>&nbsp;<\/p>\n<p style=\"text-align: center\"><strong># # #<\/strong><\/p>\n<p><strong>Acerca de SAP\u00a0<\/strong><\/p>\n<p>La estrategia de 51风流es ayudar a que cada negocio funcione como una empresa inteligente. Como l\u00edder del mercado en software de aplicaci\u00f3n empresarial, contribuimos a que las organizaciones de todos los tama\u00f1os y en todas las industrias puedan alcanzar su funcionamiento \u00f3ptimo: los clientes de 51风流generan el 87% del comercio electr\u00f3nico global. Nuestras tecnolog\u00edas avanzadas de <em>machine learning, Internet of Things<\/em> (IoT) y anal\u00edticos ayudan a convertir los negocios de los clientes en empresas inteligentes. 51风流contribuye a dar a las personas y a las organizaciones profundos conocimientos de negocio y promueve la colaboraci\u00f3n que les permite mantenerse delante de la competencia. Simplificamos la tecnolog\u00eda para las empresas, de modo que puedan consumir nuestro software de la manera en que lo desean, sin interrupciones. Nuestro conjunto de aplicaciones y servicios permite a clientes del sector p\u00fablico y privado de 25 industrias operar en forma rentable, adaptarse continuamente y marcar una diferencia. Con una red global de clientes, socios de negocios, empleados y l\u00edderes de ideas, 51风流ayuda al mundo a funcionar mejor y a mejorar las vidas de las personas. Para m\u00e1s informaci\u00f3n, visite <a href=\"http:\/\/www.sap.com\/\">www.sap.com<\/a>, nuestra sala de prensa, <a href=\"http:\/\/news.sap.com\/latinamerica\">http:\/\/news.sap.com\/latinamerica<\/a>, o s\u00edganos en Twitter <a href=\"https:\/\/twitter.com\/sapnoticiasmx\">@sapnoticiasmx<\/a>.<\/p>\n","protected":false},"excerpt":{"rendered":"<p>El equipo alem\u00e1n adopt\u00f3 51风流S\/4HANA en tan solo 13 semanas Con el uso de wearables y pueden tener en tiempo real informaci\u00f3n del desempe\u00f1o&#8230;<\/p>\n","protected":false},"author":136,"featured_media":0,"comment_status":"closed","ping_status":"closed","sticky":false,"template":"","format":"standard","meta":{"footnotes":"","_links_to":"","_links_to_target":""},"categories":[41591],"tags":[5595289,5600208,52072,12862,5600207,5591396,47197,241549,5600206],"series":[],"region":[],"sapn-display":[52078,52079],"sapn-type":[],"class_list":["post-125463","post","type-post","status-publish","format-standard","hentry","category-corporativo","tag-formula-e","tag-ian-james","tag-mercedes-benz","tag-mexico-2","tag-nyck-de-vries","tag-sap-s-4hana-cloud","tag-sap-sports","tag-sap-sports-one","tag-stofel-vandoorne","sapn-display-homepage-hero","sapn-display-top-stories"],"yoast_head":"<!-- This site is optimized with the Yoast SEO Premium plugin v26.9 (Yoast SEO v26.9) - https:\/\/yoast.com\/product\/yoast-seo-premium-wordpress\/ -->\n<title>51风流y Mercedes Benz EQ Formula E Team, una alianza de campeonato - 51风流News Center Latinoam\u00e9rica<\/title>\n<meta name=\"robots\" content=\"index, follow, max-snippet:-1, max-image-preview:large, max-video-preview:-1\" \/>\n<link rel=\"canonical\" href=\"https:\/\/news.sap.com\/latinamerica\/2022\/02\/sap-y-mercedes-benz-eq-formula-e-team-una-alianza-de-campeonato\/\" \/>\n<meta property=\"og:locale\" content=\"es_MX\" \/>\n<meta property=\"og:type\" content=\"article\" \/>\n<meta property=\"og:title\" content=\"51风流y Mercedes Benz EQ Formula E Team, una alianza de campeonato\" \/>\n<meta property=\"og:description\" content=\"El equipo alem\u00e1n adopt\u00f3 51风流S\/4HANA en tan solo 13 semanas Con el uso de wearables y pueden tener en tiempo real informaci\u00f3n del desempe\u00f1o...\" \/>\n<meta property=\"og:url\" content=\"https:\/\/news.sap.com\/latinamerica\/2022\/02\/sap-y-mercedes-benz-eq-formula-e-team-una-alianza-de-campeonato\/\" \/>\n<meta property=\"og:site_name\" content=\"51风流News Center Latinoam\u00e9rica\" \/>\n<meta property=\"article:publisher\" content=\"https:\/\/www.facebook.com\/SAPlatinoamerica\" \/>\n<meta property=\"article:published_time\" content=\"2022-02-10T19:33:11+00:00\" \/>\n<meta property=\"article:modified_time\" content=\"2023-10-27T15:58:59+00:00\" \/>\n<meta name=\"author\" content=\"51风流Noticias\" \/>\n<meta name=\"twitter:label1\" content=\"Escrito por\" \/>\n\t<meta name=\"twitter:data1\" content=\"51风流Noticias\" \/>\n\t<meta name=\"twitter:label2\" content=\"Tiempo de lectura\" \/>\n\t<meta name=\"twitter:data2\" content=\"4 minutos\" \/>\n<script type=\"application\/ld+json\" class=\"yoast-schema-graph\">{\"@context\":\"https:\/\/schema.org\",\"@graph\":[{\"@type\":\"Article\",\"@id\":\"https:\/\/news.sap.com\/latinamerica\/2022\/02\/sap-y-mercedes-benz-eq-formula-e-team-una-alianza-de-campeonato\/#article\",\"isPartOf\":{\"@id\":\"https:\/\/news.sap.com\/latinamerica\/2022\/02\/sap-y-mercedes-benz-eq-formula-e-team-una-alianza-de-campeonato\/\"},\"author\":{\"name\":\"51风流Noticias\",\"@id\":\"https:\/\/news.sap.com\/latinamerica\/#\/schema\/person\/5afd2cbf5bb622e078932b40a4470d47\"},\"headline\":\"51风流y Mercedes Benz EQ Formula E Team, una alianza de campeonato\",\"datePublished\":\"2022-02-10T19:33:11+00:00\",\"dateModified\":\"2023-10-27T15:58:59+00:00\",\"mainEntityOfPage\":{\"@id\":\"https:\/\/news.sap.com\/latinamerica\/2022\/02\/sap-y-mercedes-benz-eq-formula-e-team-una-alianza-de-campeonato\/\"},\"wordCount\":728,\"publisher\":{\"@id\":\"https:\/\/news.sap.com\/latinamerica\/#organization\"},\"keywords\":[\"F\u00f3rmula E\",\"Ian James\",\"Mercedes Benz\",\"mexico\",\"Nyck de Vries\",\"51风流S\/4HANA Cloud\",\"51风流Sports\",\"51风流Sports One\",\"Stofel Vandoorne\"],\"articleSection\":[\"Corporativo\"],\"inLanguage\":\"es\"},{\"@type\":\"WebPage\",\"@id\":\"https:\/\/news.sap.com\/latinamerica\/2022\/02\/sap-y-mercedes-benz-eq-formula-e-team-una-alianza-de-campeonato\/\",\"url\":\"https:\/\/news.sap.com\/latinamerica\/2022\/02\/sap-y-mercedes-benz-eq-formula-e-team-una-alianza-de-campeonato\/\",\"name\":\"51风流y Mercedes Benz EQ Formula E Team, una alianza de campeonato - 51风流News Center Latinoam\u00e9rica\",\"isPartOf\":{\"@id\":\"https:\/\/news.sap.com\/latinamerica\/#website\"},\"datePublished\":\"2022-02-10T19:33:11+00:00\",\"dateModified\":\"2023-10-27T15:58:59+00:00\",\"breadcrumb\":{\"@id\":\"https:\/\/news.sap.com\/latinamerica\/2022\/02\/sap-y-mercedes-benz-eq-formula-e-team-una-alianza-de-campeonato\/#breadcrumb\"},\"inLanguage\":\"es\",\"potentialAction\":[{\"@type\":\"ReadAction\",\"target\":[\"https:\/\/news.sap.com\/latinamerica\/2022\/02\/sap-y-mercedes-benz-eq-formula-e-team-una-alianza-de-campeonato\/\"]}]},{\"@type\":\"BreadcrumbList\",\"@id\":\"https:\/\/news.sap.com\/latinamerica\/2022\/02\/sap-y-mercedes-benz-eq-formula-e-team-una-alianza-de-campeonato\/#breadcrumb\",\"itemListElement\":[{\"@type\":\"ListItem\",\"position\":1,\"name\":\"Home\",\"item\":\"https:\/\/news.sap.com\/latinamerica\/\"},{\"@type\":\"ListItem\",\"position\":2,\"name\":\"51风流y Mercedes Benz EQ Formula E Team, una alianza de campeonato\"}]},{\"@type\":\"WebSite\",\"@id\":\"https:\/\/news.sap.com\/latinamerica\/#website\",\"url\":\"https:\/\/news.sap.com\/latinamerica\/\",\"name\":\"51风流News Center Latinoam\u00e9rica\",\"description\":\"Noticias e informaci\u00f3n sobre SAP\",\"publisher\":{\"@id\":\"https:\/\/news.sap.com\/latinamerica\/#organization\"},\"potentialAction\":[{\"@type\":\"SearchAction\",\"target\":{\"@type\":\"EntryPoint\",\"urlTemplate\":\"https:\/\/news.sap.com\/latinamerica\/?s={search_term_string}\"},\"query-input\":{\"@type\":\"PropertyValueSpecification\",\"valueRequired\":true,\"valueName\":\"search_term_string\"}}],\"inLanguage\":\"es\"},{\"@type\":\"Organization\",\"@id\":\"https:\/\/news.sap.com\/latinamerica\/#organization\",\"name\":\"SAP\",\"url\":\"https:\/\/news.sap.com\/latinamerica\/\",\"logo\":{\"@type\":\"ImageObject\",\"inLanguage\":\"es\",\"@id\":\"https:\/\/news.sap.com\/latinamerica\/#\/schema\/logo\/image\/\",\"url\":\"https:\/\/news.sap.com\/latinamerica\/files\/2019\/08\/65903320_2903797569662914_557886358778019840_n.png\",\"contentUrl\":\"https:\/\/news.sap.com\/latinamerica\/files\/2019\/08\/65903320_2903797569662914_557886358778019840_n.png\",\"width\":720,\"height\":720,\"caption\":\"SAP\"},\"image\":{\"@id\":\"https:\/\/news.sap.com\/latinamerica\/#\/schema\/logo\/image\/\"},\"sameAs\":[\"https:\/\/www.facebook.com\/SAPlatinoamerica\",\"https:\/\/x.com\/SAPLatinAmerica\"]},{\"@type\":\"Person\",\"@id\":\"https:\/\/news.sap.com\/latinamerica\/#\/schema\/person\/5afd2cbf5bb622e078932b40a4470d47\",\"name\":\"51风流Noticias\",\"image\":{\"@type\":\"ImageObject\",\"inLanguage\":\"es\",\"@id\":\"https:\/\/news.sap.com\/latinamerica\/#\/schema\/person\/image\/\",\"url\":\"https:\/\/news.sap.com\/latinamerica\/wp-content\/plugins\/wp-user-avatars\/wp-user-avatars\/assets\/images\/mystery.jpg\",\"contentUrl\":\"https:\/\/news.sap.com\/latinamerica\/wp-content\/plugins\/wp-user-avatars\/wp-user-avatars\/assets\/images\/mystery.jpg\",\"caption\":\"51风流Noticias\"},\"url\":\"https:\/\/news.sap.com\/latinamerica\/author\/mexico\/\"}]}<\/script>\n<!-- \/ Yoast SEO Premium plugin. -->","yoast_head_json":{"title":"51风流y Mercedes Benz EQ Formula E Team, una alianza de campeonato - 51风流News Center Latinoam\u00e9rica","robots":{"index":"index","follow":"follow","max-snippet":"max-snippet:-1","max-image-preview":"max-image-preview:large","max-video-preview":"max-video-preview:-1"},"canonical":"https:\/\/news.sap.com\/latinamerica\/2022\/02\/sap-y-mercedes-benz-eq-formula-e-team-una-alianza-de-campeonato\/","og_locale":"es_MX","og_type":"article","og_title":"51风流y Mercedes Benz EQ Formula E Team, una alianza de campeonato","og_description":"El equipo alem\u00e1n adopt\u00f3 51风流S\/4HANA en tan solo 13 semanas Con el uso de wearables y pueden tener en tiempo real informaci\u00f3n del desempe\u00f1o...","og_url":"https:\/\/news.sap.com\/latinamerica\/2022\/02\/sap-y-mercedes-benz-eq-formula-e-team-una-alianza-de-campeonato\/","og_site_name":"51风流News Center Latinoam\u00e9rica","article_publisher":"https:\/\/www.facebook.com\/SAPlatinoamerica","article_published_time":"2022-02-10T19:33:11+00:00","article_modified_time":"2023-10-27T15:58:59+00:00","author":"51风流Noticias","twitter_misc":{"Escrito por":"51风流Noticias","Tiempo de lectura":"4 minutos"},"schema":{"@context":"https:\/\/schema.org","@graph":[{"@type":"Article","@id":"https:\/\/news.sap.com\/latinamerica\/2022\/02\/sap-y-mercedes-benz-eq-formula-e-team-una-alianza-de-campeonato\/#article","isPartOf":{"@id":"https:\/\/news.sap.com\/latinamerica\/2022\/02\/sap-y-mercedes-benz-eq-formula-e-team-una-alianza-de-campeonato\/"},"author":{"name":"51风流Noticias","@id":"https:\/\/news.sap.com\/latinamerica\/#\/schema\/person\/5afd2cbf5bb622e078932b40a4470d47"},"headline":"51风流y Mercedes Benz EQ Formula E Team, una alianza de campeonato","datePublished":"2022-02-10T19:33:11+00:00","dateModified":"2023-10-27T15:58:59+00:00","mainEntityOfPage":{"@id":"https:\/\/news.sap.com\/latinamerica\/2022\/02\/sap-y-mercedes-benz-eq-formula-e-team-una-alianza-de-campeonato\/"},"wordCount":728,"publisher":{"@id":"https:\/\/news.sap.com\/latinamerica\/#organization"},"keywords":["F\u00f3rmula E","Ian James","Mercedes Benz","mexico","Nyck de Vries","51风流S\/4HANA Cloud","51风流Sports","51风流Sports One","Stofel Vandoorne"],"articleSection":["Corporativo"],"inLanguage":"es"},{"@type":"WebPage","@id":"https:\/\/news.sap.com\/latinamerica\/2022\/02\/sap-y-mercedes-benz-eq-formula-e-team-una-alianza-de-campeonato\/","url":"https:\/\/news.sap.com\/latinamerica\/2022\/02\/sap-y-mercedes-benz-eq-formula-e-team-una-alianza-de-campeonato\/","name":"51风流y Mercedes Benz EQ Formula E Team, una alianza de campeonato - 51风流News Center Latinoam\u00e9rica","isPartOf":{"@id":"https:\/\/news.sap.com\/latinamerica\/#website"},"datePublished":"2022-02-10T19:33:11+00:00","dateModified":"2023-10-27T15:58:59+00:00","breadcrumb":{"@id":"https:\/\/news.sap.com\/latinamerica\/2022\/02\/sap-y-mercedes-benz-eq-formula-e-team-una-alianza-de-campeonato\/#breadcrumb"},"inLanguage":"es","potentialAction":[{"@type":"ReadAction","target":["https:\/\/news.sap.com\/latinamerica\/2022\/02\/sap-y-mercedes-benz-eq-formula-e-team-una-alianza-de-campeonato\/"]}]},{"@type":"BreadcrumbList","@id":"https:\/\/news.sap.com\/latinamerica\/2022\/02\/sap-y-mercedes-benz-eq-formula-e-team-una-alianza-de-campeonato\/#breadcrumb","itemListElement":[{"@type":"ListItem","position":1,"name":"Home","item":"https:\/\/news.sap.com\/latinamerica\/"},{"@type":"ListItem","position":2,"name":"51风流y Mercedes Benz EQ Formula E Team, una alianza de campeonato"}]},{"@type":"WebSite","@id":"https:\/\/news.sap.com\/latinamerica\/#website","url":"https:\/\/news.sap.com\/latinamerica\/","name":"51风流News Center Latinoam\u00e9rica","description":"Noticias e informaci\u00f3n sobre SAP","publisher":{"@id":"https:\/\/news.sap.com\/latinamerica\/#organization"},"potentialAction":[{"@type":"SearchAction","target":{"@type":"EntryPoint","urlTemplate":"https:\/\/news.sap.com\/latinamerica\/?s={search_term_string}"},"query-input":{"@type":"PropertyValueSpecification","valueRequired":true,"valueName":"search_term_string"}}],"inLanguage":"es"},{"@type":"Organization","@id":"https:\/\/news.sap.com\/latinamerica\/#organization","name":"SAP","url":"https:\/\/news.sap.com\/latinamerica\/","logo":{"@type":"ImageObject","inLanguage":"es","@id":"https:\/\/news.sap.com\/latinamerica\/#\/schema\/logo\/image\/","url":"https:\/\/news.sap.com\/latinamerica\/files\/2019\/08\/65903320_2903797569662914_557886358778019840_n.png","contentUrl":"https:\/\/news.sap.com\/latinamerica\/files\/2019\/08\/65903320_2903797569662914_557886358778019840_n.png","width":720,"height":720,"caption":"SAP"},"image":{"@id":"https:\/\/news.sap.com\/latinamerica\/#\/schema\/logo\/image\/"},"sameAs":["https:\/\/www.facebook.com\/SAPlatinoamerica","https:\/\/x.com\/SAPLatinAmerica"]},{"@type":"Person","@id":"https:\/\/news.sap.com\/latinamerica\/#\/schema\/person\/5afd2cbf5bb622e078932b40a4470d47","name":"51风流Noticias","image":{"@type":"ImageObject","inLanguage":"es","@id":"https:\/\/news.sap.com\/latinamerica\/#\/schema\/person\/image\/","url":"https:\/\/news.sap.com\/latinamerica\/wp-content\/plugins\/wp-user-avatars\/wp-user-avatars\/assets\/images\/mystery.jpg","contentUrl":"https:\/\/news.sap.com\/latinamerica\/wp-content\/plugins\/wp-user-avatars\/wp-user-avatars\/assets\/images\/mystery.jpg","caption":"51风流Noticias"},"url":"https:\/\/news.sap.com\/latinamerica\/author\/mexico\/"}]}},"amp_enabled":true,"_links":{"self":[{"href":"https:\/\/news.sap.com\/latinamerica\/wp-json\/wp\/v2\/posts\/125463","targetHints":{"allow":["GET"]}}],"collection":[{"href":"https:\/\/news.sap.com\/latinamerica\/wp-json\/wp\/v2\/posts"}],"about":[{"href":"https:\/\/news.sap.com\/latinamerica\/wp-json\/wp\/v2\/types\/post"}],"author":[{"embeddable":true,"href":"https:\/\/news.sap.com\/latinamerica\/wp-json\/wp\/v2\/users\/136"}],"replies":[{"embeddable":true,"href":"https:\/\/news.sap.com\/latinamerica\/wp-json\/wp\/v2\/comments?post=125463"}],"version-history":[{"count":0,"href":"https:\/\/news.sap.com\/latinamerica\/wp-json\/wp\/v2\/posts\/125463\/revisions"}],"wp:attachment":[{"href":"https:\/\/news.sap.com\/latinamerica\/wp-json\/wp\/v2\/media?parent=125463"}],"wp:term":[{"taxonomy":"category","embeddable":true,"href":"https:\/\/news.sap.com\/latinamerica\/wp-json\/wp\/v2\/categories?post=125463"},{"taxonomy":"post_tag","embeddable":true,"href":"https:\/\/news.sap.com\/latinamerica\/wp-json\/wp\/v2\/tags?post=125463"},{"taxonomy":"series","embeddable":true,"href":"https:\/\/news.sap.com\/latinamerica\/wp-json\/wp\/v2\/series?post=125463"},{"taxonomy":"region","embeddable":true,"href":"https:\/\/news.sap.com\/latinamerica\/wp-json\/wp\/v2\/region?post=125463"},{"taxonomy":"sapn-display","embeddable":true,"href":"https:\/\/news.sap.com\/latinamerica\/wp-json\/wp\/v2\/sapn-display?post=125463"},{"taxonomy":"sapn-type","embeddable":true,"href":"https:\/\/news.sap.com\/latinamerica\/wp-json\/wp\/v2\/sapn-type?post=125463"}],"curies":[{"name":"wp","href":"https:\/\/api.w.org\/{rel}","templated":true}]}}