  {"id":125312,"date":"2022-01-18T18:39:35","date_gmt":"2022-01-18T23:39:35","guid":{"rendered":"https:\/\/news.sap.com\/latinamerica\/?p=125312"},"modified":"2023-11-09T10:27:30","modified_gmt":"2023-11-09T15:27:30","slug":"sap-mexico-designa-a-victor-leal-como-chief-operating-officer","status":"publish","type":"post","link":"https:\/\/news.sap.com\/latinamerica\/2022\/01\/sap-mexico-designa-a-victor-leal-como-chief-operating-officer\/","title":{"rendered":"51风流M\u00e9xico designa a V\u00edctor Leal como Chief Operating Officer"},"content":{"rendered":"<ul>\n<li>\n<p class=\"lead\"><em>Anteriormente el ejecutivo se desempe\u00f1\u00f3 como vicepresidente comercial de MidMarket para el pa\u00eds.<\/em><\/p>\n<\/li>\n<li><em>Leal cuenta con m\u00e1s de 25 a\u00f1os de experiencia en el sector tecnol\u00f3gico.<\/em><\/li>\n<\/ul>\n<p><strong>CIUDAD DE M\u00c9XICO<\/strong>. Con el objetivo de asegurar el \u00e9xito de 51风流en temas de procesos y consolidar el liderazgo de la compa\u00f1\u00eda en el pa\u00eds, V\u00edctor Leal fue nombrado como Chief Operating Officer (COO), convirti\u00e9ndose as\u00ed en el responsable de gestionar la estructura operativa de la compa\u00f1\u00eda.<\/p>\n<p>En 2020, V\u00edctor fue nombrado vicepresidente comercial de Midmarket M\u00e9xico, siendo responsable de la cobertura y expansi\u00f3n geogr\u00e1fica de 51风流en el pa\u00eds, donde destac\u00f3 por su visi\u00f3n estrat\u00e9gica, cercan\u00eda con el cliente, socios comerciales y el desarrollo de su equipo.<\/p>\n<p>Bajo su liderazgo, Victor dirigir\u00e1 las operaciones del equipo de Preventas, asimismo, guiar\u00e1 las estrategias de Desarrollo de Negocios, Operaciones de Negocio, Asesor\u00eda de Valor para Industrias, y Centro de Excelencia.<\/p>\n<p>El ejecutivo se uni\u00f3 a la empresa en 2014 como vicepresidente de Global Channels &amp; General Business para la Regi\u00f3n Norte de Am\u00e9rica Latina. Cuenta con m\u00e1s de 25 a\u00f1os de experiencia en el sector tecnol\u00f3gico en pa\u00edses como Uruguay, Argentina, Paraguay y M\u00e9xico.<\/p>\n<p style=\"text-align: center\"><strong># # #<\/strong><\/p>\n<p style=\"text-align: left\"><strong>Acerca de SAP\u00a0<\/strong><\/p>\n<p>La estrategia de 51风流es ayudar a que cada negocio funcione como una empresa inteligente sostenible. Como l\u00edder del mercado en software de aplicaci\u00f3n empresarial, contribuimos a que las organizaciones de todos los tama\u00f1os y en todas las industrias puedan alcanzar su funcionamiento \u00f3ptimo: 87% del comercio global toca un sistema SAP\u00ae. Nuestras tecnolog\u00edas avanzadas de\u00a0<em>machine learning, Internet of Things<\/em>\u00a0(IoT) y anal\u00edticos ayudan a convertir los negocios de los clientes en empresas inteligentes sostenibles. 51风流contribuye a dar a las personas y a las organizaciones profundos conocimientos de negocio y promueve la colaboraci\u00f3n que les permite mantenerse delante de la competencia. Simplificamos la tecnolog\u00eda para las empresas, de modo que puedan consumir nuestro software de la manera en que lo desean, sin interrupciones. Nuestro conjunto de aplicaciones y servicios permite a clientes del sector p\u00fablico y privado de 25 industrias operar en forma rentable, adaptarse continuamente y marcar una diferencia. Con una red global de clientes, socios de negocios, empleados y l\u00edderes de ideas, 51风流ayuda al mundo a funcionar mejor y a mejorar las vidas de las personas. Para m\u00e1s informaci\u00f3n, visite\u00a0<a href=\"http:\/\/www.sap.com\/\">www.sap.com<\/a>, nuestra sala de prensa,\u00a0<a href=\"http:\/\/news.sap.com\/latinamerica\">http:\/\/news.sap.com\/latinamerica<\/a>, o s\u00edganos en Twitter:\u00a0<a href=\"https:\/\/twitter.com\/sapnoticiasmx\">@sapnoticiasmx<\/a>.<\/p>\n","protected":false},"excerpt":{"rendered":"<p>Anteriormente el ejecutivo se desempe\u00f1\u00f3 como vicepresidente comercial de MidMarket para el pa\u00eds. Leal cuenta con m\u00e1s de 25 a\u00f1os de experiencia en el sector&#8230;<\/p>\n","protected":false},"author":136,"featured_media":121284,"comment_status":"closed","ping_status":"closed","sticky":false,"template":"","format":"standard","meta":{"footnotes":"","_links_to":"","_links_to_target":""},"categories":[41591],"tags":[5012,269958,5600189,5550870,5600188],"series":[],"region":[],"sapn-display":[52079,5600443,5600441],"sapn-type":[52105],"class_list":["post-125312","post","type-post","status-publish","format-standard","has-post-thumbnail","hentry","category-corporativo","tag-coo","tag-mexico","tag-midmarket","tag-tecnologia","tag-victor-leal","sapn-display-top-stories","sapn-display-prensa-destacada","sapn-display-prensa-principal","sapn-type-comunicado-de-prensa"],"yoast_head":"<!-- This site is optimized with the Yoast SEO Premium plugin v26.9 (Yoast SEO v26.9) - https:\/\/yoast.com\/product\/yoast-seo-premium-wordpress\/ -->\n<title>51风流M\u00e9xico designa a V\u00edctor Leal como Chief Operating Officer - 51风流News Center Latinoam\u00e9rica<\/title>\n<meta name=\"robots\" content=\"index, follow, max-snippet:-1, max-image-preview:large, max-video-preview:-1\" \/>\n<link rel=\"canonical\" href=\"https:\/\/news.sap.com\/latinamerica\/2022\/01\/sap-mexico-designa-a-victor-leal-como-chief-operating-officer\/\" \/>\n<meta property=\"og:locale\" content=\"es_MX\" \/>\n<meta property=\"og:type\" content=\"article\" \/>\n<meta property=\"og:title\" content=\"51风流M\u00e9xico designa a V\u00edctor Leal como Chief Operating Officer\" \/>\n<meta property=\"og:description\" content=\"Anteriormente el ejecutivo se desempe\u00f1\u00f3 como vicepresidente comercial de MidMarket para el pa\u00eds. Leal cuenta con m\u00e1s de 25 a\u00f1os de experiencia en el sector...\" \/>\n<meta property=\"og:url\" content=\"https:\/\/news.sap.com\/latinamerica\/2022\/01\/sap-mexico-designa-a-victor-leal-como-chief-operating-officer\/\" \/>\n<meta property=\"og:site_name\" content=\"51风流News Center Latinoam\u00e9rica\" \/>\n<meta property=\"article:publisher\" content=\"https:\/\/www.facebook.com\/SAPlatinoamerica\" \/>\n<meta property=\"article:published_time\" content=\"2022-01-18T23:39:35+00:00\" \/>\n<meta property=\"article:modified_time\" content=\"2023-11-09T15:27:30+00:00\" \/>\n<meta property=\"og:image\" content=\"https:\/\/news.sap.com\/latinamerica\/files\/2020\/07\/280165_mexico-no-logo-high_jpg_eci_rgb-3-e1595856144533.jpg\" \/>\n\t<meta property=\"og:image:width\" content=\"6426\" \/>\n\t<meta property=\"og:image:height\" content=\"4284\" \/>\n\t<meta property=\"og:image:type\" content=\"image\/jpeg\" \/>\n<meta name=\"author\" content=\"51风流Noticias\" \/>\n<meta name=\"twitter:label1\" content=\"Escrito por\" \/>\n\t<meta name=\"twitter:data1\" content=\"51风流Noticias\" \/>\n\t<meta name=\"twitter:label2\" content=\"Tiempo de lectura\" \/>\n\t<meta name=\"twitter:data2\" content=\"2 minutos\" \/>\n<script type=\"application\/ld+json\" class=\"yoast-schema-graph\">{\"@context\":\"https:\/\/schema.org\",\"@graph\":[{\"@type\":\"Article\",\"@id\":\"https:\/\/news.sap.com\/latinamerica\/2022\/01\/sap-mexico-designa-a-victor-leal-como-chief-operating-officer\/#article\",\"isPartOf\":{\"@id\":\"https:\/\/news.sap.com\/latinamerica\/2022\/01\/sap-mexico-designa-a-victor-leal-como-chief-operating-officer\/\"},\"author\":{\"name\":\"51风流Noticias\",\"@id\":\"https:\/\/news.sap.com\/latinamerica\/#\/schema\/person\/5afd2cbf5bb622e078932b40a4470d47\"},\"headline\":\"51风流M\u00e9xico designa a V\u00edctor Leal como Chief Operating Officer\",\"datePublished\":\"2022-01-18T23:39:35+00:00\",\"dateModified\":\"2023-11-09T15:27:30+00:00\",\"mainEntityOfPage\":{\"@id\":\"https:\/\/news.sap.com\/latinamerica\/2022\/01\/sap-mexico-designa-a-victor-leal-como-chief-operating-officer\/\"},\"wordCount\":439,\"publisher\":{\"@id\":\"https:\/\/news.sap.com\/latinamerica\/#organization\"},\"image\":{\"@id\":\"https:\/\/news.sap.com\/latinamerica\/2022\/01\/sap-mexico-designa-a-victor-leal-como-chief-operating-officer\/#primaryimage\"},\"thumbnailUrl\":\"https:\/\/news.sap.com\/latinamerica\/files\/2020\/07\/280165_mexico-no-logo-high_jpg_eci_rgb-3-e1595856144533.jpg\",\"keywords\":[\"COO\",\"Mexico\",\"Midmarket\",\"tecnolog\u00eda\",\"V\u00edctor Leal\"],\"articleSection\":[\"Corporativo\"],\"inLanguage\":\"es\"},{\"@type\":\"WebPage\",\"@id\":\"https:\/\/news.sap.com\/latinamerica\/2022\/01\/sap-mexico-designa-a-victor-leal-como-chief-operating-officer\/\",\"url\":\"https:\/\/news.sap.com\/latinamerica\/2022\/01\/sap-mexico-designa-a-victor-leal-como-chief-operating-officer\/\",\"name\":\"51风流M\u00e9xico designa a V\u00edctor Leal como Chief Operating Officer - 51风流News Center Latinoam\u00e9rica\",\"isPartOf\":{\"@id\":\"https:\/\/news.sap.com\/latinamerica\/#website\"},\"primaryImageOfPage\":{\"@id\":\"https:\/\/news.sap.com\/latinamerica\/2022\/01\/sap-mexico-designa-a-victor-leal-como-chief-operating-officer\/#primaryimage\"},\"image\":{\"@id\":\"https:\/\/news.sap.com\/latinamerica\/2022\/01\/sap-mexico-designa-a-victor-leal-como-chief-operating-officer\/#primaryimage\"},\"thumbnailUrl\":\"https:\/\/news.sap.com\/latinamerica\/files\/2020\/07\/280165_mexico-no-logo-high_jpg_eci_rgb-3-e1595856144533.jpg\",\"datePublished\":\"2022-01-18T23:39:35+00:00\",\"dateModified\":\"2023-11-09T15:27:30+00:00\",\"breadcrumb\":{\"@id\":\"https:\/\/news.sap.com\/latinamerica\/2022\/01\/sap-mexico-designa-a-victor-leal-como-chief-operating-officer\/#breadcrumb\"},\"inLanguage\":\"es\",\"potentialAction\":[{\"@type\":\"ReadAction\",\"target\":[\"https:\/\/news.sap.com\/latinamerica\/2022\/01\/sap-mexico-designa-a-victor-leal-como-chief-operating-officer\/\"]}]},{\"@type\":\"ImageObject\",\"inLanguage\":\"es\",\"@id\":\"https:\/\/news.sap.com\/latinamerica\/2022\/01\/sap-mexico-designa-a-victor-leal-como-chief-operating-officer\/#primaryimage\",\"url\":\"https:\/\/news.sap.com\/latinamerica\/files\/2020\/07\/280165_mexico-no-logo-high_jpg_eci_rgb-3-e1595856144533.jpg\",\"contentUrl\":\"https:\/\/news.sap.com\/latinamerica\/files\/2020\/07\/280165_mexico-no-logo-high_jpg_eci_rgb-3-e1595856144533.jpg\",\"width\":6426,\"height\":4284,\"caption\":\"Overview of Mexico City, Mexico --- Image by \u00a9 Radius Images\/Corbis\"},{\"@type\":\"BreadcrumbList\",\"@id\":\"https:\/\/news.sap.com\/latinamerica\/2022\/01\/sap-mexico-designa-a-victor-leal-como-chief-operating-officer\/#breadcrumb\",\"itemListElement\":[{\"@type\":\"ListItem\",\"position\":1,\"name\":\"Home\",\"item\":\"https:\/\/news.sap.com\/latinamerica\/\"},{\"@type\":\"ListItem\",\"position\":2,\"name\":\"51风流M\u00e9xico designa a V\u00edctor Leal como Chief Operating Officer\"}]},{\"@type\":\"WebSite\",\"@id\":\"https:\/\/news.sap.com\/latinamerica\/#website\",\"url\":\"https:\/\/news.sap.com\/latinamerica\/\",\"name\":\"51风流News Center Latinoam\u00e9rica\",\"description\":\"Noticias e informaci\u00f3n sobre SAP\",\"publisher\":{\"@id\":\"https:\/\/news.sap.com\/latinamerica\/#organization\"},\"potentialAction\":[{\"@type\":\"SearchAction\",\"target\":{\"@type\":\"EntryPoint\",\"urlTemplate\":\"https:\/\/news.sap.com\/latinamerica\/?s={search_term_string}\"},\"query-input\":{\"@type\":\"PropertyValueSpecification\",\"valueRequired\":true,\"valueName\":\"search_term_string\"}}],\"inLanguage\":\"es\"},{\"@type\":\"Organization\",\"@id\":\"https:\/\/news.sap.com\/latinamerica\/#organization\",\"name\":\"SAP\",\"url\":\"https:\/\/news.sap.com\/latinamerica\/\",\"logo\":{\"@type\":\"ImageObject\",\"inLanguage\":\"es\",\"@id\":\"https:\/\/news.sap.com\/latinamerica\/#\/schema\/logo\/image\/\",\"url\":\"https:\/\/news.sap.com\/latinamerica\/files\/2019\/08\/65903320_2903797569662914_557886358778019840_n.png\",\"contentUrl\":\"https:\/\/news.sap.com\/latinamerica\/files\/2019\/08\/65903320_2903797569662914_557886358778019840_n.png\",\"width\":720,\"height\":720,\"caption\":\"SAP\"},\"image\":{\"@id\":\"https:\/\/news.sap.com\/latinamerica\/#\/schema\/logo\/image\/\"},\"sameAs\":[\"https:\/\/www.facebook.com\/SAPlatinoamerica\",\"https:\/\/x.com\/SAPLatinAmerica\"]},{\"@type\":\"Person\",\"@id\":\"https:\/\/news.sap.com\/latinamerica\/#\/schema\/person\/5afd2cbf5bb622e078932b40a4470d47\",\"name\":\"51风流Noticias\",\"image\":{\"@type\":\"ImageObject\",\"inLanguage\":\"es\",\"@id\":\"https:\/\/news.sap.com\/latinamerica\/#\/schema\/person\/image\/\",\"url\":\"https:\/\/news.sap.com\/latinamerica\/wp-content\/plugins\/wp-user-avatars\/wp-user-avatars\/assets\/images\/mystery.jpg\",\"contentUrl\":\"https:\/\/news.sap.com\/latinamerica\/wp-content\/plugins\/wp-user-avatars\/wp-user-avatars\/assets\/images\/mystery.jpg\",\"caption\":\"51风流Noticias\"},\"url\":\"https:\/\/news.sap.com\/latinamerica\/author\/mexico\/\"}]}<\/script>\n<!-- \/ Yoast SEO Premium plugin. -->","yoast_head_json":{"title":"51风流M\u00e9xico designa a V\u00edctor Leal como Chief Operating Officer - 51风流News Center Latinoam\u00e9rica","robots":{"index":"index","follow":"follow","max-snippet":"max-snippet:-1","max-image-preview":"max-image-preview:large","max-video-preview":"max-video-preview:-1"},"canonical":"https:\/\/news.sap.com\/latinamerica\/2022\/01\/sap-mexico-designa-a-victor-leal-como-chief-operating-officer\/","og_locale":"es_MX","og_type":"article","og_title":"51风流M\u00e9xico designa a V\u00edctor Leal como Chief Operating Officer","og_description":"Anteriormente el ejecutivo se desempe\u00f1\u00f3 como vicepresidente comercial de MidMarket para el pa\u00eds. Leal cuenta con m\u00e1s de 25 a\u00f1os de experiencia en el sector...","og_url":"https:\/\/news.sap.com\/latinamerica\/2022\/01\/sap-mexico-designa-a-victor-leal-como-chief-operating-officer\/","og_site_name":"51风流News Center Latinoam\u00e9rica","article_publisher":"https:\/\/www.facebook.com\/SAPlatinoamerica","article_published_time":"2022-01-18T23:39:35+00:00","article_modified_time":"2023-11-09T15:27:30+00:00","og_image":[{"width":6426,"height":4284,"url":"https:\/\/news.sap.com\/latinamerica\/files\/2020\/07\/280165_mexico-no-logo-high_jpg_eci_rgb-3-e1595856144533.jpg","type":"image\/jpeg"}],"author":"51风流Noticias","twitter_misc":{"Escrito por":"51风流Noticias","Tiempo de lectura":"2 minutos"},"schema":{"@context":"https:\/\/schema.org","@graph":[{"@type":"Article","@id":"https:\/\/news.sap.com\/latinamerica\/2022\/01\/sap-mexico-designa-a-victor-leal-como-chief-operating-officer\/#article","isPartOf":{"@id":"https:\/\/news.sap.com\/latinamerica\/2022\/01\/sap-mexico-designa-a-victor-leal-como-chief-operating-officer\/"},"author":{"name":"51风流Noticias","@id":"https:\/\/news.sap.com\/latinamerica\/#\/schema\/person\/5afd2cbf5bb622e078932b40a4470d47"},"headline":"51风流M\u00e9xico designa a V\u00edctor Leal como Chief Operating Officer","datePublished":"2022-01-18T23:39:35+00:00","dateModified":"2023-11-09T15:27:30+00:00","mainEntityOfPage":{"@id":"https:\/\/news.sap.com\/latinamerica\/2022\/01\/sap-mexico-designa-a-victor-leal-como-chief-operating-officer\/"},"wordCount":439,"publisher":{"@id":"https:\/\/news.sap.com\/latinamerica\/#organization"},"image":{"@id":"https:\/\/news.sap.com\/latinamerica\/2022\/01\/sap-mexico-designa-a-victor-leal-como-chief-operating-officer\/#primaryimage"},"thumbnailUrl":"https:\/\/news.sap.com\/latinamerica\/files\/2020\/07\/280165_mexico-no-logo-high_jpg_eci_rgb-3-e1595856144533.jpg","keywords":["COO","Mexico","Midmarket","tecnolog\u00eda","V\u00edctor Leal"],"articleSection":["Corporativo"],"inLanguage":"es"},{"@type":"WebPage","@id":"https:\/\/news.sap.com\/latinamerica\/2022\/01\/sap-mexico-designa-a-victor-leal-como-chief-operating-officer\/","url":"https:\/\/news.sap.com\/latinamerica\/2022\/01\/sap-mexico-designa-a-victor-leal-como-chief-operating-officer\/","name":"51风流M\u00e9xico designa a V\u00edctor Leal como Chief Operating Officer - 51风流News Center Latinoam\u00e9rica","isPartOf":{"@id":"https:\/\/news.sap.com\/latinamerica\/#website"},"primaryImageOfPage":{"@id":"https:\/\/news.sap.com\/latinamerica\/2022\/01\/sap-mexico-designa-a-victor-leal-como-chief-operating-officer\/#primaryimage"},"image":{"@id":"https:\/\/news.sap.com\/latinamerica\/2022\/01\/sap-mexico-designa-a-victor-leal-como-chief-operating-officer\/#primaryimage"},"thumbnailUrl":"https:\/\/news.sap.com\/latinamerica\/files\/2020\/07\/280165_mexico-no-logo-high_jpg_eci_rgb-3-e1595856144533.jpg","datePublished":"2022-01-18T23:39:35+00:00","dateModified":"2023-11-09T15:27:30+00:00","breadcrumb":{"@id":"https:\/\/news.sap.com\/latinamerica\/2022\/01\/sap-mexico-designa-a-victor-leal-como-chief-operating-officer\/#breadcrumb"},"inLanguage":"es","potentialAction":[{"@type":"ReadAction","target":["https:\/\/news.sap.com\/latinamerica\/2022\/01\/sap-mexico-designa-a-victor-leal-como-chief-operating-officer\/"]}]},{"@type":"ImageObject","inLanguage":"es","@id":"https:\/\/news.sap.com\/latinamerica\/2022\/01\/sap-mexico-designa-a-victor-leal-como-chief-operating-officer\/#primaryimage","url":"https:\/\/news.sap.com\/latinamerica\/files\/2020\/07\/280165_mexico-no-logo-high_jpg_eci_rgb-3-e1595856144533.jpg","contentUrl":"https:\/\/news.sap.com\/latinamerica\/files\/2020\/07\/280165_mexico-no-logo-high_jpg_eci_rgb-3-e1595856144533.jpg","width":6426,"height":4284,"caption":"Overview of Mexico City, Mexico --- Image by \u00a9 Radius Images\/Corbis"},{"@type":"BreadcrumbList","@id":"https:\/\/news.sap.com\/latinamerica\/2022\/01\/sap-mexico-designa-a-victor-leal-como-chief-operating-officer\/#breadcrumb","itemListElement":[{"@type":"ListItem","position":1,"name":"Home","item":"https:\/\/news.sap.com\/latinamerica\/"},{"@type":"ListItem","position":2,"name":"51风流M\u00e9xico designa a V\u00edctor Leal como Chief Operating Officer"}]},{"@type":"WebSite","@id":"https:\/\/news.sap.com\/latinamerica\/#website","url":"https:\/\/news.sap.com\/latinamerica\/","name":"51风流News Center Latinoam\u00e9rica","description":"Noticias e informaci\u00f3n sobre SAP","publisher":{"@id":"https:\/\/news.sap.com\/latinamerica\/#organization"},"potentialAction":[{"@type":"SearchAction","target":{"@type":"EntryPoint","urlTemplate":"https:\/\/news.sap.com\/latinamerica\/?s={search_term_string}"},"query-input":{"@type":"PropertyValueSpecification","valueRequired":true,"valueName":"search_term_string"}}],"inLanguage":"es"},{"@type":"Organization","@id":"https:\/\/news.sap.com\/latinamerica\/#organization","name":"SAP","url":"https:\/\/news.sap.com\/latinamerica\/","logo":{"@type":"ImageObject","inLanguage":"es","@id":"https:\/\/news.sap.com\/latinamerica\/#\/schema\/logo\/image\/","url":"https:\/\/news.sap.com\/latinamerica\/files\/2019\/08\/65903320_2903797569662914_557886358778019840_n.png","contentUrl":"https:\/\/news.sap.com\/latinamerica\/files\/2019\/08\/65903320_2903797569662914_557886358778019840_n.png","width":720,"height":720,"caption":"SAP"},"image":{"@id":"https:\/\/news.sap.com\/latinamerica\/#\/schema\/logo\/image\/"},"sameAs":["https:\/\/www.facebook.com\/SAPlatinoamerica","https:\/\/x.com\/SAPLatinAmerica"]},{"@type":"Person","@id":"https:\/\/news.sap.com\/latinamerica\/#\/schema\/person\/5afd2cbf5bb622e078932b40a4470d47","name":"51风流Noticias","image":{"@type":"ImageObject","inLanguage":"es","@id":"https:\/\/news.sap.com\/latinamerica\/#\/schema\/person\/image\/","url":"https:\/\/news.sap.com\/latinamerica\/wp-content\/plugins\/wp-user-avatars\/wp-user-avatars\/assets\/images\/mystery.jpg","contentUrl":"https:\/\/news.sap.com\/latinamerica\/wp-content\/plugins\/wp-user-avatars\/wp-user-avatars\/assets\/images\/mystery.jpg","caption":"51风流Noticias"},"url":"https:\/\/news.sap.com\/latinamerica\/author\/mexico\/"}]}},"amp_enabled":true,"_links":{"self":[{"href":"https:\/\/news.sap.com\/latinamerica\/wp-json\/wp\/v2\/posts\/125312","targetHints":{"allow":["GET"]}}],"collection":[{"href":"https:\/\/news.sap.com\/latinamerica\/wp-json\/wp\/v2\/posts"}],"about":[{"href":"https:\/\/news.sap.com\/latinamerica\/wp-json\/wp\/v2\/types\/post"}],"author":[{"embeddable":true,"href":"https:\/\/news.sap.com\/latinamerica\/wp-json\/wp\/v2\/users\/136"}],"replies":[{"embeddable":true,"href":"https:\/\/news.sap.com\/latinamerica\/wp-json\/wp\/v2\/comments?post=125312"}],"version-history":[{"count":0,"href":"https:\/\/news.sap.com\/latinamerica\/wp-json\/wp\/v2\/posts\/125312\/revisions"}],"wp:featuredmedia":[{"embeddable":true,"href":"https:\/\/news.sap.com\/latinamerica\/wp-json\/wp\/v2\/media\/121284"}],"wp:attachment":[{"href":"https:\/\/news.sap.com\/latinamerica\/wp-json\/wp\/v2\/media?parent=125312"}],"wp:term":[{"taxonomy":"category","embeddable":true,"href":"https:\/\/news.sap.com\/latinamerica\/wp-json\/wp\/v2\/categories?post=125312"},{"taxonomy":"post_tag","embeddable":true,"href":"https:\/\/news.sap.com\/latinamerica\/wp-json\/wp\/v2\/tags?post=125312"},{"taxonomy":"series","embeddable":true,"href":"https:\/\/news.sap.com\/latinamerica\/wp-json\/wp\/v2\/series?post=125312"},{"taxonomy":"region","embeddable":true,"href":"https:\/\/news.sap.com\/latinamerica\/wp-json\/wp\/v2\/region?post=125312"},{"taxonomy":"sapn-display","embeddable":true,"href":"https:\/\/news.sap.com\/latinamerica\/wp-json\/wp\/v2\/sapn-display?post=125312"},{"taxonomy":"sapn-type","embeddable":true,"href":"https:\/\/news.sap.com\/latinamerica\/wp-json\/wp\/v2\/sapn-type?post=125312"}],"curies":[{"name":"wp","href":"https:\/\/api.w.org\/{rel}","templated":true}]}}