  {"id":124801,"date":"2021-10-13T13:12:26","date_gmt":"2021-10-13T17:12:26","guid":{"rendered":"https:\/\/news.sap.com\/latinamerica\/?p=124801"},"modified":"2023-11-14T14:28:20","modified_gmt":"2023-11-14T19:28:20","slug":"capacitan-a-empresarias-de-america-latina-en-habilidades-tecnologicas-para-que-se-incorporen-a-las-cadenas-globales-de-valor","status":"publish","type":"post","link":"https:\/\/news.sap.com\/latinamerica\/2021\/10\/capacitan-a-empresarias-de-america-latina-en-habilidades-tecnologicas-para-que-se-incorporen-a-las-cadenas-globales-de-valor\/","title":{"rendered":"Capacitan a empresarias de Am\u00e9rica Latina en habilidades tecnol\u00f3gicas para que se incorporen a las cadenas globales de valor"},"content":{"rendered":"<p class=\"lead\"><strong><em>GroWomen With Tech<\/em><\/strong><em> surge como respuesta a la necesidad inminente de contar con una estructura de proveedur\u00eda diversa en la regi\u00f3n<\/em><\/p>\n<ul>\n<li><em>El alcance estimado ser\u00e1 de m\u00e1s <strong>4,000 empresarias latinoamericanas<\/strong> con negocios de entre dos hasta mil empleados de diferentes industrias<\/em><\/li>\n<li><em>Las participantes podr\u00e1n beneficiarse de habilidades tecnol\u00f3gicas para incorporarse a las redes de proveedur\u00eda de los grandes corporativos de m\u00e1s de 180 pa\u00edses gracias a su vinculaci\u00f3n con <strong>Ariba Network<\/strong><\/em><\/li>\n<\/ul>\n<p><strong>CIUDAD DE M\u00c9XICO, M\u00e9xico, a 13 de octubre del 2021.- <\/strong>Con el fin de ofrecer un plan de acci\u00f3n inmediato a los hallazgos recientemente detectados en el informe <a href=\"https:\/\/news.sap.com\/latinamerica\/files\/2021\/10\/01\/Diversidad-y-digitalizacion-pilares-para-la-competitividad-de-las-cadenas-de-suministro-en-Mexico.pdf\"><strong>\u201cDiversidad y digitalizaci\u00f3n: pilares para la competitividad de las cadenas de suministro en M\u00e9xico\u201d<\/strong><\/a>, sobre los desaf\u00edos que enfrentan las empresarias mexicanas para incorporarse a las cadenas globales de valor, <strong>51风流y WEConnect International<\/strong> presentan hoy la convocatoria al programa regional <a href=\"https:\/\/events.sap.com\/lac\/growomen\/pt\/home\"><strong>GroWomen With Tech<\/strong><\/a> que busca acelerar la transformaci\u00f3n digital de miles de empresas propiedad de mujeres en Am\u00e9rica Latina para desarrollar las habilidades requeridas para el \u00e9xito de sus negocios en la Econom\u00eda Digital.<\/p>\n<p><strong>GroWomen With Tech <\/strong>es un programa regional, gratuito e intensivo de capacitaci\u00f3n digital que se realizar\u00e1 del 4 de noviembre al 10 de diciembre; <strong>est\u00e1 abierto a todas las empresas de Am\u00e9rica Latina propiedad, al menos en un 51 por ciento, de una o m\u00e1s mujeres<\/strong>. Como requisito previo, la empresa debe estar <a href=\"https:\/\/www.google.com\/url?q=https:\/\/weconnectinternational.org\/registre-su-empresa\/&amp;sa=D&amp;source=editors&amp;ust=1633993738073000&amp;usg=AFQjCNFTYwq9Ox47d-SbTEEOb0hu3UEGMg\"><strong>registrada o certificada<\/strong><\/a> por WEConnect International.<\/p>\n<p>WEConnect International es la organizaci\u00f3n global que ayuda a las empresas propiedad de mujeres a tener \u00e9xito en las cadenas globales de valor. Gracias a que identifica, capacita y certifica a empresas con sede fuera de Estados Unidos que son propiedad, administradas y controladas en su mayor\u00eda por una o m\u00e1s mujeres, y as\u00ed conect\u00e1ndolas con empresas multinacionales.<\/p>\n<p>El programa tiene un potencial de convocatoria a m\u00e1s de 4,000 empresarias latinoamericanas con negocios de entre dos hasta mil empleados de diversas industrias como servicios profesionales, manufactura, agricultura, seguridad y transporte, principalmente, y que se encuentran todav\u00eda en un nivel de digitalizaci\u00f3n b\u00e1sico de sus empresas.<\/p>\n<div class=\"panel\">\n<p>\u201c<em>Sabiendo que el pilar de nuestras econom\u00edas son pymes y el 50 por ciento de estas son dirigidas por mujeres, con <strong>GroWomen With Tech <\/strong>buscamos acercar a este segmento las habilidades que demanda la Econom\u00eda Digital. De esta forma apoyar el fortalecimiento de sus negocios para que se incorporen con \u00e9xito a las cadenas de proveedur\u00eda<\/em>\u201d, indic\u00f3 <strong>Angela G\u00f3mez, presidenta de 51风流M\u00e9xico<\/strong>.<\/p>\n<\/div>\n<div class=\"panel callout\">\n<p><em>\u201cEn Latinoam\u00e9rica estamos en una fase en donde los corporativos que tienen un avance en temas de inclusi\u00f3n est\u00e1n permeando hacia los dem\u00e1s. A\u00fan existen grupos donde no hay proveedur\u00eda diversa por lo que es muy importante seguir haciendo labor de difusi\u00f3n sobre sus beneficios. Por otro lado, con <strong>GroWomen With Tech<\/strong> queremos llevar el mensaje a todas las empresarias para ayudarlas a vincularse con los corporativos y con esto seguir sumando con acciones en beneficio de la sociedad\u201d, <\/em>declar\u00f3<em> <strong>Ixchel Alc\u00e1ntara, directora para Am\u00e9rica Latina y el Caribe de WEConnect International.<\/strong><\/em><\/p>\n<\/div>\n<p>Para el lanzamiento del programa, se llev\u00f3 a cabo una mesa redonda para prensa de Latinoam\u00e9rica con voces expertas en el tema. En dicho espacio, <strong>A\u00edda Cerda, especialista en pol\u00edticas p\u00fablicas con perspectiva de g\u00e9nero <\/strong>indic\u00f3 <em>\u201cpara poder avanzar, es indispensable la participaci\u00f3n de todos los sectores; que las empresas propiedad de mujeres avancen en su transformaci\u00f3n digital y sean parte de esta Econom\u00eda Digital. Asimismo, que den el ejemplo para que m\u00e1s empresas incluyan a m\u00e1s mujeres, generen m\u00e1s empleos y sean due\u00f1as de empresas\u201d.<\/em><\/p>\n<p>Desde la \u00f3ptica de las empresarias, se cont\u00f3 con la participaci\u00f3n de <strong>B\u00e1rbara Cendejas, directora y fundadora, DPS Agency e integrante de la red de WEConnect International<\/strong>, quien asegur\u00f3 <em>\u201ceste programa es un compromiso de 51风流y WEConnect para lograr nuestra digitalizaci\u00f3n, con la gran ventaja de que es impartido por expertos en el mundo corporativo; esto nos permite saber cu\u00e1les son las necesidades puntuales para poderlas atender\u201d. <\/em><\/p>\n<p>B\u00e1rbara hizo un llamado a que m\u00e1s empresarias se unan a programas como estos porque significa un enriquecimiento valioso para tomar ventaja de las oportunidades del mercado actual.<\/p>\n<p>Por su parte y con la perspectiva de un gran corporativo,<strong> Mario Castilleja, Procurement Lead de M\u00e9xico y Costa Rica de Accenture <\/strong>coment\u00f3<em> \u201cpara lograr el objetivo de equidad en los procesos abastecimiento es importante considerar dos aspectos; por un lado, que las peque\u00f1as empresarias se especialicen para poder cumplir con todos los requerimientos y, por otra parte, que los corporativos conf\u00eden. Es una responsabilidad de ambos lados\u201d<\/em><strong>.<\/strong><\/p>\n<p>Pese a que m\u00e1s del 80 por ciento de los emprendimientos liderados por mujeres se desempe\u00f1an en la informalidad, el escenario no es mucho m\u00e1s alentador para las empresas formales propiedad de mujeres; ambas comparten retos comunes como propensi\u00f3n a menores niveles de productividad, salarios m\u00e1s bajos, falta de acceso a herramientas digitales que ayuden a sus negocios a crecer o acceder a nuevos mercados, y limitaciones en financiamiento y capacitaci\u00f3n.<\/p>\n<p>Como respuesta a estos retos, el programa consta de <strong>cinco m\u00f3dulos<\/strong> <strong><em>On Demand<\/em><\/strong> e incluye temas como la importancia de contar con <strong>procesos claros y definidos<\/strong> para incorporar cualquier soluci\u00f3n tecnol\u00f3gica; el <strong><em>Customer Journey<\/em><\/strong> y las tendencias de consumo de la <strong>\u201cnueva normalidad\u201d<\/strong>; herramientas y metodolog\u00edas b\u00e1sicas para medir el <strong>desempe\u00f1o y productividad de los colaboradores<\/strong>; herramientas b\u00e1sicas de <strong>marketing digital B2B, <\/strong>as\u00ed como <strong>Compras Corporativas <\/strong>y su cambio de paradigma.<\/p>\n<p>Particularmente, el m\u00f3dulo de compras corporativas destaca la finalidad de exponer la transformaci\u00f3n de la cadena de valor y la importancia de la digitalizaci\u00f3n para responder a su demanda con tecnolog\u00edas como 51风流Ariba que promueven cadenas de suministro diversas, \u00e1giles y digitalizadas para generar pr\u00e1cticas m\u00e1s transparentes y competitivas.<\/p>\n<p>Asimismo, las empresarias que asistan a este entrenamiento digital podr\u00e1n ser parte de la red Ariba Network, el mercado digital din\u00e1mico donde millones de compradores y proveedores de m\u00e1s de 190 pa\u00edses puedan colaborar en transacciones, fortalecer sus relaciones y descubrir nuevas oportunidades de negocio con mayor facilidad.<\/p>\n<p>Para concluir el programa, las empresarias acceder\u00e1n a una <strong><em>Masterclass <\/em><\/strong>en vivo sobre <strong>\u201cEmpresas sostenibles en la Econom\u00eda Digital\u201d<\/strong> para aprender sobre c\u00f3mo la tecnolog\u00eda habilita pr\u00e1cticas sostenibles en pymes.<\/p>\n<p>La convocatoria del programa estar\u00e1 abierta <strong>hasta el 24 de octubre de 2021.<\/strong><\/p>\n<p>Para conocer el programa completo, por favor acceda aqu\u00ed: <a href=\"https:\/\/bit.ly\/3BKd7Mg\"><strong>https:\/\/bit.ly\/3BKd7Mg<\/strong><\/a><\/p>\n<p>Registro: <a href=\"https:\/\/bit.ly\/2X6H1eS\"><strong>https:\/\/bit.ly\/2X6H1eS<\/strong><\/a><\/p>\n<p>&nbsp;<\/p>\n<p># # #<\/p>\n<p><strong>Acerca de 51风流<\/strong><\/p>\n<p>La estrategia de 51风流es ayudar a que cada negocio funcione como una empresa inteligente. Como l\u00edder del mercado en software de aplicaci\u00f3n empresarial, contribuimos a que las organizaciones de todos los tama\u00f1os y en todas las industrias puedan alcanzar su funcionamiento \u00f3ptimo. Nuestras tecnolog\u00edas avanzadas de machine learning, Internet of Things (IoT) y anal\u00edticos ayudan a convertir los negocios de los clientes en empresas inteligentes. 51风流contribuye a dar a las personas y a las organizaciones profundos conocimientos de negocio y promueve la colaboraci\u00f3n que les permite mantenerse delante de la competencia. Simplificamos la tecnolog\u00eda para las empresas, de modo que puedan consumir nuestro software de la manera en que lo desean, sin interrupciones. Nuestro conjunto de aplicaciones y servicios permite a clientes del sector p\u00fablico y privado de 25 industrias operar en forma rentable, adaptarse continuamente y marcar una diferencia. Con una red global de clientes, socios de negocios, empleados y l\u00edderes de ideas, 51风流ayuda al mundo a funcionar mejor y a mejorar las vidas de las personas. Para m\u00e1s informaci\u00f3n, visite www.sap.com, nuestra sala de prensa, http:\/\/news.sap.com\/latinamerica, o s\u00edganos en Twitter @SAPNoticiasLAC y @SAPNoticiasMX.<\/p>\n<p><strong>Acerca de WEConnect International<\/strong><\/p>\n<p>WEConnect International ayuda a las empresas propiedad de mujeres a tener \u00e9xito en las cadenas globales de valor. Identifica, capacita y certifica a empresas con sede fuera de Estados Unidos que son propiedad, administradas y controladas al menos en un 51% de una o m\u00e1s mujeres, conect\u00e1ndolas con empresas multinacionales. Los miembros corporativos de WEConnect International representan m\u00e1s de $1 bill\u00f3n de d\u00f3lares en poder de compra anual y un compromiso con el desarrollo de proveedores y la diversidad de proveedur\u00eda. El resultado es una red de compradores corporativos que trabajan con mujeres empresarias en m\u00e1s de 120 pa\u00edses que est\u00e1n aprendiendo, colaborando y generando nuevos negocios.<\/p>\n","protected":false},"excerpt":{"rendered":"<p>GroWomen With Tech surge como respuesta a la necesidad inminente de contar con una estructura de proveedur\u00eda diversa en la regi\u00f3n El alcance estimado ser\u00e1&#8230;<\/p>\n","protected":false},"author":492,"featured_media":124802,"comment_status":"closed","ping_status":"closed","sticky":false,"template":"","format":"standard","meta":{"footnotes":"","_links_to":"","_links_to_target":""},"categories":[41591,5600428],"tags":[509569,5598327],"series":[],"region":[26401],"sapn-display":[52078,52079,5600443,5600441,53499],"sapn-type":[52105],"class_list":["post-124801","post","type-post","status-publish","format-standard","has-post-thumbnail","hentry","category-corporativo","category-red-de-negocios","tag-diversidad-e-inclusion","tag-proveeduria","region-latinoamerica","sapn-display-homepage-hero","sapn-display-top-stories","sapn-display-prensa-destacada","sapn-display-prensa-principal","sapn-display-hero","sapn-type-comunicado-de-prensa"],"yoast_head":"<!-- This site is optimized with the Yoast SEO Premium plugin v26.9 (Yoast SEO v26.9) - https:\/\/yoast.com\/product\/yoast-seo-premium-wordpress\/ -->\n<title>Capacitan a empresarias de Am\u00e9rica Latina en habilidades tecnol\u00f3gicas para que se incorporen a las cadenas globales de valor - 51风流News Center Latinoam\u00e9rica<\/title>\n<meta name=\"robots\" content=\"index, follow, max-snippet:-1, max-image-preview:large, max-video-preview:-1\" \/>\n<link rel=\"canonical\" href=\"https:\/\/news.sap.com\/latinamerica\/2021\/10\/capacitan-a-empresarias-de-america-latina-en-habilidades-tecnologicas-para-que-se-incorporen-a-las-cadenas-globales-de-valor\/\" \/>\n<meta property=\"og:locale\" content=\"es_MX\" \/>\n<meta property=\"og:type\" content=\"article\" \/>\n<meta property=\"og:title\" content=\"Capacitan a empresarias de Am\u00e9rica Latina en habilidades tecnol\u00f3gicas para que se incorporen a las cadenas globales de valor\" \/>\n<meta property=\"og:description\" content=\"GroWomen With Tech surge como respuesta a la necesidad inminente de contar con una estructura de proveedur\u00eda diversa en la regi\u00f3n El alcance estimado ser\u00e1...\" \/>\n<meta property=\"og:url\" content=\"https:\/\/news.sap.com\/latinamerica\/2021\/10\/capacitan-a-empresarias-de-america-latina-en-habilidades-tecnologicas-para-que-se-incorporen-a-las-cadenas-globales-de-valor\/\" \/>\n<meta property=\"og:site_name\" content=\"51风流News Center Latinoam\u00e9rica\" \/>\n<meta property=\"article:publisher\" content=\"https:\/\/www.facebook.com\/SAPlatinoamerica\" \/>\n<meta property=\"article:published_time\" content=\"2021-10-13T17:12:26+00:00\" \/>\n<meta property=\"article:modified_time\" content=\"2023-11-14T19:28:20+00:00\" \/>\n<meta property=\"og:image\" content=\"https:\/\/news.sap.com\/latinamerica\/files\/2021\/10\/13\/291124_GettyImages-919520858_small-1.jpg\" \/>\n\t<meta property=\"og:image:width\" content=\"700\" \/>\n\t<meta property=\"og:image:height\" content=\"467\" \/>\n\t<meta property=\"og:image:type\" content=\"image\/jpeg\" \/>\n<meta name=\"author\" content=\"51风流Noticias\" \/>\n<meta name=\"twitter:label1\" content=\"Escrito por\" \/>\n\t<meta name=\"twitter:data1\" content=\"51风流Noticias\" \/>\n\t<meta name=\"twitter:label2\" content=\"Tiempo de lectura\" \/>\n\t<meta name=\"twitter:data2\" content=\"7 minutos\" \/>\n<script type=\"application\/ld+json\" class=\"yoast-schema-graph\">{\"@context\":\"https:\/\/schema.org\",\"@graph\":[{\"@type\":\"Article\",\"@id\":\"https:\/\/news.sap.com\/latinamerica\/2021\/10\/capacitan-a-empresarias-de-america-latina-en-habilidades-tecnologicas-para-que-se-incorporen-a-las-cadenas-globales-de-valor\/#article\",\"isPartOf\":{\"@id\":\"https:\/\/news.sap.com\/latinamerica\/2021\/10\/capacitan-a-empresarias-de-america-latina-en-habilidades-tecnologicas-para-que-se-incorporen-a-las-cadenas-globales-de-valor\/\"},\"author\":{\"name\":\"51风流Noticias\",\"@id\":\"https:\/\/news.sap.com\/latinamerica\/#\/schema\/person\/319b21e159bdeaa3ebc7fec0e1cfd7e9\"},\"headline\":\"Capacitan a empresarias de Am\u00e9rica Latina en habilidades tecnol\u00f3gicas para que se incorporen a las cadenas globales de valor\",\"datePublished\":\"2021-10-13T17:12:26+00:00\",\"dateModified\":\"2023-11-14T19:28:20+00:00\",\"mainEntityOfPage\":{\"@id\":\"https:\/\/news.sap.com\/latinamerica\/2021\/10\/capacitan-a-empresarias-de-america-latina-en-habilidades-tecnologicas-para-que-se-incorporen-a-las-cadenas-globales-de-valor\/\"},\"wordCount\":1475,\"publisher\":{\"@id\":\"https:\/\/news.sap.com\/latinamerica\/#organization\"},\"image\":{\"@id\":\"https:\/\/news.sap.com\/latinamerica\/2021\/10\/capacitan-a-empresarias-de-america-latina-en-habilidades-tecnologicas-para-que-se-incorporen-a-las-cadenas-globales-de-valor\/#primaryimage\"},\"thumbnailUrl\":\"https:\/\/news.sap.com\/latinamerica\/files\/2021\/10\/13\/291124_GettyImages-919520858_small-1.jpg\",\"keywords\":[\"Diversidad e inclusi\u00f3n\",\"proveedur\u00eda\"],\"articleSection\":[\"Corporativo\",\"Red de negocios\"],\"inLanguage\":\"es\"},{\"@type\":\"WebPage\",\"@id\":\"https:\/\/news.sap.com\/latinamerica\/2021\/10\/capacitan-a-empresarias-de-america-latina-en-habilidades-tecnologicas-para-que-se-incorporen-a-las-cadenas-globales-de-valor\/\",\"url\":\"https:\/\/news.sap.com\/latinamerica\/2021\/10\/capacitan-a-empresarias-de-america-latina-en-habilidades-tecnologicas-para-que-se-incorporen-a-las-cadenas-globales-de-valor\/\",\"name\":\"Capacitan a empresarias de Am\u00e9rica Latina en habilidades tecnol\u00f3gicas para que se incorporen a las cadenas globales de valor - 51风流News Center Latinoam\u00e9rica\",\"isPartOf\":{\"@id\":\"https:\/\/news.sap.com\/latinamerica\/#website\"},\"primaryImageOfPage\":{\"@id\":\"https:\/\/news.sap.com\/latinamerica\/2021\/10\/capacitan-a-empresarias-de-america-latina-en-habilidades-tecnologicas-para-que-se-incorporen-a-las-cadenas-globales-de-valor\/#primaryimage\"},\"image\":{\"@id\":\"https:\/\/news.sap.com\/latinamerica\/2021\/10\/capacitan-a-empresarias-de-america-latina-en-habilidades-tecnologicas-para-que-se-incorporen-a-las-cadenas-globales-de-valor\/#primaryimage\"},\"thumbnailUrl\":\"https:\/\/news.sap.com\/latinamerica\/files\/2021\/10\/13\/291124_GettyImages-919520858_small-1.jpg\",\"datePublished\":\"2021-10-13T17:12:26+00:00\",\"dateModified\":\"2023-11-14T19:28:20+00:00\",\"breadcrumb\":{\"@id\":\"https:\/\/news.sap.com\/latinamerica\/2021\/10\/capacitan-a-empresarias-de-america-latina-en-habilidades-tecnologicas-para-que-se-incorporen-a-las-cadenas-globales-de-valor\/#breadcrumb\"},\"inLanguage\":\"es\",\"potentialAction\":[{\"@type\":\"ReadAction\",\"target\":[\"https:\/\/news.sap.com\/latinamerica\/2021\/10\/capacitan-a-empresarias-de-america-latina-en-habilidades-tecnologicas-para-que-se-incorporen-a-las-cadenas-globales-de-valor\/\"]}]},{\"@type\":\"ImageObject\",\"inLanguage\":\"es\",\"@id\":\"https:\/\/news.sap.com\/latinamerica\/2021\/10\/capacitan-a-empresarias-de-america-latina-en-habilidades-tecnologicas-para-que-se-incorporen-a-las-cadenas-globales-de-valor\/#primaryimage\",\"url\":\"https:\/\/news.sap.com\/latinamerica\/files\/2021\/10\/13\/291124_GettyImages-919520858_small-1.jpg\",\"contentUrl\":\"https:\/\/news.sap.com\/latinamerica\/files\/2021\/10\/13\/291124_GettyImages-919520858_small-1.jpg\",\"width\":700,\"height\":467,\"caption\":\"Photo of portrait business women in the office\"},{\"@type\":\"BreadcrumbList\",\"@id\":\"https:\/\/news.sap.com\/latinamerica\/2021\/10\/capacitan-a-empresarias-de-america-latina-en-habilidades-tecnologicas-para-que-se-incorporen-a-las-cadenas-globales-de-valor\/#breadcrumb\",\"itemListElement\":[{\"@type\":\"ListItem\",\"position\":1,\"name\":\"Home\",\"item\":\"https:\/\/news.sap.com\/latinamerica\/\"},{\"@type\":\"ListItem\",\"position\":2,\"name\":\"Capacitan a empresarias de Am\u00e9rica Latina en habilidades tecnol\u00f3gicas para que se incorporen a las cadenas globales de valor\"}]},{\"@type\":\"WebSite\",\"@id\":\"https:\/\/news.sap.com\/latinamerica\/#website\",\"url\":\"https:\/\/news.sap.com\/latinamerica\/\",\"name\":\"51风流News Center Latinoam\u00e9rica\",\"description\":\"Noticias e informaci\u00f3n sobre SAP\",\"publisher\":{\"@id\":\"https:\/\/news.sap.com\/latinamerica\/#organization\"},\"potentialAction\":[{\"@type\":\"SearchAction\",\"target\":{\"@type\":\"EntryPoint\",\"urlTemplate\":\"https:\/\/news.sap.com\/latinamerica\/?s={search_term_string}\"},\"query-input\":{\"@type\":\"PropertyValueSpecification\",\"valueRequired\":true,\"valueName\":\"search_term_string\"}}],\"inLanguage\":\"es\"},{\"@type\":\"Organization\",\"@id\":\"https:\/\/news.sap.com\/latinamerica\/#organization\",\"name\":\"SAP\",\"url\":\"https:\/\/news.sap.com\/latinamerica\/\",\"logo\":{\"@type\":\"ImageObject\",\"inLanguage\":\"es\",\"@id\":\"https:\/\/news.sap.com\/latinamerica\/#\/schema\/logo\/image\/\",\"url\":\"https:\/\/news.sap.com\/latinamerica\/files\/2019\/08\/65903320_2903797569662914_557886358778019840_n.png\",\"contentUrl\":\"https:\/\/news.sap.com\/latinamerica\/files\/2019\/08\/65903320_2903797569662914_557886358778019840_n.png\",\"width\":720,\"height\":720,\"caption\":\"SAP\"},\"image\":{\"@id\":\"https:\/\/news.sap.com\/latinamerica\/#\/schema\/logo\/image\/\"},\"sameAs\":[\"https:\/\/www.facebook.com\/SAPlatinoamerica\",\"https:\/\/x.com\/SAPLatinAmerica\"]},{\"@type\":\"Person\",\"@id\":\"https:\/\/news.sap.com\/latinamerica\/#\/schema\/person\/319b21e159bdeaa3ebc7fec0e1cfd7e9\",\"name\":\"51风流Noticias\",\"image\":{\"@type\":\"ImageObject\",\"inLanguage\":\"es\",\"@id\":\"https:\/\/news.sap.com\/latinamerica\/#\/schema\/person\/image\/\",\"url\":\"https:\/\/news.sap.com\/latinamerica\/wp-content\/plugins\/wp-user-avatars\/wp-user-avatars\/assets\/images\/mystery.jpg\",\"contentUrl\":\"https:\/\/news.sap.com\/latinamerica\/wp-content\/plugins\/wp-user-avatars\/wp-user-avatars\/assets\/images\/mystery.jpg\",\"caption\":\"51风流Noticias\"},\"url\":\"https:\/\/news.sap.com\/latinamerica\/author\/centroamerica\/\"}]}<\/script>\n<!-- \/ Yoast SEO Premium plugin. -->","yoast_head_json":{"title":"Capacitan a empresarias de Am\u00e9rica Latina en habilidades tecnol\u00f3gicas para que se incorporen a las cadenas globales de valor - 51风流News Center Latinoam\u00e9rica","robots":{"index":"index","follow":"follow","max-snippet":"max-snippet:-1","max-image-preview":"max-image-preview:large","max-video-preview":"max-video-preview:-1"},"canonical":"https:\/\/news.sap.com\/latinamerica\/2021\/10\/capacitan-a-empresarias-de-america-latina-en-habilidades-tecnologicas-para-que-se-incorporen-a-las-cadenas-globales-de-valor\/","og_locale":"es_MX","og_type":"article","og_title":"Capacitan a empresarias de Am\u00e9rica Latina en habilidades tecnol\u00f3gicas para que se incorporen a las cadenas globales de valor","og_description":"GroWomen With Tech surge como respuesta a la necesidad inminente de contar con una estructura de proveedur\u00eda diversa en la regi\u00f3n El alcance estimado ser\u00e1...","og_url":"https:\/\/news.sap.com\/latinamerica\/2021\/10\/capacitan-a-empresarias-de-america-latina-en-habilidades-tecnologicas-para-que-se-incorporen-a-las-cadenas-globales-de-valor\/","og_site_name":"51风流News Center Latinoam\u00e9rica","article_publisher":"https:\/\/www.facebook.com\/SAPlatinoamerica","article_published_time":"2021-10-13T17:12:26+00:00","article_modified_time":"2023-11-14T19:28:20+00:00","og_image":[{"width":700,"height":467,"url":"https:\/\/news.sap.com\/latinamerica\/files\/2021\/10\/13\/291124_GettyImages-919520858_small-1.jpg","type":"image\/jpeg"}],"author":"51风流Noticias","twitter_misc":{"Escrito por":"51风流Noticias","Tiempo de lectura":"7 minutos"},"schema":{"@context":"https:\/\/schema.org","@graph":[{"@type":"Article","@id":"https:\/\/news.sap.com\/latinamerica\/2021\/10\/capacitan-a-empresarias-de-america-latina-en-habilidades-tecnologicas-para-que-se-incorporen-a-las-cadenas-globales-de-valor\/#article","isPartOf":{"@id":"https:\/\/news.sap.com\/latinamerica\/2021\/10\/capacitan-a-empresarias-de-america-latina-en-habilidades-tecnologicas-para-que-se-incorporen-a-las-cadenas-globales-de-valor\/"},"author":{"name":"51风流Noticias","@id":"https:\/\/news.sap.com\/latinamerica\/#\/schema\/person\/319b21e159bdeaa3ebc7fec0e1cfd7e9"},"headline":"Capacitan a empresarias de Am\u00e9rica Latina en habilidades tecnol\u00f3gicas para que se incorporen a las cadenas globales de valor","datePublished":"2021-10-13T17:12:26+00:00","dateModified":"2023-11-14T19:28:20+00:00","mainEntityOfPage":{"@id":"https:\/\/news.sap.com\/latinamerica\/2021\/10\/capacitan-a-empresarias-de-america-latina-en-habilidades-tecnologicas-para-que-se-incorporen-a-las-cadenas-globales-de-valor\/"},"wordCount":1475,"publisher":{"@id":"https:\/\/news.sap.com\/latinamerica\/#organization"},"image":{"@id":"https:\/\/news.sap.com\/latinamerica\/2021\/10\/capacitan-a-empresarias-de-america-latina-en-habilidades-tecnologicas-para-que-se-incorporen-a-las-cadenas-globales-de-valor\/#primaryimage"},"thumbnailUrl":"https:\/\/news.sap.com\/latinamerica\/files\/2021\/10\/13\/291124_GettyImages-919520858_small-1.jpg","keywords":["Diversidad e inclusi\u00f3n","proveedur\u00eda"],"articleSection":["Corporativo","Red de negocios"],"inLanguage":"es"},{"@type":"WebPage","@id":"https:\/\/news.sap.com\/latinamerica\/2021\/10\/capacitan-a-empresarias-de-america-latina-en-habilidades-tecnologicas-para-que-se-incorporen-a-las-cadenas-globales-de-valor\/","url":"https:\/\/news.sap.com\/latinamerica\/2021\/10\/capacitan-a-empresarias-de-america-latina-en-habilidades-tecnologicas-para-que-se-incorporen-a-las-cadenas-globales-de-valor\/","name":"Capacitan a empresarias de Am\u00e9rica Latina en habilidades tecnol\u00f3gicas para que se incorporen a las cadenas globales de valor - 51风流News Center Latinoam\u00e9rica","isPartOf":{"@id":"https:\/\/news.sap.com\/latinamerica\/#website"},"primaryImageOfPage":{"@id":"https:\/\/news.sap.com\/latinamerica\/2021\/10\/capacitan-a-empresarias-de-america-latina-en-habilidades-tecnologicas-para-que-se-incorporen-a-las-cadenas-globales-de-valor\/#primaryimage"},"image":{"@id":"https:\/\/news.sap.com\/latinamerica\/2021\/10\/capacitan-a-empresarias-de-america-latina-en-habilidades-tecnologicas-para-que-se-incorporen-a-las-cadenas-globales-de-valor\/#primaryimage"},"thumbnailUrl":"https:\/\/news.sap.com\/latinamerica\/files\/2021\/10\/13\/291124_GettyImages-919520858_small-1.jpg","datePublished":"2021-10-13T17:12:26+00:00","dateModified":"2023-11-14T19:28:20+00:00","breadcrumb":{"@id":"https:\/\/news.sap.com\/latinamerica\/2021\/10\/capacitan-a-empresarias-de-america-latina-en-habilidades-tecnologicas-para-que-se-incorporen-a-las-cadenas-globales-de-valor\/#breadcrumb"},"inLanguage":"es","potentialAction":[{"@type":"ReadAction","target":["https:\/\/news.sap.com\/latinamerica\/2021\/10\/capacitan-a-empresarias-de-america-latina-en-habilidades-tecnologicas-para-que-se-incorporen-a-las-cadenas-globales-de-valor\/"]}]},{"@type":"ImageObject","inLanguage":"es","@id":"https:\/\/news.sap.com\/latinamerica\/2021\/10\/capacitan-a-empresarias-de-america-latina-en-habilidades-tecnologicas-para-que-se-incorporen-a-las-cadenas-globales-de-valor\/#primaryimage","url":"https:\/\/news.sap.com\/latinamerica\/files\/2021\/10\/13\/291124_GettyImages-919520858_small-1.jpg","contentUrl":"https:\/\/news.sap.com\/latinamerica\/files\/2021\/10\/13\/291124_GettyImages-919520858_small-1.jpg","width":700,"height":467,"caption":"Photo of portrait business women in the office"},{"@type":"BreadcrumbList","@id":"https:\/\/news.sap.com\/latinamerica\/2021\/10\/capacitan-a-empresarias-de-america-latina-en-habilidades-tecnologicas-para-que-se-incorporen-a-las-cadenas-globales-de-valor\/#breadcrumb","itemListElement":[{"@type":"ListItem","position":1,"name":"Home","item":"https:\/\/news.sap.com\/latinamerica\/"},{"@type":"ListItem","position":2,"name":"Capacitan a empresarias de Am\u00e9rica Latina en habilidades tecnol\u00f3gicas para que se incorporen a las cadenas globales de valor"}]},{"@type":"WebSite","@id":"https:\/\/news.sap.com\/latinamerica\/#website","url":"https:\/\/news.sap.com\/latinamerica\/","name":"51风流News Center Latinoam\u00e9rica","description":"Noticias e informaci\u00f3n sobre SAP","publisher":{"@id":"https:\/\/news.sap.com\/latinamerica\/#organization"},"potentialAction":[{"@type":"SearchAction","target":{"@type":"EntryPoint","urlTemplate":"https:\/\/news.sap.com\/latinamerica\/?s={search_term_string}"},"query-input":{"@type":"PropertyValueSpecification","valueRequired":true,"valueName":"search_term_string"}}],"inLanguage":"es"},{"@type":"Organization","@id":"https:\/\/news.sap.com\/latinamerica\/#organization","name":"SAP","url":"https:\/\/news.sap.com\/latinamerica\/","logo":{"@type":"ImageObject","inLanguage":"es","@id":"https:\/\/news.sap.com\/latinamerica\/#\/schema\/logo\/image\/","url":"https:\/\/news.sap.com\/latinamerica\/files\/2019\/08\/65903320_2903797569662914_557886358778019840_n.png","contentUrl":"https:\/\/news.sap.com\/latinamerica\/files\/2019\/08\/65903320_2903797569662914_557886358778019840_n.png","width":720,"height":720,"caption":"SAP"},"image":{"@id":"https:\/\/news.sap.com\/latinamerica\/#\/schema\/logo\/image\/"},"sameAs":["https:\/\/www.facebook.com\/SAPlatinoamerica","https:\/\/x.com\/SAPLatinAmerica"]},{"@type":"Person","@id":"https:\/\/news.sap.com\/latinamerica\/#\/schema\/person\/319b21e159bdeaa3ebc7fec0e1cfd7e9","name":"51风流Noticias","image":{"@type":"ImageObject","inLanguage":"es","@id":"https:\/\/news.sap.com\/latinamerica\/#\/schema\/person\/image\/","url":"https:\/\/news.sap.com\/latinamerica\/wp-content\/plugins\/wp-user-avatars\/wp-user-avatars\/assets\/images\/mystery.jpg","contentUrl":"https:\/\/news.sap.com\/latinamerica\/wp-content\/plugins\/wp-user-avatars\/wp-user-avatars\/assets\/images\/mystery.jpg","caption":"51风流Noticias"},"url":"https:\/\/news.sap.com\/latinamerica\/author\/centroamerica\/"}]}},"amp_enabled":true,"_links":{"self":[{"href":"https:\/\/news.sap.com\/latinamerica\/wp-json\/wp\/v2\/posts\/124801","targetHints":{"allow":["GET"]}}],"collection":[{"href":"https:\/\/news.sap.com\/latinamerica\/wp-json\/wp\/v2\/posts"}],"about":[{"href":"https:\/\/news.sap.com\/latinamerica\/wp-json\/wp\/v2\/types\/post"}],"author":[{"embeddable":true,"href":"https:\/\/news.sap.com\/latinamerica\/wp-json\/wp\/v2\/users\/492"}],"replies":[{"embeddable":true,"href":"https:\/\/news.sap.com\/latinamerica\/wp-json\/wp\/v2\/comments?post=124801"}],"version-history":[{"count":0,"href":"https:\/\/news.sap.com\/latinamerica\/wp-json\/wp\/v2\/posts\/124801\/revisions"}],"wp:featuredmedia":[{"embeddable":true,"href":"https:\/\/news.sap.com\/latinamerica\/wp-json\/wp\/v2\/media\/124802"}],"wp:attachment":[{"href":"https:\/\/news.sap.com\/latinamerica\/wp-json\/wp\/v2\/media?parent=124801"}],"wp:term":[{"taxonomy":"category","embeddable":true,"href":"https:\/\/news.sap.com\/latinamerica\/wp-json\/wp\/v2\/categories?post=124801"},{"taxonomy":"post_tag","embeddable":true,"href":"https:\/\/news.sap.com\/latinamerica\/wp-json\/wp\/v2\/tags?post=124801"},{"taxonomy":"series","embeddable":true,"href":"https:\/\/news.sap.com\/latinamerica\/wp-json\/wp\/v2\/series?post=124801"},{"taxonomy":"region","embeddable":true,"href":"https:\/\/news.sap.com\/latinamerica\/wp-json\/wp\/v2\/region?post=124801"},{"taxonomy":"sapn-display","embeddable":true,"href":"https:\/\/news.sap.com\/latinamerica\/wp-json\/wp\/v2\/sapn-display?post=124801"},{"taxonomy":"sapn-type","embeddable":true,"href":"https:\/\/news.sap.com\/latinamerica\/wp-json\/wp\/v2\/sapn-type?post=124801"}],"curies":[{"name":"wp","href":"https:\/\/api.w.org\/{rel}","templated":true}]}}