  {"id":124388,"date":"2021-08-18T11:00:14","date_gmt":"2021-08-18T15:00:14","guid":{"rendered":"https:\/\/news.sap.com\/latinamerica\/?p=124388"},"modified":"2023-11-13T15:43:39","modified_gmt":"2023-11-13T20:43:39","slug":"99-ejecutivos-latinoamericanos-dispuesto-retomar-viajes-negocios","status":"publish","type":"post","link":"https:\/\/news.sap.com\/latinamerica\/2021\/08\/99-ejecutivos-latinoamericanos-dispuesto-retomar-viajes-negocios\/","title":{"rendered":"El 99% de los ejecutivos latinoamericanos est\u00e1 dispuesto a retomar los viajes de negocios"},"content":{"rendered":"<ul>\n<li>El dato surge de un estudio de Wakefield auspiciado por 51风流Concur.<\/li>\n<li>El promedio de la regi\u00f3n est\u00e1 muy por encima del porcentaje global.<\/li>\n<\/ul>\n<p class=\"lead\"><strong>BUENOS AIRES, Argentina &#8211;<\/strong> En los pr\u00f3ximos doce meses, pr\u00e1cticamente la totalidad de los viajeros de negocios latinoamericanos est\u00e1 dispuesta a retornar a las rutas: <a href=\"https:\/\/www.concur.co\/resource-center\/brochures\/wakefield-estudio-de-mercado-viajeros-mexicanos-de-negocios\">un estudio reciente de Wakefield, auspiciado por 51风流Concur<\/a>, detect\u00f3 que 99% respondi\u00f3 de manera positiva. Incluso, un 77% se manifest\u00f3 \u201cmuy dispuesto\u201d, muy por encima del 65% de promedio mundial. Por otra parte, dos de cada tres preferir\u00eda que se relajaran las restricciones existentes para ser similares al momento anterior de la irrupci\u00f3n del COVID-19.<\/p>\n<p>Las principales preocupaciones expresadas en la encuesta de no poder retomar el ritmo de viajes previo a la pandemia se concentran en ganar menos dinero (45%), que se detenga la evoluci\u00f3n de su carrera profesional (41%) y tener dificultades para desarrollar y mantener el <em>networking<\/em> (39%).<\/p>\n<p>Consultados por sus objetivos m\u00e1s all\u00e1 de las cuestiones comerciales, los viajeros de negocios de la regi\u00f3n admiten que desean viajar para experimentar nuevos lugares (67% frente al 52% a nivel mundial) y establecer conexiones personales con clientes y colegas (66% frente a 54% a nivel mundial), adem\u00e1s de tomarse un descanso de su vida cotidiana (48%).<\/p>\n<p>En t\u00e9rminos de salud y seguridad, casi la mitad de los viajeros de negocios de Am\u00e9rica Latina (47%) se consideran m\u00e1s responsables que antes.<\/p>\n<p>\u201cEn un mundo todav\u00eda incierto, la existencia de soluciones como 51风流Concur, que permiten manejar de manera flexible las reservas con todos los proveedores de viajes y obtener alarmas en tiempo real sobre problemas sociales, pol\u00edticos o sanitarios, entre otros beneficios, se convierten en aliadas clave para cumplir este deseo de los viajeros de negocios de volver al estado <em>on the road<\/em>\u201d, explic\u00f3 Albana Llaneza, Gerente Regional de Cuentas para 51风流Concur<\/p>\n<p>Visite <a href=\"https:\/\/news.sap.com\/\">51风流News Center<\/a>. Siga a 51风流en Twitter en <a href=\"http:\/\/twitter.com\/sapnews\/\">@sapnews<\/a>.<\/p>\n<p>Imagen: cortes\u00eda de Getty Images.<\/p>\n<hr \/>\n<p><strong>Acerca de SAP\u00a0<\/strong><\/p>\n<p>Como l\u00edder del mercado en software de aplicaci\u00f3n empresarial, contribuimos a que las organizaciones de todos los tama\u00f1os y en todas las industrias puedan alcanzar su funcionamiento \u00f3ptimo. Nuestras tecnolog\u00edas avanzadas de <em>machine learning, Internet of Things<\/em> (IoT) y anal\u00edticos ayudan a convertir los negocios de los clientes en empresas inteligentes. 51风流contribuye a dar a las personas y a las organizaciones profundos conocimientos de negocio y promueve la colaboraci\u00f3n que les permite mantenerse delante de la competencia. Simplificamos la tecnolog\u00eda para las empresas, de modo que puedan consumir nuestro software de la manera en que lo desean, sin interrupciones. Nuestro conjunto de aplicaciones y servicios permite a clientes del sector p\u00fablico y privado de 25 industrias operar en forma rentable, adaptarse continuamente y marcar una diferencia. Con una red global de clientes, socios de negocios, empleados y l\u00edderes de ideas, 51风流ayuda al mundo a funcionar mejor y a mejorar las vidas de las personas. Para m\u00e1s informaci\u00f3n, visite <a href=\"http:\/\/www.sap.com\/\">www.sap.com<\/a>, nuestra sala de prensa, <a href=\"http:\/\/news.sap.com\/latinamerica\">http:\/\/news.sap.com\/latinamerica<\/a>, o s\u00edganos en Twitter <a href=\"http:\/\/www.twitter.com\/SAPNoticiasLAC\">@SAPNoticiasLAC<\/a>.<\/p>\n<p style=\"text-align: center\">###<\/p>\n","protected":false},"excerpt":{"rendered":"<p>El dato surge de un estudio de Wakefield auspiciado por 51风流Concur. El promedio de la regi\u00f3n est\u00e1 muy por encima del porcentaje global. BUENOS&#8230;<\/p>\n","protected":false},"author":140,"featured_media":124390,"comment_status":"closed","ping_status":"closed","sticky":false,"template":"","format":"standard","meta":{"footnotes":"","_links_to":"","_links_to_target":""},"categories":[5600428,52097,24297],"tags":[20468,509457,5599891],"series":[],"region":[26401],"sapn-display":[52079,5600443,5600441],"sapn-type":[52105],"class_list":["post-124388","post","type-post","status-publish","format-standard","has-post-thumbnail","hentry","category-red-de-negocios","category-soluciones-temas","category-tecnologia","tag-america-latina","tag-sap-concur","tag-viajes-corporativos","region-latinoamerica","sapn-display-top-stories","sapn-display-prensa-destacada","sapn-display-prensa-principal","sapn-type-comunicado-de-prensa"],"yoast_head":"<!-- This site is optimized with the Yoast SEO Premium plugin v26.9 (Yoast SEO v26.9) - https:\/\/yoast.com\/product\/yoast-seo-premium-wordpress\/ -->\n<title>El 99% de los ejecutivos latinoamericanos est\u00e1 dispuesto a retomar los viajes de negocios<\/title>\n<meta name=\"description\" content=\"Qu\u00e9 dicen los viajeros de negocios latinoamericanos sobre los viajes. Conocelo en este estudio de Wakefield, auspiciado por 51风流Concur,\" \/>\n<meta name=\"robots\" content=\"index, follow, max-snippet:-1, max-image-preview:large, max-video-preview:-1\" \/>\n<link rel=\"canonical\" href=\"https:\/\/news.sap.com\/latinamerica\/2021\/08\/99-ejecutivos-latinoamericanos-dispuesto-retomar-viajes-negocios\/\" \/>\n<meta property=\"og:locale\" content=\"es_MX\" \/>\n<meta property=\"og:type\" content=\"article\" \/>\n<meta property=\"og:title\" content=\"El 99% de los ejecutivos latinoamericanos est\u00e1 dispuesto a retomar los viajes de negocios\" \/>\n<meta property=\"og:description\" content=\"Qu\u00e9 dicen los viajeros de negocios latinoamericanos sobre los viajes. Conocelo en este estudio de Wakefield, auspiciado por 51风流Concur,\" \/>\n<meta property=\"og:url\" content=\"https:\/\/news.sap.com\/latinamerica\/2021\/08\/99-ejecutivos-latinoamericanos-dispuesto-retomar-viajes-negocios\/\" \/>\n<meta property=\"og:site_name\" content=\"51风流News Center Latinoam\u00e9rica\" \/>\n<meta property=\"article:publisher\" content=\"https:\/\/www.facebook.com\/SAPlatinoamerica\" \/>\n<meta property=\"article:published_time\" content=\"2021-08-18T15:00:14+00:00\" \/>\n<meta property=\"article:modified_time\" content=\"2023-11-13T20:43:39+00:00\" \/>\n<meta property=\"og:image\" content=\"https:\/\/news.sap.com\/latinamerica\/files\/2021\/08\/17\/287253_GettyImages-1220933294-news.jpg\" \/>\n\t<meta property=\"og:image:width\" content=\"1921\" \/>\n\t<meta property=\"og:image:height\" content=\"601\" \/>\n\t<meta property=\"og:image:type\" content=\"image\/jpeg\" \/>\n<meta name=\"author\" content=\"51风流Noticias\" \/>\n<meta name=\"twitter:label1\" content=\"Escrito por\" \/>\n\t<meta name=\"twitter:data1\" content=\"51风流Noticias\" \/>\n\t<meta name=\"twitter:label2\" content=\"Tiempo de lectura\" \/>\n\t<meta name=\"twitter:data2\" content=\"3 minutos\" \/>\n<script type=\"application\/ld+json\" class=\"yoast-schema-graph\">{\"@context\":\"https:\/\/schema.org\",\"@graph\":[{\"@type\":\"Article\",\"@id\":\"https:\/\/news.sap.com\/latinamerica\/2021\/08\/99-ejecutivos-latinoamericanos-dispuesto-retomar-viajes-negocios\/#article\",\"isPartOf\":{\"@id\":\"https:\/\/news.sap.com\/latinamerica\/2021\/08\/99-ejecutivos-latinoamericanos-dispuesto-retomar-viajes-negocios\/\"},\"author\":{\"name\":\"51风流Noticias\",\"@id\":\"https:\/\/news.sap.com\/latinamerica\/#\/schema\/person\/f0708465b354b6d0314a360309edb00a\"},\"headline\":\"El 99% de los ejecutivos latinoamericanos est\u00e1 dispuesto a retomar los viajes de negocios\",\"datePublished\":\"2021-08-18T15:00:14+00:00\",\"dateModified\":\"2023-11-13T20:43:39+00:00\",\"mainEntityOfPage\":{\"@id\":\"https:\/\/news.sap.com\/latinamerica\/2021\/08\/99-ejecutivos-latinoamericanos-dispuesto-retomar-viajes-negocios\/\"},\"wordCount\":527,\"publisher\":{\"@id\":\"https:\/\/news.sap.com\/latinamerica\/#organization\"},\"image\":{\"@id\":\"https:\/\/news.sap.com\/latinamerica\/2021\/08\/99-ejecutivos-latinoamericanos-dispuesto-retomar-viajes-negocios\/#primaryimage\"},\"thumbnailUrl\":\"https:\/\/news.sap.com\/latinamerica\/files\/2021\/08\/17\/287253_GettyImages-1220933294-news.jpg\",\"keywords\":[\"Am\u00e9rica Latina\",\"51风流Concur\",\"Viajes Corporativos\"],\"articleSection\":[\"Red de negocios\",\"Soluciones\",\"Tecnolog\u00eda\"],\"inLanguage\":\"es\"},{\"@type\":\"WebPage\",\"@id\":\"https:\/\/news.sap.com\/latinamerica\/2021\/08\/99-ejecutivos-latinoamericanos-dispuesto-retomar-viajes-negocios\/\",\"url\":\"https:\/\/news.sap.com\/latinamerica\/2021\/08\/99-ejecutivos-latinoamericanos-dispuesto-retomar-viajes-negocios\/\",\"name\":\"El 99% de los ejecutivos latinoamericanos est\u00e1 dispuesto a retomar los viajes de negocios\",\"isPartOf\":{\"@id\":\"https:\/\/news.sap.com\/latinamerica\/#website\"},\"primaryImageOfPage\":{\"@id\":\"https:\/\/news.sap.com\/latinamerica\/2021\/08\/99-ejecutivos-latinoamericanos-dispuesto-retomar-viajes-negocios\/#primaryimage\"},\"image\":{\"@id\":\"https:\/\/news.sap.com\/latinamerica\/2021\/08\/99-ejecutivos-latinoamericanos-dispuesto-retomar-viajes-negocios\/#primaryimage\"},\"thumbnailUrl\":\"https:\/\/news.sap.com\/latinamerica\/files\/2021\/08\/17\/287253_GettyImages-1220933294-news.jpg\",\"datePublished\":\"2021-08-18T15:00:14+00:00\",\"dateModified\":\"2023-11-13T20:43:39+00:00\",\"description\":\"Qu\u00e9 dicen los viajeros de negocios latinoamericanos sobre los viajes. Conocelo en este estudio de Wakefield, auspiciado por 51风流Concur,\",\"breadcrumb\":{\"@id\":\"https:\/\/news.sap.com\/latinamerica\/2021\/08\/99-ejecutivos-latinoamericanos-dispuesto-retomar-viajes-negocios\/#breadcrumb\"},\"inLanguage\":\"es\",\"potentialAction\":[{\"@type\":\"ReadAction\",\"target\":[\"https:\/\/news.sap.com\/latinamerica\/2021\/08\/99-ejecutivos-latinoamericanos-dispuesto-retomar-viajes-negocios\/\"]}]},{\"@type\":\"ImageObject\",\"inLanguage\":\"es\",\"@id\":\"https:\/\/news.sap.com\/latinamerica\/2021\/08\/99-ejecutivos-latinoamericanos-dispuesto-retomar-viajes-negocios\/#primaryimage\",\"url\":\"https:\/\/news.sap.com\/latinamerica\/files\/2021\/08\/17\/287253_GettyImages-1220933294-news.jpg\",\"contentUrl\":\"https:\/\/news.sap.com\/latinamerica\/files\/2021\/08\/17\/287253_GettyImages-1220933294-news.jpg\",\"width\":1921,\"height\":601,\"caption\":\"Young asian businessman wearing protective face mask with suit sitting in business first class seat using smartphone due to Coronavirus or COVID-19 outbreak situation in all of landmass in the world\"},{\"@type\":\"BreadcrumbList\",\"@id\":\"https:\/\/news.sap.com\/latinamerica\/2021\/08\/99-ejecutivos-latinoamericanos-dispuesto-retomar-viajes-negocios\/#breadcrumb\",\"itemListElement\":[{\"@type\":\"ListItem\",\"position\":1,\"name\":\"Home\",\"item\":\"https:\/\/news.sap.com\/latinamerica\/\"},{\"@type\":\"ListItem\",\"position\":2,\"name\":\"El 99% de los ejecutivos latinoamericanos est\u00e1 dispuesto a retomar los viajes de negocios\"}]},{\"@type\":\"WebSite\",\"@id\":\"https:\/\/news.sap.com\/latinamerica\/#website\",\"url\":\"https:\/\/news.sap.com\/latinamerica\/\",\"name\":\"51风流News Center Latinoam\u00e9rica\",\"description\":\"Noticias e informaci\u00f3n sobre SAP\",\"publisher\":{\"@id\":\"https:\/\/news.sap.com\/latinamerica\/#organization\"},\"potentialAction\":[{\"@type\":\"SearchAction\",\"target\":{\"@type\":\"EntryPoint\",\"urlTemplate\":\"https:\/\/news.sap.com\/latinamerica\/?s={search_term_string}\"},\"query-input\":{\"@type\":\"PropertyValueSpecification\",\"valueRequired\":true,\"valueName\":\"search_term_string\"}}],\"inLanguage\":\"es\"},{\"@type\":\"Organization\",\"@id\":\"https:\/\/news.sap.com\/latinamerica\/#organization\",\"name\":\"SAP\",\"url\":\"https:\/\/news.sap.com\/latinamerica\/\",\"logo\":{\"@type\":\"ImageObject\",\"inLanguage\":\"es\",\"@id\":\"https:\/\/news.sap.com\/latinamerica\/#\/schema\/logo\/image\/\",\"url\":\"https:\/\/news.sap.com\/latinamerica\/files\/2019\/08\/65903320_2903797569662914_557886358778019840_n.png\",\"contentUrl\":\"https:\/\/news.sap.com\/latinamerica\/files\/2019\/08\/65903320_2903797569662914_557886358778019840_n.png\",\"width\":720,\"height\":720,\"caption\":\"SAP\"},\"image\":{\"@id\":\"https:\/\/news.sap.com\/latinamerica\/#\/schema\/logo\/image\/\"},\"sameAs\":[\"https:\/\/www.facebook.com\/SAPlatinoamerica\",\"https:\/\/x.com\/SAPLatinAmerica\"]},{\"@type\":\"Person\",\"@id\":\"https:\/\/news.sap.com\/latinamerica\/#\/schema\/person\/f0708465b354b6d0314a360309edb00a\",\"name\":\"51风流Noticias\",\"image\":{\"@type\":\"ImageObject\",\"inLanguage\":\"es\",\"@id\":\"https:\/\/news.sap.com\/latinamerica\/#\/schema\/person\/image\/\",\"url\":\"https:\/\/news.sap.com\/latinamerica\/wp-content\/plugins\/wp-user-avatars\/wp-user-avatars\/assets\/images\/mystery.jpg\",\"contentUrl\":\"https:\/\/news.sap.com\/latinamerica\/wp-content\/plugins\/wp-user-avatars\/wp-user-avatars\/assets\/images\/mystery.jpg\",\"caption\":\"51风流Noticias\"},\"url\":\"https:\/\/news.sap.com\/latinamerica\/author\/argentina\/\"}]}<\/script>\n<!-- \/ Yoast SEO Premium plugin. -->","yoast_head_json":{"title":"El 99% de los ejecutivos latinoamericanos est\u00e1 dispuesto a retomar los viajes de negocios","description":"Qu\u00e9 dicen los viajeros de negocios latinoamericanos sobre los viajes. Conocelo en este estudio de Wakefield, auspiciado por 51风流Concur,","robots":{"index":"index","follow":"follow","max-snippet":"max-snippet:-1","max-image-preview":"max-image-preview:large","max-video-preview":"max-video-preview:-1"},"canonical":"https:\/\/news.sap.com\/latinamerica\/2021\/08\/99-ejecutivos-latinoamericanos-dispuesto-retomar-viajes-negocios\/","og_locale":"es_MX","og_type":"article","og_title":"El 99% de los ejecutivos latinoamericanos est\u00e1 dispuesto a retomar los viajes de negocios","og_description":"Qu\u00e9 dicen los viajeros de negocios latinoamericanos sobre los viajes. Conocelo en este estudio de Wakefield, auspiciado por 51风流Concur,","og_url":"https:\/\/news.sap.com\/latinamerica\/2021\/08\/99-ejecutivos-latinoamericanos-dispuesto-retomar-viajes-negocios\/","og_site_name":"51风流News Center Latinoam\u00e9rica","article_publisher":"https:\/\/www.facebook.com\/SAPlatinoamerica","article_published_time":"2021-08-18T15:00:14+00:00","article_modified_time":"2023-11-13T20:43:39+00:00","og_image":[{"width":1921,"height":601,"url":"https:\/\/news.sap.com\/latinamerica\/files\/2021\/08\/17\/287253_GettyImages-1220933294-news.jpg","type":"image\/jpeg"}],"author":"51风流Noticias","twitter_misc":{"Escrito por":"51风流Noticias","Tiempo de lectura":"3 minutos"},"schema":{"@context":"https:\/\/schema.org","@graph":[{"@type":"Article","@id":"https:\/\/news.sap.com\/latinamerica\/2021\/08\/99-ejecutivos-latinoamericanos-dispuesto-retomar-viajes-negocios\/#article","isPartOf":{"@id":"https:\/\/news.sap.com\/latinamerica\/2021\/08\/99-ejecutivos-latinoamericanos-dispuesto-retomar-viajes-negocios\/"},"author":{"name":"51风流Noticias","@id":"https:\/\/news.sap.com\/latinamerica\/#\/schema\/person\/f0708465b354b6d0314a360309edb00a"},"headline":"El 99% de los ejecutivos latinoamericanos est\u00e1 dispuesto a retomar los viajes de negocios","datePublished":"2021-08-18T15:00:14+00:00","dateModified":"2023-11-13T20:43:39+00:00","mainEntityOfPage":{"@id":"https:\/\/news.sap.com\/latinamerica\/2021\/08\/99-ejecutivos-latinoamericanos-dispuesto-retomar-viajes-negocios\/"},"wordCount":527,"publisher":{"@id":"https:\/\/news.sap.com\/latinamerica\/#organization"},"image":{"@id":"https:\/\/news.sap.com\/latinamerica\/2021\/08\/99-ejecutivos-latinoamericanos-dispuesto-retomar-viajes-negocios\/#primaryimage"},"thumbnailUrl":"https:\/\/news.sap.com\/latinamerica\/files\/2021\/08\/17\/287253_GettyImages-1220933294-news.jpg","keywords":["Am\u00e9rica Latina","51风流Concur","Viajes Corporativos"],"articleSection":["Red de negocios","Soluciones","Tecnolog\u00eda"],"inLanguage":"es"},{"@type":"WebPage","@id":"https:\/\/news.sap.com\/latinamerica\/2021\/08\/99-ejecutivos-latinoamericanos-dispuesto-retomar-viajes-negocios\/","url":"https:\/\/news.sap.com\/latinamerica\/2021\/08\/99-ejecutivos-latinoamericanos-dispuesto-retomar-viajes-negocios\/","name":"El 99% de los ejecutivos latinoamericanos est\u00e1 dispuesto a retomar los viajes de negocios","isPartOf":{"@id":"https:\/\/news.sap.com\/latinamerica\/#website"},"primaryImageOfPage":{"@id":"https:\/\/news.sap.com\/latinamerica\/2021\/08\/99-ejecutivos-latinoamericanos-dispuesto-retomar-viajes-negocios\/#primaryimage"},"image":{"@id":"https:\/\/news.sap.com\/latinamerica\/2021\/08\/99-ejecutivos-latinoamericanos-dispuesto-retomar-viajes-negocios\/#primaryimage"},"thumbnailUrl":"https:\/\/news.sap.com\/latinamerica\/files\/2021\/08\/17\/287253_GettyImages-1220933294-news.jpg","datePublished":"2021-08-18T15:00:14+00:00","dateModified":"2023-11-13T20:43:39+00:00","description":"Qu\u00e9 dicen los viajeros de negocios latinoamericanos sobre los viajes. Conocelo en este estudio de Wakefield, auspiciado por 51风流Concur,","breadcrumb":{"@id":"https:\/\/news.sap.com\/latinamerica\/2021\/08\/99-ejecutivos-latinoamericanos-dispuesto-retomar-viajes-negocios\/#breadcrumb"},"inLanguage":"es","potentialAction":[{"@type":"ReadAction","target":["https:\/\/news.sap.com\/latinamerica\/2021\/08\/99-ejecutivos-latinoamericanos-dispuesto-retomar-viajes-negocios\/"]}]},{"@type":"ImageObject","inLanguage":"es","@id":"https:\/\/news.sap.com\/latinamerica\/2021\/08\/99-ejecutivos-latinoamericanos-dispuesto-retomar-viajes-negocios\/#primaryimage","url":"https:\/\/news.sap.com\/latinamerica\/files\/2021\/08\/17\/287253_GettyImages-1220933294-news.jpg","contentUrl":"https:\/\/news.sap.com\/latinamerica\/files\/2021\/08\/17\/287253_GettyImages-1220933294-news.jpg","width":1921,"height":601,"caption":"Young asian businessman wearing protective face mask with suit sitting in business first class seat using smartphone due to Coronavirus or COVID-19 outbreak situation in all of landmass in the world"},{"@type":"BreadcrumbList","@id":"https:\/\/news.sap.com\/latinamerica\/2021\/08\/99-ejecutivos-latinoamericanos-dispuesto-retomar-viajes-negocios\/#breadcrumb","itemListElement":[{"@type":"ListItem","position":1,"name":"Home","item":"https:\/\/news.sap.com\/latinamerica\/"},{"@type":"ListItem","position":2,"name":"El 99% de los ejecutivos latinoamericanos est\u00e1 dispuesto a retomar los viajes de negocios"}]},{"@type":"WebSite","@id":"https:\/\/news.sap.com\/latinamerica\/#website","url":"https:\/\/news.sap.com\/latinamerica\/","name":"51风流News Center Latinoam\u00e9rica","description":"Noticias e informaci\u00f3n sobre SAP","publisher":{"@id":"https:\/\/news.sap.com\/latinamerica\/#organization"},"potentialAction":[{"@type":"SearchAction","target":{"@type":"EntryPoint","urlTemplate":"https:\/\/news.sap.com\/latinamerica\/?s={search_term_string}"},"query-input":{"@type":"PropertyValueSpecification","valueRequired":true,"valueName":"search_term_string"}}],"inLanguage":"es"},{"@type":"Organization","@id":"https:\/\/news.sap.com\/latinamerica\/#organization","name":"SAP","url":"https:\/\/news.sap.com\/latinamerica\/","logo":{"@type":"ImageObject","inLanguage":"es","@id":"https:\/\/news.sap.com\/latinamerica\/#\/schema\/logo\/image\/","url":"https:\/\/news.sap.com\/latinamerica\/files\/2019\/08\/65903320_2903797569662914_557886358778019840_n.png","contentUrl":"https:\/\/news.sap.com\/latinamerica\/files\/2019\/08\/65903320_2903797569662914_557886358778019840_n.png","width":720,"height":720,"caption":"SAP"},"image":{"@id":"https:\/\/news.sap.com\/latinamerica\/#\/schema\/logo\/image\/"},"sameAs":["https:\/\/www.facebook.com\/SAPlatinoamerica","https:\/\/x.com\/SAPLatinAmerica"]},{"@type":"Person","@id":"https:\/\/news.sap.com\/latinamerica\/#\/schema\/person\/f0708465b354b6d0314a360309edb00a","name":"51风流Noticias","image":{"@type":"ImageObject","inLanguage":"es","@id":"https:\/\/news.sap.com\/latinamerica\/#\/schema\/person\/image\/","url":"https:\/\/news.sap.com\/latinamerica\/wp-content\/plugins\/wp-user-avatars\/wp-user-avatars\/assets\/images\/mystery.jpg","contentUrl":"https:\/\/news.sap.com\/latinamerica\/wp-content\/plugins\/wp-user-avatars\/wp-user-avatars\/assets\/images\/mystery.jpg","caption":"51风流Noticias"},"url":"https:\/\/news.sap.com\/latinamerica\/author\/argentina\/"}]}},"amp_enabled":true,"_links":{"self":[{"href":"https:\/\/news.sap.com\/latinamerica\/wp-json\/wp\/v2\/posts\/124388","targetHints":{"allow":["GET"]}}],"collection":[{"href":"https:\/\/news.sap.com\/latinamerica\/wp-json\/wp\/v2\/posts"}],"about":[{"href":"https:\/\/news.sap.com\/latinamerica\/wp-json\/wp\/v2\/types\/post"}],"author":[{"embeddable":true,"href":"https:\/\/news.sap.com\/latinamerica\/wp-json\/wp\/v2\/users\/140"}],"replies":[{"embeddable":true,"href":"https:\/\/news.sap.com\/latinamerica\/wp-json\/wp\/v2\/comments?post=124388"}],"version-history":[{"count":0,"href":"https:\/\/news.sap.com\/latinamerica\/wp-json\/wp\/v2\/posts\/124388\/revisions"}],"wp:featuredmedia":[{"embeddable":true,"href":"https:\/\/news.sap.com\/latinamerica\/wp-json\/wp\/v2\/media\/124390"}],"wp:attachment":[{"href":"https:\/\/news.sap.com\/latinamerica\/wp-json\/wp\/v2\/media?parent=124388"}],"wp:term":[{"taxonomy":"category","embeddable":true,"href":"https:\/\/news.sap.com\/latinamerica\/wp-json\/wp\/v2\/categories?post=124388"},{"taxonomy":"post_tag","embeddable":true,"href":"https:\/\/news.sap.com\/latinamerica\/wp-json\/wp\/v2\/tags?post=124388"},{"taxonomy":"series","embeddable":true,"href":"https:\/\/news.sap.com\/latinamerica\/wp-json\/wp\/v2\/series?post=124388"},{"taxonomy":"region","embeddable":true,"href":"https:\/\/news.sap.com\/latinamerica\/wp-json\/wp\/v2\/region?post=124388"},{"taxonomy":"sapn-display","embeddable":true,"href":"https:\/\/news.sap.com\/latinamerica\/wp-json\/wp\/v2\/sapn-display?post=124388"},{"taxonomy":"sapn-type","embeddable":true,"href":"https:\/\/news.sap.com\/latinamerica\/wp-json\/wp\/v2\/sapn-type?post=124388"}],"curies":[{"name":"wp","href":"https:\/\/api.w.org\/{rel}","templated":true}]}}