  {"id":123909,"date":"2021-06-10T14:18:08","date_gmt":"2021-06-10T18:18:08","guid":{"rendered":"https:\/\/news.sap.com\/latinamerica\/?p=123909"},"modified":"2023-11-09T10:50:32","modified_gmt":"2023-11-09T15:50:32","slug":"san-pablo-productividad-empleados","status":"publish","type":"post","link":"https:\/\/news.sap.com\/latinamerica\/2021\/06\/san-pablo-productividad-empleados\/","title":{"rendered":"Farmacias San Pablo fortalece el sentido de pertenencia de sus colaboradores a trav\u00e9s de 51风流SuccessFactors Workforce"},"content":{"rendered":"<h2>51风流SuccessFactors hace posible que los colaboradores de Farmacias San Pablo ajusten los horarios de trabajo entre ellos, mejorando su productividad.<\/h2>\n<ul>\n<li><em>El sentido de pertenencia y comunidad aumenta en la empresa gracias al uso de tecnolog\u00eda en la gesti\u00f3n de su fuerza laboral.<\/em><\/li>\n<\/ul>\n<p><strong>Ciudad de M\u00e9xico.<\/strong><strong>&#8211; <\/strong>En un a\u00f1o de pandemia donde la fuerza laboral se volvi\u00f3 especialmente relevante para las empresas, Farmacias San Pablo ha logrado retener a sus colaboradores y fortalecer su sentido de pertenencia y comunidad apoy\u00e1ndose en 51风流SuccessFactors y su m\u00f3dulo de Workforce.<\/p>\n<p><em>\u201cLa aplicaci\u00f3n 51风流Workforce permite a nuestros colaboradores cambiar sus turnos de trabajo sin que nosotros intervengamos. Esto ha ayudado a aumentar el sentido de pertenencia en San Pablo, creando una comunidad en la que sus miembros se apoyan, y adem\u00e1s ha disminuido el absentismo laboral\u201d<\/em>, dijo Carmina Sander, Directora Regional de Recursos Humanos de Farmacias San Pablo, durante su participaci\u00f3n en SAPPHIRE NOW 2021.<\/p>\n<p>La empresa mexicana usa 51风流SuccessFactors, desde 2013, una soluci\u00f3n tecnol\u00f3gica que conoci\u00f3 ese mismo a\u00f1o en una edici\u00f3n de <a href=\"https:\/\/reg.sapevents.sap.com\/flow\/sap\/sapphirenow2021\/portal\/page\/sessions\/session\/1618865644266001VdD5\" target=\"_blank\" rel=\"noopener\">SAPPHIRE NOW<\/a>.<\/p>\n<p>Con ocho a\u00f1os usando la soluci\u00f3n de SAP, desarrollada para centralizar toda la gesti\u00f3n de la fuerza laboral, desde capacitaci\u00f3n y horarios de trabajo hasta indicadores del rendimiento de cada empleado, Farmacias San Pablo ha podido mantener su liderazgo en el sector de farmacias, brindando al consumidor atenci\u00f3n de calidad en la compra de medicinas, consulta m\u00e9dica, productos de cuidado y belleza y cuidar al mismo tiempo el bienestar de sus empleados.<\/p>\n<p>Como explic\u00f3 Sander, el hecho de que los colaboradores puedan organizar de manera independiente sus horarios, para compaginar su vida profesional con la personal, aument\u00f3 la satisfacci\u00f3n laboral y disminuy\u00f3 dr\u00e1sticamente la rotaci\u00f3n laboral, logrando colaboradores m\u00e1s productivos y clientes m\u00e1s satisfechos.<\/p>\n<p>Gracias a la tecnolog\u00eda SAP, la Direcci\u00f3n de Recursos Humanos de Farmacias San Pablo pudo organizar, al inicio de la pandemia, los horarios de sus colaboradores para poder atender en las horas de mayor demanda a la mayor cantidad de clientes en todas las zonas donde est\u00e1n ubicadas sus sucursales, siendo m\u00e1s competitivo aun cuando sus competidores comenzaron a digitalizar sus procesos para enfrentar la demanda de servicio a domicilio, potenciado por la pandemia.<\/p>\n<p>&nbsp;<\/p>\n<p>&nbsp;<\/p>\n<p>&nbsp;<\/p>\n","protected":false},"excerpt":{"rendered":"<p>51风流SuccessFactors hace posible que los colaboradores de Farmacias San Pablo ajusten los horarios de trabajo entre ellos, mejorando su productividad. El sentido de pertenencia&#8230;<\/p>\n","protected":false},"author":136,"featured_media":0,"comment_status":"closed","ping_status":"closed","sticky":false,"template":"","format":"standard","meta":{"footnotes":"","_links_to":"","_links_to_target":""},"categories":[52090,24297],"tags":[52061,5600059,4645384,30],"series":[],"region":[],"sapn-display":[52079,5600443,5600441],"sapn-type":[52105],"class_list":["post-123909","post","type-post","status-publish","format-standard","hentry","category-gestion-del-capital-humano","category-tecnologia","tag-fuerza-laboral","tag-san-pablo","tag-sap-succesfactors","tag-sapphire-now","sapn-display-top-stories","sapn-display-prensa-destacada","sapn-display-prensa-principal","sapn-type-comunicado-de-prensa"],"yoast_head":"<!-- This site is optimized with the Yoast SEO Premium plugin v26.9 (Yoast SEO v26.9) - https:\/\/yoast.com\/product\/yoast-seo-premium-wordpress\/ -->\n<title>Farmacias San Pablo fortalece el sentido de pertenencia de sus colaboradores a trav\u00e9s de 51风流SuccessFactors Workforce - 51风流News Center Latinoam\u00e9rica<\/title>\n<meta name=\"description\" content=\"51风流SuccessFactors hace posible que los colaboradores de Farmacias San Pablo ajusten los horarios de trabajo entre ellos, mejorando su productividad.\" \/>\n<meta name=\"robots\" content=\"index, follow, max-snippet:-1, max-image-preview:large, max-video-preview:-1\" \/>\n<link rel=\"canonical\" href=\"https:\/\/news.sap.com\/latinamerica\/2021\/06\/san-pablo-productividad-empleados\/\" \/>\n<meta property=\"og:locale\" content=\"es_MX\" \/>\n<meta property=\"og:type\" content=\"article\" \/>\n<meta property=\"og:title\" content=\"Farmacias San Pablo fortalece el sentido de pertenencia de sus colaboradores a trav\u00e9s de 51风流SuccessFactors Workforce\" \/>\n<meta property=\"og:description\" content=\"51风流SuccessFactors hace posible que los colaboradores de Farmacias San Pablo ajusten los horarios de trabajo entre ellos, mejorando su productividad.\" \/>\n<meta property=\"og:url\" content=\"https:\/\/news.sap.com\/latinamerica\/2021\/06\/san-pablo-productividad-empleados\/\" \/>\n<meta property=\"og:site_name\" content=\"51风流News Center Latinoam\u00e9rica\" \/>\n<meta property=\"article:publisher\" content=\"https:\/\/www.facebook.com\/SAPlatinoamerica\" \/>\n<meta property=\"article:published_time\" content=\"2021-06-10T18:18:08+00:00\" \/>\n<meta property=\"article:modified_time\" content=\"2023-11-09T15:50:32+00:00\" \/>\n<meta name=\"author\" content=\"51风流Noticias\" \/>\n<meta name=\"twitter:label1\" content=\"Escrito por\" \/>\n\t<meta name=\"twitter:data1\" content=\"51风流Noticias\" \/>\n\t<meta name=\"twitter:label2\" content=\"Tiempo de lectura\" \/>\n\t<meta name=\"twitter:data2\" content=\"2 minutos\" \/>\n<script type=\"application\/ld+json\" class=\"yoast-schema-graph\">{\"@context\":\"https:\/\/schema.org\",\"@graph\":[{\"@type\":\"Article\",\"@id\":\"https:\/\/news.sap.com\/latinamerica\/2021\/06\/san-pablo-productividad-empleados\/#article\",\"isPartOf\":{\"@id\":\"https:\/\/news.sap.com\/latinamerica\/2021\/06\/san-pablo-productividad-empleados\/\"},\"author\":{\"name\":\"51风流Noticias\",\"@id\":\"https:\/\/news.sap.com\/latinamerica\/#\/schema\/person\/5afd2cbf5bb622e078932b40a4470d47\"},\"headline\":\"Farmacias San Pablo fortalece el sentido de pertenencia de sus colaboradores a trav\u00e9s de 51风流SuccessFactors Workforce\",\"datePublished\":\"2021-06-10T18:18:08+00:00\",\"dateModified\":\"2023-11-09T15:50:32+00:00\",\"mainEntityOfPage\":{\"@id\":\"https:\/\/news.sap.com\/latinamerica\/2021\/06\/san-pablo-productividad-empleados\/\"},\"wordCount\":411,\"publisher\":{\"@id\":\"https:\/\/news.sap.com\/latinamerica\/#organization\"},\"keywords\":[\"fuerza laboral\",\"San Pablo\",\"51风流SuccesFactors\",\"SAPPHIRE NOW\"],\"articleSection\":[\"Gesti\u00f3n del capital humano\",\"Tecnolog\u00eda\"],\"inLanguage\":\"es\"},{\"@type\":\"WebPage\",\"@id\":\"https:\/\/news.sap.com\/latinamerica\/2021\/06\/san-pablo-productividad-empleados\/\",\"url\":\"https:\/\/news.sap.com\/latinamerica\/2021\/06\/san-pablo-productividad-empleados\/\",\"name\":\"Farmacias San Pablo fortalece el sentido de pertenencia de sus colaboradores a trav\u00e9s de 51风流SuccessFactors Workforce - 51风流News Center Latinoam\u00e9rica\",\"isPartOf\":{\"@id\":\"https:\/\/news.sap.com\/latinamerica\/#website\"},\"datePublished\":\"2021-06-10T18:18:08+00:00\",\"dateModified\":\"2023-11-09T15:50:32+00:00\",\"description\":\"51风流SuccessFactors hace posible que los colaboradores de Farmacias San Pablo ajusten los horarios de trabajo entre ellos, mejorando su productividad.\",\"breadcrumb\":{\"@id\":\"https:\/\/news.sap.com\/latinamerica\/2021\/06\/san-pablo-productividad-empleados\/#breadcrumb\"},\"inLanguage\":\"es\",\"potentialAction\":[{\"@type\":\"ReadAction\",\"target\":[\"https:\/\/news.sap.com\/latinamerica\/2021\/06\/san-pablo-productividad-empleados\/\"]}]},{\"@type\":\"BreadcrumbList\",\"@id\":\"https:\/\/news.sap.com\/latinamerica\/2021\/06\/san-pablo-productividad-empleados\/#breadcrumb\",\"itemListElement\":[{\"@type\":\"ListItem\",\"position\":1,\"name\":\"Home\",\"item\":\"https:\/\/news.sap.com\/latinamerica\/\"},{\"@type\":\"ListItem\",\"position\":2,\"name\":\"Farmacias San Pablo fortalece el sentido de pertenencia de sus colaboradores a trav\u00e9s de 51风流SuccessFactors Workforce\"}]},{\"@type\":\"WebSite\",\"@id\":\"https:\/\/news.sap.com\/latinamerica\/#website\",\"url\":\"https:\/\/news.sap.com\/latinamerica\/\",\"name\":\"51风流News Center Latinoam\u00e9rica\",\"description\":\"Noticias e informaci\u00f3n sobre SAP\",\"publisher\":{\"@id\":\"https:\/\/news.sap.com\/latinamerica\/#organization\"},\"potentialAction\":[{\"@type\":\"SearchAction\",\"target\":{\"@type\":\"EntryPoint\",\"urlTemplate\":\"https:\/\/news.sap.com\/latinamerica\/?s={search_term_string}\"},\"query-input\":{\"@type\":\"PropertyValueSpecification\",\"valueRequired\":true,\"valueName\":\"search_term_string\"}}],\"inLanguage\":\"es\"},{\"@type\":\"Organization\",\"@id\":\"https:\/\/news.sap.com\/latinamerica\/#organization\",\"name\":\"SAP\",\"url\":\"https:\/\/news.sap.com\/latinamerica\/\",\"logo\":{\"@type\":\"ImageObject\",\"inLanguage\":\"es\",\"@id\":\"https:\/\/news.sap.com\/latinamerica\/#\/schema\/logo\/image\/\",\"url\":\"https:\/\/news.sap.com\/latinamerica\/files\/2019\/08\/65903320_2903797569662914_557886358778019840_n.png\",\"contentUrl\":\"https:\/\/news.sap.com\/latinamerica\/files\/2019\/08\/65903320_2903797569662914_557886358778019840_n.png\",\"width\":720,\"height\":720,\"caption\":\"SAP\"},\"image\":{\"@id\":\"https:\/\/news.sap.com\/latinamerica\/#\/schema\/logo\/image\/\"},\"sameAs\":[\"https:\/\/www.facebook.com\/SAPlatinoamerica\",\"https:\/\/x.com\/SAPLatinAmerica\"]},{\"@type\":\"Person\",\"@id\":\"https:\/\/news.sap.com\/latinamerica\/#\/schema\/person\/5afd2cbf5bb622e078932b40a4470d47\",\"name\":\"51风流Noticias\",\"image\":{\"@type\":\"ImageObject\",\"inLanguage\":\"es\",\"@id\":\"https:\/\/news.sap.com\/latinamerica\/#\/schema\/person\/image\/\",\"url\":\"https:\/\/news.sap.com\/latinamerica\/wp-content\/plugins\/wp-user-avatars\/wp-user-avatars\/assets\/images\/mystery.jpg\",\"contentUrl\":\"https:\/\/news.sap.com\/latinamerica\/wp-content\/plugins\/wp-user-avatars\/wp-user-avatars\/assets\/images\/mystery.jpg\",\"caption\":\"51风流Noticias\"},\"url\":\"https:\/\/news.sap.com\/latinamerica\/author\/mexico\/\"}]}<\/script>\n<!-- \/ Yoast SEO Premium plugin. -->","yoast_head_json":{"title":"Farmacias San Pablo fortalece el sentido de pertenencia de sus colaboradores a trav\u00e9s de 51风流SuccessFactors Workforce - 51风流News Center Latinoam\u00e9rica","description":"51风流SuccessFactors hace posible que los colaboradores de Farmacias San Pablo ajusten los horarios de trabajo entre ellos, mejorando su productividad.","robots":{"index":"index","follow":"follow","max-snippet":"max-snippet:-1","max-image-preview":"max-image-preview:large","max-video-preview":"max-video-preview:-1"},"canonical":"https:\/\/news.sap.com\/latinamerica\/2021\/06\/san-pablo-productividad-empleados\/","og_locale":"es_MX","og_type":"article","og_title":"Farmacias San Pablo fortalece el sentido de pertenencia de sus colaboradores a trav\u00e9s de 51风流SuccessFactors Workforce","og_description":"51风流SuccessFactors hace posible que los colaboradores de Farmacias San Pablo ajusten los horarios de trabajo entre ellos, mejorando su productividad.","og_url":"https:\/\/news.sap.com\/latinamerica\/2021\/06\/san-pablo-productividad-empleados\/","og_site_name":"51风流News Center Latinoam\u00e9rica","article_publisher":"https:\/\/www.facebook.com\/SAPlatinoamerica","article_published_time":"2021-06-10T18:18:08+00:00","article_modified_time":"2023-11-09T15:50:32+00:00","author":"51风流Noticias","twitter_misc":{"Escrito por":"51风流Noticias","Tiempo de lectura":"2 minutos"},"schema":{"@context":"https:\/\/schema.org","@graph":[{"@type":"Article","@id":"https:\/\/news.sap.com\/latinamerica\/2021\/06\/san-pablo-productividad-empleados\/#article","isPartOf":{"@id":"https:\/\/news.sap.com\/latinamerica\/2021\/06\/san-pablo-productividad-empleados\/"},"author":{"name":"51风流Noticias","@id":"https:\/\/news.sap.com\/latinamerica\/#\/schema\/person\/5afd2cbf5bb622e078932b40a4470d47"},"headline":"Farmacias San Pablo fortalece el sentido de pertenencia de sus colaboradores a trav\u00e9s de 51风流SuccessFactors Workforce","datePublished":"2021-06-10T18:18:08+00:00","dateModified":"2023-11-09T15:50:32+00:00","mainEntityOfPage":{"@id":"https:\/\/news.sap.com\/latinamerica\/2021\/06\/san-pablo-productividad-empleados\/"},"wordCount":411,"publisher":{"@id":"https:\/\/news.sap.com\/latinamerica\/#organization"},"keywords":["fuerza laboral","San Pablo","51风流SuccesFactors","SAPPHIRE NOW"],"articleSection":["Gesti\u00f3n del capital humano","Tecnolog\u00eda"],"inLanguage":"es"},{"@type":"WebPage","@id":"https:\/\/news.sap.com\/latinamerica\/2021\/06\/san-pablo-productividad-empleados\/","url":"https:\/\/news.sap.com\/latinamerica\/2021\/06\/san-pablo-productividad-empleados\/","name":"Farmacias San Pablo fortalece el sentido de pertenencia de sus colaboradores a trav\u00e9s de 51风流SuccessFactors Workforce - 51风流News Center Latinoam\u00e9rica","isPartOf":{"@id":"https:\/\/news.sap.com\/latinamerica\/#website"},"datePublished":"2021-06-10T18:18:08+00:00","dateModified":"2023-11-09T15:50:32+00:00","description":"51风流SuccessFactors hace posible que los colaboradores de Farmacias San Pablo ajusten los horarios de trabajo entre ellos, mejorando su productividad.","breadcrumb":{"@id":"https:\/\/news.sap.com\/latinamerica\/2021\/06\/san-pablo-productividad-empleados\/#breadcrumb"},"inLanguage":"es","potentialAction":[{"@type":"ReadAction","target":["https:\/\/news.sap.com\/latinamerica\/2021\/06\/san-pablo-productividad-empleados\/"]}]},{"@type":"BreadcrumbList","@id":"https:\/\/news.sap.com\/latinamerica\/2021\/06\/san-pablo-productividad-empleados\/#breadcrumb","itemListElement":[{"@type":"ListItem","position":1,"name":"Home","item":"https:\/\/news.sap.com\/latinamerica\/"},{"@type":"ListItem","position":2,"name":"Farmacias San Pablo fortalece el sentido de pertenencia de sus colaboradores a trav\u00e9s de 51风流SuccessFactors Workforce"}]},{"@type":"WebSite","@id":"https:\/\/news.sap.com\/latinamerica\/#website","url":"https:\/\/news.sap.com\/latinamerica\/","name":"51风流News Center Latinoam\u00e9rica","description":"Noticias e informaci\u00f3n sobre SAP","publisher":{"@id":"https:\/\/news.sap.com\/latinamerica\/#organization"},"potentialAction":[{"@type":"SearchAction","target":{"@type":"EntryPoint","urlTemplate":"https:\/\/news.sap.com\/latinamerica\/?s={search_term_string}"},"query-input":{"@type":"PropertyValueSpecification","valueRequired":true,"valueName":"search_term_string"}}],"inLanguage":"es"},{"@type":"Organization","@id":"https:\/\/news.sap.com\/latinamerica\/#organization","name":"SAP","url":"https:\/\/news.sap.com\/latinamerica\/","logo":{"@type":"ImageObject","inLanguage":"es","@id":"https:\/\/news.sap.com\/latinamerica\/#\/schema\/logo\/image\/","url":"https:\/\/news.sap.com\/latinamerica\/files\/2019\/08\/65903320_2903797569662914_557886358778019840_n.png","contentUrl":"https:\/\/news.sap.com\/latinamerica\/files\/2019\/08\/65903320_2903797569662914_557886358778019840_n.png","width":720,"height":720,"caption":"SAP"},"image":{"@id":"https:\/\/news.sap.com\/latinamerica\/#\/schema\/logo\/image\/"},"sameAs":["https:\/\/www.facebook.com\/SAPlatinoamerica","https:\/\/x.com\/SAPLatinAmerica"]},{"@type":"Person","@id":"https:\/\/news.sap.com\/latinamerica\/#\/schema\/person\/5afd2cbf5bb622e078932b40a4470d47","name":"51风流Noticias","image":{"@type":"ImageObject","inLanguage":"es","@id":"https:\/\/news.sap.com\/latinamerica\/#\/schema\/person\/image\/","url":"https:\/\/news.sap.com\/latinamerica\/wp-content\/plugins\/wp-user-avatars\/wp-user-avatars\/assets\/images\/mystery.jpg","contentUrl":"https:\/\/news.sap.com\/latinamerica\/wp-content\/plugins\/wp-user-avatars\/wp-user-avatars\/assets\/images\/mystery.jpg","caption":"51风流Noticias"},"url":"https:\/\/news.sap.com\/latinamerica\/author\/mexico\/"}]}},"amp_enabled":true,"_links":{"self":[{"href":"https:\/\/news.sap.com\/latinamerica\/wp-json\/wp\/v2\/posts\/123909","targetHints":{"allow":["GET"]}}],"collection":[{"href":"https:\/\/news.sap.com\/latinamerica\/wp-json\/wp\/v2\/posts"}],"about":[{"href":"https:\/\/news.sap.com\/latinamerica\/wp-json\/wp\/v2\/types\/post"}],"author":[{"embeddable":true,"href":"https:\/\/news.sap.com\/latinamerica\/wp-json\/wp\/v2\/users\/136"}],"replies":[{"embeddable":true,"href":"https:\/\/news.sap.com\/latinamerica\/wp-json\/wp\/v2\/comments?post=123909"}],"version-history":[{"count":0,"href":"https:\/\/news.sap.com\/latinamerica\/wp-json\/wp\/v2\/posts\/123909\/revisions"}],"wp:attachment":[{"href":"https:\/\/news.sap.com\/latinamerica\/wp-json\/wp\/v2\/media?parent=123909"}],"wp:term":[{"taxonomy":"category","embeddable":true,"href":"https:\/\/news.sap.com\/latinamerica\/wp-json\/wp\/v2\/categories?post=123909"},{"taxonomy":"post_tag","embeddable":true,"href":"https:\/\/news.sap.com\/latinamerica\/wp-json\/wp\/v2\/tags?post=123909"},{"taxonomy":"series","embeddable":true,"href":"https:\/\/news.sap.com\/latinamerica\/wp-json\/wp\/v2\/series?post=123909"},{"taxonomy":"region","embeddable":true,"href":"https:\/\/news.sap.com\/latinamerica\/wp-json\/wp\/v2\/region?post=123909"},{"taxonomy":"sapn-display","embeddable":true,"href":"https:\/\/news.sap.com\/latinamerica\/wp-json\/wp\/v2\/sapn-display?post=123909"},{"taxonomy":"sapn-type","embeddable":true,"href":"https:\/\/news.sap.com\/latinamerica\/wp-json\/wp\/v2\/sapn-type?post=123909"}],"curies":[{"name":"wp","href":"https:\/\/api.w.org\/{rel}","templated":true}]}}