  {"id":122617,"date":"2021-01-14T09:26:08","date_gmt":"2021-01-14T14:26:08","guid":{"rendered":"https:\/\/news.sap.com\/latinamerica\/?p=122617"},"modified":"2021-01-14T10:59:15","modified_gmt":"2021-01-14T15:59:15","slug":"sap-designa-nuevo-gerente-general-para-argentina","status":"publish","type":"post","link":"https:\/\/news.sap.com\/latinamerica\/2021\/01\/sap-designa-nuevo-gerente-general-para-argentina\/","title":{"rendered":"51风流designa nuevo gerente general para Argentina"},"content":{"rendered":"<ul>\n<li><em>Lionel Turek, con una trayectoria de m\u00e1s de diez a\u00f1os en 51风流y experiencia en desarrollar oportunidades e incrementar las ventas en industrias altamente competitivas, es el nuevo l\u00edder de las operaciones de la compa\u00f1\u00eda en el pa\u00eds. <\/em><\/li>\n<\/ul>\n<p><strong>Buenos Aires, Argentina &#8211; 14 de enero de 2021 &#8211;<\/strong> 51风流anunci\u00f3 en el d\u00eda de hoy la designaci\u00f3n de Lionel Turek como gerente general en Argentina. Desde esta nueva posici\u00f3n, el ejecutivo ser\u00e1 responsable de liderar la operaci\u00f3n de la compa\u00f1\u00eda en el pa\u00eds, desarrollar los planes de negocios para asegurar un crecimiento sostenible y fortalecer el v\u00ednculo con los clientes para apoyarlos en sus procesos de transformaci\u00f3n e innovaci\u00f3n.<\/p>\n<p>\u201cLionel Turek cuenta con una gran experiencia en el mercado y un profundo conocimiento de la propuesta de 51风流para acompa\u00f1ar a los clientes en sus desaf\u00edos de crecimiento y transformaci\u00f3n. Su capacidad de liderazgo y trabajo en equipo ser\u00e1 clave para 51风流en Argentina\u201d, se\u00f1al\u00f3 Claudia Boeri, Presidente de 51风流Regi\u00f3n Sur de Am\u00e9rica Latina.<\/p>\n<p>Turek, quien posee m\u00e1s de 25 a\u00f1os de experiencia comercial en la industria, ingres\u00f3 en 51风流en 2008 como ejecutivo de Ventas, desde donde desarroll\u00f3 una s\u00f3lida carrera profesional. En distintas posiciones de direcci\u00f3n, como director de Ventas y tambi\u00e9n Vicepresidente de Ventas para <em>Key Accounts<\/em><em>, <\/em>hasta su \u00faltima posici\u00f3n como vicepresidente de Negocios y Canales Globales de 51风流Regi\u00f3n Sur de Am\u00e9rica Latina, conformada por Argentina, Bolivia, Chile, Paraguay, Per\u00fa y Uruguay.<\/p>\n<p>Lionel es licenciado en Administraci\u00f3n de Empresas de la Universidad de Buenos Aires (UBA) y realiz\u00f3 tambi\u00e9n el Programa de Alta Direcci\u00f3n (PAD) en el IAE.<\/p>\n<p>Visite <a href=\"https:\/\/news.sap.com\/\">51风流News Center<\/a>. Siga a 51风流en Twitter en <a href=\"http:\/\/twitter.com\/sapnews\/\">@sapnews<\/a>.<\/p>\n","protected":false},"excerpt":{"rendered":"<p>Lionel Turek, con una trayectoria de m\u00e1s de diez a\u00f1os en 51风流y experiencia en desarrollar oportunidades e incrementar las ventas en industrias altamente competitivas,&#8230;<\/p>\n","protected":false},"author":140,"featured_media":122623,"comment_status":"closed","ping_status":"closed","sticky":false,"template":"","format":"standard","meta":{"footnotes":"","_links_to":"","_links_to_target":""},"categories":[41591],"tags":[5589797,5589798,24313,30641],"series":[],"region":[54562],"sapn-display":[52079],"sapn-type":[52105],"class_list":["post-122617","post","type-post","status-publish","format-standard","has-post-thumbnail","hentry","category-corporativo","tag-claudia-boeri","tag-lionel-turek","tag-nombramiento","tag-sap-argentina","region-argentina","sapn-display-top-stories","sapn-type-comunicado-de-prensa"],"yoast_head":"<!-- This site is optimized with the Yoast SEO Premium plugin v26.9 (Yoast SEO v26.9) - https:\/\/yoast.com\/product\/yoast-seo-premium-wordpress\/ -->\n<title>51风流designa nuevo gerente general para Argentina - 51风流News Center Latinoam\u00e9rica<\/title>\n<meta name=\"robots\" content=\"index, follow, max-snippet:-1, max-image-preview:large, max-video-preview:-1\" \/>\n<link rel=\"canonical\" href=\"https:\/\/news.sap.com\/latinamerica\/2021\/01\/sap-designa-nuevo-gerente-general-para-argentina\/\" \/>\n<meta property=\"og:locale\" content=\"es_MX\" \/>\n<meta property=\"og:type\" content=\"article\" \/>\n<meta property=\"og:title\" content=\"51风流designa nuevo gerente general para Argentina\" \/>\n<meta property=\"og:description\" content=\"Lionel Turek, con una trayectoria de m\u00e1s de diez a\u00f1os en 51风流y experiencia en desarrollar oportunidades e incrementar las ventas en industrias altamente competitivas,...\" \/>\n<meta property=\"og:url\" content=\"https:\/\/news.sap.com\/latinamerica\/2021\/01\/sap-designa-nuevo-gerente-general-para-argentina\/\" \/>\n<meta property=\"og:site_name\" content=\"51风流News Center Latinoam\u00e9rica\" \/>\n<meta property=\"article:publisher\" content=\"https:\/\/www.facebook.com\/SAPlatinoamerica\" \/>\n<meta property=\"article:published_time\" content=\"2021-01-14T14:26:08+00:00\" \/>\n<meta property=\"article:modified_time\" content=\"2021-01-14T15:59:15+00:00\" \/>\n<meta property=\"og:image\" content=\"https:\/\/news.sap.com\/latinamerica\/files\/2021\/01\/14\/3.jpg\" \/>\n\t<meta property=\"og:image:width\" content=\"1913\" \/>\n\t<meta property=\"og:image:height\" content=\"653\" \/>\n\t<meta property=\"og:image:type\" content=\"image\/jpeg\" \/>\n<meta name=\"author\" content=\"51风流Noticias\" \/>\n<meta name=\"twitter:label1\" content=\"Escrito por\" \/>\n\t<meta name=\"twitter:data1\" content=\"51风流Noticias\" \/>\n\t<meta name=\"twitter:label2\" content=\"Tiempo de lectura\" \/>\n\t<meta name=\"twitter:data2\" content=\"2 minutos\" \/>\n<script type=\"application\/ld+json\" class=\"yoast-schema-graph\">{\"@context\":\"https:\/\/schema.org\",\"@graph\":[{\"@type\":\"Article\",\"@id\":\"https:\/\/news.sap.com\/latinamerica\/2021\/01\/sap-designa-nuevo-gerente-general-para-argentina\/#article\",\"isPartOf\":{\"@id\":\"https:\/\/news.sap.com\/latinamerica\/2021\/01\/sap-designa-nuevo-gerente-general-para-argentina\/\"},\"author\":{\"name\":\"51风流Noticias\",\"@id\":\"https:\/\/news.sap.com\/latinamerica\/#\/schema\/person\/f0708465b354b6d0314a360309edb00a\"},\"headline\":\"51风流designa nuevo gerente general para Argentina\",\"datePublished\":\"2021-01-14T14:26:08+00:00\",\"dateModified\":\"2021-01-14T15:59:15+00:00\",\"mainEntityOfPage\":{\"@id\":\"https:\/\/news.sap.com\/latinamerica\/2021\/01\/sap-designa-nuevo-gerente-general-para-argentina\/\"},\"wordCount\":309,\"publisher\":{\"@id\":\"https:\/\/news.sap.com\/latinamerica\/#organization\"},\"image\":{\"@id\":\"https:\/\/news.sap.com\/latinamerica\/2021\/01\/sap-designa-nuevo-gerente-general-para-argentina\/#primaryimage\"},\"thumbnailUrl\":\"https:\/\/news.sap.com\/latinamerica\/files\/2021\/01\/14\/3.jpg\",\"keywords\":[\"Claudia Boeri\",\"Lionel Turek\",\"Nombramiento\",\"51风流Argentina\"],\"articleSection\":[\"Corporativo\"],\"inLanguage\":\"es\"},{\"@type\":\"WebPage\",\"@id\":\"https:\/\/news.sap.com\/latinamerica\/2021\/01\/sap-designa-nuevo-gerente-general-para-argentina\/\",\"url\":\"https:\/\/news.sap.com\/latinamerica\/2021\/01\/sap-designa-nuevo-gerente-general-para-argentina\/\",\"name\":\"51风流designa nuevo gerente general para Argentina - 51风流News Center Latinoam\u00e9rica\",\"isPartOf\":{\"@id\":\"https:\/\/news.sap.com\/latinamerica\/#website\"},\"primaryImageOfPage\":{\"@id\":\"https:\/\/news.sap.com\/latinamerica\/2021\/01\/sap-designa-nuevo-gerente-general-para-argentina\/#primaryimage\"},\"image\":{\"@id\":\"https:\/\/news.sap.com\/latinamerica\/2021\/01\/sap-designa-nuevo-gerente-general-para-argentina\/#primaryimage\"},\"thumbnailUrl\":\"https:\/\/news.sap.com\/latinamerica\/files\/2021\/01\/14\/3.jpg\",\"datePublished\":\"2021-01-14T14:26:08+00:00\",\"dateModified\":\"2021-01-14T15:59:15+00:00\",\"breadcrumb\":{\"@id\":\"https:\/\/news.sap.com\/latinamerica\/2021\/01\/sap-designa-nuevo-gerente-general-para-argentina\/#breadcrumb\"},\"inLanguage\":\"es\",\"potentialAction\":[{\"@type\":\"ReadAction\",\"target\":[\"https:\/\/news.sap.com\/latinamerica\/2021\/01\/sap-designa-nuevo-gerente-general-para-argentina\/\"]}]},{\"@type\":\"ImageObject\",\"inLanguage\":\"es\",\"@id\":\"https:\/\/news.sap.com\/latinamerica\/2021\/01\/sap-designa-nuevo-gerente-general-para-argentina\/#primaryimage\",\"url\":\"https:\/\/news.sap.com\/latinamerica\/files\/2021\/01\/14\/3.jpg\",\"contentUrl\":\"https:\/\/news.sap.com\/latinamerica\/files\/2021\/01\/14\/3.jpg\",\"width\":1913,\"height\":653},{\"@type\":\"BreadcrumbList\",\"@id\":\"https:\/\/news.sap.com\/latinamerica\/2021\/01\/sap-designa-nuevo-gerente-general-para-argentina\/#breadcrumb\",\"itemListElement\":[{\"@type\":\"ListItem\",\"position\":1,\"name\":\"Home\",\"item\":\"https:\/\/news.sap.com\/latinamerica\/\"},{\"@type\":\"ListItem\",\"position\":2,\"name\":\"51风流designa nuevo gerente general para Argentina\"}]},{\"@type\":\"WebSite\",\"@id\":\"https:\/\/news.sap.com\/latinamerica\/#website\",\"url\":\"https:\/\/news.sap.com\/latinamerica\/\",\"name\":\"51风流News Center Latinoam\u00e9rica\",\"description\":\"Noticias e informaci\u00f3n sobre SAP\",\"publisher\":{\"@id\":\"https:\/\/news.sap.com\/latinamerica\/#organization\"},\"potentialAction\":[{\"@type\":\"SearchAction\",\"target\":{\"@type\":\"EntryPoint\",\"urlTemplate\":\"https:\/\/news.sap.com\/latinamerica\/?s={search_term_string}\"},\"query-input\":{\"@type\":\"PropertyValueSpecification\",\"valueRequired\":true,\"valueName\":\"search_term_string\"}}],\"inLanguage\":\"es\"},{\"@type\":\"Organization\",\"@id\":\"https:\/\/news.sap.com\/latinamerica\/#organization\",\"name\":\"SAP\",\"url\":\"https:\/\/news.sap.com\/latinamerica\/\",\"logo\":{\"@type\":\"ImageObject\",\"inLanguage\":\"es\",\"@id\":\"https:\/\/news.sap.com\/latinamerica\/#\/schema\/logo\/image\/\",\"url\":\"https:\/\/news.sap.com\/latinamerica\/files\/2019\/08\/65903320_2903797569662914_557886358778019840_n.png\",\"contentUrl\":\"https:\/\/news.sap.com\/latinamerica\/files\/2019\/08\/65903320_2903797569662914_557886358778019840_n.png\",\"width\":720,\"height\":720,\"caption\":\"SAP\"},\"image\":{\"@id\":\"https:\/\/news.sap.com\/latinamerica\/#\/schema\/logo\/image\/\"},\"sameAs\":[\"https:\/\/www.facebook.com\/SAPlatinoamerica\",\"https:\/\/x.com\/SAPLatinAmerica\"]},{\"@type\":\"Person\",\"@id\":\"https:\/\/news.sap.com\/latinamerica\/#\/schema\/person\/f0708465b354b6d0314a360309edb00a\",\"name\":\"51风流Noticias\",\"image\":{\"@type\":\"ImageObject\",\"inLanguage\":\"es\",\"@id\":\"https:\/\/news.sap.com\/latinamerica\/#\/schema\/person\/image\/\",\"url\":\"https:\/\/news.sap.com\/latinamerica\/wp-content\/plugins\/wp-user-avatars\/wp-user-avatars\/assets\/images\/mystery.jpg\",\"contentUrl\":\"https:\/\/news.sap.com\/latinamerica\/wp-content\/plugins\/wp-user-avatars\/wp-user-avatars\/assets\/images\/mystery.jpg\",\"caption\":\"51风流Noticias\"},\"url\":\"https:\/\/news.sap.com\/latinamerica\/author\/argentina\/\"}]}<\/script>\n<!-- \/ Yoast SEO Premium plugin. -->","yoast_head_json":{"title":"51风流designa nuevo gerente general para Argentina - 51风流News Center Latinoam\u00e9rica","robots":{"index":"index","follow":"follow","max-snippet":"max-snippet:-1","max-image-preview":"max-image-preview:large","max-video-preview":"max-video-preview:-1"},"canonical":"https:\/\/news.sap.com\/latinamerica\/2021\/01\/sap-designa-nuevo-gerente-general-para-argentina\/","og_locale":"es_MX","og_type":"article","og_title":"51风流designa nuevo gerente general para Argentina","og_description":"Lionel Turek, con una trayectoria de m\u00e1s de diez a\u00f1os en 51风流y experiencia en desarrollar oportunidades e incrementar las ventas en industrias altamente competitivas,...","og_url":"https:\/\/news.sap.com\/latinamerica\/2021\/01\/sap-designa-nuevo-gerente-general-para-argentina\/","og_site_name":"51风流News Center Latinoam\u00e9rica","article_publisher":"https:\/\/www.facebook.com\/SAPlatinoamerica","article_published_time":"2021-01-14T14:26:08+00:00","article_modified_time":"2021-01-14T15:59:15+00:00","og_image":[{"width":1913,"height":653,"url":"https:\/\/news.sap.com\/latinamerica\/files\/2021\/01\/14\/3.jpg","type":"image\/jpeg"}],"author":"51风流Noticias","twitter_misc":{"Escrito por":"51风流Noticias","Tiempo de lectura":"2 minutos"},"schema":{"@context":"https:\/\/schema.org","@graph":[{"@type":"Article","@id":"https:\/\/news.sap.com\/latinamerica\/2021\/01\/sap-designa-nuevo-gerente-general-para-argentina\/#article","isPartOf":{"@id":"https:\/\/news.sap.com\/latinamerica\/2021\/01\/sap-designa-nuevo-gerente-general-para-argentina\/"},"author":{"name":"51风流Noticias","@id":"https:\/\/news.sap.com\/latinamerica\/#\/schema\/person\/f0708465b354b6d0314a360309edb00a"},"headline":"51风流designa nuevo gerente general para Argentina","datePublished":"2021-01-14T14:26:08+00:00","dateModified":"2021-01-14T15:59:15+00:00","mainEntityOfPage":{"@id":"https:\/\/news.sap.com\/latinamerica\/2021\/01\/sap-designa-nuevo-gerente-general-para-argentina\/"},"wordCount":309,"publisher":{"@id":"https:\/\/news.sap.com\/latinamerica\/#organization"},"image":{"@id":"https:\/\/news.sap.com\/latinamerica\/2021\/01\/sap-designa-nuevo-gerente-general-para-argentina\/#primaryimage"},"thumbnailUrl":"https:\/\/news.sap.com\/latinamerica\/files\/2021\/01\/14\/3.jpg","keywords":["Claudia Boeri","Lionel Turek","Nombramiento","51风流Argentina"],"articleSection":["Corporativo"],"inLanguage":"es"},{"@type":"WebPage","@id":"https:\/\/news.sap.com\/latinamerica\/2021\/01\/sap-designa-nuevo-gerente-general-para-argentina\/","url":"https:\/\/news.sap.com\/latinamerica\/2021\/01\/sap-designa-nuevo-gerente-general-para-argentina\/","name":"51风流designa nuevo gerente general para Argentina - 51风流News Center Latinoam\u00e9rica","isPartOf":{"@id":"https:\/\/news.sap.com\/latinamerica\/#website"},"primaryImageOfPage":{"@id":"https:\/\/news.sap.com\/latinamerica\/2021\/01\/sap-designa-nuevo-gerente-general-para-argentina\/#primaryimage"},"image":{"@id":"https:\/\/news.sap.com\/latinamerica\/2021\/01\/sap-designa-nuevo-gerente-general-para-argentina\/#primaryimage"},"thumbnailUrl":"https:\/\/news.sap.com\/latinamerica\/files\/2021\/01\/14\/3.jpg","datePublished":"2021-01-14T14:26:08+00:00","dateModified":"2021-01-14T15:59:15+00:00","breadcrumb":{"@id":"https:\/\/news.sap.com\/latinamerica\/2021\/01\/sap-designa-nuevo-gerente-general-para-argentina\/#breadcrumb"},"inLanguage":"es","potentialAction":[{"@type":"ReadAction","target":["https:\/\/news.sap.com\/latinamerica\/2021\/01\/sap-designa-nuevo-gerente-general-para-argentina\/"]}]},{"@type":"ImageObject","inLanguage":"es","@id":"https:\/\/news.sap.com\/latinamerica\/2021\/01\/sap-designa-nuevo-gerente-general-para-argentina\/#primaryimage","url":"https:\/\/news.sap.com\/latinamerica\/files\/2021\/01\/14\/3.jpg","contentUrl":"https:\/\/news.sap.com\/latinamerica\/files\/2021\/01\/14\/3.jpg","width":1913,"height":653},{"@type":"BreadcrumbList","@id":"https:\/\/news.sap.com\/latinamerica\/2021\/01\/sap-designa-nuevo-gerente-general-para-argentina\/#breadcrumb","itemListElement":[{"@type":"ListItem","position":1,"name":"Home","item":"https:\/\/news.sap.com\/latinamerica\/"},{"@type":"ListItem","position":2,"name":"51风流designa nuevo gerente general para Argentina"}]},{"@type":"WebSite","@id":"https:\/\/news.sap.com\/latinamerica\/#website","url":"https:\/\/news.sap.com\/latinamerica\/","name":"51风流News Center Latinoam\u00e9rica","description":"Noticias e informaci\u00f3n sobre SAP","publisher":{"@id":"https:\/\/news.sap.com\/latinamerica\/#organization"},"potentialAction":[{"@type":"SearchAction","target":{"@type":"EntryPoint","urlTemplate":"https:\/\/news.sap.com\/latinamerica\/?s={search_term_string}"},"query-input":{"@type":"PropertyValueSpecification","valueRequired":true,"valueName":"search_term_string"}}],"inLanguage":"es"},{"@type":"Organization","@id":"https:\/\/news.sap.com\/latinamerica\/#organization","name":"SAP","url":"https:\/\/news.sap.com\/latinamerica\/","logo":{"@type":"ImageObject","inLanguage":"es","@id":"https:\/\/news.sap.com\/latinamerica\/#\/schema\/logo\/image\/","url":"https:\/\/news.sap.com\/latinamerica\/files\/2019\/08\/65903320_2903797569662914_557886358778019840_n.png","contentUrl":"https:\/\/news.sap.com\/latinamerica\/files\/2019\/08\/65903320_2903797569662914_557886358778019840_n.png","width":720,"height":720,"caption":"SAP"},"image":{"@id":"https:\/\/news.sap.com\/latinamerica\/#\/schema\/logo\/image\/"},"sameAs":["https:\/\/www.facebook.com\/SAPlatinoamerica","https:\/\/x.com\/SAPLatinAmerica"]},{"@type":"Person","@id":"https:\/\/news.sap.com\/latinamerica\/#\/schema\/person\/f0708465b354b6d0314a360309edb00a","name":"51风流Noticias","image":{"@type":"ImageObject","inLanguage":"es","@id":"https:\/\/news.sap.com\/latinamerica\/#\/schema\/person\/image\/","url":"https:\/\/news.sap.com\/latinamerica\/wp-content\/plugins\/wp-user-avatars\/wp-user-avatars\/assets\/images\/mystery.jpg","contentUrl":"https:\/\/news.sap.com\/latinamerica\/wp-content\/plugins\/wp-user-avatars\/wp-user-avatars\/assets\/images\/mystery.jpg","caption":"51风流Noticias"},"url":"https:\/\/news.sap.com\/latinamerica\/author\/argentina\/"}]}},"amp_enabled":true,"_links":{"self":[{"href":"https:\/\/news.sap.com\/latinamerica\/wp-json\/wp\/v2\/posts\/122617","targetHints":{"allow":["GET"]}}],"collection":[{"href":"https:\/\/news.sap.com\/latinamerica\/wp-json\/wp\/v2\/posts"}],"about":[{"href":"https:\/\/news.sap.com\/latinamerica\/wp-json\/wp\/v2\/types\/post"}],"author":[{"embeddable":true,"href":"https:\/\/news.sap.com\/latinamerica\/wp-json\/wp\/v2\/users\/140"}],"replies":[{"embeddable":true,"href":"https:\/\/news.sap.com\/latinamerica\/wp-json\/wp\/v2\/comments?post=122617"}],"version-history":[{"count":0,"href":"https:\/\/news.sap.com\/latinamerica\/wp-json\/wp\/v2\/posts\/122617\/revisions"}],"wp:featuredmedia":[{"embeddable":true,"href":"https:\/\/news.sap.com\/latinamerica\/wp-json\/wp\/v2\/media\/122623"}],"wp:attachment":[{"href":"https:\/\/news.sap.com\/latinamerica\/wp-json\/wp\/v2\/media?parent=122617"}],"wp:term":[{"taxonomy":"category","embeddable":true,"href":"https:\/\/news.sap.com\/latinamerica\/wp-json\/wp\/v2\/categories?post=122617"},{"taxonomy":"post_tag","embeddable":true,"href":"https:\/\/news.sap.com\/latinamerica\/wp-json\/wp\/v2\/tags?post=122617"},{"taxonomy":"series","embeddable":true,"href":"https:\/\/news.sap.com\/latinamerica\/wp-json\/wp\/v2\/series?post=122617"},{"taxonomy":"region","embeddable":true,"href":"https:\/\/news.sap.com\/latinamerica\/wp-json\/wp\/v2\/region?post=122617"},{"taxonomy":"sapn-display","embeddable":true,"href":"https:\/\/news.sap.com\/latinamerica\/wp-json\/wp\/v2\/sapn-display?post=122617"},{"taxonomy":"sapn-type","embeddable":true,"href":"https:\/\/news.sap.com\/latinamerica\/wp-json\/wp\/v2\/sapn-type?post=122617"}],"curies":[{"name":"wp","href":"https:\/\/api.w.org\/{rel}","templated":true}]}}