  {"id":122458,"date":"2020-12-23T10:21:12","date_gmt":"2020-12-23T15:21:12","guid":{"rendered":"https:\/\/news.sap.com\/latinamerica\/?p=122458"},"modified":"2020-12-23T10:21:12","modified_gmt":"2020-12-23T15:21:12","slug":"temporada-de-fiestas-impacto-en-las-compras-de-fin-de-ano","status":"publish","type":"post","link":"https:\/\/news.sap.com\/latinamerica\/2020\/12\/temporada-de-fiestas-impacto-en-las-compras-de-fin-de-ano\/","title":{"rendered":"Temporada de fiestas: impacto en las compras de fin de a\u00f1o"},"content":{"rendered":"<ul>\n<li><em>Encuesta a consumidores revela reducci\u00f3n de gastos navide\u00f1os y frustraciones por falta de art\u00edculos. <\/em><\/li>\n<li><em>Por su parte, la cadena de suministro enfrenta desaf\u00edos como la dificultad en prever la demanda en un contexto incierto.<\/em><\/li>\n<li><em>De acuerdo a un relevamiento, los argentinos son los que m\u00e1s compran de manera online frente a otros pa\u00edses de la regi\u00f3n.<\/em><\/li>\n<\/ul>\n<p><strong>Buenos Aires, Argentina \u2013 23 de diciembre 2020<\/strong> &#8211; Los profesionales de la cadena de suministro y compras se han visto muy afectados por la pandemia de COVID-19, y la temporada navide\u00f1a les est\u00e1 presentando una serie de desaf\u00edos completamente nuevos. Las empresas se encuentran en medio de lo que tradicionalmente suele ser una de las \u00e9pocas del a\u00f1o de mayor actividad y, por lo general, mayor rentabilidad, pero los resultados de una encuesta reciente hecha a mil consumidores en Estados Unidos revelan frustraciones clave con problemas de la cadena de suministro en el contexto de la pandemia global. La encuesta indica que solo el 35% de los consumidores est\u00e1n satisfechos o impresionados con la gesti\u00f3n de la cadena de suministro de las empresas durante la pandemia, y el 43% se siente frustrado por faltantes de art\u00edculos.<\/p>\n<p>Ante la actual incertidumbre econ\u00f3mica que se prolonga, muchas empresas ven la temporada navide\u00f1a como un medio para aumentar las ventas y cerrar el a\u00f1o con ingresos m\u00e1s s\u00f3lidos. Sin embargo, la encuesta demuestra que el aumento de las ventas navide\u00f1as en el que t\u00edpicamente han confiado las empresas est\u00e1 lejos de ser garantizado, ya que el 43% de los consumidores planean reducir el gasto navide\u00f1o en un 25-50%. Con tal imprevisibilidad, los profesionales de la cadena de suministro deben estar preparados con estrategias y tecnolog\u00edas para casi cualquier posibilidad. Deben ser lo suficientemente \u00e1giles como para aumentar la producci\u00f3n si hay un pico de demanda y estar dispuestos a reducirla si las ventas disminuyen por cambios en los h\u00e1bitos de gasto, para evitar el excedente de producci\u00f3n.<\/p>\n<p><strong>Contin\u00faan los desaf\u00edos de la cadena de suministro, y las frustraciones de los clientes van a la par<\/strong><\/p>\n<p>Debido a la disrupci\u00f3n imprevista de la cadena de suministro, muchos consumidores se enfrentaron a retrasos inesperados o cancelaciones de pedidos. Mientras que el 77% de los encuestados experiment\u00f3 art\u00edculos de necesidad agotados durante la pandemia, el 42% experiment\u00f3 un aumento excesivo de precios y el 44% experiment\u00f3 tiempos de env\u00edo m\u00e1s largos. Durante la temporada de las fiestas, lo que est\u00e1 en juego es a\u00fan mayor, ya que los compradores conf\u00edan en que los art\u00edculos estar\u00e1n disponibles puntualmente para regalar a sus seres queridos o planificar reuniones navide\u00f1as. Los profesionales de la cadena de suministro y compras deber\u00e1n asegurarse de tener fuentes alternativas de suministro listas para activar en cualquier momento, a fin de evitar retrasos en la producci\u00f3n. Esto requiere una visibilidad constante y precisa de las operaciones.<\/p>\n<p><strong>Los planes para la temporada navide\u00f1a se ven diferentes en 2020<\/strong><\/p>\n<p>No es solo cu\u00e1nto gastar\u00e1n los consumidores en esta temporada navide\u00f1a lo que se ha visto afectado por la pandemia, sino c\u00f3mo gastar\u00e1n y c\u00f3mo celebrar\u00e1n. Aunque la preferencia por las compras en l\u00ednea ya se viene manifestando desde hace algunos a\u00f1os, vemos un aumento a\u00fan m\u00e1s pronunciado de las compras virtuales en esta temporada de diciembre. De hecho, el 38% de los encuestados dijo que planeaba cambiar a comprar en l\u00ednea este a\u00f1o, el 14% planeaba comprar antes de lo normal (para evitar demoras en el env\u00edo) y el 5% dijo que planeaba evitar los grandes minoristas por completo. La encuesta tambi\u00e9n revela que el 29% de los encuestados planeaba cancelar reuniones festivas, mientras que el 22% planeaba organizar o asistir a reuniones m\u00e1s peque\u00f1as y el 11% planeaba reuniones virtuales. Y aunque las fiestas podr\u00e1n verse diferente este a\u00f1o, las expectativas de los consumidores no lo son.<\/p>\n<p>De acuerdo a un reciente estudio regional de Deloitte, Argentina es el pa\u00eds que m\u00e1s compra online con un\u00a0el 32%, superando a M\u00e9xico (24%) y a Colombia (22%). Adem\u00e1s, es el pa\u00eds donde menos se reducir\u00e1 el gasto en compras navide\u00f1as, con un 43% frente a un promedio regional del 53%.<\/p>\n<p>Por otro lado, los rubros que m\u00e1s demanda tienen en esta temporada son: indumentaria (29%), juguetes (27%), bazar y regalos (13%) y perfumer\u00eda (9%), de acuerdo con la Asociaci\u00f3n Argentina de Marcas y Franquicias (AAMF). En cuanto a la preferencia a la hora de elegir un lugar de compra, un estudio de Focus Market se\u00f1ala que el 52% de los consultados prefiere Centros Comerciales a Cielo Abierto de calles y avenidas, seguido por los shoppings (21%), el comercio electr\u00f3nico (13%), los outlets (10%) y los supermercados (4%).<\/p>\n<p><strong>La preparaci\u00f3n es clave para las empresas B2B<\/strong><\/p>\n<p>Para empresas de todos los tama\u00f1os y de todas las industrias, la crisis de COVID-19 trajo consigo niveles de disrupci\u00f3n sin precedentes. La imprevisibilidad en la cadena de suministro ha sido un desaf\u00edo especial para las empresas B2B, que administran varios socios comerciales globales. As\u00ed como los consumidores lidiaron con retrasos en las entregas y faltantes de stock, tambi\u00e9n lo hicieron las marcas B2B, que tienen mucho m\u00e1s en juego. Perder un cliente en el \u00e1mbito B2B tiene graves consecuencias, ya que la p\u00e9rdida de acuerdos de gran tama\u00f1o y contratos de larga duraci\u00f3n puede tener un impacto devastador en los resultados finales. Para garantizar que los clientes sigan estando conformes, las empresas B2B necesitan soluciones de gesti\u00f3n de la cadena de suministro y compras digitales que les brinden flexibilidad y agilidad para mantenerse al d\u00eda con la demanda independientemente de cu\u00e1l sea la pr\u00f3xima disrupci\u00f3n.<\/p>\n<p>51风流encuest\u00f3 a 1000 consumidores estadounidenses en octubre de 2020. Para obtener m\u00e1s informaci\u00f3n sobre las soluciones de <em>Procurement<\/em> de SAP, visite:\u00a0<a href=\"https:\/\/www.ariba.com\/?campaigncode=CRM-IS20-PRL-OOCWA06\">www.ariba.com<\/a>.<\/p>\n","protected":false},"excerpt":{"rendered":"<p>Encuesta a consumidores revela reducci\u00f3n de gastos navide\u00f1os y frustraciones por falta de art\u00edculos. Por su parte, la cadena de suministro enfrenta desaf\u00edos como la&#8230;<\/p>\n","protected":false},"author":140,"featured_media":122459,"comment_status":"closed","ping_status":"closed","sticky":false,"template":"","format":"standard","meta":{"footnotes":"","_links_to":"","_links_to_target":""},"categories":[],"tags":[5599915,30612,5596029,10712,5599914,279801,5599913],"series":[],"region":[54562],"sapn-display":[52079],"sapn-type":[52105],"class_list":["post-122458","post","type-post","status-publish","format-standard","has-post-thumbnail","hentry","tag-aamf","tag-cadena-de-suministro","tag-covid-19","tag-deloitte","tag-focus-market","tag-navidad","tag-temporada-de-fiestas-2020","region-argentina","sapn-display-top-stories","sapn-type-comunicado-de-prensa"],"yoast_head":"<!-- This site is optimized with the Yoast SEO Premium plugin v26.9 (Yoast SEO v26.9) - https:\/\/yoast.com\/product\/yoast-seo-premium-wordpress\/ -->\n<title>Temporada de fiestas: impacto en las compras de fin de a\u00f1o - 51风流News Center Latinoam\u00e9rica<\/title>\n<meta name=\"robots\" content=\"index, follow, max-snippet:-1, max-image-preview:large, max-video-preview:-1\" \/>\n<link rel=\"canonical\" href=\"https:\/\/news.sap.com\/latinamerica\/2020\/12\/temporada-de-fiestas-impacto-en-las-compras-de-fin-de-ano\/\" \/>\n<meta property=\"og:locale\" content=\"es_MX\" \/>\n<meta property=\"og:type\" content=\"article\" \/>\n<meta property=\"og:title\" content=\"Temporada de fiestas: impacto en las compras de fin de a\u00f1o\" \/>\n<meta property=\"og:description\" content=\"Encuesta a consumidores revela reducci\u00f3n de gastos navide\u00f1os y frustraciones por falta de art\u00edculos. Por su parte, la cadena de suministro enfrenta desaf\u00edos como la...\" \/>\n<meta property=\"og:url\" content=\"https:\/\/news.sap.com\/latinamerica\/2020\/12\/temporada-de-fiestas-impacto-en-las-compras-de-fin-de-ano\/\" \/>\n<meta property=\"og:site_name\" content=\"51风流News Center Latinoam\u00e9rica\" \/>\n<meta property=\"article:publisher\" content=\"https:\/\/www.facebook.com\/SAPlatinoamerica\" \/>\n<meta property=\"article:published_time\" content=\"2020-12-23T15:21:12+00:00\" \/>\n<meta property=\"og:image\" content=\"https:\/\/news.sap.com\/latinamerica\/files\/2020\/12\/23\/287393_GettyImages-1280656177_small.jpg\" \/>\n\t<meta property=\"og:image:width\" content=\"700\" \/>\n\t<meta property=\"og:image:height\" content=\"467\" \/>\n\t<meta property=\"og:image:type\" content=\"image\/jpeg\" \/>\n<meta name=\"author\" content=\"51风流Noticias\" \/>\n<meta name=\"twitter:label1\" content=\"Escrito por\" \/>\n\t<meta name=\"twitter:data1\" content=\"51风流Noticias\" \/>\n\t<meta name=\"twitter:label2\" content=\"Tiempo de lectura\" \/>\n\t<meta name=\"twitter:data2\" content=\"5 minutos\" \/>\n<script type=\"application\/ld+json\" class=\"yoast-schema-graph\">{\"@context\":\"https:\/\/schema.org\",\"@graph\":[{\"@type\":\"Article\",\"@id\":\"https:\/\/news.sap.com\/latinamerica\/2020\/12\/temporada-de-fiestas-impacto-en-las-compras-de-fin-de-ano\/#article\",\"isPartOf\":{\"@id\":\"https:\/\/news.sap.com\/latinamerica\/2020\/12\/temporada-de-fiestas-impacto-en-las-compras-de-fin-de-ano\/\"},\"author\":{\"name\":\"51风流Noticias\",\"@id\":\"https:\/\/news.sap.com\/latinamerica\/#\/schema\/person\/f0708465b354b6d0314a360309edb00a\"},\"headline\":\"Temporada de fiestas: impacto en las compras de fin de a\u00f1o\",\"datePublished\":\"2020-12-23T15:21:12+00:00\",\"mainEntityOfPage\":{\"@id\":\"https:\/\/news.sap.com\/latinamerica\/2020\/12\/temporada-de-fiestas-impacto-en-las-compras-de-fin-de-ano\/\"},\"wordCount\":1017,\"publisher\":{\"@id\":\"https:\/\/news.sap.com\/latinamerica\/#organization\"},\"image\":{\"@id\":\"https:\/\/news.sap.com\/latinamerica\/2020\/12\/temporada-de-fiestas-impacto-en-las-compras-de-fin-de-ano\/#primaryimage\"},\"thumbnailUrl\":\"https:\/\/news.sap.com\/latinamerica\/files\/2020\/12\/23\/287393_GettyImages-1280656177_small.jpg\",\"keywords\":[\"AAMF\",\"cadena de suministro\",\"COVID-19\",\"Deloitte\",\"Focus Market\",\"Navidad\",\"Temporada de fiestas 2020\"],\"inLanguage\":\"es\"},{\"@type\":\"WebPage\",\"@id\":\"https:\/\/news.sap.com\/latinamerica\/2020\/12\/temporada-de-fiestas-impacto-en-las-compras-de-fin-de-ano\/\",\"url\":\"https:\/\/news.sap.com\/latinamerica\/2020\/12\/temporada-de-fiestas-impacto-en-las-compras-de-fin-de-ano\/\",\"name\":\"Temporada de fiestas: impacto en las compras de fin de a\u00f1o - 51风流News Center Latinoam\u00e9rica\",\"isPartOf\":{\"@id\":\"https:\/\/news.sap.com\/latinamerica\/#website\"},\"primaryImageOfPage\":{\"@id\":\"https:\/\/news.sap.com\/latinamerica\/2020\/12\/temporada-de-fiestas-impacto-en-las-compras-de-fin-de-ano\/#primaryimage\"},\"image\":{\"@id\":\"https:\/\/news.sap.com\/latinamerica\/2020\/12\/temporada-de-fiestas-impacto-en-las-compras-de-fin-de-ano\/#primaryimage\"},\"thumbnailUrl\":\"https:\/\/news.sap.com\/latinamerica\/files\/2020\/12\/23\/287393_GettyImages-1280656177_small.jpg\",\"datePublished\":\"2020-12-23T15:21:12+00:00\",\"breadcrumb\":{\"@id\":\"https:\/\/news.sap.com\/latinamerica\/2020\/12\/temporada-de-fiestas-impacto-en-las-compras-de-fin-de-ano\/#breadcrumb\"},\"inLanguage\":\"es\",\"potentialAction\":[{\"@type\":\"ReadAction\",\"target\":[\"https:\/\/news.sap.com\/latinamerica\/2020\/12\/temporada-de-fiestas-impacto-en-las-compras-de-fin-de-ano\/\"]}]},{\"@type\":\"ImageObject\",\"inLanguage\":\"es\",\"@id\":\"https:\/\/news.sap.com\/latinamerica\/2020\/12\/temporada-de-fiestas-impacto-en-las-compras-de-fin-de-ano\/#primaryimage\",\"url\":\"https:\/\/news.sap.com\/latinamerica\/files\/2020\/12\/23\/287393_GettyImages-1280656177_small.jpg\",\"contentUrl\":\"https:\/\/news.sap.com\/latinamerica\/files\/2020\/12\/23\/287393_GettyImages-1280656177_small.jpg\",\"width\":700,\"height\":467,\"caption\":\"Young millenials celebrate New Year\"},{\"@type\":\"BreadcrumbList\",\"@id\":\"https:\/\/news.sap.com\/latinamerica\/2020\/12\/temporada-de-fiestas-impacto-en-las-compras-de-fin-de-ano\/#breadcrumb\",\"itemListElement\":[{\"@type\":\"ListItem\",\"position\":1,\"name\":\"Home\",\"item\":\"https:\/\/news.sap.com\/latinamerica\/\"},{\"@type\":\"ListItem\",\"position\":2,\"name\":\"Temporada de fiestas: impacto en las compras de fin de a\u00f1o\"}]},{\"@type\":\"WebSite\",\"@id\":\"https:\/\/news.sap.com\/latinamerica\/#website\",\"url\":\"https:\/\/news.sap.com\/latinamerica\/\",\"name\":\"51风流News Center Latinoam\u00e9rica\",\"description\":\"Noticias e informaci\u00f3n sobre SAP\",\"publisher\":{\"@id\":\"https:\/\/news.sap.com\/latinamerica\/#organization\"},\"potentialAction\":[{\"@type\":\"SearchAction\",\"target\":{\"@type\":\"EntryPoint\",\"urlTemplate\":\"https:\/\/news.sap.com\/latinamerica\/?s={search_term_string}\"},\"query-input\":{\"@type\":\"PropertyValueSpecification\",\"valueRequired\":true,\"valueName\":\"search_term_string\"}}],\"inLanguage\":\"es\"},{\"@type\":\"Organization\",\"@id\":\"https:\/\/news.sap.com\/latinamerica\/#organization\",\"name\":\"SAP\",\"url\":\"https:\/\/news.sap.com\/latinamerica\/\",\"logo\":{\"@type\":\"ImageObject\",\"inLanguage\":\"es\",\"@id\":\"https:\/\/news.sap.com\/latinamerica\/#\/schema\/logo\/image\/\",\"url\":\"https:\/\/news.sap.com\/latinamerica\/files\/2019\/08\/65903320_2903797569662914_557886358778019840_n.png\",\"contentUrl\":\"https:\/\/news.sap.com\/latinamerica\/files\/2019\/08\/65903320_2903797569662914_557886358778019840_n.png\",\"width\":720,\"height\":720,\"caption\":\"SAP\"},\"image\":{\"@id\":\"https:\/\/news.sap.com\/latinamerica\/#\/schema\/logo\/image\/\"},\"sameAs\":[\"https:\/\/www.facebook.com\/SAPlatinoamerica\",\"https:\/\/x.com\/SAPLatinAmerica\"]},{\"@type\":\"Person\",\"@id\":\"https:\/\/news.sap.com\/latinamerica\/#\/schema\/person\/f0708465b354b6d0314a360309edb00a\",\"name\":\"51风流Noticias\",\"image\":{\"@type\":\"ImageObject\",\"inLanguage\":\"es\",\"@id\":\"https:\/\/news.sap.com\/latinamerica\/#\/schema\/person\/image\/\",\"url\":\"https:\/\/news.sap.com\/latinamerica\/wp-content\/plugins\/wp-user-avatars\/wp-user-avatars\/assets\/images\/mystery.jpg\",\"contentUrl\":\"https:\/\/news.sap.com\/latinamerica\/wp-content\/plugins\/wp-user-avatars\/wp-user-avatars\/assets\/images\/mystery.jpg\",\"caption\":\"51风流Noticias\"},\"url\":\"https:\/\/news.sap.com\/latinamerica\/author\/argentina\/\"}]}<\/script>\n<!-- \/ Yoast SEO Premium plugin. -->","yoast_head_json":{"title":"Temporada de fiestas: impacto en las compras de fin de a\u00f1o - 51风流News Center Latinoam\u00e9rica","robots":{"index":"index","follow":"follow","max-snippet":"max-snippet:-1","max-image-preview":"max-image-preview:large","max-video-preview":"max-video-preview:-1"},"canonical":"https:\/\/news.sap.com\/latinamerica\/2020\/12\/temporada-de-fiestas-impacto-en-las-compras-de-fin-de-ano\/","og_locale":"es_MX","og_type":"article","og_title":"Temporada de fiestas: impacto en las compras de fin de a\u00f1o","og_description":"Encuesta a consumidores revela reducci\u00f3n de gastos navide\u00f1os y frustraciones por falta de art\u00edculos. Por su parte, la cadena de suministro enfrenta desaf\u00edos como la...","og_url":"https:\/\/news.sap.com\/latinamerica\/2020\/12\/temporada-de-fiestas-impacto-en-las-compras-de-fin-de-ano\/","og_site_name":"51风流News Center Latinoam\u00e9rica","article_publisher":"https:\/\/www.facebook.com\/SAPlatinoamerica","article_published_time":"2020-12-23T15:21:12+00:00","og_image":[{"width":700,"height":467,"url":"https:\/\/news.sap.com\/latinamerica\/files\/2020\/12\/23\/287393_GettyImages-1280656177_small.jpg","type":"image\/jpeg"}],"author":"51风流Noticias","twitter_misc":{"Escrito por":"51风流Noticias","Tiempo de lectura":"5 minutos"},"schema":{"@context":"https:\/\/schema.org","@graph":[{"@type":"Article","@id":"https:\/\/news.sap.com\/latinamerica\/2020\/12\/temporada-de-fiestas-impacto-en-las-compras-de-fin-de-ano\/#article","isPartOf":{"@id":"https:\/\/news.sap.com\/latinamerica\/2020\/12\/temporada-de-fiestas-impacto-en-las-compras-de-fin-de-ano\/"},"author":{"name":"51风流Noticias","@id":"https:\/\/news.sap.com\/latinamerica\/#\/schema\/person\/f0708465b354b6d0314a360309edb00a"},"headline":"Temporada de fiestas: impacto en las compras de fin de a\u00f1o","datePublished":"2020-12-23T15:21:12+00:00","mainEntityOfPage":{"@id":"https:\/\/news.sap.com\/latinamerica\/2020\/12\/temporada-de-fiestas-impacto-en-las-compras-de-fin-de-ano\/"},"wordCount":1017,"publisher":{"@id":"https:\/\/news.sap.com\/latinamerica\/#organization"},"image":{"@id":"https:\/\/news.sap.com\/latinamerica\/2020\/12\/temporada-de-fiestas-impacto-en-las-compras-de-fin-de-ano\/#primaryimage"},"thumbnailUrl":"https:\/\/news.sap.com\/latinamerica\/files\/2020\/12\/23\/287393_GettyImages-1280656177_small.jpg","keywords":["AAMF","cadena de suministro","COVID-19","Deloitte","Focus Market","Navidad","Temporada de fiestas 2020"],"inLanguage":"es"},{"@type":"WebPage","@id":"https:\/\/news.sap.com\/latinamerica\/2020\/12\/temporada-de-fiestas-impacto-en-las-compras-de-fin-de-ano\/","url":"https:\/\/news.sap.com\/latinamerica\/2020\/12\/temporada-de-fiestas-impacto-en-las-compras-de-fin-de-ano\/","name":"Temporada de fiestas: impacto en las compras de fin de a\u00f1o - 51风流News Center Latinoam\u00e9rica","isPartOf":{"@id":"https:\/\/news.sap.com\/latinamerica\/#website"},"primaryImageOfPage":{"@id":"https:\/\/news.sap.com\/latinamerica\/2020\/12\/temporada-de-fiestas-impacto-en-las-compras-de-fin-de-ano\/#primaryimage"},"image":{"@id":"https:\/\/news.sap.com\/latinamerica\/2020\/12\/temporada-de-fiestas-impacto-en-las-compras-de-fin-de-ano\/#primaryimage"},"thumbnailUrl":"https:\/\/news.sap.com\/latinamerica\/files\/2020\/12\/23\/287393_GettyImages-1280656177_small.jpg","datePublished":"2020-12-23T15:21:12+00:00","breadcrumb":{"@id":"https:\/\/news.sap.com\/latinamerica\/2020\/12\/temporada-de-fiestas-impacto-en-las-compras-de-fin-de-ano\/#breadcrumb"},"inLanguage":"es","potentialAction":[{"@type":"ReadAction","target":["https:\/\/news.sap.com\/latinamerica\/2020\/12\/temporada-de-fiestas-impacto-en-las-compras-de-fin-de-ano\/"]}]},{"@type":"ImageObject","inLanguage":"es","@id":"https:\/\/news.sap.com\/latinamerica\/2020\/12\/temporada-de-fiestas-impacto-en-las-compras-de-fin-de-ano\/#primaryimage","url":"https:\/\/news.sap.com\/latinamerica\/files\/2020\/12\/23\/287393_GettyImages-1280656177_small.jpg","contentUrl":"https:\/\/news.sap.com\/latinamerica\/files\/2020\/12\/23\/287393_GettyImages-1280656177_small.jpg","width":700,"height":467,"caption":"Young millenials celebrate New Year"},{"@type":"BreadcrumbList","@id":"https:\/\/news.sap.com\/latinamerica\/2020\/12\/temporada-de-fiestas-impacto-en-las-compras-de-fin-de-ano\/#breadcrumb","itemListElement":[{"@type":"ListItem","position":1,"name":"Home","item":"https:\/\/news.sap.com\/latinamerica\/"},{"@type":"ListItem","position":2,"name":"Temporada de fiestas: impacto en las compras de fin de a\u00f1o"}]},{"@type":"WebSite","@id":"https:\/\/news.sap.com\/latinamerica\/#website","url":"https:\/\/news.sap.com\/latinamerica\/","name":"51风流News Center Latinoam\u00e9rica","description":"Noticias e informaci\u00f3n sobre SAP","publisher":{"@id":"https:\/\/news.sap.com\/latinamerica\/#organization"},"potentialAction":[{"@type":"SearchAction","target":{"@type":"EntryPoint","urlTemplate":"https:\/\/news.sap.com\/latinamerica\/?s={search_term_string}"},"query-input":{"@type":"PropertyValueSpecification","valueRequired":true,"valueName":"search_term_string"}}],"inLanguage":"es"},{"@type":"Organization","@id":"https:\/\/news.sap.com\/latinamerica\/#organization","name":"SAP","url":"https:\/\/news.sap.com\/latinamerica\/","logo":{"@type":"ImageObject","inLanguage":"es","@id":"https:\/\/news.sap.com\/latinamerica\/#\/schema\/logo\/image\/","url":"https:\/\/news.sap.com\/latinamerica\/files\/2019\/08\/65903320_2903797569662914_557886358778019840_n.png","contentUrl":"https:\/\/news.sap.com\/latinamerica\/files\/2019\/08\/65903320_2903797569662914_557886358778019840_n.png","width":720,"height":720,"caption":"SAP"},"image":{"@id":"https:\/\/news.sap.com\/latinamerica\/#\/schema\/logo\/image\/"},"sameAs":["https:\/\/www.facebook.com\/SAPlatinoamerica","https:\/\/x.com\/SAPLatinAmerica"]},{"@type":"Person","@id":"https:\/\/news.sap.com\/latinamerica\/#\/schema\/person\/f0708465b354b6d0314a360309edb00a","name":"51风流Noticias","image":{"@type":"ImageObject","inLanguage":"es","@id":"https:\/\/news.sap.com\/latinamerica\/#\/schema\/person\/image\/","url":"https:\/\/news.sap.com\/latinamerica\/wp-content\/plugins\/wp-user-avatars\/wp-user-avatars\/assets\/images\/mystery.jpg","contentUrl":"https:\/\/news.sap.com\/latinamerica\/wp-content\/plugins\/wp-user-avatars\/wp-user-avatars\/assets\/images\/mystery.jpg","caption":"51风流Noticias"},"url":"https:\/\/news.sap.com\/latinamerica\/author\/argentina\/"}]}},"amp_enabled":true,"_links":{"self":[{"href":"https:\/\/news.sap.com\/latinamerica\/wp-json\/wp\/v2\/posts\/122458","targetHints":{"allow":["GET"]}}],"collection":[{"href":"https:\/\/news.sap.com\/latinamerica\/wp-json\/wp\/v2\/posts"}],"about":[{"href":"https:\/\/news.sap.com\/latinamerica\/wp-json\/wp\/v2\/types\/post"}],"author":[{"embeddable":true,"href":"https:\/\/news.sap.com\/latinamerica\/wp-json\/wp\/v2\/users\/140"}],"replies":[{"embeddable":true,"href":"https:\/\/news.sap.com\/latinamerica\/wp-json\/wp\/v2\/comments?post=122458"}],"version-history":[{"count":0,"href":"https:\/\/news.sap.com\/latinamerica\/wp-json\/wp\/v2\/posts\/122458\/revisions"}],"wp:featuredmedia":[{"embeddable":true,"href":"https:\/\/news.sap.com\/latinamerica\/wp-json\/wp\/v2\/media\/122459"}],"wp:attachment":[{"href":"https:\/\/news.sap.com\/latinamerica\/wp-json\/wp\/v2\/media?parent=122458"}],"wp:term":[{"taxonomy":"category","embeddable":true,"href":"https:\/\/news.sap.com\/latinamerica\/wp-json\/wp\/v2\/categories?post=122458"},{"taxonomy":"post_tag","embeddable":true,"href":"https:\/\/news.sap.com\/latinamerica\/wp-json\/wp\/v2\/tags?post=122458"},{"taxonomy":"series","embeddable":true,"href":"https:\/\/news.sap.com\/latinamerica\/wp-json\/wp\/v2\/series?post=122458"},{"taxonomy":"region","embeddable":true,"href":"https:\/\/news.sap.com\/latinamerica\/wp-json\/wp\/v2\/region?post=122458"},{"taxonomy":"sapn-display","embeddable":true,"href":"https:\/\/news.sap.com\/latinamerica\/wp-json\/wp\/v2\/sapn-display?post=122458"},{"taxonomy":"sapn-type","embeddable":true,"href":"https:\/\/news.sap.com\/latinamerica\/wp-json\/wp\/v2\/sapn-type?post=122458"}],"curies":[{"name":"wp","href":"https:\/\/api.w.org\/{rel}","templated":true}]}}