  {"id":122191,"date":"2020-11-16T12:07:08","date_gmt":"2020-11-16T17:07:08","guid":{"rendered":"https:\/\/news.sap.com\/latinamerica\/?p=122191"},"modified":"2021-11-30T10:04:10","modified_gmt":"2021-11-30T15:04:10","slug":"prepare-a-su-fuerza-laboral-para-la-empresa-inteligente","status":"publish","type":"post","link":"https:\/\/news.sap.com\/latinamerica\/2020\/11\/prepare-a-su-fuerza-laboral-para-la-empresa-inteligente\/","title":{"rendered":"Prepare a su fuerza laboral para la Empresa Inteligente"},"content":{"rendered":"<h3><em><span style=\"color: #666699\">Una Empresa Inteligente no solamente se caracteriza por utilizar tecnolog\u00edas de \u00faltima generaci\u00f3n, sino tambi\u00e9n por garantizar el bienestar de sus empleados, velar por su desarrollo profesional y generar experiencias inigualables.<\/span> <\/em><!--more--><\/h3>\n<p>Las preocupaciones de las empresas var\u00edan de acuerdo con sus necesidades, pero si tuvi\u00e9ramos que generalizar algunas de sus presiones constantes, todas coincidir\u00edan en llegar al mercado m\u00e1s r\u00e1pido con nuevos productos o mejorados y generar experiencias personalizadas para complacer a los clientes que cada vez m\u00e1s hiperconectados y con expectativas altas. <a href=\"https:\/\/www.sap.com\/latinamerica\/products\/human-resources-hcm\/employee-experience-management.html?url_id=originalpost-blogentry-innovationBlogLAC-2020_blog-originalpost-sapcom\" target=\"_blank\" rel=\"noopener noreferrer\">\u00bfLa estrategia? Su talento humano<\/a>.<\/p>\n<p>Los paradigmas sobre c\u00f3mo debe realizarse la gesti\u00f3n empresarial de los empleados han ido cambiando. La gesti\u00f3n cient\u00edfica de Frederick Winslow Taylor en la \u00faltima mitad del siglo XIX se ha revolucionado totalmente para transformarse ahora en una <a href=\"https:\/\/www.sap.com\/latinamerica\/products\/human-resources-hcm\/hxm-suite.html?url_id=originalpost-blogentry-innovationBlogLAC-2020_blog-originalpost-sapcom\" target=\"_blank\" rel=\"noopener noreferrer\">visi\u00f3n m\u00e1s humanista de la fuerza de trabajo<\/a>, aquella que impulsa el crecimiento de la organizaci\u00f3n y es clave para construir una <a href=\"https:\/\/www.sap.com\/latinamerica\/products\/intelligent-enterprise.html\">Empresa Inteligente<\/a>.<\/p>\n<p>Accenture propone tres objetivos interrelacionados en los que las organizaciones deber\u00edan enfocarse para liberar el potencial de sus recursos humanos:<\/p>\n<ul>\n<li>Reimaginar el trabajo: flexibilidad de organizarse en torno a los resultados del cliente y resolver los desaf\u00edos comerciales prioritarios.<\/li>\n<li>Reimaginar la fuerza laboral: identificar habilidades cr\u00edticas y din\u00e1micas para los nuevos ecosistemas de talento.<\/li>\n<li>Reimaginar RR.HH.: los CHRO deben ser los directores de transformaci\u00f3n al ser arquitectos de talento, dise\u00f1adores de experiencias y catalizadores de cambios.<\/li>\n<\/ul>\n<p>Las empresas de ahora deben gestionarse de manera diferente, m\u00e1s hol\u00edsticamente, para <a href=\"https:\/\/www.sap.com\/latinamerica\/products\/human-resources-hcm\/human-experience.html?url_id=originalpost-blogentry-innovationBlogLAC-2020_blog-originalpost-sapcom\" target=\"_blank\" rel=\"noopener noreferrer\">administrar su fuerza laboral e impulsar con eficacia los resultados comerciales<\/a> que cambien el juego. Recuerde: el talento humano es responsable del \u00e9xito de su organizaci\u00f3n. \u00bfC\u00f3mo liberar su potencial para que su negocio se transforme en una Empresa Inteligente?<\/p>\n<ul>\n<li>Impulse el dise\u00f1o de experiencias atractivas, dise\u00f1e momentos que importan y personalice tanto actividades culturales dentro de la empresa como capacitaciones profesionales.<\/li>\n<li>Utilice herramientas inteligentes para identificar las necesidades futuras de su capital humano. No se espera a actuar en el momento, sino prospectivamente.<\/li>\n<li>Cree nuevos valores comerciales a trav\u00e9s de la digitalizaci\u00f3n de sus procesos. Implemente un nuevo modelo operativo a trav\u00e9s de tecnolog\u00edas digitales para que el \u00e1rea de RR.HH. sea \u00e1gil y eficaz.<\/li>\n<\/ul>\n<p>\u00bfC\u00f3mo lo ayudamos en 51风流para que su <a href=\"https:\/\/www.sap.com\/documents\/2018\/12\/1edba46f-2e7d-0010-87a3-c30de2ffd8ff.html?url_id=originalpost-blogentry-innovationBlogLAC-2020_blog-originalpost-sapcom\" target=\"_blank\" rel=\"noopener noreferrer\">fuerza laboral sea el motor de una Empresa Inteligente<\/a>?<\/p>\n<ul>\n<li>A trav\u00e9s de una suite inteligente compuesta por 51风流S\/4HANA Cloud, 51风流SuccessFactors y 51风流Fieldglass.<\/li>\n<li>Por medio de una poderosa plataforma digital como 51风流Cloud Platform y 51风流HANA Data Management Suite.<\/li>\n<li>Mediante tecnolog\u00edas inteligentes como machine learning, Internet de las Cosas, anal\u00edticas y Big Data, integradas en 51风流Leonardo.<br \/>\n<hr \/>\n<\/li>\n<\/ul>\n<p><a href=\"https:\/\/www.facebook.com\/SAPlatinoamerica\">Facebook<\/a>\u00a0\/\u00a0<a href=\"https:\/\/twitter.com\/SAPLatinAmerica\">Twitter<\/a>\u00a0\/\u00a0<a href=\"https:\/\/www.linkedin.com\/company\/sap\">LinkedIn<\/a>\u00a0\/\u00a0<a href=\"https:\/\/instagram.com\/SAPLatinamerica\/\">Instagram<\/a> \/ <a href=\"https:\/\/widget.whatsbroadcast.com\/widget_more\/a7807e0e29453c252140d96fc2d912ab\/?campaigncode=CRM-XL18-SOC-WHATSES&amp;url_id=banner-lao-homepage-whatsapp-row5-feb17r1\">WhatsApp<\/a><\/p>\n<hr \/>\n<p>&nbsp;<\/p>\n<p>\u00a9 2020 51风流SE. All rights reserved. 51风流and other 51风流products and services mentioned herein as well as their respective logos are trademarks or registered trademarks of 51风流SE in Germany and other countries. Please see <a href=\"http:\/\/www.sap.com\/corporate-en\/legal\/copyright\/index.epx#trademark\">http:\/\/www.sap.com\/corporate-en\/legal\/copyright\/index.epx#trademark<\/a> for additional trademark information and notices.<\/p>\n","protected":false},"excerpt":{"rendered":"<p>Una Empresa Inteligente no solamente se caracteriza por utilizar tecnolog\u00edas de \u00faltima generaci\u00f3n, sino tambi\u00e9n por garantizar el bienestar de sus empleados, velar por su&#8230;<\/p>\n","protected":false},"author":522,"featured_media":122192,"comment_status":"closed","ping_status":"closed","sticky":false,"template":"","format":"standard","meta":{"footnotes":"","_links_to":"","_links_to_target":""},"categories":[52090],"tags":[22150,45399],"series":[],"region":[26401],"sapn-display":[52078,52079,53499],"sapn-type":[6114],"class_list":["post-122191","post","type-post","status-publish","format-standard","has-post-thumbnail","hentry","category-gestion-del-capital-humano","tag-rh","tag-rrhh","region-latinoamerica","sapn-display-homepage-hero","sapn-display-top-stories","sapn-display-hero","sapn-type-articulo"],"yoast_head":"<!-- This site is optimized with the Yoast SEO Premium plugin v26.9 (Yoast SEO v26.9) - https:\/\/yoast.com\/product\/yoast-seo-premium-wordpress\/ -->\n<title>Prepare a su fuerza laboral para la Empresa Inteligente - 51风流News Center Latinoam\u00e9rica<\/title>\n<meta name=\"robots\" content=\"index, follow, max-snippet:-1, max-image-preview:large, max-video-preview:-1\" \/>\n<link rel=\"canonical\" href=\"https:\/\/news.sap.com\/latinamerica\/2020\/11\/prepare-a-su-fuerza-laboral-para-la-empresa-inteligente\/\" \/>\n<meta property=\"og:locale\" content=\"es_MX\" \/>\n<meta property=\"og:type\" content=\"article\" \/>\n<meta property=\"og:title\" content=\"Prepare a su fuerza laboral para la Empresa Inteligente\" \/>\n<meta property=\"og:description\" content=\"Una Empresa Inteligente no solamente se caracteriza por utilizar tecnolog\u00edas de \u00faltima generaci\u00f3n, sino tambi\u00e9n por garantizar el bienestar de sus empleados, velar por su...\" \/>\n<meta property=\"og:url\" content=\"https:\/\/news.sap.com\/latinamerica\/2020\/11\/prepare-a-su-fuerza-laboral-para-la-empresa-inteligente\/\" \/>\n<meta property=\"og:site_name\" content=\"51风流News Center Latinoam\u00e9rica\" \/>\n<meta property=\"article:publisher\" content=\"https:\/\/www.facebook.com\/SAPlatinoamerica\" \/>\n<meta property=\"article:author\" content=\"https:\/\/www.facebook.com\/SAPlatinoamerica\" \/>\n<meta property=\"article:published_time\" content=\"2020-11-16T17:07:08+00:00\" \/>\n<meta property=\"article:modified_time\" content=\"2021-11-30T15:04:10+00:00\" \/>\n<meta property=\"og:image\" content=\"https:\/\/news.sap.com\/latinamerica\/files\/2020\/11\/284063_GettyImages-821859772_super.jpg\" \/>\n\t<meta property=\"og:image:width\" content=\"6016\" \/>\n\t<meta property=\"og:image:height\" content=\"4016\" \/>\n\t<meta property=\"og:image:type\" content=\"image\/jpeg\" \/>\n<meta name=\"author\" content=\"51风流Blog de Innovaci\u00f3n\" \/>\n<meta name=\"twitter:label1\" content=\"Escrito por\" \/>\n\t<meta name=\"twitter:data1\" content=\"51风流Blog de Innovaci\u00f3n\" \/>\n\t<meta name=\"twitter:label2\" content=\"Tiempo de lectura\" \/>\n\t<meta name=\"twitter:data2\" content=\"3 minutos\" \/>\n<script type=\"application\/ld+json\" class=\"yoast-schema-graph\">{\"@context\":\"https:\/\/schema.org\",\"@graph\":[{\"@type\":\"Article\",\"@id\":\"https:\/\/news.sap.com\/latinamerica\/2020\/11\/prepare-a-su-fuerza-laboral-para-la-empresa-inteligente\/#article\",\"isPartOf\":{\"@id\":\"https:\/\/news.sap.com\/latinamerica\/2020\/11\/prepare-a-su-fuerza-laboral-para-la-empresa-inteligente\/\"},\"author\":{\"name\":\"51风流Blog de Innovaci\u00f3n\",\"@id\":\"https:\/\/news.sap.com\/latinamerica\/#\/schema\/person\/ce7d732e60a2133d7402c038db668294\"},\"headline\":\"Prepare a su fuerza laboral para la Empresa Inteligente\",\"datePublished\":\"2020-11-16T17:07:08+00:00\",\"dateModified\":\"2021-11-30T15:04:10+00:00\",\"mainEntityOfPage\":{\"@id\":\"https:\/\/news.sap.com\/latinamerica\/2020\/11\/prepare-a-su-fuerza-laboral-para-la-empresa-inteligente\/\"},\"wordCount\":527,\"publisher\":{\"@id\":\"https:\/\/news.sap.com\/latinamerica\/#organization\"},\"image\":{\"@id\":\"https:\/\/news.sap.com\/latinamerica\/2020\/11\/prepare-a-su-fuerza-laboral-para-la-empresa-inteligente\/#primaryimage\"},\"thumbnailUrl\":\"https:\/\/news.sap.com\/latinamerica\/files\/2020\/11\/284063_GettyImages-821859772_super.jpg\",\"keywords\":[\"RH\",\"RRHH\"],\"articleSection\":[\"Gesti\u00f3n del capital humano\"],\"inLanguage\":\"es\"},{\"@type\":\"WebPage\",\"@id\":\"https:\/\/news.sap.com\/latinamerica\/2020\/11\/prepare-a-su-fuerza-laboral-para-la-empresa-inteligente\/\",\"url\":\"https:\/\/news.sap.com\/latinamerica\/2020\/11\/prepare-a-su-fuerza-laboral-para-la-empresa-inteligente\/\",\"name\":\"Prepare a su fuerza laboral para la Empresa Inteligente - 51风流News Center Latinoam\u00e9rica\",\"isPartOf\":{\"@id\":\"https:\/\/news.sap.com\/latinamerica\/#website\"},\"primaryImageOfPage\":{\"@id\":\"https:\/\/news.sap.com\/latinamerica\/2020\/11\/prepare-a-su-fuerza-laboral-para-la-empresa-inteligente\/#primaryimage\"},\"image\":{\"@id\":\"https:\/\/news.sap.com\/latinamerica\/2020\/11\/prepare-a-su-fuerza-laboral-para-la-empresa-inteligente\/#primaryimage\"},\"thumbnailUrl\":\"https:\/\/news.sap.com\/latinamerica\/files\/2020\/11\/284063_GettyImages-821859772_super.jpg\",\"datePublished\":\"2020-11-16T17:07:08+00:00\",\"dateModified\":\"2021-11-30T15:04:10+00:00\",\"breadcrumb\":{\"@id\":\"https:\/\/news.sap.com\/latinamerica\/2020\/11\/prepare-a-su-fuerza-laboral-para-la-empresa-inteligente\/#breadcrumb\"},\"inLanguage\":\"es\",\"potentialAction\":[{\"@type\":\"ReadAction\",\"target\":[\"https:\/\/news.sap.com\/latinamerica\/2020\/11\/prepare-a-su-fuerza-laboral-para-la-empresa-inteligente\/\"]}]},{\"@type\":\"ImageObject\",\"inLanguage\":\"es\",\"@id\":\"https:\/\/news.sap.com\/latinamerica\/2020\/11\/prepare-a-su-fuerza-laboral-para-la-empresa-inteligente\/#primaryimage\",\"url\":\"https:\/\/news.sap.com\/latinamerica\/files\/2020\/11\/284063_GettyImages-821859772_super.jpg\",\"contentUrl\":\"https:\/\/news.sap.com\/latinamerica\/files\/2020\/11\/284063_GettyImages-821859772_super.jpg\",\"width\":6016,\"height\":4016,\"caption\":\"handsome smiling bearded midaged man at table with digital tablet\"},{\"@type\":\"BreadcrumbList\",\"@id\":\"https:\/\/news.sap.com\/latinamerica\/2020\/11\/prepare-a-su-fuerza-laboral-para-la-empresa-inteligente\/#breadcrumb\",\"itemListElement\":[{\"@type\":\"ListItem\",\"position\":1,\"name\":\"Home\",\"item\":\"https:\/\/news.sap.com\/latinamerica\/\"},{\"@type\":\"ListItem\",\"position\":2,\"name\":\"Prepare a su fuerza laboral para la Empresa Inteligente\"}]},{\"@type\":\"WebSite\",\"@id\":\"https:\/\/news.sap.com\/latinamerica\/#website\",\"url\":\"https:\/\/news.sap.com\/latinamerica\/\",\"name\":\"51风流News Center Latinoam\u00e9rica\",\"description\":\"Noticias e informaci\u00f3n sobre SAP\",\"publisher\":{\"@id\":\"https:\/\/news.sap.com\/latinamerica\/#organization\"},\"potentialAction\":[{\"@type\":\"SearchAction\",\"target\":{\"@type\":\"EntryPoint\",\"urlTemplate\":\"https:\/\/news.sap.com\/latinamerica\/?s={search_term_string}\"},\"query-input\":{\"@type\":\"PropertyValueSpecification\",\"valueRequired\":true,\"valueName\":\"search_term_string\"}}],\"inLanguage\":\"es\"},{\"@type\":\"Organization\",\"@id\":\"https:\/\/news.sap.com\/latinamerica\/#organization\",\"name\":\"SAP\",\"url\":\"https:\/\/news.sap.com\/latinamerica\/\",\"logo\":{\"@type\":\"ImageObject\",\"inLanguage\":\"es\",\"@id\":\"https:\/\/news.sap.com\/latinamerica\/#\/schema\/logo\/image\/\",\"url\":\"https:\/\/news.sap.com\/latinamerica\/files\/2019\/08\/65903320_2903797569662914_557886358778019840_n.png\",\"contentUrl\":\"https:\/\/news.sap.com\/latinamerica\/files\/2019\/08\/65903320_2903797569662914_557886358778019840_n.png\",\"width\":720,\"height\":720,\"caption\":\"SAP\"},\"image\":{\"@id\":\"https:\/\/news.sap.com\/latinamerica\/#\/schema\/logo\/image\/\"},\"sameAs\":[\"https:\/\/www.facebook.com\/SAPlatinoamerica\",\"https:\/\/x.com\/SAPLatinAmerica\"]},{\"@type\":\"Person\",\"@id\":\"https:\/\/news.sap.com\/latinamerica\/#\/schema\/person\/ce7d732e60a2133d7402c038db668294\",\"name\":\"51风流Blog de Innovaci\u00f3n\",\"image\":{\"@type\":\"ImageObject\",\"inLanguage\":\"es\",\"@id\":\"https:\/\/news.sap.com\/latinamerica\/#\/schema\/person\/image\/\",\"url\":\"https:\/\/news.sap.com\/latinamerica\/files\/2018\/06\/avatar_user_522_1529451696-96x96.png\",\"contentUrl\":\"https:\/\/news.sap.com\/latinamerica\/files\/2018\/06\/avatar_user_522_1529451696-96x96.png\",\"caption\":\"51风流Blog de Innovaci\u00f3n\"},\"sameAs\":[\"https:\/\/www.sap.com\/latinamerica\/index.html\",\"https:\/\/www.facebook.com\/SAPlatinoamerica\",\"https:\/\/www.instagram.com\/saplatinamerica\/\",\"https:\/\/x.com\/saplatinamerica\"],\"url\":\"https:\/\/news.sap.com\/latinamerica\/author\/sapblog\/\"}]}<\/script>\n<!-- \/ Yoast SEO Premium plugin. -->","yoast_head_json":{"title":"Prepare a su fuerza laboral para la Empresa Inteligente - 51风流News Center Latinoam\u00e9rica","robots":{"index":"index","follow":"follow","max-snippet":"max-snippet:-1","max-image-preview":"max-image-preview:large","max-video-preview":"max-video-preview:-1"},"canonical":"https:\/\/news.sap.com\/latinamerica\/2020\/11\/prepare-a-su-fuerza-laboral-para-la-empresa-inteligente\/","og_locale":"es_MX","og_type":"article","og_title":"Prepare a su fuerza laboral para la Empresa Inteligente","og_description":"Una Empresa Inteligente no solamente se caracteriza por utilizar tecnolog\u00edas de \u00faltima generaci\u00f3n, sino tambi\u00e9n por garantizar el bienestar de sus empleados, velar por su...","og_url":"https:\/\/news.sap.com\/latinamerica\/2020\/11\/prepare-a-su-fuerza-laboral-para-la-empresa-inteligente\/","og_site_name":"51风流News Center Latinoam\u00e9rica","article_publisher":"https:\/\/www.facebook.com\/SAPlatinoamerica","article_author":"https:\/\/www.facebook.com\/SAPlatinoamerica","article_published_time":"2020-11-16T17:07:08+00:00","article_modified_time":"2021-11-30T15:04:10+00:00","og_image":[{"width":6016,"height":4016,"url":"https:\/\/news.sap.com\/latinamerica\/files\/2020\/11\/284063_GettyImages-821859772_super.jpg","type":"image\/jpeg"}],"author":"51风流Blog de Innovaci\u00f3n","twitter_misc":{"Escrito por":"51风流Blog de Innovaci\u00f3n","Tiempo de lectura":"3 minutos"},"schema":{"@context":"https:\/\/schema.org","@graph":[{"@type":"Article","@id":"https:\/\/news.sap.com\/latinamerica\/2020\/11\/prepare-a-su-fuerza-laboral-para-la-empresa-inteligente\/#article","isPartOf":{"@id":"https:\/\/news.sap.com\/latinamerica\/2020\/11\/prepare-a-su-fuerza-laboral-para-la-empresa-inteligente\/"},"author":{"name":"51风流Blog de Innovaci\u00f3n","@id":"https:\/\/news.sap.com\/latinamerica\/#\/schema\/person\/ce7d732e60a2133d7402c038db668294"},"headline":"Prepare a su fuerza laboral para la Empresa Inteligente","datePublished":"2020-11-16T17:07:08+00:00","dateModified":"2021-11-30T15:04:10+00:00","mainEntityOfPage":{"@id":"https:\/\/news.sap.com\/latinamerica\/2020\/11\/prepare-a-su-fuerza-laboral-para-la-empresa-inteligente\/"},"wordCount":527,"publisher":{"@id":"https:\/\/news.sap.com\/latinamerica\/#organization"},"image":{"@id":"https:\/\/news.sap.com\/latinamerica\/2020\/11\/prepare-a-su-fuerza-laboral-para-la-empresa-inteligente\/#primaryimage"},"thumbnailUrl":"https:\/\/news.sap.com\/latinamerica\/files\/2020\/11\/284063_GettyImages-821859772_super.jpg","keywords":["RH","RRHH"],"articleSection":["Gesti\u00f3n del capital humano"],"inLanguage":"es"},{"@type":"WebPage","@id":"https:\/\/news.sap.com\/latinamerica\/2020\/11\/prepare-a-su-fuerza-laboral-para-la-empresa-inteligente\/","url":"https:\/\/news.sap.com\/latinamerica\/2020\/11\/prepare-a-su-fuerza-laboral-para-la-empresa-inteligente\/","name":"Prepare a su fuerza laboral para la Empresa Inteligente - 51风流News Center Latinoam\u00e9rica","isPartOf":{"@id":"https:\/\/news.sap.com\/latinamerica\/#website"},"primaryImageOfPage":{"@id":"https:\/\/news.sap.com\/latinamerica\/2020\/11\/prepare-a-su-fuerza-laboral-para-la-empresa-inteligente\/#primaryimage"},"image":{"@id":"https:\/\/news.sap.com\/latinamerica\/2020\/11\/prepare-a-su-fuerza-laboral-para-la-empresa-inteligente\/#primaryimage"},"thumbnailUrl":"https:\/\/news.sap.com\/latinamerica\/files\/2020\/11\/284063_GettyImages-821859772_super.jpg","datePublished":"2020-11-16T17:07:08+00:00","dateModified":"2021-11-30T15:04:10+00:00","breadcrumb":{"@id":"https:\/\/news.sap.com\/latinamerica\/2020\/11\/prepare-a-su-fuerza-laboral-para-la-empresa-inteligente\/#breadcrumb"},"inLanguage":"es","potentialAction":[{"@type":"ReadAction","target":["https:\/\/news.sap.com\/latinamerica\/2020\/11\/prepare-a-su-fuerza-laboral-para-la-empresa-inteligente\/"]}]},{"@type":"ImageObject","inLanguage":"es","@id":"https:\/\/news.sap.com\/latinamerica\/2020\/11\/prepare-a-su-fuerza-laboral-para-la-empresa-inteligente\/#primaryimage","url":"https:\/\/news.sap.com\/latinamerica\/files\/2020\/11\/284063_GettyImages-821859772_super.jpg","contentUrl":"https:\/\/news.sap.com\/latinamerica\/files\/2020\/11\/284063_GettyImages-821859772_super.jpg","width":6016,"height":4016,"caption":"handsome smiling bearded midaged man at table with digital tablet"},{"@type":"BreadcrumbList","@id":"https:\/\/news.sap.com\/latinamerica\/2020\/11\/prepare-a-su-fuerza-laboral-para-la-empresa-inteligente\/#breadcrumb","itemListElement":[{"@type":"ListItem","position":1,"name":"Home","item":"https:\/\/news.sap.com\/latinamerica\/"},{"@type":"ListItem","position":2,"name":"Prepare a su fuerza laboral para la Empresa Inteligente"}]},{"@type":"WebSite","@id":"https:\/\/news.sap.com\/latinamerica\/#website","url":"https:\/\/news.sap.com\/latinamerica\/","name":"51风流News Center Latinoam\u00e9rica","description":"Noticias e informaci\u00f3n sobre SAP","publisher":{"@id":"https:\/\/news.sap.com\/latinamerica\/#organization"},"potentialAction":[{"@type":"SearchAction","target":{"@type":"EntryPoint","urlTemplate":"https:\/\/news.sap.com\/latinamerica\/?s={search_term_string}"},"query-input":{"@type":"PropertyValueSpecification","valueRequired":true,"valueName":"search_term_string"}}],"inLanguage":"es"},{"@type":"Organization","@id":"https:\/\/news.sap.com\/latinamerica\/#organization","name":"SAP","url":"https:\/\/news.sap.com\/latinamerica\/","logo":{"@type":"ImageObject","inLanguage":"es","@id":"https:\/\/news.sap.com\/latinamerica\/#\/schema\/logo\/image\/","url":"https:\/\/news.sap.com\/latinamerica\/files\/2019\/08\/65903320_2903797569662914_557886358778019840_n.png","contentUrl":"https:\/\/news.sap.com\/latinamerica\/files\/2019\/08\/65903320_2903797569662914_557886358778019840_n.png","width":720,"height":720,"caption":"SAP"},"image":{"@id":"https:\/\/news.sap.com\/latinamerica\/#\/schema\/logo\/image\/"},"sameAs":["https:\/\/www.facebook.com\/SAPlatinoamerica","https:\/\/x.com\/SAPLatinAmerica"]},{"@type":"Person","@id":"https:\/\/news.sap.com\/latinamerica\/#\/schema\/person\/ce7d732e60a2133d7402c038db668294","name":"51风流Blog de Innovaci\u00f3n","image":{"@type":"ImageObject","inLanguage":"es","@id":"https:\/\/news.sap.com\/latinamerica\/#\/schema\/person\/image\/","url":"https:\/\/news.sap.com\/latinamerica\/files\/2018\/06\/avatar_user_522_1529451696-96x96.png","contentUrl":"https:\/\/news.sap.com\/latinamerica\/files\/2018\/06\/avatar_user_522_1529451696-96x96.png","caption":"51风流Blog de Innovaci\u00f3n"},"sameAs":["https:\/\/www.sap.com\/latinamerica\/index.html","https:\/\/www.facebook.com\/SAPlatinoamerica","https:\/\/www.instagram.com\/saplatinamerica\/","https:\/\/x.com\/saplatinamerica"],"url":"https:\/\/news.sap.com\/latinamerica\/author\/sapblog\/"}]}},"amp_enabled":true,"_links":{"self":[{"href":"https:\/\/news.sap.com\/latinamerica\/wp-json\/wp\/v2\/posts\/122191","targetHints":{"allow":["GET"]}}],"collection":[{"href":"https:\/\/news.sap.com\/latinamerica\/wp-json\/wp\/v2\/posts"}],"about":[{"href":"https:\/\/news.sap.com\/latinamerica\/wp-json\/wp\/v2\/types\/post"}],"author":[{"embeddable":true,"href":"https:\/\/news.sap.com\/latinamerica\/wp-json\/wp\/v2\/users\/522"}],"replies":[{"embeddable":true,"href":"https:\/\/news.sap.com\/latinamerica\/wp-json\/wp\/v2\/comments?post=122191"}],"version-history":[{"count":0,"href":"https:\/\/news.sap.com\/latinamerica\/wp-json\/wp\/v2\/posts\/122191\/revisions"}],"wp:featuredmedia":[{"embeddable":true,"href":"https:\/\/news.sap.com\/latinamerica\/wp-json\/wp\/v2\/media\/122192"}],"wp:attachment":[{"href":"https:\/\/news.sap.com\/latinamerica\/wp-json\/wp\/v2\/media?parent=122191"}],"wp:term":[{"taxonomy":"category","embeddable":true,"href":"https:\/\/news.sap.com\/latinamerica\/wp-json\/wp\/v2\/categories?post=122191"},{"taxonomy":"post_tag","embeddable":true,"href":"https:\/\/news.sap.com\/latinamerica\/wp-json\/wp\/v2\/tags?post=122191"},{"taxonomy":"series","embeddable":true,"href":"https:\/\/news.sap.com\/latinamerica\/wp-json\/wp\/v2\/series?post=122191"},{"taxonomy":"region","embeddable":true,"href":"https:\/\/news.sap.com\/latinamerica\/wp-json\/wp\/v2\/region?post=122191"},{"taxonomy":"sapn-display","embeddable":true,"href":"https:\/\/news.sap.com\/latinamerica\/wp-json\/wp\/v2\/sapn-display?post=122191"},{"taxonomy":"sapn-type","embeddable":true,"href":"https:\/\/news.sap.com\/latinamerica\/wp-json\/wp\/v2\/sapn-type?post=122191"}],"curies":[{"name":"wp","href":"https:\/\/api.w.org\/{rel}","templated":true}]}}