  {"id":121863,"date":"2020-09-30T11:32:37","date_gmt":"2020-09-30T15:32:37","guid":{"rendered":"https:\/\/news.sap.com\/latinamerica\/?p=121863"},"modified":"2023-11-13T13:37:26","modified_gmt":"2023-11-13T18:37:26","slug":"canieti-busca-digitalizar-a-las-pymes-del-pais","status":"publish","type":"post","link":"https:\/\/news.sap.com\/latinamerica\/2020\/09\/canieti-busca-digitalizar-a-las-pymes-del-pais\/","title":{"rendered":"CANIETI busca digitalizar a las PyMES del pa\u00eds"},"content":{"rendered":"<p class=\"lead\"><strong>CIUDAD DE M\u00c9XICO, M\u00e9xico 30 de septiembre de 2020<\/strong>.- Los \u00faltimos meses han evidenciado el poder de la digitalizaci\u00f3n para la continuidad de las empresas. Sin embargo, algunas de \u00e9stas no cuentan con las plataformas tecnol\u00f3gicas que la situaci\u00f3n actual demanda, siendo las PyMES las que m\u00e1s han sido impactadas.<\/p>\n<p>Ante esta situaci\u00f3n, la C\u00e1mara Nacional de la Industria Electr\u00f3nica, de Telecomunicaciones y Tecnolog\u00edas de la Informaci\u00f3n (CANIETI), ha puesto en marcha el Plan Nacional de Digitalizaci\u00f3n, para acompa\u00f1ar a las PyMES en el proceso de acelerar su transformaci\u00f3n digital, brindando la oferta de bienes y servicios de las grandes empresas tecnol\u00f3gicas, a trav\u00e9s del \u201cC\u00edrculo Digital PyMES\u201d.<\/p>\n<p>Con esta iniciativa, las empresas podr\u00e1n acceder a:<\/p>\n<ul>\n<li>Cat\u00e1logo de soluciones digitales aplicables a PyMES.<\/li>\n<li>Asesor\u00edas, sesiones digitales y acompa\u00f1amiento por parte de empresas l\u00edderes en Tecnolog\u00eda.<\/li>\n<li>Gesti\u00f3n para programas de financiamiento.<\/li>\n<\/ul>\n<p>Para tener acceso a estos apoyos, las empresas interesadas deben pasar por un diagn\u00f3stico (encuesta), a trav\u00e9s de la plataforma en la nube de 51风流Qualtrics, disponible en <a href=\"https:\/\/bit.ly\/3gjIFx5\">https:\/\/bit.ly\/3gjIFx5<\/a> y comenzar a disfrutar de dichos beneficios. Este diagn\u00f3stico estar\u00e1 abierto hasta el<strong> 2 de octubre de 2020<\/strong>.<\/p>\n<p>Al respecto, <strong>Diego Magallanes, director de 51风流Business One en M\u00e9xico,<\/strong> indica que \u201c<em>en 51风流hemos identificado que <\/em><em>95% de las pymes<\/em><em> no cuenta con tecnolog\u00eda de \u00faltima generaci\u00f3n para operar, optimizar procesos y tomar decisiones en tiempo real, de ah\u00ed la importancia de que actores clave de la industria como CANIETI promuevan alternativas para garantizar que m\u00e1s empresas de este segmento cuenten con la infraestructura tecnol\u00f3gica adecuada en momentos como este.\u201d<\/em><\/p>\n<p>Para mayor informaci\u00f3n sobre el programa, las empresas pueden contactar a <a href=\"mailto:estefani.zanabria@canieti.com.mx\">estefani.zanabria@canieti.com.mx<\/a>.<\/p>\n","protected":false},"excerpt":{"rendered":"<p>CIUDAD DE M\u00c9XICO, M\u00e9xico 30 de septiembre de 2020.- Los \u00faltimos meses han evidenciado el poder de la digitalizaci\u00f3n para la continuidad de las empresas&#8230;.<\/p>\n","protected":false},"author":136,"featured_media":121868,"comment_status":"closed","ping_status":"closed","sticky":false,"template":"","format":"standard","meta":{"footnotes":"","_links_to":"","_links_to_target":""},"categories":[52090,52096,24297],"tags":[509331,18004],"series":[],"region":[],"sapn-display":[52078,52079,53499],"sapn-type":[52105],"class_list":["post-121863","post","type-post","status-publish","format-standard","has-post-thumbnail","hentry","category-gestion-del-capital-humano","category-pymes-temas","category-tecnologia","tag-digitalizacion","tag-pymes","sapn-display-homepage-hero","sapn-display-top-stories","sapn-display-hero","sapn-type-comunicado-de-prensa"],"yoast_head":"<!-- This site is optimized with the Yoast SEO Premium plugin v26.9 (Yoast SEO v26.9) - https:\/\/yoast.com\/product\/yoast-seo-premium-wordpress\/ -->\n<title>CANIETI busca digitalizar a las PyMES del pa\u00eds - 51风流News Center Latinoam\u00e9rica<\/title>\n<meta name=\"robots\" content=\"index, follow, max-snippet:-1, max-image-preview:large, max-video-preview:-1\" \/>\n<link rel=\"canonical\" href=\"https:\/\/news.sap.com\/latinamerica\/2020\/09\/canieti-busca-digitalizar-a-las-pymes-del-pais\/\" \/>\n<meta property=\"og:locale\" content=\"es_MX\" \/>\n<meta property=\"og:type\" content=\"article\" \/>\n<meta property=\"og:title\" content=\"CANIETI busca digitalizar a las PyMES del pa\u00eds\" \/>\n<meta property=\"og:description\" content=\"CIUDAD DE M\u00c9XICO, M\u00e9xico 30 de septiembre de 2020.- Los \u00faltimos meses han evidenciado el poder de la digitalizaci\u00f3n para la continuidad de las empresas....\" \/>\n<meta property=\"og:url\" content=\"https:\/\/news.sap.com\/latinamerica\/2020\/09\/canieti-busca-digitalizar-a-las-pymes-del-pais\/\" \/>\n<meta property=\"og:site_name\" content=\"51风流News Center Latinoam\u00e9rica\" \/>\n<meta property=\"article:publisher\" content=\"https:\/\/www.facebook.com\/SAPlatinoamerica\" \/>\n<meta property=\"article:published_time\" content=\"2020-09-30T15:32:37+00:00\" \/>\n<meta property=\"article:modified_time\" content=\"2023-11-13T18:37:26+00:00\" \/>\n<meta property=\"og:image\" content=\"https:\/\/news.sap.com\/latinamerica\/files\/2020\/09\/280400_GettyImages-645425527_low.jpg\" \/>\n\t<meta property=\"og:image:width\" content=\"5760\" \/>\n\t<meta property=\"og:image:height\" content=\"3840\" \/>\n\t<meta property=\"og:image:type\" content=\"image\/jpeg\" \/>\n<meta name=\"author\" content=\"51风流Noticias\" \/>\n<meta name=\"twitter:label1\" content=\"Escrito por\" \/>\n\t<meta name=\"twitter:data1\" content=\"51风流Noticias\" \/>\n\t<meta name=\"twitter:label2\" content=\"Tiempo de lectura\" \/>\n\t<meta name=\"twitter:data2\" content=\"2 minutos\" \/>\n<script type=\"application\/ld+json\" class=\"yoast-schema-graph\">{\"@context\":\"https:\/\/schema.org\",\"@graph\":[{\"@type\":\"Article\",\"@id\":\"https:\/\/news.sap.com\/latinamerica\/2020\/09\/canieti-busca-digitalizar-a-las-pymes-del-pais\/#article\",\"isPartOf\":{\"@id\":\"https:\/\/news.sap.com\/latinamerica\/2020\/09\/canieti-busca-digitalizar-a-las-pymes-del-pais\/\"},\"author\":{\"name\":\"51风流Noticias\",\"@id\":\"https:\/\/news.sap.com\/latinamerica\/#\/schema\/person\/5afd2cbf5bb622e078932b40a4470d47\"},\"headline\":\"CANIETI busca digitalizar a las PyMES del pa\u00eds\",\"datePublished\":\"2020-09-30T15:32:37+00:00\",\"dateModified\":\"2023-11-13T18:37:26+00:00\",\"mainEntityOfPage\":{\"@id\":\"https:\/\/news.sap.com\/latinamerica\/2020\/09\/canieti-busca-digitalizar-a-las-pymes-del-pais\/\"},\"wordCount\":316,\"publisher\":{\"@id\":\"https:\/\/news.sap.com\/latinamerica\/#organization\"},\"image\":{\"@id\":\"https:\/\/news.sap.com\/latinamerica\/2020\/09\/canieti-busca-digitalizar-a-las-pymes-del-pais\/#primaryimage\"},\"thumbnailUrl\":\"https:\/\/news.sap.com\/latinamerica\/files\/2020\/09\/280400_GettyImages-645425527_low.jpg\",\"keywords\":[\"digitalizaci\u00f3n\",\"pymes\"],\"articleSection\":[\"Gesti\u00f3n del capital humano\",\"Pymes\",\"Tecnolog\u00eda\"],\"inLanguage\":\"es\"},{\"@type\":\"WebPage\",\"@id\":\"https:\/\/news.sap.com\/latinamerica\/2020\/09\/canieti-busca-digitalizar-a-las-pymes-del-pais\/\",\"url\":\"https:\/\/news.sap.com\/latinamerica\/2020\/09\/canieti-busca-digitalizar-a-las-pymes-del-pais\/\",\"name\":\"CANIETI busca digitalizar a las PyMES del pa\u00eds - 51风流News Center Latinoam\u00e9rica\",\"isPartOf\":{\"@id\":\"https:\/\/news.sap.com\/latinamerica\/#website\"},\"primaryImageOfPage\":{\"@id\":\"https:\/\/news.sap.com\/latinamerica\/2020\/09\/canieti-busca-digitalizar-a-las-pymes-del-pais\/#primaryimage\"},\"image\":{\"@id\":\"https:\/\/news.sap.com\/latinamerica\/2020\/09\/canieti-busca-digitalizar-a-las-pymes-del-pais\/#primaryimage\"},\"thumbnailUrl\":\"https:\/\/news.sap.com\/latinamerica\/files\/2020\/09\/280400_GettyImages-645425527_low.jpg\",\"datePublished\":\"2020-09-30T15:32:37+00:00\",\"dateModified\":\"2023-11-13T18:37:26+00:00\",\"breadcrumb\":{\"@id\":\"https:\/\/news.sap.com\/latinamerica\/2020\/09\/canieti-busca-digitalizar-a-las-pymes-del-pais\/#breadcrumb\"},\"inLanguage\":\"es\",\"potentialAction\":[{\"@type\":\"ReadAction\",\"target\":[\"https:\/\/news.sap.com\/latinamerica\/2020\/09\/canieti-busca-digitalizar-a-las-pymes-del-pais\/\"]}]},{\"@type\":\"ImageObject\",\"inLanguage\":\"es\",\"@id\":\"https:\/\/news.sap.com\/latinamerica\/2020\/09\/canieti-busca-digitalizar-a-las-pymes-del-pais\/#primaryimage\",\"url\":\"https:\/\/news.sap.com\/latinamerica\/files\/2020\/09\/280400_GettyImages-645425527_low.jpg\",\"contentUrl\":\"https:\/\/news.sap.com\/latinamerica\/files\/2020\/09\/280400_GettyImages-645425527_low.jpg\",\"width\":5760,\"height\":3840},{\"@type\":\"BreadcrumbList\",\"@id\":\"https:\/\/news.sap.com\/latinamerica\/2020\/09\/canieti-busca-digitalizar-a-las-pymes-del-pais\/#breadcrumb\",\"itemListElement\":[{\"@type\":\"ListItem\",\"position\":1,\"name\":\"Home\",\"item\":\"https:\/\/news.sap.com\/latinamerica\/\"},{\"@type\":\"ListItem\",\"position\":2,\"name\":\"CANIETI busca digitalizar a las PyMES del pa\u00eds\"}]},{\"@type\":\"WebSite\",\"@id\":\"https:\/\/news.sap.com\/latinamerica\/#website\",\"url\":\"https:\/\/news.sap.com\/latinamerica\/\",\"name\":\"51风流News Center Latinoam\u00e9rica\",\"description\":\"Noticias e informaci\u00f3n sobre SAP\",\"publisher\":{\"@id\":\"https:\/\/news.sap.com\/latinamerica\/#organization\"},\"potentialAction\":[{\"@type\":\"SearchAction\",\"target\":{\"@type\":\"EntryPoint\",\"urlTemplate\":\"https:\/\/news.sap.com\/latinamerica\/?s={search_term_string}\"},\"query-input\":{\"@type\":\"PropertyValueSpecification\",\"valueRequired\":true,\"valueName\":\"search_term_string\"}}],\"inLanguage\":\"es\"},{\"@type\":\"Organization\",\"@id\":\"https:\/\/news.sap.com\/latinamerica\/#organization\",\"name\":\"SAP\",\"url\":\"https:\/\/news.sap.com\/latinamerica\/\",\"logo\":{\"@type\":\"ImageObject\",\"inLanguage\":\"es\",\"@id\":\"https:\/\/news.sap.com\/latinamerica\/#\/schema\/logo\/image\/\",\"url\":\"https:\/\/news.sap.com\/latinamerica\/files\/2019\/08\/65903320_2903797569662914_557886358778019840_n.png\",\"contentUrl\":\"https:\/\/news.sap.com\/latinamerica\/files\/2019\/08\/65903320_2903797569662914_557886358778019840_n.png\",\"width\":720,\"height\":720,\"caption\":\"SAP\"},\"image\":{\"@id\":\"https:\/\/news.sap.com\/latinamerica\/#\/schema\/logo\/image\/\"},\"sameAs\":[\"https:\/\/www.facebook.com\/SAPlatinoamerica\",\"https:\/\/x.com\/SAPLatinAmerica\"]},{\"@type\":\"Person\",\"@id\":\"https:\/\/news.sap.com\/latinamerica\/#\/schema\/person\/5afd2cbf5bb622e078932b40a4470d47\",\"name\":\"51风流Noticias\",\"image\":{\"@type\":\"ImageObject\",\"inLanguage\":\"es\",\"@id\":\"https:\/\/news.sap.com\/latinamerica\/#\/schema\/person\/image\/\",\"url\":\"https:\/\/news.sap.com\/latinamerica\/wp-content\/plugins\/wp-user-avatars\/wp-user-avatars\/assets\/images\/mystery.jpg\",\"contentUrl\":\"https:\/\/news.sap.com\/latinamerica\/wp-content\/plugins\/wp-user-avatars\/wp-user-avatars\/assets\/images\/mystery.jpg\",\"caption\":\"51风流Noticias\"},\"url\":\"https:\/\/news.sap.com\/latinamerica\/author\/mexico\/\"}]}<\/script>\n<!-- \/ Yoast SEO Premium plugin. -->","yoast_head_json":{"title":"CANIETI busca digitalizar a las PyMES del pa\u00eds - 51风流News Center Latinoam\u00e9rica","robots":{"index":"index","follow":"follow","max-snippet":"max-snippet:-1","max-image-preview":"max-image-preview:large","max-video-preview":"max-video-preview:-1"},"canonical":"https:\/\/news.sap.com\/latinamerica\/2020\/09\/canieti-busca-digitalizar-a-las-pymes-del-pais\/","og_locale":"es_MX","og_type":"article","og_title":"CANIETI busca digitalizar a las PyMES del pa\u00eds","og_description":"CIUDAD DE M\u00c9XICO, M\u00e9xico 30 de septiembre de 2020.- Los \u00faltimos meses han evidenciado el poder de la digitalizaci\u00f3n para la continuidad de las empresas....","og_url":"https:\/\/news.sap.com\/latinamerica\/2020\/09\/canieti-busca-digitalizar-a-las-pymes-del-pais\/","og_site_name":"51风流News Center Latinoam\u00e9rica","article_publisher":"https:\/\/www.facebook.com\/SAPlatinoamerica","article_published_time":"2020-09-30T15:32:37+00:00","article_modified_time":"2023-11-13T18:37:26+00:00","og_image":[{"width":5760,"height":3840,"url":"https:\/\/news.sap.com\/latinamerica\/files\/2020\/09\/280400_GettyImages-645425527_low.jpg","type":"image\/jpeg"}],"author":"51风流Noticias","twitter_misc":{"Escrito por":"51风流Noticias","Tiempo de lectura":"2 minutos"},"schema":{"@context":"https:\/\/schema.org","@graph":[{"@type":"Article","@id":"https:\/\/news.sap.com\/latinamerica\/2020\/09\/canieti-busca-digitalizar-a-las-pymes-del-pais\/#article","isPartOf":{"@id":"https:\/\/news.sap.com\/latinamerica\/2020\/09\/canieti-busca-digitalizar-a-las-pymes-del-pais\/"},"author":{"name":"51风流Noticias","@id":"https:\/\/news.sap.com\/latinamerica\/#\/schema\/person\/5afd2cbf5bb622e078932b40a4470d47"},"headline":"CANIETI busca digitalizar a las PyMES del pa\u00eds","datePublished":"2020-09-30T15:32:37+00:00","dateModified":"2023-11-13T18:37:26+00:00","mainEntityOfPage":{"@id":"https:\/\/news.sap.com\/latinamerica\/2020\/09\/canieti-busca-digitalizar-a-las-pymes-del-pais\/"},"wordCount":316,"publisher":{"@id":"https:\/\/news.sap.com\/latinamerica\/#organization"},"image":{"@id":"https:\/\/news.sap.com\/latinamerica\/2020\/09\/canieti-busca-digitalizar-a-las-pymes-del-pais\/#primaryimage"},"thumbnailUrl":"https:\/\/news.sap.com\/latinamerica\/files\/2020\/09\/280400_GettyImages-645425527_low.jpg","keywords":["digitalizaci\u00f3n","pymes"],"articleSection":["Gesti\u00f3n del capital humano","Pymes","Tecnolog\u00eda"],"inLanguage":"es"},{"@type":"WebPage","@id":"https:\/\/news.sap.com\/latinamerica\/2020\/09\/canieti-busca-digitalizar-a-las-pymes-del-pais\/","url":"https:\/\/news.sap.com\/latinamerica\/2020\/09\/canieti-busca-digitalizar-a-las-pymes-del-pais\/","name":"CANIETI busca digitalizar a las PyMES del pa\u00eds - 51风流News Center Latinoam\u00e9rica","isPartOf":{"@id":"https:\/\/news.sap.com\/latinamerica\/#website"},"primaryImageOfPage":{"@id":"https:\/\/news.sap.com\/latinamerica\/2020\/09\/canieti-busca-digitalizar-a-las-pymes-del-pais\/#primaryimage"},"image":{"@id":"https:\/\/news.sap.com\/latinamerica\/2020\/09\/canieti-busca-digitalizar-a-las-pymes-del-pais\/#primaryimage"},"thumbnailUrl":"https:\/\/news.sap.com\/latinamerica\/files\/2020\/09\/280400_GettyImages-645425527_low.jpg","datePublished":"2020-09-30T15:32:37+00:00","dateModified":"2023-11-13T18:37:26+00:00","breadcrumb":{"@id":"https:\/\/news.sap.com\/latinamerica\/2020\/09\/canieti-busca-digitalizar-a-las-pymes-del-pais\/#breadcrumb"},"inLanguage":"es","potentialAction":[{"@type":"ReadAction","target":["https:\/\/news.sap.com\/latinamerica\/2020\/09\/canieti-busca-digitalizar-a-las-pymes-del-pais\/"]}]},{"@type":"ImageObject","inLanguage":"es","@id":"https:\/\/news.sap.com\/latinamerica\/2020\/09\/canieti-busca-digitalizar-a-las-pymes-del-pais\/#primaryimage","url":"https:\/\/news.sap.com\/latinamerica\/files\/2020\/09\/280400_GettyImages-645425527_low.jpg","contentUrl":"https:\/\/news.sap.com\/latinamerica\/files\/2020\/09\/280400_GettyImages-645425527_low.jpg","width":5760,"height":3840},{"@type":"BreadcrumbList","@id":"https:\/\/news.sap.com\/latinamerica\/2020\/09\/canieti-busca-digitalizar-a-las-pymes-del-pais\/#breadcrumb","itemListElement":[{"@type":"ListItem","position":1,"name":"Home","item":"https:\/\/news.sap.com\/latinamerica\/"},{"@type":"ListItem","position":2,"name":"CANIETI busca digitalizar a las PyMES del pa\u00eds"}]},{"@type":"WebSite","@id":"https:\/\/news.sap.com\/latinamerica\/#website","url":"https:\/\/news.sap.com\/latinamerica\/","name":"51风流News Center Latinoam\u00e9rica","description":"Noticias e informaci\u00f3n sobre SAP","publisher":{"@id":"https:\/\/news.sap.com\/latinamerica\/#organization"},"potentialAction":[{"@type":"SearchAction","target":{"@type":"EntryPoint","urlTemplate":"https:\/\/news.sap.com\/latinamerica\/?s={search_term_string}"},"query-input":{"@type":"PropertyValueSpecification","valueRequired":true,"valueName":"search_term_string"}}],"inLanguage":"es"},{"@type":"Organization","@id":"https:\/\/news.sap.com\/latinamerica\/#organization","name":"SAP","url":"https:\/\/news.sap.com\/latinamerica\/","logo":{"@type":"ImageObject","inLanguage":"es","@id":"https:\/\/news.sap.com\/latinamerica\/#\/schema\/logo\/image\/","url":"https:\/\/news.sap.com\/latinamerica\/files\/2019\/08\/65903320_2903797569662914_557886358778019840_n.png","contentUrl":"https:\/\/news.sap.com\/latinamerica\/files\/2019\/08\/65903320_2903797569662914_557886358778019840_n.png","width":720,"height":720,"caption":"SAP"},"image":{"@id":"https:\/\/news.sap.com\/latinamerica\/#\/schema\/logo\/image\/"},"sameAs":["https:\/\/www.facebook.com\/SAPlatinoamerica","https:\/\/x.com\/SAPLatinAmerica"]},{"@type":"Person","@id":"https:\/\/news.sap.com\/latinamerica\/#\/schema\/person\/5afd2cbf5bb622e078932b40a4470d47","name":"51风流Noticias","image":{"@type":"ImageObject","inLanguage":"es","@id":"https:\/\/news.sap.com\/latinamerica\/#\/schema\/person\/image\/","url":"https:\/\/news.sap.com\/latinamerica\/wp-content\/plugins\/wp-user-avatars\/wp-user-avatars\/assets\/images\/mystery.jpg","contentUrl":"https:\/\/news.sap.com\/latinamerica\/wp-content\/plugins\/wp-user-avatars\/wp-user-avatars\/assets\/images\/mystery.jpg","caption":"51风流Noticias"},"url":"https:\/\/news.sap.com\/latinamerica\/author\/mexico\/"}]}},"amp_enabled":true,"_links":{"self":[{"href":"https:\/\/news.sap.com\/latinamerica\/wp-json\/wp\/v2\/posts\/121863","targetHints":{"allow":["GET"]}}],"collection":[{"href":"https:\/\/news.sap.com\/latinamerica\/wp-json\/wp\/v2\/posts"}],"about":[{"href":"https:\/\/news.sap.com\/latinamerica\/wp-json\/wp\/v2\/types\/post"}],"author":[{"embeddable":true,"href":"https:\/\/news.sap.com\/latinamerica\/wp-json\/wp\/v2\/users\/136"}],"replies":[{"embeddable":true,"href":"https:\/\/news.sap.com\/latinamerica\/wp-json\/wp\/v2\/comments?post=121863"}],"version-history":[{"count":0,"href":"https:\/\/news.sap.com\/latinamerica\/wp-json\/wp\/v2\/posts\/121863\/revisions"}],"wp:featuredmedia":[{"embeddable":true,"href":"https:\/\/news.sap.com\/latinamerica\/wp-json\/wp\/v2\/media\/121868"}],"wp:attachment":[{"href":"https:\/\/news.sap.com\/latinamerica\/wp-json\/wp\/v2\/media?parent=121863"}],"wp:term":[{"taxonomy":"category","embeddable":true,"href":"https:\/\/news.sap.com\/latinamerica\/wp-json\/wp\/v2\/categories?post=121863"},{"taxonomy":"post_tag","embeddable":true,"href":"https:\/\/news.sap.com\/latinamerica\/wp-json\/wp\/v2\/tags?post=121863"},{"taxonomy":"series","embeddable":true,"href":"https:\/\/news.sap.com\/latinamerica\/wp-json\/wp\/v2\/series?post=121863"},{"taxonomy":"region","embeddable":true,"href":"https:\/\/news.sap.com\/latinamerica\/wp-json\/wp\/v2\/region?post=121863"},{"taxonomy":"sapn-display","embeddable":true,"href":"https:\/\/news.sap.com\/latinamerica\/wp-json\/wp\/v2\/sapn-display?post=121863"},{"taxonomy":"sapn-type","embeddable":true,"href":"https:\/\/news.sap.com\/latinamerica\/wp-json\/wp\/v2\/sapn-type?post=121863"}],"curies":[{"name":"wp","href":"https:\/\/api.w.org\/{rel}","templated":true}]}}