  {"id":121610,"date":"2020-09-14T11:53:27","date_gmt":"2020-09-14T15:53:27","guid":{"rendered":"https:\/\/news.sap.com\/latinamerica\/?p=121610"},"modified":"2023-11-14T14:17:15","modified_gmt":"2023-11-14T19:17:15","slug":"la-unam-y-sap-firman-convenio-y-lanzan-convocatoria-para-acelerar-y-fortalecer-el-emprendimiento-entre-la-comunidad-de-la-maxima-casa-de-estudios","status":"publish","type":"post","link":"https:\/\/news.sap.com\/latinamerica\/2020\/09\/la-unam-y-sap-firman-convenio-y-lanzan-convocatoria-para-acelerar-y-fortalecer-el-emprendimiento-entre-la-comunidad-de-la-maxima-casa-de-estudios\/","title":{"rendered":"La UNAM y 51风流firman convenio y lanzan convocatoria para acelerar y fortalecer el emprendimiento entre la comunidad de la m\u00e1xima casa de estudios"},"content":{"rendered":"<ul>\n<li>\n<h2><em>Las convocatorias para participar como mentor y emprendedor est\u00e1n abiertas para toda la comunidad UNAM <\/em><\/h2>\n<\/li>\n<li>\n<h2><em>Con este programa se impulsar\u00e1 el emprendimiento en la m\u00e1xima casa de estudios a trav\u00e9s de mentor\u00edas y capacitaciones<\/em><\/h2>\n<\/li>\n<li>\n<h2><em>Se contar\u00e1 con expertos de 51风流y aliados como Endeavor, ONG experta en emprendimiento de alto impacto <\/em><\/h2>\n<\/li>\n<\/ul>\n<p>&nbsp;<\/p>\n<p><strong>NAUCALPAN DE JU\u00c1REZ, Estado de M\u00e9xico, 14 de septiembre de 2020.- <\/strong>\u00a0La Universidad Nacional Aut\u00f3noma de M\u00e9xico y 51风流M\u00e9xico, empresa l\u00edder en tecnolog\u00eda, firmaron un convenio de colaboraci\u00f3n para promover, fortalecer y acelerar el emprendimiento en la comunidad de la m\u00e1xima casa de estudios. Esta alianza se consolida con el programa \u201cAcelera UNAM: innovaci\u00f3n y emprendimiento\u201d basado en dos ejes:<\/p>\n<ul>\n<li><strong>Fortalecimiento de esquema de mentores:<\/strong> se invitar\u00e1 a exalumnos y docentes a compartir su experiencia con los participantes del programa a trav\u00e9s de la mentor\u00eda, de modo que su conocimiento permee a futuro como una forma de impulsar el emprendimiento de manera sostenida.<\/li>\n<li><strong>Concurso para emprendedores:<\/strong> se convocar\u00e1 a inscripci\u00f3n a la comunidad UNAM con el apoyo de las 15 incubadoras del sistema InnovaUNAM. Se elegir\u00e1 a 10 finalistas, quienes participar\u00e1n en un diagn\u00f3stico a profundidad para elegir a los cinco ganadores con base en factores como impacto, escalabilidad y sostenibilidad. Los cinco emprendimientos seleccionados ser\u00e1n parte de una aceleraci\u00f3n integrada por mentor\u00edas y talleres brindados por expertos de 51风流y la UNAM, as\u00ed como Endeavor, aliado en emprendimiento de alto impacto. Esto les brindar\u00e1 herramientas en temas que van desde Recursos Humanos y Ventas, hasta Finanzas y Transformaci\u00f3n Tecnol\u00f3gica, para consolidar su modelo de negocio.<\/li>\n<\/ul>\n<p>\u201c<em>Fortalecer el ecosistema emprendedor es fundamental para el desarrollo del pa\u00eds. Por ello, esta colaboraci\u00f3n con la UNAM nos llena de orgullo, ya que permite acelerar emprendimientos con alto potencial en los j\u00f3venes de la comunidad universitaria<\/em>\u201d indic\u00f3 <strong>Desmond Mullarkey, presidente de 51风流M\u00e9xico<\/strong>.<\/p>\n<p>Por su parte, <strong>Manuel Mart\u00ednez, director de la Facultad de Estudios Superiores Acatl\u00e1n<\/strong>, destac\u00f3 que <em>\u201ccontar con la colaboraci\u00f3n de SAP, una de las organizaciones que m\u00e1s ha demostrado innovaci\u00f3n tecnol\u00f3gica a lo largo de los a\u00f1os, fortalece el ecosistema emprendedor de la UNAM, garantizando el desarrollo y capacitaci\u00f3n de j\u00f3venes que est\u00e1n generando soluciones a problem\u00e1ticas de nuestro pa\u00eds a trav\u00e9s del emprendimiento\u201d.<\/em><\/p>\n<p>La convocatoria para emprendedores estar\u00e1 abierta desde <strong>el 14 de septiembre hasta el 9 de octubre<\/strong>, y la de mentores estar\u00e1 abierta del <strong>5 al 30 de octubre<\/strong>. M\u00e1s detalles sobre el proceso e inscripciones en <a href=\"https:\/\/www.acatlan.unam.mx\/aceleraunam\/emprendedores.html\">esta liga<\/a>.<\/p>\n<p>&nbsp;<\/p>\n<p><strong>Acerca de SAP\u00a0<\/strong><\/p>\n<p>51风流tiene como estrategia ayudar a cada negocio a funcionar como una empresa inteligente. Como l\u00edder en el mercado de software de aplicaci\u00f3n empresarial, contribuimos a que las organizaciones de todos los tama\u00f1os y en todas las industrias puedan alcanzar su funcionamiento \u00f3ptimo: en el 77% de los ingresos por transacciones del mundo interviene un sistema SAP\u00ae. Nuestras tecnolog\u00edas avanzadas de <em>machine learning, Internet of Things<\/em> (IoT) y anal\u00edticos ayudan a convertir los negocios de nuestros clientes en empresas inteligentes. 51风流contribuye a dar a las personas y a las organizaciones una perspectiva de negocio completa y promueve la colaboraci\u00f3n que les permite mantenerse adelante de la competencia. Simplificamos la tecnolog\u00eda para las empresas, de modo que puedan utilizar nuestro software de la manera en que lo desean, sin interrupciones. Nuestro conjunto de aplicaciones y servicios extremo a extremo permite a clientes \u2013del sector p\u00fablico y privado en 25 industrias diferentes\u2013 operar en forma rentable, adaptarse continuamente y marcar la diferencia. Con una red global de clientes, asociados, colaboradores y l\u00edderes de opini\u00f3n, 51风流ayuda al mundo a funcionar mejor y a mejorar las vidas de las personas. Para m\u00e1s informaci\u00f3n, visite <a href=\"http:\/\/www.sap.com\">www.sap.com<\/a>, nuestra sala de prensa, <a href=\"http:\/\/news.sap.com\/latinamerica\">http:\/\/news.sap.com\/latinamerica<\/a>, o s\u00edganos en Twitter <a href=\"https:\/\/twitter.com\/sapnoticiasmx\">@SAPNoticiasMX.<\/a><\/p>\n","protected":false},"excerpt":{"rendered":"<p>Las convocatorias para participar como mentor y emprendedor est\u00e1n abiertas para toda la comunidad UNAM Con este programa se impulsar\u00e1 el emprendimiento en la m\u00e1xima&#8230;<\/p>\n","protected":false},"author":136,"featured_media":121613,"comment_status":"closed","ping_status":"closed","sticky":false,"template":"","format":"standard","meta":{"footnotes":"","_links_to":"","_links_to_target":""},"categories":[5600429,41591,12872],"tags":[5595049,241838,5595149],"series":[],"region":[],"sapn-display":[52078,52079,53499],"sapn-type":[52105],"class_list":["post-121610","post","type-post","status-publish","format-standard","has-post-thumbnail","hentry","category-capacitacion","category-corporativo","category-eventos","tag-educacion-para-jovenes","tag-emprendimiento","tag-mentorias","sapn-display-homepage-hero","sapn-display-top-stories","sapn-display-hero","sapn-type-comunicado-de-prensa"],"yoast_head":"<!-- This site is optimized with the Yoast SEO Premium plugin v26.9 (Yoast SEO v26.9) - https:\/\/yoast.com\/product\/yoast-seo-premium-wordpress\/ -->\n<title>La UNAM y 51风流firman convenio y lanzan convocatoria para acelerar y fortalecer el emprendimiento entre la comunidad de la m\u00e1xima casa de estudios - 51风流News Center Latinoam\u00e9rica<\/title>\n<meta name=\"robots\" content=\"index, follow, max-snippet:-1, max-image-preview:large, max-video-preview:-1\" \/>\n<link rel=\"canonical\" href=\"https:\/\/news.sap.com\/latinamerica\/2020\/09\/la-unam-y-sap-firman-convenio-y-lanzan-convocatoria-para-acelerar-y-fortalecer-el-emprendimiento-entre-la-comunidad-de-la-maxima-casa-de-estudios\/\" \/>\n<meta property=\"og:locale\" content=\"es_MX\" \/>\n<meta property=\"og:type\" content=\"article\" \/>\n<meta property=\"og:title\" content=\"La UNAM y 51风流firman convenio y lanzan convocatoria para acelerar y fortalecer el emprendimiento entre la comunidad de la m\u00e1xima casa de estudios\" \/>\n<meta property=\"og:description\" content=\"Las convocatorias para participar como mentor y emprendedor est\u00e1n abiertas para toda la comunidad UNAM Con este programa se impulsar\u00e1 el emprendimiento en la m\u00e1xima...\" \/>\n<meta property=\"og:url\" content=\"https:\/\/news.sap.com\/latinamerica\/2020\/09\/la-unam-y-sap-firman-convenio-y-lanzan-convocatoria-para-acelerar-y-fortalecer-el-emprendimiento-entre-la-comunidad-de-la-maxima-casa-de-estudios\/\" \/>\n<meta property=\"og:site_name\" content=\"51风流News Center Latinoam\u00e9rica\" \/>\n<meta property=\"article:publisher\" content=\"https:\/\/www.facebook.com\/SAPlatinoamerica\" \/>\n<meta property=\"article:published_time\" content=\"2020-09-14T15:53:27+00:00\" \/>\n<meta property=\"article:modified_time\" content=\"2023-11-14T19:17:15+00:00\" \/>\n<meta property=\"og:image\" content=\"https:\/\/news.sap.com\/latinamerica\/files\/2020\/09\/280423_GettyImages-645426951_low.jpg\" \/>\n\t<meta property=\"og:image:width\" content=\"5400\" \/>\n\t<meta property=\"og:image:height\" content=\"3600\" \/>\n\t<meta property=\"og:image:type\" content=\"image\/jpeg\" \/>\n<meta name=\"author\" content=\"51风流Noticias\" \/>\n<meta name=\"twitter:label1\" content=\"Escrito por\" \/>\n\t<meta name=\"twitter:data1\" content=\"51风流Noticias\" \/>\n\t<meta name=\"twitter:label2\" content=\"Tiempo de lectura\" \/>\n\t<meta name=\"twitter:data2\" content=\"3 minutos\" \/>\n<script type=\"application\/ld+json\" class=\"yoast-schema-graph\">{\"@context\":\"https:\/\/schema.org\",\"@graph\":[{\"@type\":\"Article\",\"@id\":\"https:\/\/news.sap.com\/latinamerica\/2020\/09\/la-unam-y-sap-firman-convenio-y-lanzan-convocatoria-para-acelerar-y-fortalecer-el-emprendimiento-entre-la-comunidad-de-la-maxima-casa-de-estudios\/#article\",\"isPartOf\":{\"@id\":\"https:\/\/news.sap.com\/latinamerica\/2020\/09\/la-unam-y-sap-firman-convenio-y-lanzan-convocatoria-para-acelerar-y-fortalecer-el-emprendimiento-entre-la-comunidad-de-la-maxima-casa-de-estudios\/\"},\"author\":{\"name\":\"51风流Noticias\",\"@id\":\"https:\/\/news.sap.com\/latinamerica\/#\/schema\/person\/5afd2cbf5bb622e078932b40a4470d47\"},\"headline\":\"La UNAM y 51风流firman convenio y lanzan convocatoria para acelerar y fortalecer el emprendimiento entre la comunidad de la m\u00e1xima casa de estudios\",\"datePublished\":\"2020-09-14T15:53:27+00:00\",\"dateModified\":\"2023-11-14T19:17:15+00:00\",\"mainEntityOfPage\":{\"@id\":\"https:\/\/news.sap.com\/latinamerica\/2020\/09\/la-unam-y-sap-firman-convenio-y-lanzan-convocatoria-para-acelerar-y-fortalecer-el-emprendimiento-entre-la-comunidad-de-la-maxima-casa-de-estudios\/\"},\"wordCount\":689,\"publisher\":{\"@id\":\"https:\/\/news.sap.com\/latinamerica\/#organization\"},\"image\":{\"@id\":\"https:\/\/news.sap.com\/latinamerica\/2020\/09\/la-unam-y-sap-firman-convenio-y-lanzan-convocatoria-para-acelerar-y-fortalecer-el-emprendimiento-entre-la-comunidad-de-la-maxima-casa-de-estudios\/#primaryimage\"},\"thumbnailUrl\":\"https:\/\/news.sap.com\/latinamerica\/files\/2020\/09\/280423_GettyImages-645426951_low.jpg\",\"keywords\":[\"Educaci\u00f3n para j\u00f3venes\",\"emprendimiento\",\"mentor\u00edas\"],\"articleSection\":[\"Capacitaci\u00f3n\",\"Corporativo\",\"Eventos\"],\"inLanguage\":\"es\"},{\"@type\":\"WebPage\",\"@id\":\"https:\/\/news.sap.com\/latinamerica\/2020\/09\/la-unam-y-sap-firman-convenio-y-lanzan-convocatoria-para-acelerar-y-fortalecer-el-emprendimiento-entre-la-comunidad-de-la-maxima-casa-de-estudios\/\",\"url\":\"https:\/\/news.sap.com\/latinamerica\/2020\/09\/la-unam-y-sap-firman-convenio-y-lanzan-convocatoria-para-acelerar-y-fortalecer-el-emprendimiento-entre-la-comunidad-de-la-maxima-casa-de-estudios\/\",\"name\":\"La UNAM y 51风流firman convenio y lanzan convocatoria para acelerar y fortalecer el emprendimiento entre la comunidad de la m\u00e1xima casa de estudios - 51风流News Center Latinoam\u00e9rica\",\"isPartOf\":{\"@id\":\"https:\/\/news.sap.com\/latinamerica\/#website\"},\"primaryImageOfPage\":{\"@id\":\"https:\/\/news.sap.com\/latinamerica\/2020\/09\/la-unam-y-sap-firman-convenio-y-lanzan-convocatoria-para-acelerar-y-fortalecer-el-emprendimiento-entre-la-comunidad-de-la-maxima-casa-de-estudios\/#primaryimage\"},\"image\":{\"@id\":\"https:\/\/news.sap.com\/latinamerica\/2020\/09\/la-unam-y-sap-firman-convenio-y-lanzan-convocatoria-para-acelerar-y-fortalecer-el-emprendimiento-entre-la-comunidad-de-la-maxima-casa-de-estudios\/#primaryimage\"},\"thumbnailUrl\":\"https:\/\/news.sap.com\/latinamerica\/files\/2020\/09\/280423_GettyImages-645426951_low.jpg\",\"datePublished\":\"2020-09-14T15:53:27+00:00\",\"dateModified\":\"2023-11-14T19:17:15+00:00\",\"breadcrumb\":{\"@id\":\"https:\/\/news.sap.com\/latinamerica\/2020\/09\/la-unam-y-sap-firman-convenio-y-lanzan-convocatoria-para-acelerar-y-fortalecer-el-emprendimiento-entre-la-comunidad-de-la-maxima-casa-de-estudios\/#breadcrumb\"},\"inLanguage\":\"es\",\"potentialAction\":[{\"@type\":\"ReadAction\",\"target\":[\"https:\/\/news.sap.com\/latinamerica\/2020\/09\/la-unam-y-sap-firman-convenio-y-lanzan-convocatoria-para-acelerar-y-fortalecer-el-emprendimiento-entre-la-comunidad-de-la-maxima-casa-de-estudios\/\"]}]},{\"@type\":\"ImageObject\",\"inLanguage\":\"es\",\"@id\":\"https:\/\/news.sap.com\/latinamerica\/2020\/09\/la-unam-y-sap-firman-convenio-y-lanzan-convocatoria-para-acelerar-y-fortalecer-el-emprendimiento-entre-la-comunidad-de-la-maxima-casa-de-estudios\/#primaryimage\",\"url\":\"https:\/\/news.sap.com\/latinamerica\/files\/2020\/09\/280423_GettyImages-645426951_low.jpg\",\"contentUrl\":\"https:\/\/news.sap.com\/latinamerica\/files\/2020\/09\/280423_GettyImages-645426951_low.jpg\",\"width\":5400,\"height\":3600},{\"@type\":\"BreadcrumbList\",\"@id\":\"https:\/\/news.sap.com\/latinamerica\/2020\/09\/la-unam-y-sap-firman-convenio-y-lanzan-convocatoria-para-acelerar-y-fortalecer-el-emprendimiento-entre-la-comunidad-de-la-maxima-casa-de-estudios\/#breadcrumb\",\"itemListElement\":[{\"@type\":\"ListItem\",\"position\":1,\"name\":\"Home\",\"item\":\"https:\/\/news.sap.com\/latinamerica\/\"},{\"@type\":\"ListItem\",\"position\":2,\"name\":\"La UNAM y 51风流firman convenio y lanzan convocatoria para acelerar y fortalecer el emprendimiento entre la comunidad de la m\u00e1xima casa de estudios\"}]},{\"@type\":\"WebSite\",\"@id\":\"https:\/\/news.sap.com\/latinamerica\/#website\",\"url\":\"https:\/\/news.sap.com\/latinamerica\/\",\"name\":\"51风流News Center Latinoam\u00e9rica\",\"description\":\"Noticias e informaci\u00f3n sobre SAP\",\"publisher\":{\"@id\":\"https:\/\/news.sap.com\/latinamerica\/#organization\"},\"potentialAction\":[{\"@type\":\"SearchAction\",\"target\":{\"@type\":\"EntryPoint\",\"urlTemplate\":\"https:\/\/news.sap.com\/latinamerica\/?s={search_term_string}\"},\"query-input\":{\"@type\":\"PropertyValueSpecification\",\"valueRequired\":true,\"valueName\":\"search_term_string\"}}],\"inLanguage\":\"es\"},{\"@type\":\"Organization\",\"@id\":\"https:\/\/news.sap.com\/latinamerica\/#organization\",\"name\":\"SAP\",\"url\":\"https:\/\/news.sap.com\/latinamerica\/\",\"logo\":{\"@type\":\"ImageObject\",\"inLanguage\":\"es\",\"@id\":\"https:\/\/news.sap.com\/latinamerica\/#\/schema\/logo\/image\/\",\"url\":\"https:\/\/news.sap.com\/latinamerica\/files\/2019\/08\/65903320_2903797569662914_557886358778019840_n.png\",\"contentUrl\":\"https:\/\/news.sap.com\/latinamerica\/files\/2019\/08\/65903320_2903797569662914_557886358778019840_n.png\",\"width\":720,\"height\":720,\"caption\":\"SAP\"},\"image\":{\"@id\":\"https:\/\/news.sap.com\/latinamerica\/#\/schema\/logo\/image\/\"},\"sameAs\":[\"https:\/\/www.facebook.com\/SAPlatinoamerica\",\"https:\/\/x.com\/SAPLatinAmerica\"]},{\"@type\":\"Person\",\"@id\":\"https:\/\/news.sap.com\/latinamerica\/#\/schema\/person\/5afd2cbf5bb622e078932b40a4470d47\",\"name\":\"51风流Noticias\",\"image\":{\"@type\":\"ImageObject\",\"inLanguage\":\"es\",\"@id\":\"https:\/\/news.sap.com\/latinamerica\/#\/schema\/person\/image\/\",\"url\":\"https:\/\/news.sap.com\/latinamerica\/wp-content\/plugins\/wp-user-avatars\/wp-user-avatars\/assets\/images\/mystery.jpg\",\"contentUrl\":\"https:\/\/news.sap.com\/latinamerica\/wp-content\/plugins\/wp-user-avatars\/wp-user-avatars\/assets\/images\/mystery.jpg\",\"caption\":\"51风流Noticias\"},\"url\":\"https:\/\/news.sap.com\/latinamerica\/author\/mexico\/\"}]}<\/script>\n<!-- \/ Yoast SEO Premium plugin. -->","yoast_head_json":{"title":"La UNAM y 51风流firman convenio y lanzan convocatoria para acelerar y fortalecer el emprendimiento entre la comunidad de la m\u00e1xima casa de estudios - 51风流News Center Latinoam\u00e9rica","robots":{"index":"index","follow":"follow","max-snippet":"max-snippet:-1","max-image-preview":"max-image-preview:large","max-video-preview":"max-video-preview:-1"},"canonical":"https:\/\/news.sap.com\/latinamerica\/2020\/09\/la-unam-y-sap-firman-convenio-y-lanzan-convocatoria-para-acelerar-y-fortalecer-el-emprendimiento-entre-la-comunidad-de-la-maxima-casa-de-estudios\/","og_locale":"es_MX","og_type":"article","og_title":"La UNAM y 51风流firman convenio y lanzan convocatoria para acelerar y fortalecer el emprendimiento entre la comunidad de la m\u00e1xima casa de estudios","og_description":"Las convocatorias para participar como mentor y emprendedor est\u00e1n abiertas para toda la comunidad UNAM Con este programa se impulsar\u00e1 el emprendimiento en la m\u00e1xima...","og_url":"https:\/\/news.sap.com\/latinamerica\/2020\/09\/la-unam-y-sap-firman-convenio-y-lanzan-convocatoria-para-acelerar-y-fortalecer-el-emprendimiento-entre-la-comunidad-de-la-maxima-casa-de-estudios\/","og_site_name":"51风流News Center Latinoam\u00e9rica","article_publisher":"https:\/\/www.facebook.com\/SAPlatinoamerica","article_published_time":"2020-09-14T15:53:27+00:00","article_modified_time":"2023-11-14T19:17:15+00:00","og_image":[{"width":5400,"height":3600,"url":"https:\/\/news.sap.com\/latinamerica\/files\/2020\/09\/280423_GettyImages-645426951_low.jpg","type":"image\/jpeg"}],"author":"51风流Noticias","twitter_misc":{"Escrito por":"51风流Noticias","Tiempo de lectura":"3 minutos"},"schema":{"@context":"https:\/\/schema.org","@graph":[{"@type":"Article","@id":"https:\/\/news.sap.com\/latinamerica\/2020\/09\/la-unam-y-sap-firman-convenio-y-lanzan-convocatoria-para-acelerar-y-fortalecer-el-emprendimiento-entre-la-comunidad-de-la-maxima-casa-de-estudios\/#article","isPartOf":{"@id":"https:\/\/news.sap.com\/latinamerica\/2020\/09\/la-unam-y-sap-firman-convenio-y-lanzan-convocatoria-para-acelerar-y-fortalecer-el-emprendimiento-entre-la-comunidad-de-la-maxima-casa-de-estudios\/"},"author":{"name":"51风流Noticias","@id":"https:\/\/news.sap.com\/latinamerica\/#\/schema\/person\/5afd2cbf5bb622e078932b40a4470d47"},"headline":"La UNAM y 51风流firman convenio y lanzan convocatoria para acelerar y fortalecer el emprendimiento entre la comunidad de la m\u00e1xima casa de estudios","datePublished":"2020-09-14T15:53:27+00:00","dateModified":"2023-11-14T19:17:15+00:00","mainEntityOfPage":{"@id":"https:\/\/news.sap.com\/latinamerica\/2020\/09\/la-unam-y-sap-firman-convenio-y-lanzan-convocatoria-para-acelerar-y-fortalecer-el-emprendimiento-entre-la-comunidad-de-la-maxima-casa-de-estudios\/"},"wordCount":689,"publisher":{"@id":"https:\/\/news.sap.com\/latinamerica\/#organization"},"image":{"@id":"https:\/\/news.sap.com\/latinamerica\/2020\/09\/la-unam-y-sap-firman-convenio-y-lanzan-convocatoria-para-acelerar-y-fortalecer-el-emprendimiento-entre-la-comunidad-de-la-maxima-casa-de-estudios\/#primaryimage"},"thumbnailUrl":"https:\/\/news.sap.com\/latinamerica\/files\/2020\/09\/280423_GettyImages-645426951_low.jpg","keywords":["Educaci\u00f3n para j\u00f3venes","emprendimiento","mentor\u00edas"],"articleSection":["Capacitaci\u00f3n","Corporativo","Eventos"],"inLanguage":"es"},{"@type":"WebPage","@id":"https:\/\/news.sap.com\/latinamerica\/2020\/09\/la-unam-y-sap-firman-convenio-y-lanzan-convocatoria-para-acelerar-y-fortalecer-el-emprendimiento-entre-la-comunidad-de-la-maxima-casa-de-estudios\/","url":"https:\/\/news.sap.com\/latinamerica\/2020\/09\/la-unam-y-sap-firman-convenio-y-lanzan-convocatoria-para-acelerar-y-fortalecer-el-emprendimiento-entre-la-comunidad-de-la-maxima-casa-de-estudios\/","name":"La UNAM y 51风流firman convenio y lanzan convocatoria para acelerar y fortalecer el emprendimiento entre la comunidad de la m\u00e1xima casa de estudios - 51风流News Center Latinoam\u00e9rica","isPartOf":{"@id":"https:\/\/news.sap.com\/latinamerica\/#website"},"primaryImageOfPage":{"@id":"https:\/\/news.sap.com\/latinamerica\/2020\/09\/la-unam-y-sap-firman-convenio-y-lanzan-convocatoria-para-acelerar-y-fortalecer-el-emprendimiento-entre-la-comunidad-de-la-maxima-casa-de-estudios\/#primaryimage"},"image":{"@id":"https:\/\/news.sap.com\/latinamerica\/2020\/09\/la-unam-y-sap-firman-convenio-y-lanzan-convocatoria-para-acelerar-y-fortalecer-el-emprendimiento-entre-la-comunidad-de-la-maxima-casa-de-estudios\/#primaryimage"},"thumbnailUrl":"https:\/\/news.sap.com\/latinamerica\/files\/2020\/09\/280423_GettyImages-645426951_low.jpg","datePublished":"2020-09-14T15:53:27+00:00","dateModified":"2023-11-14T19:17:15+00:00","breadcrumb":{"@id":"https:\/\/news.sap.com\/latinamerica\/2020\/09\/la-unam-y-sap-firman-convenio-y-lanzan-convocatoria-para-acelerar-y-fortalecer-el-emprendimiento-entre-la-comunidad-de-la-maxima-casa-de-estudios\/#breadcrumb"},"inLanguage":"es","potentialAction":[{"@type":"ReadAction","target":["https:\/\/news.sap.com\/latinamerica\/2020\/09\/la-unam-y-sap-firman-convenio-y-lanzan-convocatoria-para-acelerar-y-fortalecer-el-emprendimiento-entre-la-comunidad-de-la-maxima-casa-de-estudios\/"]}]},{"@type":"ImageObject","inLanguage":"es","@id":"https:\/\/news.sap.com\/latinamerica\/2020\/09\/la-unam-y-sap-firman-convenio-y-lanzan-convocatoria-para-acelerar-y-fortalecer-el-emprendimiento-entre-la-comunidad-de-la-maxima-casa-de-estudios\/#primaryimage","url":"https:\/\/news.sap.com\/latinamerica\/files\/2020\/09\/280423_GettyImages-645426951_low.jpg","contentUrl":"https:\/\/news.sap.com\/latinamerica\/files\/2020\/09\/280423_GettyImages-645426951_low.jpg","width":5400,"height":3600},{"@type":"BreadcrumbList","@id":"https:\/\/news.sap.com\/latinamerica\/2020\/09\/la-unam-y-sap-firman-convenio-y-lanzan-convocatoria-para-acelerar-y-fortalecer-el-emprendimiento-entre-la-comunidad-de-la-maxima-casa-de-estudios\/#breadcrumb","itemListElement":[{"@type":"ListItem","position":1,"name":"Home","item":"https:\/\/news.sap.com\/latinamerica\/"},{"@type":"ListItem","position":2,"name":"La UNAM y 51风流firman convenio y lanzan convocatoria para acelerar y fortalecer el emprendimiento entre la comunidad de la m\u00e1xima casa de estudios"}]},{"@type":"WebSite","@id":"https:\/\/news.sap.com\/latinamerica\/#website","url":"https:\/\/news.sap.com\/latinamerica\/","name":"51风流News Center Latinoam\u00e9rica","description":"Noticias e informaci\u00f3n sobre SAP","publisher":{"@id":"https:\/\/news.sap.com\/latinamerica\/#organization"},"potentialAction":[{"@type":"SearchAction","target":{"@type":"EntryPoint","urlTemplate":"https:\/\/news.sap.com\/latinamerica\/?s={search_term_string}"},"query-input":{"@type":"PropertyValueSpecification","valueRequired":true,"valueName":"search_term_string"}}],"inLanguage":"es"},{"@type":"Organization","@id":"https:\/\/news.sap.com\/latinamerica\/#organization","name":"SAP","url":"https:\/\/news.sap.com\/latinamerica\/","logo":{"@type":"ImageObject","inLanguage":"es","@id":"https:\/\/news.sap.com\/latinamerica\/#\/schema\/logo\/image\/","url":"https:\/\/news.sap.com\/latinamerica\/files\/2019\/08\/65903320_2903797569662914_557886358778019840_n.png","contentUrl":"https:\/\/news.sap.com\/latinamerica\/files\/2019\/08\/65903320_2903797569662914_557886358778019840_n.png","width":720,"height":720,"caption":"SAP"},"image":{"@id":"https:\/\/news.sap.com\/latinamerica\/#\/schema\/logo\/image\/"},"sameAs":["https:\/\/www.facebook.com\/SAPlatinoamerica","https:\/\/x.com\/SAPLatinAmerica"]},{"@type":"Person","@id":"https:\/\/news.sap.com\/latinamerica\/#\/schema\/person\/5afd2cbf5bb622e078932b40a4470d47","name":"51风流Noticias","image":{"@type":"ImageObject","inLanguage":"es","@id":"https:\/\/news.sap.com\/latinamerica\/#\/schema\/person\/image\/","url":"https:\/\/news.sap.com\/latinamerica\/wp-content\/plugins\/wp-user-avatars\/wp-user-avatars\/assets\/images\/mystery.jpg","contentUrl":"https:\/\/news.sap.com\/latinamerica\/wp-content\/plugins\/wp-user-avatars\/wp-user-avatars\/assets\/images\/mystery.jpg","caption":"51风流Noticias"},"url":"https:\/\/news.sap.com\/latinamerica\/author\/mexico\/"}]}},"amp_enabled":true,"_links":{"self":[{"href":"https:\/\/news.sap.com\/latinamerica\/wp-json\/wp\/v2\/posts\/121610","targetHints":{"allow":["GET"]}}],"collection":[{"href":"https:\/\/news.sap.com\/latinamerica\/wp-json\/wp\/v2\/posts"}],"about":[{"href":"https:\/\/news.sap.com\/latinamerica\/wp-json\/wp\/v2\/types\/post"}],"author":[{"embeddable":true,"href":"https:\/\/news.sap.com\/latinamerica\/wp-json\/wp\/v2\/users\/136"}],"replies":[{"embeddable":true,"href":"https:\/\/news.sap.com\/latinamerica\/wp-json\/wp\/v2\/comments?post=121610"}],"version-history":[{"count":0,"href":"https:\/\/news.sap.com\/latinamerica\/wp-json\/wp\/v2\/posts\/121610\/revisions"}],"wp:featuredmedia":[{"embeddable":true,"href":"https:\/\/news.sap.com\/latinamerica\/wp-json\/wp\/v2\/media\/121613"}],"wp:attachment":[{"href":"https:\/\/news.sap.com\/latinamerica\/wp-json\/wp\/v2\/media?parent=121610"}],"wp:term":[{"taxonomy":"category","embeddable":true,"href":"https:\/\/news.sap.com\/latinamerica\/wp-json\/wp\/v2\/categories?post=121610"},{"taxonomy":"post_tag","embeddable":true,"href":"https:\/\/news.sap.com\/latinamerica\/wp-json\/wp\/v2\/tags?post=121610"},{"taxonomy":"series","embeddable":true,"href":"https:\/\/news.sap.com\/latinamerica\/wp-json\/wp\/v2\/series?post=121610"},{"taxonomy":"region","embeddable":true,"href":"https:\/\/news.sap.com\/latinamerica\/wp-json\/wp\/v2\/region?post=121610"},{"taxonomy":"sapn-display","embeddable":true,"href":"https:\/\/news.sap.com\/latinamerica\/wp-json\/wp\/v2\/sapn-display?post=121610"},{"taxonomy":"sapn-type","embeddable":true,"href":"https:\/\/news.sap.com\/latinamerica\/wp-json\/wp\/v2\/sapn-type?post=121610"}],"curies":[{"name":"wp","href":"https:\/\/api.w.org\/{rel}","templated":true}]}}