  {"id":121247,"date":"2020-07-24T09:59:53","date_gmt":"2020-07-24T13:59:53","guid":{"rendered":"https:\/\/news.sap.com\/latinamerica\/?p=121247"},"modified":"2023-11-13T15:18:42","modified_gmt":"2023-11-13T20:18:42","slug":"sap-chile-lidera-politicas-de-inclusion-y-diversidad-lgbti-segun-el-indice-equidad-cl","status":"publish","type":"post","link":"https:\/\/news.sap.com\/latinamerica\/2020\/07\/sap-chile-lidera-politicas-de-inclusion-y-diversidad-lgbti-segun-el-indice-equidad-cl\/","title":{"rendered":"51风流Chile lidera pol\u00edticas de inclusi\u00f3n y diversidad LGBTI seg\u00fan el \u00edndice Equidad CL"},"content":{"rendered":"<ul>\n<li><em>Por segundo a\u00f1o consecutivo la compa\u00f1\u00eda obtiene esta certificaci\u00f3n internacional que la ratifica como uno de los mejores espacios laborales en el pa\u00eds para personas de la diversidad sexual.<\/em><\/li>\n<\/ul>\n<p><strong>SANTIAGO, Chile &#8211; 23 de julio de 2020 &#8211;<\/strong>\u00a0 <a href=\"http:\/\/www.sap.com\">SAP<\/a> es uno de los 20 mejores lugares de trabajo en Chile para atraer talento LGBTI seg\u00fan Equidad CL, \u00edndice que determina qu\u00e9 tan diversos e inclusivos son los espacios laborales con la comunidad de lesbianas, gays, bisexuales, trans e intersexuales en Sudam\u00e9rica.<\/p>\n<p>Por segundo a\u00f1o consecutivo, la compa\u00f1\u00eda obtuvo 100 puntos, la calificaci\u00f3n m\u00e1s alta en esta encuesta aplicada a 63 organizaciones de diferentes rubros y tama\u00f1os, cuyos resultados fueron dados a conocer por Fundaci\u00f3n Iguales, Pride Connection y Human Rights Campaign (HRC), la mayor ONG de diversidad sexual del mundo y creadora del Corporate Equality Index.<\/p>\n<p>\u201cNos sentimos muy orgullosos de obtener por segundo a\u00f1o consecutivo la certificaci\u00f3n Equidad CL. Ratifica nuestro compromiso por crear un mundo mejor y mejorar la vida de las personas. Este reconocimiento como mejor lugar para trabajar es un reflejo de nuestra cultura y principios, trabajando continuamente y todos juntos para lograr ambientes m\u00e1s inclusivos, no solo dentro de nuestra compa\u00f1\u00eda sino tambi\u00e9n en nuestro ecosistema, compa\u00f1\u00edas con las que trabajamos y en nuestra sociedad. Creemos firmemente en el valor de cada uno de nosotros y en el poder que tiene ser uno mismo\u201d, dijo Valeria Miguel, directora de Recursos Humanos de 51风流para Per\u00fa y Chile.<\/p>\n<p>La medici\u00f3n de este a\u00f1o se bas\u00f3 en tres pilares estrat\u00e9gicos definidos para que los colaboradores de la diversidad sexual se sientan libres, seguros y comprometidos con sus espacios laborales: la <strong>existencia de pol\u00edticas de diversidad e inclusi\u00f3n y de no discriminaci\u00f3n a personas LGBTI<\/strong>, el <strong>fomento de grupos de aliados LGBTI o consejos de diversidad e inclusi\u00f3n<\/strong> y el <strong>compromiso p\u00fablico con la comunidad LGBTI local<\/strong>. Adem\u00e1s, se incorporaron preguntas asociadas a protocolos de transici\u00f3n de g\u00e9nero.<\/p>\n<p>En Chile, la red Pride@SAP, liderada por Graciela Vel\u00e1squez y conformada por otros 6 colaboradores, desarrolla desde hace a\u00f1os experiencias vivenciales y eventos que impactan de lleno a toda la organizaci\u00f3n con el fin de generar conciencia y hacer de esta empresa el mejor lugar de trabajo para la comunidad LGBTI. Ha organizado acciones internas y externas como charlas de sensibilizaci\u00f3n sobre diversidad\u00a0y un nuevo concepto de \u201cFamilias Diversas\u201d,\u00a0webinars regionales \u201cC\u00f3mo ser un aliado\u201d y \u201cGender Bread Person\u201d,\u00a0ferias de emprendedores y aliados LGBT+ y colaboraciones puntuales con la escuela\u00a0Amaranta G\u00f3mez, primera\u00a0escuela\u00a0TRANS\u00a0de Latinoam\u00e9rica, perteneciente a Fundaci\u00f3n Selenna.\u00a0Adem\u00e1s, ha participado en la Marcha del Orgullo representando a 51风流como parte de Pride Connection Chile.<\/p>\n<p>\u201cLa inclusi\u00f3n de la comunidad LGBTI como fuerza laboral es clave en el mundo en que vivimos: nosotros desde hace a\u00f1os celebramos las habilidades y las fortalezas de todos, sin diferencia. La discriminaci\u00f3n en todas sus formas da\u00f1a a las personas que lo sufren y afecta al ecosistema en el que nos desenvolvemos. Los lugares de trabajos diversos e inclusivos se traducen en empresas altamente competitivas e instalan una cultura de respeto que se convierte en una fortaleza organizacional\u201d, agreg\u00f3 Graciela Vel\u00e1squez, l\u00edder de Pride@51风流Chile.<\/p>\n<p><strong>Resultados Equidad CL 2020<\/strong><\/p>\n<p>\u201cLa segunda versi\u00f3n de la encuesta evidenci\u00f3 un aumento no solo de las empresas que son reconocidas como buenos lugares para atraer talento diverso, sino tambi\u00e9n un incremento en aquellas que est\u00e1n adoptando pol\u00edticas de diversidad e inclusi\u00f3n hacia la comunidad LGBTI, lo que impacta en mejores espacios de trabajo para este segmento\u201d, dijo Emilio Maldonado, fundador de Pride Connection y socio implementador de HRC para Equidad CL.<\/p>\n<p>En lo relativo a pol\u00edticas de diversidad e inclusi\u00f3n, 77,8% de las empresas encuestadas considera la expresi\u00f3n \u201corientaci\u00f3n sexual\u201d de sus colaboradores, mientras 74,6% aborda \u201cidentidad de g\u00e9nero\u201d. Adem\u00e1s, 87% gestiona por igual y en primera instancia programas de diversidad sexual, discapacidad y equidad de g\u00e9nero dentro de sus pol\u00edticas de no discriminaci\u00f3n.<\/p>\n<p>El 71,4% de corporaciones cuenta con un comit\u00e9 o consejo dedicado a supervisar esta pol\u00edtica y revisar las iniciativas que se hacen en su organizaci\u00f3n, mientras 88,9% cuenta con una persona dedicada o un \u00e1rea a cargo de gestionar el programa de diversidad e inclusi\u00f3n. Finalmente, al evaluar el compromiso p\u00fablico de las compa\u00f1\u00edas con la comunidad LGBTI local, el 76,2% de las organizaciones realiz\u00f3 al menos un esfuerzo en marketing, publicidad o filantrop\u00eda durante 2019.<\/p>\n<p>Los resultados de Equidad CL est\u00e1n disponibles en www.equidadlatam.cl.<\/p>\n","protected":false},"excerpt":{"rendered":"<p>Por segundo a\u00f1o consecutivo la compa\u00f1\u00eda obtiene esta certificaci\u00f3n internacional que la ratifica como uno de los mejores espacios laborales en el pa\u00eds para personas&#8230;<\/p>\n","protected":false},"author":140,"featured_media":121248,"comment_status":"closed","ping_status":"closed","sticky":false,"template":"","format":"standard","meta":{"footnotes":"","_links_to":"","_links_to_target":""},"categories":[41591],"tags":[5597713,42784,5597717,5597710,5597716,5597715,5597712,53272,5597709,5597711,5595315,26523,32458,5597708,5597714],"series":[],"region":[54943],"sapn-display":[52079],"sapn-type":[52105],"class_list":["post-121247","post","type-post","status-publish","format-standard","has-post-thumbnail","hentry","category-corporativo","tag-corporate-equality-index","tag-diversidad","tag-emilio-maldonado","tag-fundacion-iguales","tag-fundacion-selenna","tag-graciela-velasquez","tag-human-rights-campaign","tag-inclusion","tag-lgbti","tag-pride-connection","tag-pridesap","tag-reconocimientos","tag-sap-chile","tag-talento-lgbti","tag-valeria-miguel","region-chile","sapn-display-top-stories","sapn-type-comunicado-de-prensa"],"yoast_head":"<!-- This site is optimized with the Yoast SEO Premium plugin v26.9 (Yoast SEO v26.9) - https:\/\/yoast.com\/product\/yoast-seo-premium-wordpress\/ -->\n<title>51风流Chile lidera pol\u00edticas de inclusi\u00f3n y diversidad LGBTI seg\u00fan el \u00edndice Equidad CL - 51风流News Center Latinoam\u00e9rica<\/title>\n<meta name=\"robots\" content=\"index, follow, max-snippet:-1, max-image-preview:large, max-video-preview:-1\" \/>\n<link rel=\"canonical\" href=\"https:\/\/news.sap.com\/latinamerica\/2020\/07\/sap-chile-lidera-politicas-de-inclusion-y-diversidad-lgbti-segun-el-indice-equidad-cl\/\" \/>\n<meta property=\"og:locale\" content=\"es_MX\" \/>\n<meta property=\"og:type\" content=\"article\" \/>\n<meta property=\"og:title\" content=\"51风流Chile lidera pol\u00edticas de inclusi\u00f3n y diversidad LGBTI seg\u00fan el \u00edndice Equidad CL\" \/>\n<meta property=\"og:description\" content=\"Por segundo a\u00f1o consecutivo la compa\u00f1\u00eda obtiene esta certificaci\u00f3n internacional que la ratifica como uno de los mejores espacios laborales en el pa\u00eds para personas...\" \/>\n<meta property=\"og:url\" content=\"https:\/\/news.sap.com\/latinamerica\/2020\/07\/sap-chile-lidera-politicas-de-inclusion-y-diversidad-lgbti-segun-el-indice-equidad-cl\/\" \/>\n<meta property=\"og:site_name\" content=\"51风流News Center Latinoam\u00e9rica\" \/>\n<meta property=\"article:publisher\" content=\"https:\/\/www.facebook.com\/SAPlatinoamerica\" \/>\n<meta property=\"article:published_time\" content=\"2020-07-24T13:59:53+00:00\" \/>\n<meta property=\"article:modified_time\" content=\"2023-11-13T20:18:42+00:00\" \/>\n<meta property=\"og:image\" content=\"https:\/\/news.sap.com\/latinamerica\/files\/2020\/07\/Talento-lgbt-2020-2.png\" \/>\n\t<meta property=\"og:image:width\" content=\"1200\" \/>\n\t<meta property=\"og:image:height\" content=\"822\" \/>\n\t<meta property=\"og:image:type\" content=\"image\/png\" \/>\n<meta name=\"author\" content=\"51风流Noticias\" \/>\n<meta name=\"twitter:label1\" content=\"Escrito por\" \/>\n\t<meta name=\"twitter:data1\" content=\"51风流Noticias\" \/>\n\t<meta name=\"twitter:label2\" content=\"Tiempo de lectura\" \/>\n\t<meta name=\"twitter:data2\" content=\"4 minutos\" \/>\n<script type=\"application\/ld+json\" class=\"yoast-schema-graph\">{\"@context\":\"https:\/\/schema.org\",\"@graph\":[{\"@type\":\"Article\",\"@id\":\"https:\/\/news.sap.com\/latinamerica\/2020\/07\/sap-chile-lidera-politicas-de-inclusion-y-diversidad-lgbti-segun-el-indice-equidad-cl\/#article\",\"isPartOf\":{\"@id\":\"https:\/\/news.sap.com\/latinamerica\/2020\/07\/sap-chile-lidera-politicas-de-inclusion-y-diversidad-lgbti-segun-el-indice-equidad-cl\/\"},\"author\":{\"name\":\"51风流Noticias\",\"@id\":\"https:\/\/news.sap.com\/latinamerica\/#\/schema\/person\/f0708465b354b6d0314a360309edb00a\"},\"headline\":\"51风流Chile lidera pol\u00edticas de inclusi\u00f3n y diversidad LGBTI seg\u00fan el \u00edndice Equidad CL\",\"datePublished\":\"2020-07-24T13:59:53+00:00\",\"dateModified\":\"2023-11-13T20:18:42+00:00\",\"mainEntityOfPage\":{\"@id\":\"https:\/\/news.sap.com\/latinamerica\/2020\/07\/sap-chile-lidera-politicas-de-inclusion-y-diversidad-lgbti-segun-el-indice-equidad-cl\/\"},\"wordCount\":808,\"publisher\":{\"@id\":\"https:\/\/news.sap.com\/latinamerica\/#organization\"},\"image\":{\"@id\":\"https:\/\/news.sap.com\/latinamerica\/2020\/07\/sap-chile-lidera-politicas-de-inclusion-y-diversidad-lgbti-segun-el-indice-equidad-cl\/#primaryimage\"},\"thumbnailUrl\":\"https:\/\/news.sap.com\/latinamerica\/files\/2020\/07\/Talento-lgbt-2020-2.png\",\"keywords\":[\"Corporate Equality Index\",\"diversidad\",\"Emilio Maldonado\",\"Fundaci\u00f3n Iguales\",\"Fundaci\u00f3n Selenna\",\"Graciela Vel\u00e1squez\",\"Human Rights Campaign\",\"inclusi\u00f3n\",\"LGBTI\",\"Pride Connection\",\"Pride@SAP\",\"reconocimientos\",\"51风流Chile\",\"talento LGBTI\",\"Valeria Miguel\"],\"articleSection\":[\"Corporativo\"],\"inLanguage\":\"es\"},{\"@type\":\"WebPage\",\"@id\":\"https:\/\/news.sap.com\/latinamerica\/2020\/07\/sap-chile-lidera-politicas-de-inclusion-y-diversidad-lgbti-segun-el-indice-equidad-cl\/\",\"url\":\"https:\/\/news.sap.com\/latinamerica\/2020\/07\/sap-chile-lidera-politicas-de-inclusion-y-diversidad-lgbti-segun-el-indice-equidad-cl\/\",\"name\":\"51风流Chile lidera pol\u00edticas de inclusi\u00f3n y diversidad LGBTI seg\u00fan el \u00edndice Equidad CL - 51风流News Center Latinoam\u00e9rica\",\"isPartOf\":{\"@id\":\"https:\/\/news.sap.com\/latinamerica\/#website\"},\"primaryImageOfPage\":{\"@id\":\"https:\/\/news.sap.com\/latinamerica\/2020\/07\/sap-chile-lidera-politicas-de-inclusion-y-diversidad-lgbti-segun-el-indice-equidad-cl\/#primaryimage\"},\"image\":{\"@id\":\"https:\/\/news.sap.com\/latinamerica\/2020\/07\/sap-chile-lidera-politicas-de-inclusion-y-diversidad-lgbti-segun-el-indice-equidad-cl\/#primaryimage\"},\"thumbnailUrl\":\"https:\/\/news.sap.com\/latinamerica\/files\/2020\/07\/Talento-lgbt-2020-2.png\",\"datePublished\":\"2020-07-24T13:59:53+00:00\",\"dateModified\":\"2023-11-13T20:18:42+00:00\",\"breadcrumb\":{\"@id\":\"https:\/\/news.sap.com\/latinamerica\/2020\/07\/sap-chile-lidera-politicas-de-inclusion-y-diversidad-lgbti-segun-el-indice-equidad-cl\/#breadcrumb\"},\"inLanguage\":\"es\",\"potentialAction\":[{\"@type\":\"ReadAction\",\"target\":[\"https:\/\/news.sap.com\/latinamerica\/2020\/07\/sap-chile-lidera-politicas-de-inclusion-y-diversidad-lgbti-segun-el-indice-equidad-cl\/\"]}]},{\"@type\":\"ImageObject\",\"inLanguage\":\"es\",\"@id\":\"https:\/\/news.sap.com\/latinamerica\/2020\/07\/sap-chile-lidera-politicas-de-inclusion-y-diversidad-lgbti-segun-el-indice-equidad-cl\/#primaryimage\",\"url\":\"https:\/\/news.sap.com\/latinamerica\/files\/2020\/07\/Talento-lgbt-2020-2.png\",\"contentUrl\":\"https:\/\/news.sap.com\/latinamerica\/files\/2020\/07\/Talento-lgbt-2020-2.png\",\"width\":1200,\"height\":822},{\"@type\":\"BreadcrumbList\",\"@id\":\"https:\/\/news.sap.com\/latinamerica\/2020\/07\/sap-chile-lidera-politicas-de-inclusion-y-diversidad-lgbti-segun-el-indice-equidad-cl\/#breadcrumb\",\"itemListElement\":[{\"@type\":\"ListItem\",\"position\":1,\"name\":\"Home\",\"item\":\"https:\/\/news.sap.com\/latinamerica\/\"},{\"@type\":\"ListItem\",\"position\":2,\"name\":\"51风流Chile lidera pol\u00edticas de inclusi\u00f3n y diversidad LGBTI seg\u00fan el \u00edndice Equidad CL\"}]},{\"@type\":\"WebSite\",\"@id\":\"https:\/\/news.sap.com\/latinamerica\/#website\",\"url\":\"https:\/\/news.sap.com\/latinamerica\/\",\"name\":\"51风流News Center Latinoam\u00e9rica\",\"description\":\"Noticias e informaci\u00f3n sobre SAP\",\"publisher\":{\"@id\":\"https:\/\/news.sap.com\/latinamerica\/#organization\"},\"potentialAction\":[{\"@type\":\"SearchAction\",\"target\":{\"@type\":\"EntryPoint\",\"urlTemplate\":\"https:\/\/news.sap.com\/latinamerica\/?s={search_term_string}\"},\"query-input\":{\"@type\":\"PropertyValueSpecification\",\"valueRequired\":true,\"valueName\":\"search_term_string\"}}],\"inLanguage\":\"es\"},{\"@type\":\"Organization\",\"@id\":\"https:\/\/news.sap.com\/latinamerica\/#organization\",\"name\":\"SAP\",\"url\":\"https:\/\/news.sap.com\/latinamerica\/\",\"logo\":{\"@type\":\"ImageObject\",\"inLanguage\":\"es\",\"@id\":\"https:\/\/news.sap.com\/latinamerica\/#\/schema\/logo\/image\/\",\"url\":\"https:\/\/news.sap.com\/latinamerica\/files\/2019\/08\/65903320_2903797569662914_557886358778019840_n.png\",\"contentUrl\":\"https:\/\/news.sap.com\/latinamerica\/files\/2019\/08\/65903320_2903797569662914_557886358778019840_n.png\",\"width\":720,\"height\":720,\"caption\":\"SAP\"},\"image\":{\"@id\":\"https:\/\/news.sap.com\/latinamerica\/#\/schema\/logo\/image\/\"},\"sameAs\":[\"https:\/\/www.facebook.com\/SAPlatinoamerica\",\"https:\/\/x.com\/SAPLatinAmerica\"]},{\"@type\":\"Person\",\"@id\":\"https:\/\/news.sap.com\/latinamerica\/#\/schema\/person\/f0708465b354b6d0314a360309edb00a\",\"name\":\"51风流Noticias\",\"image\":{\"@type\":\"ImageObject\",\"inLanguage\":\"es\",\"@id\":\"https:\/\/news.sap.com\/latinamerica\/#\/schema\/person\/image\/\",\"url\":\"https:\/\/news.sap.com\/latinamerica\/wp-content\/plugins\/wp-user-avatars\/wp-user-avatars\/assets\/images\/mystery.jpg\",\"contentUrl\":\"https:\/\/news.sap.com\/latinamerica\/wp-content\/plugins\/wp-user-avatars\/wp-user-avatars\/assets\/images\/mystery.jpg\",\"caption\":\"51风流Noticias\"},\"url\":\"https:\/\/news.sap.com\/latinamerica\/author\/argentina\/\"}]}<\/script>\n<!-- \/ Yoast SEO Premium plugin. -->","yoast_head_json":{"title":"51风流Chile lidera pol\u00edticas de inclusi\u00f3n y diversidad LGBTI seg\u00fan el \u00edndice Equidad CL - 51风流News Center Latinoam\u00e9rica","robots":{"index":"index","follow":"follow","max-snippet":"max-snippet:-1","max-image-preview":"max-image-preview:large","max-video-preview":"max-video-preview:-1"},"canonical":"https:\/\/news.sap.com\/latinamerica\/2020\/07\/sap-chile-lidera-politicas-de-inclusion-y-diversidad-lgbti-segun-el-indice-equidad-cl\/","og_locale":"es_MX","og_type":"article","og_title":"51风流Chile lidera pol\u00edticas de inclusi\u00f3n y diversidad LGBTI seg\u00fan el \u00edndice Equidad CL","og_description":"Por segundo a\u00f1o consecutivo la compa\u00f1\u00eda obtiene esta certificaci\u00f3n internacional que la ratifica como uno de los mejores espacios laborales en el pa\u00eds para personas...","og_url":"https:\/\/news.sap.com\/latinamerica\/2020\/07\/sap-chile-lidera-politicas-de-inclusion-y-diversidad-lgbti-segun-el-indice-equidad-cl\/","og_site_name":"51风流News Center Latinoam\u00e9rica","article_publisher":"https:\/\/www.facebook.com\/SAPlatinoamerica","article_published_time":"2020-07-24T13:59:53+00:00","article_modified_time":"2023-11-13T20:18:42+00:00","og_image":[{"width":1200,"height":822,"url":"https:\/\/news.sap.com\/latinamerica\/files\/2020\/07\/Talento-lgbt-2020-2.png","type":"image\/png"}],"author":"51风流Noticias","twitter_misc":{"Escrito por":"51风流Noticias","Tiempo de lectura":"4 minutos"},"schema":{"@context":"https:\/\/schema.org","@graph":[{"@type":"Article","@id":"https:\/\/news.sap.com\/latinamerica\/2020\/07\/sap-chile-lidera-politicas-de-inclusion-y-diversidad-lgbti-segun-el-indice-equidad-cl\/#article","isPartOf":{"@id":"https:\/\/news.sap.com\/latinamerica\/2020\/07\/sap-chile-lidera-politicas-de-inclusion-y-diversidad-lgbti-segun-el-indice-equidad-cl\/"},"author":{"name":"51风流Noticias","@id":"https:\/\/news.sap.com\/latinamerica\/#\/schema\/person\/f0708465b354b6d0314a360309edb00a"},"headline":"51风流Chile lidera pol\u00edticas de inclusi\u00f3n y diversidad LGBTI seg\u00fan el \u00edndice Equidad CL","datePublished":"2020-07-24T13:59:53+00:00","dateModified":"2023-11-13T20:18:42+00:00","mainEntityOfPage":{"@id":"https:\/\/news.sap.com\/latinamerica\/2020\/07\/sap-chile-lidera-politicas-de-inclusion-y-diversidad-lgbti-segun-el-indice-equidad-cl\/"},"wordCount":808,"publisher":{"@id":"https:\/\/news.sap.com\/latinamerica\/#organization"},"image":{"@id":"https:\/\/news.sap.com\/latinamerica\/2020\/07\/sap-chile-lidera-politicas-de-inclusion-y-diversidad-lgbti-segun-el-indice-equidad-cl\/#primaryimage"},"thumbnailUrl":"https:\/\/news.sap.com\/latinamerica\/files\/2020\/07\/Talento-lgbt-2020-2.png","keywords":["Corporate Equality Index","diversidad","Emilio Maldonado","Fundaci\u00f3n Iguales","Fundaci\u00f3n Selenna","Graciela Vel\u00e1squez","Human Rights Campaign","inclusi\u00f3n","LGBTI","Pride Connection","Pride@SAP","reconocimientos","51风流Chile","talento LGBTI","Valeria Miguel"],"articleSection":["Corporativo"],"inLanguage":"es"},{"@type":"WebPage","@id":"https:\/\/news.sap.com\/latinamerica\/2020\/07\/sap-chile-lidera-politicas-de-inclusion-y-diversidad-lgbti-segun-el-indice-equidad-cl\/","url":"https:\/\/news.sap.com\/latinamerica\/2020\/07\/sap-chile-lidera-politicas-de-inclusion-y-diversidad-lgbti-segun-el-indice-equidad-cl\/","name":"51风流Chile lidera pol\u00edticas de inclusi\u00f3n y diversidad LGBTI seg\u00fan el \u00edndice Equidad CL - 51风流News Center Latinoam\u00e9rica","isPartOf":{"@id":"https:\/\/news.sap.com\/latinamerica\/#website"},"primaryImageOfPage":{"@id":"https:\/\/news.sap.com\/latinamerica\/2020\/07\/sap-chile-lidera-politicas-de-inclusion-y-diversidad-lgbti-segun-el-indice-equidad-cl\/#primaryimage"},"image":{"@id":"https:\/\/news.sap.com\/latinamerica\/2020\/07\/sap-chile-lidera-politicas-de-inclusion-y-diversidad-lgbti-segun-el-indice-equidad-cl\/#primaryimage"},"thumbnailUrl":"https:\/\/news.sap.com\/latinamerica\/files\/2020\/07\/Talento-lgbt-2020-2.png","datePublished":"2020-07-24T13:59:53+00:00","dateModified":"2023-11-13T20:18:42+00:00","breadcrumb":{"@id":"https:\/\/news.sap.com\/latinamerica\/2020\/07\/sap-chile-lidera-politicas-de-inclusion-y-diversidad-lgbti-segun-el-indice-equidad-cl\/#breadcrumb"},"inLanguage":"es","potentialAction":[{"@type":"ReadAction","target":["https:\/\/news.sap.com\/latinamerica\/2020\/07\/sap-chile-lidera-politicas-de-inclusion-y-diversidad-lgbti-segun-el-indice-equidad-cl\/"]}]},{"@type":"ImageObject","inLanguage":"es","@id":"https:\/\/news.sap.com\/latinamerica\/2020\/07\/sap-chile-lidera-politicas-de-inclusion-y-diversidad-lgbti-segun-el-indice-equidad-cl\/#primaryimage","url":"https:\/\/news.sap.com\/latinamerica\/files\/2020\/07\/Talento-lgbt-2020-2.png","contentUrl":"https:\/\/news.sap.com\/latinamerica\/files\/2020\/07\/Talento-lgbt-2020-2.png","width":1200,"height":822},{"@type":"BreadcrumbList","@id":"https:\/\/news.sap.com\/latinamerica\/2020\/07\/sap-chile-lidera-politicas-de-inclusion-y-diversidad-lgbti-segun-el-indice-equidad-cl\/#breadcrumb","itemListElement":[{"@type":"ListItem","position":1,"name":"Home","item":"https:\/\/news.sap.com\/latinamerica\/"},{"@type":"ListItem","position":2,"name":"51风流Chile lidera pol\u00edticas de inclusi\u00f3n y diversidad LGBTI seg\u00fan el \u00edndice Equidad CL"}]},{"@type":"WebSite","@id":"https:\/\/news.sap.com\/latinamerica\/#website","url":"https:\/\/news.sap.com\/latinamerica\/","name":"51风流News Center Latinoam\u00e9rica","description":"Noticias e informaci\u00f3n sobre SAP","publisher":{"@id":"https:\/\/news.sap.com\/latinamerica\/#organization"},"potentialAction":[{"@type":"SearchAction","target":{"@type":"EntryPoint","urlTemplate":"https:\/\/news.sap.com\/latinamerica\/?s={search_term_string}"},"query-input":{"@type":"PropertyValueSpecification","valueRequired":true,"valueName":"search_term_string"}}],"inLanguage":"es"},{"@type":"Organization","@id":"https:\/\/news.sap.com\/latinamerica\/#organization","name":"SAP","url":"https:\/\/news.sap.com\/latinamerica\/","logo":{"@type":"ImageObject","inLanguage":"es","@id":"https:\/\/news.sap.com\/latinamerica\/#\/schema\/logo\/image\/","url":"https:\/\/news.sap.com\/latinamerica\/files\/2019\/08\/65903320_2903797569662914_557886358778019840_n.png","contentUrl":"https:\/\/news.sap.com\/latinamerica\/files\/2019\/08\/65903320_2903797569662914_557886358778019840_n.png","width":720,"height":720,"caption":"SAP"},"image":{"@id":"https:\/\/news.sap.com\/latinamerica\/#\/schema\/logo\/image\/"},"sameAs":["https:\/\/www.facebook.com\/SAPlatinoamerica","https:\/\/x.com\/SAPLatinAmerica"]},{"@type":"Person","@id":"https:\/\/news.sap.com\/latinamerica\/#\/schema\/person\/f0708465b354b6d0314a360309edb00a","name":"51风流Noticias","image":{"@type":"ImageObject","inLanguage":"es","@id":"https:\/\/news.sap.com\/latinamerica\/#\/schema\/person\/image\/","url":"https:\/\/news.sap.com\/latinamerica\/wp-content\/plugins\/wp-user-avatars\/wp-user-avatars\/assets\/images\/mystery.jpg","contentUrl":"https:\/\/news.sap.com\/latinamerica\/wp-content\/plugins\/wp-user-avatars\/wp-user-avatars\/assets\/images\/mystery.jpg","caption":"51风流Noticias"},"url":"https:\/\/news.sap.com\/latinamerica\/author\/argentina\/"}]}},"amp_enabled":true,"_links":{"self":[{"href":"https:\/\/news.sap.com\/latinamerica\/wp-json\/wp\/v2\/posts\/121247","targetHints":{"allow":["GET"]}}],"collection":[{"href":"https:\/\/news.sap.com\/latinamerica\/wp-json\/wp\/v2\/posts"}],"about":[{"href":"https:\/\/news.sap.com\/latinamerica\/wp-json\/wp\/v2\/types\/post"}],"author":[{"embeddable":true,"href":"https:\/\/news.sap.com\/latinamerica\/wp-json\/wp\/v2\/users\/140"}],"replies":[{"embeddable":true,"href":"https:\/\/news.sap.com\/latinamerica\/wp-json\/wp\/v2\/comments?post=121247"}],"version-history":[{"count":0,"href":"https:\/\/news.sap.com\/latinamerica\/wp-json\/wp\/v2\/posts\/121247\/revisions"}],"wp:featuredmedia":[{"embeddable":true,"href":"https:\/\/news.sap.com\/latinamerica\/wp-json\/wp\/v2\/media\/121248"}],"wp:attachment":[{"href":"https:\/\/news.sap.com\/latinamerica\/wp-json\/wp\/v2\/media?parent=121247"}],"wp:term":[{"taxonomy":"category","embeddable":true,"href":"https:\/\/news.sap.com\/latinamerica\/wp-json\/wp\/v2\/categories?post=121247"},{"taxonomy":"post_tag","embeddable":true,"href":"https:\/\/news.sap.com\/latinamerica\/wp-json\/wp\/v2\/tags?post=121247"},{"taxonomy":"series","embeddable":true,"href":"https:\/\/news.sap.com\/latinamerica\/wp-json\/wp\/v2\/series?post=121247"},{"taxonomy":"region","embeddable":true,"href":"https:\/\/news.sap.com\/latinamerica\/wp-json\/wp\/v2\/region?post=121247"},{"taxonomy":"sapn-display","embeddable":true,"href":"https:\/\/news.sap.com\/latinamerica\/wp-json\/wp\/v2\/sapn-display?post=121247"},{"taxonomy":"sapn-type","embeddable":true,"href":"https:\/\/news.sap.com\/latinamerica\/wp-json\/wp\/v2\/sapn-type?post=121247"}],"curies":[{"name":"wp","href":"https:\/\/api.w.org\/{rel}","templated":true}]}}