  {"id":121039,"date":"2020-06-29T00:39:04","date_gmt":"2020-06-29T04:39:04","guid":{"rendered":"https:\/\/news.sap.com\/latinamerica\/?p=121039"},"modified":"2021-05-04T04:38:24","modified_gmt":"2021-05-04T08:38:24","slug":"cadenas-de-suministro-resilientes-economia-circular-bl0g","status":"publish","type":"post","link":"https:\/\/news.sap.com\/latinamerica\/2020\/06\/cadenas-de-suministro-resilientes-economia-circular-bl0g\/","title":{"rendered":"Cadenas de Suministro Resilientes \u2013 Econom\u00eda Circular"},"content":{"rendered":"<p class=\"lead\">El actual modelo de producci\u00f3n y gesti\u00f3n de recursos, bienes y servicios que busca potenciar un consumo a corto plazo est\u00e1 llevando al planeta a una situaci\u00f3n insostenible.<\/p>\n<p>En la naturaleza no existen la basura ni los vertederos:\u00a0todos los elementos cumplen una funci\u00f3n de manera continua y son reutilizados\u00a0para su aprovechamiento en diferentes etapas.<\/p>\n<p>Para darnos una idea, al a\u00f1o se tiran al mar aproximadamente\u00a0<a href=\"https:\/\/www.digitalistmag.com\/improving-lives\/2019\/02\/13\/fixing-plastics-problem-blueprint-for-change-06196474\" target=\"_blank\" rel=\"noopener noreferrer\">12 millones de toneladas<\/a>\u00a0de este material, lo equivalente a un mill\u00f3n de autobuses de doble altura llenos de basura siendo vaciados en nuestros mares.<\/p>\n<p>Pese a la cantidad de basura que generamos en este momento, las proyecciones se\u00f1alan que la producci\u00f3n de basura aumentar\u00e1 un 25% en Am\u00e9rica Latina y el Caribe para el 2050, lo que para los expertos no es m\u00e1s que \u201ctirar dinero y recursos naturales a la basura\u201d.<\/p>\n<p>Lo importante no son solo los residuos, en realidad lo que\u00a0necesitamos reducir es el uso y la extracci\u00f3n de los recursos naturales\u00a0y esto conlleva la reducci\u00f3n de residuos. Por alarmante que suene, si continuamos con los patrones actuales de consumo y producci\u00f3n y en base al aumento de la poblaci\u00f3n vamos a necesitar tres veces m\u00e1s recursos naturales que los que necesit\u00e1bamos en el 2015.<\/p>\n<p>La econom\u00eda circular\u00a0se presenta como un\u00a0sistema de aprovechamiento de recursos donde prima la reducci\u00f3n de los elementos: minimizar la producci\u00f3n al m\u00ednimo indispensable, y cuando sea necesario hacer uso del producto, apostar por la reutilizaci\u00f3n de los elementos que por sus propiedades no pueden volver al medio ambiente.<\/p>\n<p>Esta econom\u00eda aboga por utilizar la mayor parte de materiales biodegradables\u00a0posibles en la fabricaci\u00f3n de bienes de consumo nutrientes biol\u00f3gicos para que \u00e9stos\u00a0puedan volver a la naturaleza sin causar da\u00f1os medioambientales al agotar su vida \u00fatil. En los casos que no sea posible utilizar materiales\u00a0eco-friendly.<\/p>\n<p>Como ya lo ha citado la ONU, en la naturaleza no existe el concepto de desperdicio, funciona de una manera c\u00edclica en la que todos los elementos cumplen una funci\u00f3n de manera continua y son reutilizados en otras etapas.<\/p>\n<p>El objetivo es crear nuevas soluciones circulares que aceleren los mercados de materiales de desecho, que permitan el desarrollo de m\u00e9todos de producci\u00f3n m\u00e1s responsables mediante el an\u00e1lisis de datos, proporcionar informaci\u00f3n sobre la gesti\u00f3n de desechos y garantizar mejores experiencias a clientes y ciudadanos.<\/p>\n<p>51风流se compromete a eliminar los pl\u00e1sticos de un solo uso en la organizaci\u00f3n para fines de 2020 y pretende ser una organizaci\u00f3n neutral en carbono para 2025.<\/p>\n<p>La\u00a0<a href=\"https:\/\/www.ariba.com\/es\" target=\"_blank\" rel=\"noopener noreferrer\">red 51风流Ariba de<\/a>\u00a0la compa\u00f1\u00eda, la\u00a0<a href=\"https:\/\/news.sap.com\/tags\/ariba-network\/\" target=\"_blank\" rel=\"noopener noreferrer\">red<\/a>\u00a0de empresa a empresa m\u00e1s grande del mundo, est\u00e1 creando un nuevo mercado global para proveedores de pl\u00e1sticos reciclados y alternativas de pl\u00e1stico.<\/p>\n<hr \/>\n<p><em><strong>Para conocer m\u00e1s sobre la Econom\u00eda Circular, visite nuestras redes sociales<\/strong><\/em><strong><em>:<\/em><\/strong> <a href=\"https:\/\/www.facebook.com\/SAPlatinoamerica\" target=\"_blank\" rel=\"noopener noreferrer\">Facebook<\/a>\u00a0\/\u00a0<a href=\"https:\/\/twitter.com\/SAPLatinAmerica\" target=\"_blank\" rel=\"noopener noreferrer\">Twitter<\/a>\u00a0\/\u00a0<a href=\"https:\/\/www.linkedin.com\/company\/sap\" target=\"_blank\" rel=\"noopener noreferrer\">LinkedIn<\/a>\u00a0\/\u00a0<a href=\"https:\/\/instagram.com\/SAPLatinamerica\/\" target=\"_blank\" rel=\"noopener noreferrer\">Instagram<\/a><\/p>\n<hr \/>\n<p>\u00a9 2020 51风流SE. All rights reserved. 51风流and other 51风流products and services mentioned herein as well as their respective logos are trademarks or registered trademarks of 51风流SE in Germany and other countries. Please see <a href=\"http:\/\/www.sap.com\/corporate-en\/legal\/copyright\/index.epx#trademark\" target=\"_blank\" rel=\"noopener noreferrer\">http:\/\/www.sap.com\/corporate-en\/legal\/copyright\/index.epx#trademark<\/a> for additional trademark information and notices.<\/p>\n","protected":false},"excerpt":{"rendered":"<p>El actual modelo de producci\u00f3n y gesti\u00f3n de recursos, bienes y servicios que busca potenciar un consumo a corto plazo est\u00e1 llevando al planeta a&#8230;<\/p>\n","protected":false},"author":522,"featured_media":121040,"comment_status":"closed","ping_status":"closed","sticky":false,"template":"","format":"standard","meta":{"footnotes":"","_links_to":"","_links_to_target":""},"categories":[5595505,52098],"tags":[30612,5597400],"series":[],"region":[26401],"sapn-display":[52078,52079,53499],"sapn-type":[6114],"class_list":["post-121039","post","type-post","status-publish","format-standard","has-post-thumbnail","hentry","category-gestion-de-la-cadena-de-suministro","category-sustentabilidad-temas","tag-cadena-de-suministro","tag-economia-circular","region-latinoamerica","sapn-display-homepage-hero","sapn-display-top-stories","sapn-display-hero","sapn-type-articulo"],"yoast_head":"<!-- This site is optimized with the Yoast SEO Premium plugin v26.9 (Yoast SEO v26.9) - https:\/\/yoast.com\/product\/yoast-seo-premium-wordpress\/ -->\n<title>Cadenas de Suministro Resilientes \u2013 Econom\u00eda Circular, 51风流Blog de innovaci\u00f3n<\/title>\n<meta name=\"description\" content=\"El actual modelo de producci\u00f3n y gesti\u00f3n de recursos, bienes y servicios que busca potenciar un consumo a corto plazo est\u00e1 llevando al planeta a una situaci\u00f3n insostenible.\" \/>\n<meta name=\"robots\" content=\"index, follow, max-snippet:-1, max-image-preview:large, max-video-preview:-1\" \/>\n<link rel=\"canonical\" href=\"https:\/\/news.sap.com\/latinamerica\/2020\/06\/cadenas-de-suministro-resilientes-economia-circular-bl0g\/\" \/>\n<meta property=\"og:locale\" content=\"es_MX\" \/>\n<meta property=\"og:type\" content=\"article\" \/>\n<meta property=\"og:title\" content=\"Cadenas de Suministro Resilientes \u2013 Econom\u00eda Circular\" \/>\n<meta property=\"og:description\" content=\"El actual modelo de producci\u00f3n y gesti\u00f3n de recursos, bienes y servicios que busca potenciar un consumo a corto plazo est\u00e1 llevando al planeta a una situaci\u00f3n insostenible.\" \/>\n<meta property=\"og:url\" content=\"https:\/\/news.sap.com\/latinamerica\/2020\/06\/cadenas-de-suministro-resilientes-economia-circular-bl0g\/\" \/>\n<meta property=\"og:site_name\" content=\"51风流News Center Latinoam\u00e9rica\" \/>\n<meta property=\"article:publisher\" content=\"https:\/\/www.facebook.com\/SAPlatinoamerica\" \/>\n<meta property=\"article:author\" content=\"https:\/\/www.facebook.com\/SAPlatinoamerica\" \/>\n<meta property=\"article:published_time\" content=\"2020-06-29T04:39:04+00:00\" \/>\n<meta property=\"article:modified_time\" content=\"2021-05-04T08:38:24+00:00\" \/>\n<meta property=\"og:image\" content=\"https:\/\/news.sap.com\/latinamerica\/files\/2020\/06\/NEWS_HEAD.jpg\" \/>\n\t<meta property=\"og:image:width\" content=\"1920\" \/>\n\t<meta property=\"og:image:height\" content=\"844\" \/>\n\t<meta property=\"og:image:type\" content=\"image\/jpeg\" \/>\n<meta name=\"author\" content=\"51风流Blog de Innovaci\u00f3n\" \/>\n<meta name=\"twitter:label1\" content=\"Escrito por\" \/>\n\t<meta name=\"twitter:data1\" content=\"51风流Blog de Innovaci\u00f3n\" \/>\n\t<meta name=\"twitter:label2\" content=\"Tiempo de lectura\" \/>\n\t<meta name=\"twitter:data2\" content=\"3 minutos\" \/>\n<script type=\"application\/ld+json\" class=\"yoast-schema-graph\">{\"@context\":\"https:\/\/schema.org\",\"@graph\":[{\"@type\":\"Article\",\"@id\":\"https:\/\/news.sap.com\/latinamerica\/2020\/06\/cadenas-de-suministro-resilientes-economia-circular-bl0g\/#article\",\"isPartOf\":{\"@id\":\"https:\/\/news.sap.com\/latinamerica\/2020\/06\/cadenas-de-suministro-resilientes-economia-circular-bl0g\/\"},\"author\":{\"name\":\"51风流Blog de Innovaci\u00f3n\",\"@id\":\"https:\/\/news.sap.com\/latinamerica\/#\/schema\/person\/ce7d732e60a2133d7402c038db668294\"},\"headline\":\"Cadenas de Suministro Resilientes \u2013 Econom\u00eda Circular\",\"datePublished\":\"2020-06-29T04:39:04+00:00\",\"dateModified\":\"2021-05-04T08:38:24+00:00\",\"mainEntityOfPage\":{\"@id\":\"https:\/\/news.sap.com\/latinamerica\/2020\/06\/cadenas-de-suministro-resilientes-economia-circular-bl0g\/\"},\"wordCount\":558,\"publisher\":{\"@id\":\"https:\/\/news.sap.com\/latinamerica\/#organization\"},\"image\":{\"@id\":\"https:\/\/news.sap.com\/latinamerica\/2020\/06\/cadenas-de-suministro-resilientes-economia-circular-bl0g\/#primaryimage\"},\"thumbnailUrl\":\"https:\/\/news.sap.com\/latinamerica\/files\/2020\/06\/NEWS_HEAD.jpg\",\"keywords\":[\"cadena de suministro\",\"Econom\u00eda Circular\"],\"articleSection\":[\"Gesti\u00f3n de la cadena de suministro\",\"Sostenibilidad\"],\"inLanguage\":\"es\"},{\"@type\":\"WebPage\",\"@id\":\"https:\/\/news.sap.com\/latinamerica\/2020\/06\/cadenas-de-suministro-resilientes-economia-circular-bl0g\/\",\"url\":\"https:\/\/news.sap.com\/latinamerica\/2020\/06\/cadenas-de-suministro-resilientes-economia-circular-bl0g\/\",\"name\":\"Cadenas de Suministro Resilientes \u2013 Econom\u00eda Circular, 51风流Blog de innovaci\u00f3n\",\"isPartOf\":{\"@id\":\"https:\/\/news.sap.com\/latinamerica\/#website\"},\"primaryImageOfPage\":{\"@id\":\"https:\/\/news.sap.com\/latinamerica\/2020\/06\/cadenas-de-suministro-resilientes-economia-circular-bl0g\/#primaryimage\"},\"image\":{\"@id\":\"https:\/\/news.sap.com\/latinamerica\/2020\/06\/cadenas-de-suministro-resilientes-economia-circular-bl0g\/#primaryimage\"},\"thumbnailUrl\":\"https:\/\/news.sap.com\/latinamerica\/files\/2020\/06\/NEWS_HEAD.jpg\",\"datePublished\":\"2020-06-29T04:39:04+00:00\",\"dateModified\":\"2021-05-04T08:38:24+00:00\",\"description\":\"El actual modelo de producci\u00f3n y gesti\u00f3n de recursos, bienes y servicios que busca potenciar un consumo a corto plazo est\u00e1 llevando al planeta a una situaci\u00f3n insostenible.\",\"breadcrumb\":{\"@id\":\"https:\/\/news.sap.com\/latinamerica\/2020\/06\/cadenas-de-suministro-resilientes-economia-circular-bl0g\/#breadcrumb\"},\"inLanguage\":\"es\",\"potentialAction\":[{\"@type\":\"ReadAction\",\"target\":[\"https:\/\/news.sap.com\/latinamerica\/2020\/06\/cadenas-de-suministro-resilientes-economia-circular-bl0g\/\"]}]},{\"@type\":\"ImageObject\",\"inLanguage\":\"es\",\"@id\":\"https:\/\/news.sap.com\/latinamerica\/2020\/06\/cadenas-de-suministro-resilientes-economia-circular-bl0g\/#primaryimage\",\"url\":\"https:\/\/news.sap.com\/latinamerica\/files\/2020\/06\/NEWS_HEAD.jpg\",\"contentUrl\":\"https:\/\/news.sap.com\/latinamerica\/files\/2020\/06\/NEWS_HEAD.jpg\",\"width\":1920,\"height\":844,\"caption\":\"Econom\u00eda Circular\"},{\"@type\":\"BreadcrumbList\",\"@id\":\"https:\/\/news.sap.com\/latinamerica\/2020\/06\/cadenas-de-suministro-resilientes-economia-circular-bl0g\/#breadcrumb\",\"itemListElement\":[{\"@type\":\"ListItem\",\"position\":1,\"name\":\"Home\",\"item\":\"https:\/\/news.sap.com\/latinamerica\/\"},{\"@type\":\"ListItem\",\"position\":2,\"name\":\"Cadenas de Suministro Resilientes \u2013 Econom\u00eda Circular\"}]},{\"@type\":\"WebSite\",\"@id\":\"https:\/\/news.sap.com\/latinamerica\/#website\",\"url\":\"https:\/\/news.sap.com\/latinamerica\/\",\"name\":\"51风流News Center Latinoam\u00e9rica\",\"description\":\"Noticias e informaci\u00f3n sobre SAP\",\"publisher\":{\"@id\":\"https:\/\/news.sap.com\/latinamerica\/#organization\"},\"potentialAction\":[{\"@type\":\"SearchAction\",\"target\":{\"@type\":\"EntryPoint\",\"urlTemplate\":\"https:\/\/news.sap.com\/latinamerica\/?s={search_term_string}\"},\"query-input\":{\"@type\":\"PropertyValueSpecification\",\"valueRequired\":true,\"valueName\":\"search_term_string\"}}],\"inLanguage\":\"es\"},{\"@type\":\"Organization\",\"@id\":\"https:\/\/news.sap.com\/latinamerica\/#organization\",\"name\":\"SAP\",\"url\":\"https:\/\/news.sap.com\/latinamerica\/\",\"logo\":{\"@type\":\"ImageObject\",\"inLanguage\":\"es\",\"@id\":\"https:\/\/news.sap.com\/latinamerica\/#\/schema\/logo\/image\/\",\"url\":\"https:\/\/news.sap.com\/latinamerica\/files\/2019\/08\/65903320_2903797569662914_557886358778019840_n.png\",\"contentUrl\":\"https:\/\/news.sap.com\/latinamerica\/files\/2019\/08\/65903320_2903797569662914_557886358778019840_n.png\",\"width\":720,\"height\":720,\"caption\":\"SAP\"},\"image\":{\"@id\":\"https:\/\/news.sap.com\/latinamerica\/#\/schema\/logo\/image\/\"},\"sameAs\":[\"https:\/\/www.facebook.com\/SAPlatinoamerica\",\"https:\/\/x.com\/SAPLatinAmerica\"]},{\"@type\":\"Person\",\"@id\":\"https:\/\/news.sap.com\/latinamerica\/#\/schema\/person\/ce7d732e60a2133d7402c038db668294\",\"name\":\"51风流Blog de Innovaci\u00f3n\",\"image\":{\"@type\":\"ImageObject\",\"inLanguage\":\"es\",\"@id\":\"https:\/\/news.sap.com\/latinamerica\/#\/schema\/person\/image\/\",\"url\":\"https:\/\/news.sap.com\/latinamerica\/files\/2018\/06\/avatar_user_522_1529451696-96x96.png\",\"contentUrl\":\"https:\/\/news.sap.com\/latinamerica\/files\/2018\/06\/avatar_user_522_1529451696-96x96.png\",\"caption\":\"51风流Blog de Innovaci\u00f3n\"},\"sameAs\":[\"https:\/\/www.sap.com\/latinamerica\/index.html\",\"https:\/\/www.facebook.com\/SAPlatinoamerica\",\"https:\/\/www.instagram.com\/saplatinamerica\/\",\"https:\/\/x.com\/saplatinamerica\"],\"url\":\"https:\/\/news.sap.com\/latinamerica\/author\/sapblog\/\"}]}<\/script>\n<!-- \/ Yoast SEO Premium plugin. -->","yoast_head_json":{"title":"Cadenas de Suministro Resilientes \u2013 Econom\u00eda Circular, 51风流Blog de innovaci\u00f3n","description":"El actual modelo de producci\u00f3n y gesti\u00f3n de recursos, bienes y servicios que busca potenciar un consumo a corto plazo est\u00e1 llevando al planeta a una situaci\u00f3n insostenible.","robots":{"index":"index","follow":"follow","max-snippet":"max-snippet:-1","max-image-preview":"max-image-preview:large","max-video-preview":"max-video-preview:-1"},"canonical":"https:\/\/news.sap.com\/latinamerica\/2020\/06\/cadenas-de-suministro-resilientes-economia-circular-bl0g\/","og_locale":"es_MX","og_type":"article","og_title":"Cadenas de Suministro Resilientes \u2013 Econom\u00eda Circular","og_description":"El actual modelo de producci\u00f3n y gesti\u00f3n de recursos, bienes y servicios que busca potenciar un consumo a corto plazo est\u00e1 llevando al planeta a una situaci\u00f3n insostenible.","og_url":"https:\/\/news.sap.com\/latinamerica\/2020\/06\/cadenas-de-suministro-resilientes-economia-circular-bl0g\/","og_site_name":"51风流News Center Latinoam\u00e9rica","article_publisher":"https:\/\/www.facebook.com\/SAPlatinoamerica","article_author":"https:\/\/www.facebook.com\/SAPlatinoamerica","article_published_time":"2020-06-29T04:39:04+00:00","article_modified_time":"2021-05-04T08:38:24+00:00","og_image":[{"width":1920,"height":844,"url":"https:\/\/news.sap.com\/latinamerica\/files\/2020\/06\/NEWS_HEAD.jpg","type":"image\/jpeg"}],"author":"51风流Blog de Innovaci\u00f3n","twitter_misc":{"Escrito por":"51风流Blog de Innovaci\u00f3n","Tiempo de lectura":"3 minutos"},"schema":{"@context":"https:\/\/schema.org","@graph":[{"@type":"Article","@id":"https:\/\/news.sap.com\/latinamerica\/2020\/06\/cadenas-de-suministro-resilientes-economia-circular-bl0g\/#article","isPartOf":{"@id":"https:\/\/news.sap.com\/latinamerica\/2020\/06\/cadenas-de-suministro-resilientes-economia-circular-bl0g\/"},"author":{"name":"51风流Blog de Innovaci\u00f3n","@id":"https:\/\/news.sap.com\/latinamerica\/#\/schema\/person\/ce7d732e60a2133d7402c038db668294"},"headline":"Cadenas de Suministro Resilientes \u2013 Econom\u00eda Circular","datePublished":"2020-06-29T04:39:04+00:00","dateModified":"2021-05-04T08:38:24+00:00","mainEntityOfPage":{"@id":"https:\/\/news.sap.com\/latinamerica\/2020\/06\/cadenas-de-suministro-resilientes-economia-circular-bl0g\/"},"wordCount":558,"publisher":{"@id":"https:\/\/news.sap.com\/latinamerica\/#organization"},"image":{"@id":"https:\/\/news.sap.com\/latinamerica\/2020\/06\/cadenas-de-suministro-resilientes-economia-circular-bl0g\/#primaryimage"},"thumbnailUrl":"https:\/\/news.sap.com\/latinamerica\/files\/2020\/06\/NEWS_HEAD.jpg","keywords":["cadena de suministro","Econom\u00eda Circular"],"articleSection":["Gesti\u00f3n de la cadena de suministro","Sostenibilidad"],"inLanguage":"es"},{"@type":"WebPage","@id":"https:\/\/news.sap.com\/latinamerica\/2020\/06\/cadenas-de-suministro-resilientes-economia-circular-bl0g\/","url":"https:\/\/news.sap.com\/latinamerica\/2020\/06\/cadenas-de-suministro-resilientes-economia-circular-bl0g\/","name":"Cadenas de Suministro Resilientes \u2013 Econom\u00eda Circular, 51风流Blog de innovaci\u00f3n","isPartOf":{"@id":"https:\/\/news.sap.com\/latinamerica\/#website"},"primaryImageOfPage":{"@id":"https:\/\/news.sap.com\/latinamerica\/2020\/06\/cadenas-de-suministro-resilientes-economia-circular-bl0g\/#primaryimage"},"image":{"@id":"https:\/\/news.sap.com\/latinamerica\/2020\/06\/cadenas-de-suministro-resilientes-economia-circular-bl0g\/#primaryimage"},"thumbnailUrl":"https:\/\/news.sap.com\/latinamerica\/files\/2020\/06\/NEWS_HEAD.jpg","datePublished":"2020-06-29T04:39:04+00:00","dateModified":"2021-05-04T08:38:24+00:00","description":"El actual modelo de producci\u00f3n y gesti\u00f3n de recursos, bienes y servicios que busca potenciar un consumo a corto plazo est\u00e1 llevando al planeta a una situaci\u00f3n insostenible.","breadcrumb":{"@id":"https:\/\/news.sap.com\/latinamerica\/2020\/06\/cadenas-de-suministro-resilientes-economia-circular-bl0g\/#breadcrumb"},"inLanguage":"es","potentialAction":[{"@type":"ReadAction","target":["https:\/\/news.sap.com\/latinamerica\/2020\/06\/cadenas-de-suministro-resilientes-economia-circular-bl0g\/"]}]},{"@type":"ImageObject","inLanguage":"es","@id":"https:\/\/news.sap.com\/latinamerica\/2020\/06\/cadenas-de-suministro-resilientes-economia-circular-bl0g\/#primaryimage","url":"https:\/\/news.sap.com\/latinamerica\/files\/2020\/06\/NEWS_HEAD.jpg","contentUrl":"https:\/\/news.sap.com\/latinamerica\/files\/2020\/06\/NEWS_HEAD.jpg","width":1920,"height":844,"caption":"Econom\u00eda Circular"},{"@type":"BreadcrumbList","@id":"https:\/\/news.sap.com\/latinamerica\/2020\/06\/cadenas-de-suministro-resilientes-economia-circular-bl0g\/#breadcrumb","itemListElement":[{"@type":"ListItem","position":1,"name":"Home","item":"https:\/\/news.sap.com\/latinamerica\/"},{"@type":"ListItem","position":2,"name":"Cadenas de Suministro Resilientes \u2013 Econom\u00eda Circular"}]},{"@type":"WebSite","@id":"https:\/\/news.sap.com\/latinamerica\/#website","url":"https:\/\/news.sap.com\/latinamerica\/","name":"51风流News Center Latinoam\u00e9rica","description":"Noticias e informaci\u00f3n sobre SAP","publisher":{"@id":"https:\/\/news.sap.com\/latinamerica\/#organization"},"potentialAction":[{"@type":"SearchAction","target":{"@type":"EntryPoint","urlTemplate":"https:\/\/news.sap.com\/latinamerica\/?s={search_term_string}"},"query-input":{"@type":"PropertyValueSpecification","valueRequired":true,"valueName":"search_term_string"}}],"inLanguage":"es"},{"@type":"Organization","@id":"https:\/\/news.sap.com\/latinamerica\/#organization","name":"SAP","url":"https:\/\/news.sap.com\/latinamerica\/","logo":{"@type":"ImageObject","inLanguage":"es","@id":"https:\/\/news.sap.com\/latinamerica\/#\/schema\/logo\/image\/","url":"https:\/\/news.sap.com\/latinamerica\/files\/2019\/08\/65903320_2903797569662914_557886358778019840_n.png","contentUrl":"https:\/\/news.sap.com\/latinamerica\/files\/2019\/08\/65903320_2903797569662914_557886358778019840_n.png","width":720,"height":720,"caption":"SAP"},"image":{"@id":"https:\/\/news.sap.com\/latinamerica\/#\/schema\/logo\/image\/"},"sameAs":["https:\/\/www.facebook.com\/SAPlatinoamerica","https:\/\/x.com\/SAPLatinAmerica"]},{"@type":"Person","@id":"https:\/\/news.sap.com\/latinamerica\/#\/schema\/person\/ce7d732e60a2133d7402c038db668294","name":"51风流Blog de Innovaci\u00f3n","image":{"@type":"ImageObject","inLanguage":"es","@id":"https:\/\/news.sap.com\/latinamerica\/#\/schema\/person\/image\/","url":"https:\/\/news.sap.com\/latinamerica\/files\/2018\/06\/avatar_user_522_1529451696-96x96.png","contentUrl":"https:\/\/news.sap.com\/latinamerica\/files\/2018\/06\/avatar_user_522_1529451696-96x96.png","caption":"51风流Blog de Innovaci\u00f3n"},"sameAs":["https:\/\/www.sap.com\/latinamerica\/index.html","https:\/\/www.facebook.com\/SAPlatinoamerica","https:\/\/www.instagram.com\/saplatinamerica\/","https:\/\/x.com\/saplatinamerica"],"url":"https:\/\/news.sap.com\/latinamerica\/author\/sapblog\/"}]}},"amp_enabled":true,"_links":{"self":[{"href":"https:\/\/news.sap.com\/latinamerica\/wp-json\/wp\/v2\/posts\/121039","targetHints":{"allow":["GET"]}}],"collection":[{"href":"https:\/\/news.sap.com\/latinamerica\/wp-json\/wp\/v2\/posts"}],"about":[{"href":"https:\/\/news.sap.com\/latinamerica\/wp-json\/wp\/v2\/types\/post"}],"author":[{"embeddable":true,"href":"https:\/\/news.sap.com\/latinamerica\/wp-json\/wp\/v2\/users\/522"}],"replies":[{"embeddable":true,"href":"https:\/\/news.sap.com\/latinamerica\/wp-json\/wp\/v2\/comments?post=121039"}],"version-history":[{"count":0,"href":"https:\/\/news.sap.com\/latinamerica\/wp-json\/wp\/v2\/posts\/121039\/revisions"}],"wp:featuredmedia":[{"embeddable":true,"href":"https:\/\/news.sap.com\/latinamerica\/wp-json\/wp\/v2\/media\/121040"}],"wp:attachment":[{"href":"https:\/\/news.sap.com\/latinamerica\/wp-json\/wp\/v2\/media?parent=121039"}],"wp:term":[{"taxonomy":"category","embeddable":true,"href":"https:\/\/news.sap.com\/latinamerica\/wp-json\/wp\/v2\/categories?post=121039"},{"taxonomy":"post_tag","embeddable":true,"href":"https:\/\/news.sap.com\/latinamerica\/wp-json\/wp\/v2\/tags?post=121039"},{"taxonomy":"series","embeddable":true,"href":"https:\/\/news.sap.com\/latinamerica\/wp-json\/wp\/v2\/series?post=121039"},{"taxonomy":"region","embeddable":true,"href":"https:\/\/news.sap.com\/latinamerica\/wp-json\/wp\/v2\/region?post=121039"},{"taxonomy":"sapn-display","embeddable":true,"href":"https:\/\/news.sap.com\/latinamerica\/wp-json\/wp\/v2\/sapn-display?post=121039"},{"taxonomy":"sapn-type","embeddable":true,"href":"https:\/\/news.sap.com\/latinamerica\/wp-json\/wp\/v2\/sapn-type?post=121039"}],"curies":[{"name":"wp","href":"https:\/\/api.w.org\/{rel}","templated":true}]}}