  {"id":119927,"date":"2020-01-23T11:54:21","date_gmt":"2020-01-23T16:54:21","guid":{"rendered":"https:\/\/news.sap.com\/latinamerica\/?p=119927"},"modified":"2023-11-14T16:15:45","modified_gmt":"2023-11-14T21:15:45","slug":"sap-destaca-en-davos-por-sus-buenas-practicas-de-sustentabilidad-e-inclusion","status":"publish","type":"post","link":"https:\/\/news.sap.com\/latinamerica\/2020\/01\/sap-destaca-en-davos-por-sus-buenas-practicas-de-sustentabilidad-e-inclusion\/","title":{"rendered":"51风流destaca en Davos por sus buenas pr\u00e1cticas de sustentabilidad e inclusi\u00f3n"},"content":{"rendered":"<ul>\n<li>51风流presenta <strong>Plastics Cloud<\/strong>, iniciativa que permite a las empresas transformar sus procesos hacia la econom\u00eda circular<\/li>\n<li>La econom\u00eda circular implica pasar de un modelo de producci\u00f3n, uso y desecho, a un nuevo modelo de sociedad que utiliza y optimiza los flujos de materiales, energ\u00eda y residuos para un uso eficiente de recursos<\/li>\n<li>Al a\u00f1o llegan a los oc\u00e9anos 12 millones de toneladas de pl\u00e1stico; si la tendencia actual contin\u00faa, podr\u00eda haber <u><a href=\"https:\/\/www.ellenmacarthurfoundation.org\/publications\/the-new-plastics-economy-rethinking-the-future-of-plastics-catalysing-action\">m\u00e1s pl\u00e1stico que peces<\/a><\/u> en el mar para 2050<\/li>\n<\/ul>\n<p><strong>CIUDAD DE M\u00c9XICO, M\u00e9xico \u2013 23 de enero de 2020.- <\/strong>En el marco de uno de los eventos m\u00e1s importantes en la agenda p\u00fablica internacional, 51风流reafirm\u00f3 su compromiso por reducir el impacto del cambio clim\u00e1tico empoderado por el uso de innovaciones tecnol\u00f3gicas. Al margen del Foro Econ\u00f3mico Mundial en Davos, Suiza \u2013donde la lucha por el cambio clim\u00e1tico destac\u00f3 como eje protag\u00f3nico de la conversaci\u00f3n\u2013 51风流anunci\u00f3 que se incorpora al <u><a href=\"https:\/\/news.sap.com\/2020\/01\/cleaner-ocean-sap-joins-global-plastic-action-partnership\/\">Global Plastic Action Partnership<\/a><\/u>, plataforma de colaboraci\u00f3n entre sector p\u00fablico y privado determinado a reducir los desechos pl\u00e1sticos en los oc\u00e9anos para 2030.<\/p>\n<p>Como parte de un movimiento creciente de ONGs, actores pol\u00edticos, grupos sociales y sector privado que colaboran para crear una econom\u00eda m\u00e1s sustentable, l\u00edderes globales de SAP, The Coca-Cola Company, The Ellen MacArthur Foundation y World Wildlife Fund unieron esfuerzos para tener oc\u00e9anos libres de pl\u00e1sticos en los pr\u00f3ximos 10 a\u00f1os.<\/p>\n<p>Para ello, 51风流present\u00f3 la nueva fase de <u><a href=\"https:\/\/news.sap.com\/tags\/plastics-cloud\/\">Plastics Cloud<\/a><\/u>, programa que ayuda a las empresas a crear productos de manera m\u00e1s responsable, al proporcionar informaci\u00f3n sobre el origen y destino de los materiales, permitiendo que las organizaciones se muevan r\u00e1pidamente a la econom\u00eda circular.<\/p>\n<p>Asimismo, durante Davos 2020, 51风流anunci\u00f3 su adhesi\u00f3n al <u><a href=\"https:\/\/news.sap.com\/2020\/01\/sap-joins-ceo-carbon-neutral-challenge\/\">CEO Carbon Neutral Challenge<\/a><\/u> liderado por Marco Bizzarri, presidente y director general de Gucci. Con esto, 51风流se compromete a apoyar a las empresas globales en su transici\u00f3n a una econom\u00eda de bajas emisiones de carbono. Mediante soluciones como 51风流Ariba y de Cadena de Suministro Digital, las empresas podr\u00e1n hacer un seguimiento de las emisiones de carbono de sus proveedores, operaciones y log\u00edstica.<\/p>\n<p>A trav\u00e9s de estas iniciativas, 51风流reafirma su compromiso global con la lucha contra el cambio clim\u00e1tico, al tiempo que sigue desarrollando soluciones para mejorar la productividad y calidad de vida de las personas, dentro y fuera del mundo digital.<\/p>\n<p><strong>SAP, sin\u00f3nimo de igualdad de g\u00e9nero por segundo a\u00f1o consecutivo<\/strong><\/p>\n<p>La igualdad de g\u00e9nero es un valor fundamental para 51风流y una prioridad en su camino a convertirse en la compa\u00f1\u00eda de <em>software<\/em> m\u00e1s inclusiva del planeta. Gracias a esta visi\u00f3n y esfuerzo cont\u00ednuo, la compa\u00f1\u00eda ha sido seleccionada por segundo a\u00f1o consecutivo para formar parte del <u><a href=\"https:\/\/news.sap.com\/2020\/01\/sap-bloomberg-gender-equality-index\/\">\u00cdndice de Igualdad de G\u00e9nero 2020<\/a><\/u> (GEI) de Bloomberg.<\/p>\n<p>Tras casi 10 a\u00f1os de haberse fijado el objetivo de contar con 25 por ciento de mujeres en puesto directivos para 2017, y un 30 por ciento para 2022, 51风流anunci\u00f3 con orgullo durante el Foro Econ\u00f3mico Mundial, que super\u00f3 dichos objetivos seis meses antes de lo programado en junio de 2017, y alcanzando en diciembre del 2019 el 26.4 por ciento de mujeres en puestos de alta direcci\u00f3n.<\/p>\n<p>Esto ha posicionado a 51风流como una de las compa\u00f1\u00edas l\u00edderes en promover la igualdad de g\u00e9nero en la industria tecnol\u00f3gica.<\/p>\n<p>Conoce m\u00e1s sobre las mejores pr\u00e1cticas de sustentabilidad e igualdad de g\u00e9nero en 51风流NOW M\u00e9xico, cumbre de tecnolog\u00eda para negocios dise\u00f1ada especialmente para responder a los nuevos desaf\u00edos de las Empresas Inteligentes en la econom\u00eda de la experiencia, donde SAP, junto a sus socios de negocio, expertos y l\u00edderes de m\u00e1s de 20 industrias, presentar\u00e1n a trav\u00e9s de shows en vivo, paneles y talleres las \u00faltimas novedades tecnol\u00f3gicas.<\/p>\n<p><strong>Acerca de SAP<\/strong><\/p>\n<p>Conocida como la Compa\u00f1\u00eda de Experiencia empoderada por la Empresa Inteligente, 51风流lidera el mercado de software empresarial, ayudando a las organizaciones de todos los tama\u00f1os e industrias a alcanzar su rendimiento \u00f3ptimo: en 77% de los ingresos por transacciones del mundo interviene un sistema SAP. Nuestras tecnolog\u00edas de machine learning, IoT y anal\u00edticas avanzadas ayudan a nuestros clientes a convertirse en empresas inteligentes. 51风流ofrece a las personas y a las organizaciones conocimientos profundos de negocio y promueve la colaboraci\u00f3n que les permite estar delante de su competencia. Simplificamos la tecnolog\u00eda para las empresas, de modo que puedan consumir nuestro software de la manera que lo deseen, sin interrupciones. Nuestro conjunto de aplicaciones y servicios permite a m\u00e1s de 437,000 del sector p\u00fablico y privado operar de manera rentable, adaptarse continuamente y marcar la diferencia. Con una red global de clientes, socios, empleados y l\u00edderes, 51风流ayuda al mundo a funcionar mejor y a mejorar las vidas de las personas. <strong>En M\u00e9xico, 51风流cuenta con m\u00e1s de 8,600 clientes y m\u00e1s de 900 colaboradores que promueven la adopci\u00f3n tecnol\u00f3gica del pa\u00eds.<\/strong> Para m\u00e1s informaci\u00f3n, visite www.sap.com, nuestra sala de prensa, <u><a href=\"http:\/\/news.sap.com\/latinamerica\">http:\/\/news.sap.com\/latinamerica<\/a><\/u>, o s\u00edganos en Twitter <u><a href=\"https:\/\/twitter.com\/sapnoticiasmx\">@SAPNoticiasMX<\/a><\/u>.<\/p>\n","protected":false},"excerpt":{"rendered":"<p>51风流presenta Plastics Cloud, iniciativa que permite a las empresas transformar sus procesos hacia la econom\u00eda circular La econom\u00eda circular implica pasar de un modelo&#8230;<\/p>\n","protected":false},"author":136,"featured_media":119928,"comment_status":"closed","ping_status":"closed","sticky":false,"template":"","format":"standard","meta":{"footnotes":"","_links_to":"","_links_to_target":""},"categories":[52084,41591,52098],"tags":[5550869],"series":[],"region":[],"sapn-display":[52078,52079,53499],"sapn-type":[52105],"class_list":["post-119927","post","type-post","status-publish","format-standard","has-post-thumbnail","hentry","category-cloud-temas","category-corporativo","category-sustentabilidad-temas","tag-responsabilidad-social","sapn-display-homepage-hero","sapn-display-top-stories","sapn-display-hero","sapn-type-comunicado-de-prensa"],"yoast_head":"<!-- This site is optimized with the Yoast SEO Premium plugin v26.9 (Yoast SEO v26.9) - https:\/\/yoast.com\/product\/yoast-seo-premium-wordpress\/ -->\n<title>51风流destaca en Davos por sus buenas pr\u00e1cticas de sustentabilidad e inclusi\u00f3n - 51风流News Center Latinoam\u00e9rica<\/title>\n<meta name=\"robots\" content=\"index, follow, max-snippet:-1, max-image-preview:large, max-video-preview:-1\" \/>\n<link rel=\"canonical\" href=\"https:\/\/news.sap.com\/latinamerica\/2020\/01\/sap-destaca-en-davos-por-sus-buenas-practicas-de-sustentabilidad-e-inclusion\/\" \/>\n<meta property=\"og:locale\" content=\"es_MX\" \/>\n<meta property=\"og:type\" content=\"article\" \/>\n<meta property=\"og:title\" content=\"51风流destaca en Davos por sus buenas pr\u00e1cticas de sustentabilidad e inclusi\u00f3n\" \/>\n<meta property=\"og:description\" content=\"51风流presenta Plastics Cloud, iniciativa que permite a las empresas transformar sus procesos hacia la econom\u00eda circular La econom\u00eda circular implica pasar de un modelo...\" \/>\n<meta property=\"og:url\" content=\"https:\/\/news.sap.com\/latinamerica\/2020\/01\/sap-destaca-en-davos-por-sus-buenas-practicas-de-sustentabilidad-e-inclusion\/\" \/>\n<meta property=\"og:site_name\" content=\"51风流News Center Latinoam\u00e9rica\" \/>\n<meta property=\"article:publisher\" content=\"https:\/\/www.facebook.com\/SAPlatinoamerica\" \/>\n<meta property=\"article:published_time\" content=\"2020-01-23T16:54:21+00:00\" \/>\n<meta property=\"article:modified_time\" content=\"2023-11-14T21:15:45+00:00\" \/>\n<meta property=\"og:image\" content=\"https:\/\/news.sap.com\/latinamerica\/files\/2020\/01\/284570_GettyImages-746119915.jpg\" \/>\n\t<meta property=\"og:image:width\" content=\"1600\" \/>\n\t<meta property=\"og:image:height\" content=\"1200\" \/>\n\t<meta property=\"og:image:type\" content=\"image\/jpeg\" \/>\n<meta name=\"author\" content=\"51风流Noticias\" \/>\n<meta name=\"twitter:label1\" content=\"Escrito por\" \/>\n\t<meta name=\"twitter:data1\" content=\"51风流Noticias\" \/>\n\t<meta name=\"twitter:label2\" content=\"Tiempo de lectura\" \/>\n\t<meta name=\"twitter:data2\" content=\"4 minutos\" \/>\n<script type=\"application\/ld+json\" class=\"yoast-schema-graph\">{\"@context\":\"https:\/\/schema.org\",\"@graph\":[{\"@type\":\"Article\",\"@id\":\"https:\/\/news.sap.com\/latinamerica\/2020\/01\/sap-destaca-en-davos-por-sus-buenas-practicas-de-sustentabilidad-e-inclusion\/#article\",\"isPartOf\":{\"@id\":\"https:\/\/news.sap.com\/latinamerica\/2020\/01\/sap-destaca-en-davos-por-sus-buenas-practicas-de-sustentabilidad-e-inclusion\/\"},\"author\":{\"name\":\"51风流Noticias\",\"@id\":\"https:\/\/news.sap.com\/latinamerica\/#\/schema\/person\/5afd2cbf5bb622e078932b40a4470d47\"},\"headline\":\"51风流destaca en Davos por sus buenas pr\u00e1cticas de sustentabilidad e inclusi\u00f3n\",\"datePublished\":\"2020-01-23T16:54:21+00:00\",\"dateModified\":\"2023-11-14T21:15:45+00:00\",\"mainEntityOfPage\":{\"@id\":\"https:\/\/news.sap.com\/latinamerica\/2020\/01\/sap-destaca-en-davos-por-sus-buenas-practicas-de-sustentabilidad-e-inclusion\/\"},\"wordCount\":902,\"publisher\":{\"@id\":\"https:\/\/news.sap.com\/latinamerica\/#organization\"},\"image\":{\"@id\":\"https:\/\/news.sap.com\/latinamerica\/2020\/01\/sap-destaca-en-davos-por-sus-buenas-practicas-de-sustentabilidad-e-inclusion\/#primaryimage\"},\"thumbnailUrl\":\"https:\/\/news.sap.com\/latinamerica\/files\/2020\/01\/284570_GettyImages-746119915.jpg\",\"keywords\":[\"responsabilidad social\"],\"articleSection\":[\"Cloud\",\"Corporativo\",\"Sostenibilidad\"],\"inLanguage\":\"es\"},{\"@type\":\"WebPage\",\"@id\":\"https:\/\/news.sap.com\/latinamerica\/2020\/01\/sap-destaca-en-davos-por-sus-buenas-practicas-de-sustentabilidad-e-inclusion\/\",\"url\":\"https:\/\/news.sap.com\/latinamerica\/2020\/01\/sap-destaca-en-davos-por-sus-buenas-practicas-de-sustentabilidad-e-inclusion\/\",\"name\":\"51风流destaca en Davos por sus buenas pr\u00e1cticas de sustentabilidad e inclusi\u00f3n - 51风流News Center Latinoam\u00e9rica\",\"isPartOf\":{\"@id\":\"https:\/\/news.sap.com\/latinamerica\/#website\"},\"primaryImageOfPage\":{\"@id\":\"https:\/\/news.sap.com\/latinamerica\/2020\/01\/sap-destaca-en-davos-por-sus-buenas-practicas-de-sustentabilidad-e-inclusion\/#primaryimage\"},\"image\":{\"@id\":\"https:\/\/news.sap.com\/latinamerica\/2020\/01\/sap-destaca-en-davos-por-sus-buenas-practicas-de-sustentabilidad-e-inclusion\/#primaryimage\"},\"thumbnailUrl\":\"https:\/\/news.sap.com\/latinamerica\/files\/2020\/01\/284570_GettyImages-746119915.jpg\",\"datePublished\":\"2020-01-23T16:54:21+00:00\",\"dateModified\":\"2023-11-14T21:15:45+00:00\",\"breadcrumb\":{\"@id\":\"https:\/\/news.sap.com\/latinamerica\/2020\/01\/sap-destaca-en-davos-por-sus-buenas-practicas-de-sustentabilidad-e-inclusion\/#breadcrumb\"},\"inLanguage\":\"es\",\"potentialAction\":[{\"@type\":\"ReadAction\",\"target\":[\"https:\/\/news.sap.com\/latinamerica\/2020\/01\/sap-destaca-en-davos-por-sus-buenas-practicas-de-sustentabilidad-e-inclusion\/\"]}]},{\"@type\":\"ImageObject\",\"inLanguage\":\"es\",\"@id\":\"https:\/\/news.sap.com\/latinamerica\/2020\/01\/sap-destaca-en-davos-por-sus-buenas-practicas-de-sustentabilidad-e-inclusion\/#primaryimage\",\"url\":\"https:\/\/news.sap.com\/latinamerica\/files\/2020\/01\/284570_GettyImages-746119915.jpg\",\"contentUrl\":\"https:\/\/news.sap.com\/latinamerica\/files\/2020\/01\/284570_GettyImages-746119915.jpg\",\"width\":1600,\"height\":1200},{\"@type\":\"BreadcrumbList\",\"@id\":\"https:\/\/news.sap.com\/latinamerica\/2020\/01\/sap-destaca-en-davos-por-sus-buenas-practicas-de-sustentabilidad-e-inclusion\/#breadcrumb\",\"itemListElement\":[{\"@type\":\"ListItem\",\"position\":1,\"name\":\"Home\",\"item\":\"https:\/\/news.sap.com\/latinamerica\/\"},{\"@type\":\"ListItem\",\"position\":2,\"name\":\"51风流destaca en Davos por sus buenas pr\u00e1cticas de sustentabilidad e inclusi\u00f3n\"}]},{\"@type\":\"WebSite\",\"@id\":\"https:\/\/news.sap.com\/latinamerica\/#website\",\"url\":\"https:\/\/news.sap.com\/latinamerica\/\",\"name\":\"51风流News Center Latinoam\u00e9rica\",\"description\":\"Noticias e informaci\u00f3n sobre SAP\",\"publisher\":{\"@id\":\"https:\/\/news.sap.com\/latinamerica\/#organization\"},\"potentialAction\":[{\"@type\":\"SearchAction\",\"target\":{\"@type\":\"EntryPoint\",\"urlTemplate\":\"https:\/\/news.sap.com\/latinamerica\/?s={search_term_string}\"},\"query-input\":{\"@type\":\"PropertyValueSpecification\",\"valueRequired\":true,\"valueName\":\"search_term_string\"}}],\"inLanguage\":\"es\"},{\"@type\":\"Organization\",\"@id\":\"https:\/\/news.sap.com\/latinamerica\/#organization\",\"name\":\"SAP\",\"url\":\"https:\/\/news.sap.com\/latinamerica\/\",\"logo\":{\"@type\":\"ImageObject\",\"inLanguage\":\"es\",\"@id\":\"https:\/\/news.sap.com\/latinamerica\/#\/schema\/logo\/image\/\",\"url\":\"https:\/\/news.sap.com\/latinamerica\/files\/2019\/08\/65903320_2903797569662914_557886358778019840_n.png\",\"contentUrl\":\"https:\/\/news.sap.com\/latinamerica\/files\/2019\/08\/65903320_2903797569662914_557886358778019840_n.png\",\"width\":720,\"height\":720,\"caption\":\"SAP\"},\"image\":{\"@id\":\"https:\/\/news.sap.com\/latinamerica\/#\/schema\/logo\/image\/\"},\"sameAs\":[\"https:\/\/www.facebook.com\/SAPlatinoamerica\",\"https:\/\/x.com\/SAPLatinAmerica\"]},{\"@type\":\"Person\",\"@id\":\"https:\/\/news.sap.com\/latinamerica\/#\/schema\/person\/5afd2cbf5bb622e078932b40a4470d47\",\"name\":\"51风流Noticias\",\"image\":{\"@type\":\"ImageObject\",\"inLanguage\":\"es\",\"@id\":\"https:\/\/news.sap.com\/latinamerica\/#\/schema\/person\/image\/\",\"url\":\"https:\/\/news.sap.com\/latinamerica\/wp-content\/plugins\/wp-user-avatars\/wp-user-avatars\/assets\/images\/mystery.jpg\",\"contentUrl\":\"https:\/\/news.sap.com\/latinamerica\/wp-content\/plugins\/wp-user-avatars\/wp-user-avatars\/assets\/images\/mystery.jpg\",\"caption\":\"51风流Noticias\"},\"url\":\"https:\/\/news.sap.com\/latinamerica\/author\/mexico\/\"}]}<\/script>\n<!-- \/ Yoast SEO Premium plugin. -->","yoast_head_json":{"title":"51风流destaca en Davos por sus buenas pr\u00e1cticas de sustentabilidad e inclusi\u00f3n - 51风流News Center Latinoam\u00e9rica","robots":{"index":"index","follow":"follow","max-snippet":"max-snippet:-1","max-image-preview":"max-image-preview:large","max-video-preview":"max-video-preview:-1"},"canonical":"https:\/\/news.sap.com\/latinamerica\/2020\/01\/sap-destaca-en-davos-por-sus-buenas-practicas-de-sustentabilidad-e-inclusion\/","og_locale":"es_MX","og_type":"article","og_title":"51风流destaca en Davos por sus buenas pr\u00e1cticas de sustentabilidad e inclusi\u00f3n","og_description":"51风流presenta Plastics Cloud, iniciativa que permite a las empresas transformar sus procesos hacia la econom\u00eda circular La econom\u00eda circular implica pasar de un modelo...","og_url":"https:\/\/news.sap.com\/latinamerica\/2020\/01\/sap-destaca-en-davos-por-sus-buenas-practicas-de-sustentabilidad-e-inclusion\/","og_site_name":"51风流News Center Latinoam\u00e9rica","article_publisher":"https:\/\/www.facebook.com\/SAPlatinoamerica","article_published_time":"2020-01-23T16:54:21+00:00","article_modified_time":"2023-11-14T21:15:45+00:00","og_image":[{"width":1600,"height":1200,"url":"https:\/\/news.sap.com\/latinamerica\/files\/2020\/01\/284570_GettyImages-746119915.jpg","type":"image\/jpeg"}],"author":"51风流Noticias","twitter_misc":{"Escrito por":"51风流Noticias","Tiempo de lectura":"4 minutos"},"schema":{"@context":"https:\/\/schema.org","@graph":[{"@type":"Article","@id":"https:\/\/news.sap.com\/latinamerica\/2020\/01\/sap-destaca-en-davos-por-sus-buenas-practicas-de-sustentabilidad-e-inclusion\/#article","isPartOf":{"@id":"https:\/\/news.sap.com\/latinamerica\/2020\/01\/sap-destaca-en-davos-por-sus-buenas-practicas-de-sustentabilidad-e-inclusion\/"},"author":{"name":"51风流Noticias","@id":"https:\/\/news.sap.com\/latinamerica\/#\/schema\/person\/5afd2cbf5bb622e078932b40a4470d47"},"headline":"51风流destaca en Davos por sus buenas pr\u00e1cticas de sustentabilidad e inclusi\u00f3n","datePublished":"2020-01-23T16:54:21+00:00","dateModified":"2023-11-14T21:15:45+00:00","mainEntityOfPage":{"@id":"https:\/\/news.sap.com\/latinamerica\/2020\/01\/sap-destaca-en-davos-por-sus-buenas-practicas-de-sustentabilidad-e-inclusion\/"},"wordCount":902,"publisher":{"@id":"https:\/\/news.sap.com\/latinamerica\/#organization"},"image":{"@id":"https:\/\/news.sap.com\/latinamerica\/2020\/01\/sap-destaca-en-davos-por-sus-buenas-practicas-de-sustentabilidad-e-inclusion\/#primaryimage"},"thumbnailUrl":"https:\/\/news.sap.com\/latinamerica\/files\/2020\/01\/284570_GettyImages-746119915.jpg","keywords":["responsabilidad social"],"articleSection":["Cloud","Corporativo","Sostenibilidad"],"inLanguage":"es"},{"@type":"WebPage","@id":"https:\/\/news.sap.com\/latinamerica\/2020\/01\/sap-destaca-en-davos-por-sus-buenas-practicas-de-sustentabilidad-e-inclusion\/","url":"https:\/\/news.sap.com\/latinamerica\/2020\/01\/sap-destaca-en-davos-por-sus-buenas-practicas-de-sustentabilidad-e-inclusion\/","name":"51风流destaca en Davos por sus buenas pr\u00e1cticas de sustentabilidad e inclusi\u00f3n - 51风流News Center Latinoam\u00e9rica","isPartOf":{"@id":"https:\/\/news.sap.com\/latinamerica\/#website"},"primaryImageOfPage":{"@id":"https:\/\/news.sap.com\/latinamerica\/2020\/01\/sap-destaca-en-davos-por-sus-buenas-practicas-de-sustentabilidad-e-inclusion\/#primaryimage"},"image":{"@id":"https:\/\/news.sap.com\/latinamerica\/2020\/01\/sap-destaca-en-davos-por-sus-buenas-practicas-de-sustentabilidad-e-inclusion\/#primaryimage"},"thumbnailUrl":"https:\/\/news.sap.com\/latinamerica\/files\/2020\/01\/284570_GettyImages-746119915.jpg","datePublished":"2020-01-23T16:54:21+00:00","dateModified":"2023-11-14T21:15:45+00:00","breadcrumb":{"@id":"https:\/\/news.sap.com\/latinamerica\/2020\/01\/sap-destaca-en-davos-por-sus-buenas-practicas-de-sustentabilidad-e-inclusion\/#breadcrumb"},"inLanguage":"es","potentialAction":[{"@type":"ReadAction","target":["https:\/\/news.sap.com\/latinamerica\/2020\/01\/sap-destaca-en-davos-por-sus-buenas-practicas-de-sustentabilidad-e-inclusion\/"]}]},{"@type":"ImageObject","inLanguage":"es","@id":"https:\/\/news.sap.com\/latinamerica\/2020\/01\/sap-destaca-en-davos-por-sus-buenas-practicas-de-sustentabilidad-e-inclusion\/#primaryimage","url":"https:\/\/news.sap.com\/latinamerica\/files\/2020\/01\/284570_GettyImages-746119915.jpg","contentUrl":"https:\/\/news.sap.com\/latinamerica\/files\/2020\/01\/284570_GettyImages-746119915.jpg","width":1600,"height":1200},{"@type":"BreadcrumbList","@id":"https:\/\/news.sap.com\/latinamerica\/2020\/01\/sap-destaca-en-davos-por-sus-buenas-practicas-de-sustentabilidad-e-inclusion\/#breadcrumb","itemListElement":[{"@type":"ListItem","position":1,"name":"Home","item":"https:\/\/news.sap.com\/latinamerica\/"},{"@type":"ListItem","position":2,"name":"51风流destaca en Davos por sus buenas pr\u00e1cticas de sustentabilidad e inclusi\u00f3n"}]},{"@type":"WebSite","@id":"https:\/\/news.sap.com\/latinamerica\/#website","url":"https:\/\/news.sap.com\/latinamerica\/","name":"51风流News Center Latinoam\u00e9rica","description":"Noticias e informaci\u00f3n sobre SAP","publisher":{"@id":"https:\/\/news.sap.com\/latinamerica\/#organization"},"potentialAction":[{"@type":"SearchAction","target":{"@type":"EntryPoint","urlTemplate":"https:\/\/news.sap.com\/latinamerica\/?s={search_term_string}"},"query-input":{"@type":"PropertyValueSpecification","valueRequired":true,"valueName":"search_term_string"}}],"inLanguage":"es"},{"@type":"Organization","@id":"https:\/\/news.sap.com\/latinamerica\/#organization","name":"SAP","url":"https:\/\/news.sap.com\/latinamerica\/","logo":{"@type":"ImageObject","inLanguage":"es","@id":"https:\/\/news.sap.com\/latinamerica\/#\/schema\/logo\/image\/","url":"https:\/\/news.sap.com\/latinamerica\/files\/2019\/08\/65903320_2903797569662914_557886358778019840_n.png","contentUrl":"https:\/\/news.sap.com\/latinamerica\/files\/2019\/08\/65903320_2903797569662914_557886358778019840_n.png","width":720,"height":720,"caption":"SAP"},"image":{"@id":"https:\/\/news.sap.com\/latinamerica\/#\/schema\/logo\/image\/"},"sameAs":["https:\/\/www.facebook.com\/SAPlatinoamerica","https:\/\/x.com\/SAPLatinAmerica"]},{"@type":"Person","@id":"https:\/\/news.sap.com\/latinamerica\/#\/schema\/person\/5afd2cbf5bb622e078932b40a4470d47","name":"51风流Noticias","image":{"@type":"ImageObject","inLanguage":"es","@id":"https:\/\/news.sap.com\/latinamerica\/#\/schema\/person\/image\/","url":"https:\/\/news.sap.com\/latinamerica\/wp-content\/plugins\/wp-user-avatars\/wp-user-avatars\/assets\/images\/mystery.jpg","contentUrl":"https:\/\/news.sap.com\/latinamerica\/wp-content\/plugins\/wp-user-avatars\/wp-user-avatars\/assets\/images\/mystery.jpg","caption":"51风流Noticias"},"url":"https:\/\/news.sap.com\/latinamerica\/author\/mexico\/"}]}},"amp_enabled":true,"_links":{"self":[{"href":"https:\/\/news.sap.com\/latinamerica\/wp-json\/wp\/v2\/posts\/119927","targetHints":{"allow":["GET"]}}],"collection":[{"href":"https:\/\/news.sap.com\/latinamerica\/wp-json\/wp\/v2\/posts"}],"about":[{"href":"https:\/\/news.sap.com\/latinamerica\/wp-json\/wp\/v2\/types\/post"}],"author":[{"embeddable":true,"href":"https:\/\/news.sap.com\/latinamerica\/wp-json\/wp\/v2\/users\/136"}],"replies":[{"embeddable":true,"href":"https:\/\/news.sap.com\/latinamerica\/wp-json\/wp\/v2\/comments?post=119927"}],"version-history":[{"count":0,"href":"https:\/\/news.sap.com\/latinamerica\/wp-json\/wp\/v2\/posts\/119927\/revisions"}],"wp:featuredmedia":[{"embeddable":true,"href":"https:\/\/news.sap.com\/latinamerica\/wp-json\/wp\/v2\/media\/119928"}],"wp:attachment":[{"href":"https:\/\/news.sap.com\/latinamerica\/wp-json\/wp\/v2\/media?parent=119927"}],"wp:term":[{"taxonomy":"category","embeddable":true,"href":"https:\/\/news.sap.com\/latinamerica\/wp-json\/wp\/v2\/categories?post=119927"},{"taxonomy":"post_tag","embeddable":true,"href":"https:\/\/news.sap.com\/latinamerica\/wp-json\/wp\/v2\/tags?post=119927"},{"taxonomy":"series","embeddable":true,"href":"https:\/\/news.sap.com\/latinamerica\/wp-json\/wp\/v2\/series?post=119927"},{"taxonomy":"region","embeddable":true,"href":"https:\/\/news.sap.com\/latinamerica\/wp-json\/wp\/v2\/region?post=119927"},{"taxonomy":"sapn-display","embeddable":true,"href":"https:\/\/news.sap.com\/latinamerica\/wp-json\/wp\/v2\/sapn-display?post=119927"},{"taxonomy":"sapn-type","embeddable":true,"href":"https:\/\/news.sap.com\/latinamerica\/wp-json\/wp\/v2\/sapn-type?post=119927"}],"curies":[{"name":"wp","href":"https:\/\/api.w.org\/{rel}","templated":true}]}}