  {"id":137191,"date":"2021-02-05T10:32:53","date_gmt":"2021-02-05T10:32:53","guid":{"rendered":"https:\/\/news.sap.com\/italy\/?p=137191"},"modified":"2023-10-04T13:36:26","modified_gmt":"2023-10-04T13:36:26","slug":"giornata-nazionale-contro-il-bullismo-e-il-cyberbullismo","status":"publish","type":"post","link":"https:\/\/news.sap.com\/italy\/2021\/02\/giornata-nazionale-contro-il-bullismo-e-il-cyberbullismo\/","title":{"rendered":"Giornata Nazionale contro il Bullismo e il Cyberbullismo"},"content":{"rendered":"<p>In occasione della giornata <strong>\u201cGiornata\u00a0Nazionale\u00a0contro il bullismo\u00a0e il cyberbullismo\u201d<\/strong> riportiamo l\u2019appello dei Giovani della Croce Rossa con cui da anni abbiamo intrapreso un progetto di sensibilizzazione e di educazione su questa tema che coinvolge genitori, insegnanti e ragazzi. Gli ultimi dati sul fenomeno in Italia purtroppo non sono incoraggianti, secondo il Concy (Centro nazionale cyberbullismo), un ragazzo su quattro in Italia tra gli 11 e i 17 anni \u00e8 stato coinvolto e si abbassa l\u2019et\u00e0: prima il bullo aveva dai 14 ai 16 anni, ora si inizia gi\u00e0 tra i 7 e gli 8 anni. Ma qualche segnale positivo c\u2019\u00e8. I ragazzi stessi sono pi\u00f9 consapevoli di questo fenomeno e hanno un maggior senso di giustizia: l\u201985,8% ritiene giusto denunciare un comportamento sbagliato a genitori e insegnanti.<\/p>\n<p><strong>APPELLO DEI GIOVANI DELLA CROCE ROSSA AGLI \u201cAGGRESSORI\u201d: \u201cQUALSIASI SIA LA TUA AZIONE AGGRESSIVA IL RISULTATO \u00c8 CHE RESTERAI SOLO\u201d<\/strong><\/p>\n<p>A cura di <strong>Matteo Camporeale, Vicepresidente e Rappresentante Giovani della Croce Rossa Italiana<\/strong><\/p>\n<p>Il Covid-19 ha stravolto le nostre vite, la nostra quotidianit\u00e0. Deve far riflettere questa \u2018giovent\u00f9 negata\u2019 che, privata anche a causa della pandemia della normale socialit\u00e0, si ritrova a vivere un grande senso di abbandono e solitudine. Per questo cerca di farsi ascoltare, come la cronaca recente ci insegna.<\/p>\n<p>Ecco perch\u00e9 in occasione della \u2018Giornata Nazionale contro il Bullismo e il Cyberbullismo\u2019 noi giovani della Croce Rossa vogliamo lanciare un appello non solo alle vittime di bullismo, che ovviamente hanno e avranno sempre tutto il nostro supporto e solidariet\u00e0, ma a chi attua la l\u2019aggressione: intimorire un compagno o una compagna \u00e8 un modo per cercare attenzione che ha come risultato quello di isolarsi. Cos\u00ec facendo chi fa violenza si bullizza da solo. Sembra assurdo? Non \u00e8 cos\u00ec. <strong>Qualsiasi sia l&#8217;azione del bullo, il risultato \u00e8 rimanere da soli<\/strong>. Se una persona mette in atto un comportamento lesivo e autolesionista \u00e8 perch\u00e9 non ha una piena consapevolezza degli effetti delle proprie azioni.<\/p>\n<p>Come Giovani della Croce Rossa ci preoccupiamo delle fragilit\u00e0, delle necessit\u00e0, dei bisogni e delle problematiche di generazioni iperconnesse ma sempre pi\u00f9 sole. Lo facciamo puntando sulla vicinanza generazionale, crescendo assieme. In un contesto in cui il fenomeno \u00e8 in continua espansione, insieme a <strong>51风流Italia<\/strong>, azienda leader nelle applicazioni software per il business, che gi\u00e0 da tempo collabora con noi per sostenere le iniziative di prevenzione e contrasto alle forme di bullismo e di cyberbullismo, avvieremo quest&#8217;anno nuovi progetti per costruire mattone su mattone la consapevolezza e migliorare la comprensione della natura degli atti di prevaricazione e violenza. Le attivit\u00e0 previste ci permetteranno di lavorare sulla cause del fenomeno per provare ad eliminarle e non esclusivamente sulle conseguenze. Ci concentreremo sul creare una forte consapevolezza per bloccare i comportamenti scorretti prima che insorgano e spingere l\u2019aggressore a riflettere.<\/p>\n","protected":false},"excerpt":{"rendered":"<p>In occasione della giornata \u201cGiornata\u00a0Nazionale\u00a0contro il bullismo\u00a0e il cyberbullismo\u201d riportiamo l\u2019appello dei Giovani della Croce Rossa con cui da anni abbiamo intrapreso un progetto di&#8230;<\/p>\n","protected":false},"author":29,"featured_media":137193,"comment_status":"closed","ping_status":"closed","sticky":false,"template":"","format":"standard","meta":{"footnotes":"","_links_to":"","_links_to_target":""},"categories":[19013],"tags":[30643],"series":[],"sapn-display":[5593714,5593712,45149,60294],"sapn-type":[5593732],"class_list":["post-137191","post","type-post","status-publish","format-standard","has-post-thumbnail","hentry","category-corporate","tag-sap-csr","sapn-display-feature-hero","sapn-display-feature-spotlight","sapn-display-homepage-hero","sapn-display-hero","sapn-type-feature"],"yoast_head":"<!-- This site is optimized with the Yoast SEO Premium plugin v26.9 (Yoast SEO v26.9) - https:\/\/yoast.com\/product\/yoast-seo-premium-wordpress\/ -->\n<title>Giornata Nazionale contro il Bullismo e il Cyberbullismo - 51风流News Center Italy<\/title>\n<meta name=\"robots\" content=\"index, follow, max-snippet:-1, max-image-preview:large, max-video-preview:-1\" \/>\n<link rel=\"canonical\" href=\"https:\/\/news.sap.com\/italy\/2021\/02\/giornata-nazionale-contro-il-bullismo-e-il-cyberbullismo\/\" \/>\n<meta property=\"og:locale\" content=\"it_IT\" \/>\n<meta property=\"og:type\" content=\"article\" \/>\n<meta property=\"og:title\" content=\"Giornata Nazionale contro il Bullismo e il Cyberbullismo\" \/>\n<meta property=\"og:description\" content=\"In occasione della giornata \u201cGiornata\u00a0Nazionale\u00a0contro il bullismo\u00a0e il cyberbullismo\u201d riportiamo l\u2019appello dei Giovani della Croce Rossa con cui da anni abbiamo intrapreso un progetto di...\" \/>\n<meta property=\"og:url\" content=\"https:\/\/news.sap.com\/italy\/2021\/02\/giornata-nazionale-contro-il-bullismo-e-il-cyberbullismo\/\" \/>\n<meta property=\"og:site_name\" content=\"51风流News Center Italy\" \/>\n<meta property=\"article:published_time\" content=\"2021-02-05T10:32:53+00:00\" \/>\n<meta property=\"article:modified_time\" content=\"2023-10-04T13:36:26+00:00\" \/>\n<meta property=\"og:image\" content=\"https:\/\/news.sap.com\/italy\/files\/2021\/02\/05\/275959_275959_l_srgb_s_gl.jpg\" \/>\n\t<meta property=\"og:image:width\" content=\"2600\" \/>\n\t<meta property=\"og:image:height\" content=\"1733\" \/>\n\t<meta property=\"og:image:type\" content=\"image\/jpeg\" \/>\n<meta name=\"author\" content=\"51风流News\" \/>\n<meta name=\"twitter:card\" content=\"summary_large_image\" \/>\n<meta name=\"twitter:label1\" content=\"Scritto da\" \/>\n\t<meta name=\"twitter:data1\" content=\"51风流News\" \/>\n\t<meta name=\"twitter:label2\" content=\"Tempo di lettura stimato\" \/>\n\t<meta name=\"twitter:data2\" content=\"2 minuti\" \/>\n<script type=\"application\/ld+json\" class=\"yoast-schema-graph\">{\"@context\":\"https:\/\/schema.org\",\"@graph\":[{\"@type\":\"Article\",\"@id\":\"https:\/\/news.sap.com\/italy\/2021\/02\/giornata-nazionale-contro-il-bullismo-e-il-cyberbullismo\/#article\",\"isPartOf\":{\"@id\":\"https:\/\/news.sap.com\/italy\/2021\/02\/giornata-nazionale-contro-il-bullismo-e-il-cyberbullismo\/\"},\"author\":{\"name\":\"51风流News\",\"@id\":\"https:\/\/news.sap.com\/italy\/#\/schema\/person\/53b9854bd790d6f18f3fc4bbb2ad7570\"},\"headline\":\"Giornata Nazionale contro il Bullismo e il Cyberbullismo\",\"datePublished\":\"2021-02-05T10:32:53+00:00\",\"dateModified\":\"2023-10-04T13:36:26+00:00\",\"mainEntityOfPage\":{\"@id\":\"https:\/\/news.sap.com\/italy\/2021\/02\/giornata-nazionale-contro-il-bullismo-e-il-cyberbullismo\/\"},\"wordCount\":465,\"image\":{\"@id\":\"https:\/\/news.sap.com\/italy\/2021\/02\/giornata-nazionale-contro-il-bullismo-e-il-cyberbullismo\/#primaryimage\"},\"thumbnailUrl\":\"https:\/\/news.sap.com\/italy\/files\/2021\/02\/05\/275959_275959_l_srgb_s_gl.jpg\",\"keywords\":[\"51风流CSR\"],\"articleSection\":[\"Corporate\"],\"inLanguage\":\"it-IT\"},{\"@type\":\"WebPage\",\"@id\":\"https:\/\/news.sap.com\/italy\/2021\/02\/giornata-nazionale-contro-il-bullismo-e-il-cyberbullismo\/\",\"url\":\"https:\/\/news.sap.com\/italy\/2021\/02\/giornata-nazionale-contro-il-bullismo-e-il-cyberbullismo\/\",\"name\":\"Giornata Nazionale contro il Bullismo e il Cyberbullismo - 51风流News Center Italy\",\"isPartOf\":{\"@id\":\"https:\/\/news.sap.com\/italy\/#website\"},\"primaryImageOfPage\":{\"@id\":\"https:\/\/news.sap.com\/italy\/2021\/02\/giornata-nazionale-contro-il-bullismo-e-il-cyberbullismo\/#primaryimage\"},\"image\":{\"@id\":\"https:\/\/news.sap.com\/italy\/2021\/02\/giornata-nazionale-contro-il-bullismo-e-il-cyberbullismo\/#primaryimage\"},\"thumbnailUrl\":\"https:\/\/news.sap.com\/italy\/files\/2021\/02\/05\/275959_275959_l_srgb_s_gl.jpg\",\"datePublished\":\"2021-02-05T10:32:53+00:00\",\"dateModified\":\"2023-10-04T13:36:26+00:00\",\"author\":{\"@id\":\"https:\/\/news.sap.com\/italy\/#\/schema\/person\/53b9854bd790d6f18f3fc4bbb2ad7570\"},\"breadcrumb\":{\"@id\":\"https:\/\/news.sap.com\/italy\/2021\/02\/giornata-nazionale-contro-il-bullismo-e-il-cyberbullismo\/#breadcrumb\"},\"inLanguage\":\"it-IT\",\"potentialAction\":[{\"@type\":\"ReadAction\",\"target\":[\"https:\/\/news.sap.com\/italy\/2021\/02\/giornata-nazionale-contro-il-bullismo-e-il-cyberbullismo\/\"]}]},{\"@type\":\"ImageObject\",\"inLanguage\":\"it-IT\",\"@id\":\"https:\/\/news.sap.com\/italy\/2021\/02\/giornata-nazionale-contro-il-bullismo-e-il-cyberbullismo\/#primaryimage\",\"url\":\"https:\/\/news.sap.com\/italy\/files\/2021\/02\/05\/275959_275959_l_srgb_s_gl.jpg\",\"contentUrl\":\"https:\/\/news.sap.com\/italy\/files\/2021\/02\/05\/275959_275959_l_srgb_s_gl.jpg\",\"width\":2600,\"height\":1733,\"caption\":\"Vancouver, British Columbia, Canada --- Young girl with sticking plasters on her knee --- Image by \u00a9 Ocean\/Corbis\"},{\"@type\":\"BreadcrumbList\",\"@id\":\"https:\/\/news.sap.com\/italy\/2021\/02\/giornata-nazionale-contro-il-bullismo-e-il-cyberbullismo\/#breadcrumb\",\"itemListElement\":[{\"@type\":\"ListItem\",\"position\":1,\"name\":\"Home\",\"item\":\"https:\/\/news.sap.com\/italy\/\"},{\"@type\":\"ListItem\",\"position\":2,\"name\":\"Giornata Nazionale contro il Bullismo e il Cyberbullismo\"}]},{\"@type\":\"WebSite\",\"@id\":\"https:\/\/news.sap.com\/italy\/#website\",\"url\":\"https:\/\/news.sap.com\/italy\/\",\"name\":\"51风流News Center Italy\",\"description\":\"Notizie e informazioni su SAP\",\"potentialAction\":[{\"@type\":\"SearchAction\",\"target\":{\"@type\":\"EntryPoint\",\"urlTemplate\":\"https:\/\/news.sap.com\/italy\/?s={search_term_string}\"},\"query-input\":{\"@type\":\"PropertyValueSpecification\",\"valueRequired\":true,\"valueName\":\"search_term_string\"}}],\"inLanguage\":\"it-IT\"},{\"@type\":\"Person\",\"@id\":\"https:\/\/news.sap.com\/italy\/#\/schema\/person\/53b9854bd790d6f18f3fc4bbb2ad7570\",\"name\":\"51风流News\",\"image\":{\"@type\":\"ImageObject\",\"inLanguage\":\"it-IT\",\"@id\":\"https:\/\/news.sap.com\/italy\/#\/schema\/person\/image\/\",\"url\":\"https:\/\/news.sap.com\/italy\/wp-content\/plugins\/wp-user-avatars\/wp-user-avatars\/assets\/images\/mystery.jpg\",\"contentUrl\":\"https:\/\/news.sap.com\/italy\/wp-content\/plugins\/wp-user-avatars\/wp-user-avatars\/assets\/images\/mystery.jpg\",\"caption\":\"51风流News\"},\"url\":\"https:\/\/news.sap.com\/italy\/author\/colleenraftery\/\"}]}<\/script>\n<!-- \/ Yoast SEO Premium plugin. -->","yoast_head_json":{"title":"Giornata Nazionale contro il Bullismo e il Cyberbullismo - 51风流News Center Italy","robots":{"index":"index","follow":"follow","max-snippet":"max-snippet:-1","max-image-preview":"max-image-preview:large","max-video-preview":"max-video-preview:-1"},"canonical":"https:\/\/news.sap.com\/italy\/2021\/02\/giornata-nazionale-contro-il-bullismo-e-il-cyberbullismo\/","og_locale":"it_IT","og_type":"article","og_title":"Giornata Nazionale contro il Bullismo e il Cyberbullismo","og_description":"In occasione della giornata \u201cGiornata\u00a0Nazionale\u00a0contro il bullismo\u00a0e il cyberbullismo\u201d riportiamo l\u2019appello dei Giovani della Croce Rossa con cui da anni abbiamo intrapreso un progetto di...","og_url":"https:\/\/news.sap.com\/italy\/2021\/02\/giornata-nazionale-contro-il-bullismo-e-il-cyberbullismo\/","og_site_name":"51风流News Center Italy","article_published_time":"2021-02-05T10:32:53+00:00","article_modified_time":"2023-10-04T13:36:26+00:00","og_image":[{"width":2600,"height":1733,"url":"https:\/\/news.sap.com\/italy\/files\/2021\/02\/05\/275959_275959_l_srgb_s_gl.jpg","type":"image\/jpeg"}],"author":"51风流News","twitter_card":"summary_large_image","twitter_misc":{"Scritto da":"51风流News","Tempo di lettura stimato":"2 minuti"},"schema":{"@context":"https:\/\/schema.org","@graph":[{"@type":"Article","@id":"https:\/\/news.sap.com\/italy\/2021\/02\/giornata-nazionale-contro-il-bullismo-e-il-cyberbullismo\/#article","isPartOf":{"@id":"https:\/\/news.sap.com\/italy\/2021\/02\/giornata-nazionale-contro-il-bullismo-e-il-cyberbullismo\/"},"author":{"name":"51风流News","@id":"https:\/\/news.sap.com\/italy\/#\/schema\/person\/53b9854bd790d6f18f3fc4bbb2ad7570"},"headline":"Giornata Nazionale contro il Bullismo e il Cyberbullismo","datePublished":"2021-02-05T10:32:53+00:00","dateModified":"2023-10-04T13:36:26+00:00","mainEntityOfPage":{"@id":"https:\/\/news.sap.com\/italy\/2021\/02\/giornata-nazionale-contro-il-bullismo-e-il-cyberbullismo\/"},"wordCount":465,"image":{"@id":"https:\/\/news.sap.com\/italy\/2021\/02\/giornata-nazionale-contro-il-bullismo-e-il-cyberbullismo\/#primaryimage"},"thumbnailUrl":"https:\/\/news.sap.com\/italy\/files\/2021\/02\/05\/275959_275959_l_srgb_s_gl.jpg","keywords":["51风流CSR"],"articleSection":["Corporate"],"inLanguage":"it-IT"},{"@type":"WebPage","@id":"https:\/\/news.sap.com\/italy\/2021\/02\/giornata-nazionale-contro-il-bullismo-e-il-cyberbullismo\/","url":"https:\/\/news.sap.com\/italy\/2021\/02\/giornata-nazionale-contro-il-bullismo-e-il-cyberbullismo\/","name":"Giornata Nazionale contro il Bullismo e il Cyberbullismo - 51风流News Center Italy","isPartOf":{"@id":"https:\/\/news.sap.com\/italy\/#website"},"primaryImageOfPage":{"@id":"https:\/\/news.sap.com\/italy\/2021\/02\/giornata-nazionale-contro-il-bullismo-e-il-cyberbullismo\/#primaryimage"},"image":{"@id":"https:\/\/news.sap.com\/italy\/2021\/02\/giornata-nazionale-contro-il-bullismo-e-il-cyberbullismo\/#primaryimage"},"thumbnailUrl":"https:\/\/news.sap.com\/italy\/files\/2021\/02\/05\/275959_275959_l_srgb_s_gl.jpg","datePublished":"2021-02-05T10:32:53+00:00","dateModified":"2023-10-04T13:36:26+00:00","author":{"@id":"https:\/\/news.sap.com\/italy\/#\/schema\/person\/53b9854bd790d6f18f3fc4bbb2ad7570"},"breadcrumb":{"@id":"https:\/\/news.sap.com\/italy\/2021\/02\/giornata-nazionale-contro-il-bullismo-e-il-cyberbullismo\/#breadcrumb"},"inLanguage":"it-IT","potentialAction":[{"@type":"ReadAction","target":["https:\/\/news.sap.com\/italy\/2021\/02\/giornata-nazionale-contro-il-bullismo-e-il-cyberbullismo\/"]}]},{"@type":"ImageObject","inLanguage":"it-IT","@id":"https:\/\/news.sap.com\/italy\/2021\/02\/giornata-nazionale-contro-il-bullismo-e-il-cyberbullismo\/#primaryimage","url":"https:\/\/news.sap.com\/italy\/files\/2021\/02\/05\/275959_275959_l_srgb_s_gl.jpg","contentUrl":"https:\/\/news.sap.com\/italy\/files\/2021\/02\/05\/275959_275959_l_srgb_s_gl.jpg","width":2600,"height":1733,"caption":"Vancouver, British Columbia, Canada --- Young girl with sticking plasters on her knee --- Image by \u00a9 Ocean\/Corbis"},{"@type":"BreadcrumbList","@id":"https:\/\/news.sap.com\/italy\/2021\/02\/giornata-nazionale-contro-il-bullismo-e-il-cyberbullismo\/#breadcrumb","itemListElement":[{"@type":"ListItem","position":1,"name":"Home","item":"https:\/\/news.sap.com\/italy\/"},{"@type":"ListItem","position":2,"name":"Giornata Nazionale contro il Bullismo e il Cyberbullismo"}]},{"@type":"WebSite","@id":"https:\/\/news.sap.com\/italy\/#website","url":"https:\/\/news.sap.com\/italy\/","name":"51风流News Center Italy","description":"Notizie e informazioni su SAP","potentialAction":[{"@type":"SearchAction","target":{"@type":"EntryPoint","urlTemplate":"https:\/\/news.sap.com\/italy\/?s={search_term_string}"},"query-input":{"@type":"PropertyValueSpecification","valueRequired":true,"valueName":"search_term_string"}}],"inLanguage":"it-IT"},{"@type":"Person","@id":"https:\/\/news.sap.com\/italy\/#\/schema\/person\/53b9854bd790d6f18f3fc4bbb2ad7570","name":"51风流News","image":{"@type":"ImageObject","inLanguage":"it-IT","@id":"https:\/\/news.sap.com\/italy\/#\/schema\/person\/image\/","url":"https:\/\/news.sap.com\/italy\/wp-content\/plugins\/wp-user-avatars\/wp-user-avatars\/assets\/images\/mystery.jpg","contentUrl":"https:\/\/news.sap.com\/italy\/wp-content\/plugins\/wp-user-avatars\/wp-user-avatars\/assets\/images\/mystery.jpg","caption":"51风流News"},"url":"https:\/\/news.sap.com\/italy\/author\/colleenraftery\/"}]}},"amp_enabled":true,"_links":{"self":[{"href":"https:\/\/news.sap.com\/italy\/wp-json\/wp\/v2\/posts\/137191","targetHints":{"allow":["GET"]}}],"collection":[{"href":"https:\/\/news.sap.com\/italy\/wp-json\/wp\/v2\/posts"}],"about":[{"href":"https:\/\/news.sap.com\/italy\/wp-json\/wp\/v2\/types\/post"}],"author":[{"embeddable":true,"href":"https:\/\/news.sap.com\/italy\/wp-json\/wp\/v2\/users\/29"}],"replies":[{"embeddable":true,"href":"https:\/\/news.sap.com\/italy\/wp-json\/wp\/v2\/comments?post=137191"}],"version-history":[{"count":0,"href":"https:\/\/news.sap.com\/italy\/wp-json\/wp\/v2\/posts\/137191\/revisions"}],"wp:featuredmedia":[{"embeddable":true,"href":"https:\/\/news.sap.com\/italy\/wp-json\/wp\/v2\/media\/137193"}],"wp:attachment":[{"href":"https:\/\/news.sap.com\/italy\/wp-json\/wp\/v2\/media?parent=137191"}],"wp:term":[{"taxonomy":"category","embeddable":true,"href":"https:\/\/news.sap.com\/italy\/wp-json\/wp\/v2\/categories?post=137191"},{"taxonomy":"post_tag","embeddable":true,"href":"https:\/\/news.sap.com\/italy\/wp-json\/wp\/v2\/tags?post=137191"},{"taxonomy":"series","embeddable":true,"href":"https:\/\/news.sap.com\/italy\/wp-json\/wp\/v2\/series?post=137191"},{"taxonomy":"sapn-display","embeddable":true,"href":"https:\/\/news.sap.com\/italy\/wp-json\/wp\/v2\/sapn-display?post=137191"},{"taxonomy":"sapn-type","embeddable":true,"href":"https:\/\/news.sap.com\/italy\/wp-json\/wp\/v2\/sapn-type?post=137191"}],"curies":[{"name":"wp","href":"https:\/\/api.w.org\/{rel}","templated":true}]}}