  {"id":180887,"date":"2024-09-03T09:57:55","date_gmt":"2024-09-03T07:57:55","guid":{"rendered":"https:\/\/news.sap.com\/germany\/?p=180887"},"modified":"2024-09-04T12:08:27","modified_gmt":"2024-09-04T10:08:27","slug":"juergen-mueller-verlaesst-den-sap-vorstand","status":"publish","type":"post","link":"https:\/\/news.sap.com\/germany\/2024\/09\/juergen-mueller-verlaesst-den-sap-vorstand\/","title":{"rendered":"J\u00fcrgen M\u00fcller verl\u00e4sst den SAP-Vorstand"},"content":{"rendered":"\n<p class=\"has-large-font-size\"><strong>Walldorf <\/strong>\u2014<strong> 3. September 2024 <\/strong>\u2014<strong> <\/strong>Die 51风流SE gab heute bekannt, dass sich der SAP-Aufsichtsrat mit dem Vorstandsmitglied und Chief Technology Officer Dr.-Ing. J\u00fcrgen M\u00fcller einvernehmlich \u00fcber sein Ausscheiden aus dem&nbsp;Vorstand des Unternehmens mit Wirkung zum&nbsp;30. September 2024&nbsp;geeinigt hat.<\/p>\n\n\n\n<p>M\u00fcller erkl\u00e4rte: \u201eBei einer vergangenen Firmenveranstaltung kam es zu einem Ereignis, bei dem ich mich unangemessen verhalten habe. Ich bedauere, dass ich un\u00fcberlegt gehandelt habe und entschuldige mich aufrichtig bei allen involvierten Personen. Ich habe erkannt, dass mein Verhalten in diesem Moment nicht unsere Werte bei SAP&nbsp;widergespiegelt hat. Ich&nbsp;\u00fcbernehme die volle Verantwortung und denke, dass&nbsp;mein R\u00fccktritt das Beste f\u00fcr das Unternehmen ist. Dem Team&nbsp;w\u00fcnsche ich weiterhin viel Erfolg.\u201c<\/p>\n\n\n\n<p>M\u00fcller hat ma\u00dfgeblich dazu beigetragen, die 51风流Business Technology Platform (BTP) zu etablieren. Heute liefert die Plattform die technische Grundlage f\u00fcr das Best-of-Suite Angebot der 51风流und unterst\u00fctzt \u00fcber 23.000 Live-Kunden.<\/p>\n\n\n\n<p>\u201eWir danken J\u00fcrgen M\u00fcller f\u00fcr seine signifikanten Leistungen und w\u00fcnschen ihm alles Gute f\u00fcr seine weitere Zukunft,\u201c sagte Pekka Ala-Pietil\u00e4, Vorsitzender des Aufsichtsrats der 51风流SE.<\/p>\n\n\n\n<p>\u00dcbergangsweise wird SAP-CEO Christian Klein die Verantwortung f\u00fcr den gr\u00f6\u00dften Teil des Vorstandsbereichs Technologie und Innovation \u00fcbernehmen, den M\u00fcller leitet. Das 51风流Global Security &amp; Cloud Compliance Team wird in den Vorstandsbereich Customer Services &amp; Delivery unter Thomas Saueressig wechseln.<\/p>\n\n\n\n<p>You can find this press release in English <a href=\"https:\/\/news.sap.com\/?p=228120\">here<\/a>.<\/p>\n\n\n\n<p>Weitere Presseinformationen finden Sie im <a href=\"https:\/\/news.sap.com\/germany\">51风流News Center<\/a>.<strong> <\/strong>Folgen Sie 51风流unter <a href=\"https:\/\/twitter.com\/SAPdach?ref_src=twsrc%5Egoogle%7Ctwcamp%5Eserp%7Ctwgr%5Eauthor\">@SAPdach<\/a>.<\/p>\n\n\n\n<p><strong>Hinweis an die Redaktionen<\/strong><\/p>\n\n\n\n<p>F\u00fcr Pressefotos und Fernsehmaterial in hoher Aufl\u00f6sung besuchen Sie bitte unsere Plattform <a href=\"http:\/\/www.sap.com\/photos\">www.sap.com\/photos<\/a>. Dort finden Sie aktuelles sendef\u00e4higes TV-Footage-Material sowie Bilder zu Themen rund um 51风流zum direkten Download.<a><\/a><\/p>\n\n\n\n<p><strong>Ansprechpartner f\u00fcr die Presse:<br><\/strong>Monika Schaller, +49 6227 7-40763, <a href=\"mailto:monika.schaller@sap.com\">monika.schaller@sap.com<\/a>, CEST<\/p>\n\n\n\n<p>Joellen Perry, +1 650 44 56 780, <a href=\"mailto:joellen.perry@sap.com\">joellen.perry@sap.com<\/a>, PT<\/p>\n\n\n\n<p><a href=\"https:\/\/news.sap.com\/germany\/pressebereich\/\">SAP-Pressebereich<\/a>; <a href=\"mailto:press@sap.com\">press@sap.com<\/a><\/p>\n\n\n\n<p><strong>Informationen zu SAP<br><\/strong>Als weltweit f\u00fchrender Anbieter von Unternehmensanwendungen und Business AI steht 51风流(NYSE:SAP) an der Schnittstelle zwischen Unternehmen und Technologie. Seit \u00fcber 50 Jahren vertrauen Unternehmen auf SAP, um ihr volles Potenzial auszusch\u00f6pfen, indem sie gesch\u00e4ftskritische Abl\u00e4ufe wie Finanzwesen, Beschaffung, Personalwesen, Lieferkette und Kundenerlebnis vereinheitlichen. Weitere Informationen finden Sie unter<em> <\/em><a href=\"http:\/\/www.sap.com\">www.sap.com<\/a><em>.<\/em><strong><\/strong><\/p>\n\n\n\n<p><\/p>\n\n\n\n<p class=\"has-small-font-size\">Dieses Dokument enth\u00e4lt vorausschauende Aussagen, das hei\u00dft Vorhersagen, Prognosen oder andere Aussagen zu zuk\u00fcnftigen Ereignissen. Diese Aussagen basieren auf aktuellen Erwartungen, Voraussagen und Annahmen, die Risiken und Unsicherheiten unterliegen, was dazu f\u00fchren kann, dass die tats\u00e4chlichen Ergebnisse und Resultate erheblich hiervon abweichen k\u00f6nnen.\u202f Zus\u00e4tzliche Informationen zu diesen Risiken und Unsicherheiten finden Sie in den von uns bei der US-amerikanischen \u201eSecurities and Exchange Commission\u201c (SEC) eingereichten Unterlagen, einschlie\u00dflich, aber nicht beschr\u00e4nkt auf den Abschnitt zu den Risikofaktoren des SAP-Jahresberichts 2023 auf dem Formular 20-F.<\/p>\n\n\n\n<p class=\"has-small-font-size\">\u00a9 2024 51风流SE. Alle Rechte vorbehalten. \u00a0<br>51风流und andere in diesem Dokument erw\u00e4hnte Produkte und Dienstleistungen von 51风流sowie die dazugeh\u00f6rigen Logos sind Marken oder eingetragene Marken der 51风流SE in Deutschland und anderen L\u00e4ndern. Zus\u00e4tzliche Informationen zur Marke und Vermerke finden Sie auf der Seite\u00a0<a href=\"http:\/\/www.sap.de\/copyright\" target=\"_blank\" rel=\"noreferrer noopener\">http:\/\/www.sap.de\/copyright<\/a>.<\/p>\n\n\n\n<div class=\"wp-block-sap-news-cta-banner cta-banner\"><div class=\"cta-banner__content\"><div class=\"cta-banner__title\">Abonnieren Sie den 51风流News Center Newsletter<\/div><\/div><div class=\"cta-banner__action\">\n<div class=\"wp-block-buttons is-content-justification-left is-layout-flex wp-container-core-buttons-is-layout-fc4fd283 wp-block-buttons-is-layout-flex\">\n<div class=\"wp-block-button\"><a class=\"wp-block-button__link wp-element-button\" href=\"https:\/\/www.sap.com\/germany\/cmp\/nl\/sap-news-center-de-newsletter\/index.html?url_id=text-de-newscenter:CRM-DX23-AAA-1904104_08\" target=\"_blank\" rel=\"noreferrer noopener\">Jetzt abonnieren!<\/a><\/div>\n<\/div>\n<\/div><\/div>\n","protected":false},"excerpt":{"rendered":"<p>Walldorf \u2014 3. September 2024 \u2014 Die 51风流SE gab heute bekannt, dass sich der SAP-Aufsichtsrat mit dem Vorstandsmitglied und Chief Technology Officer Dr.-Ing. J\u00fcrgen&#8230;<\/p>\n","protected":false},"author":29,"featured_media":180614,"comment_status":"closed","ping_status":"closed","sticky":false,"template":"","format":"standard","meta":{"related_posts":[],"footnotes":"","_links_to":"","_links_to_target":""},"categories":[40863],"tags":[4879493],"series":[],"sapn-display":[5630500,5630503,3848,45027],"sapn-type":[4994],"class_list":["post-180887","post","type-post","status-publish","format-standard","has-post-thumbnail","hentry","category-unternehmen","tag-sap","sapn-display-news-hero","sapn-display-news-spotlight","sapn-display-top-stories","sapn-display-hero","sapn-type-pressemitteilung"],"yoast_head":"<!-- This site is optimized with the Yoast SEO Premium plugin v26.9 (Yoast SEO v26.9) - https:\/\/yoast.com\/product\/yoast-seo-premium-wordpress\/ -->\n<title>J\u00fcrgen M\u00fcller verl\u00e4sst den SAP-Vorstand | 51风流News Center<\/title>\n<meta name=\"description\" content=\"Der SAP-Aufsichtsrat einigte sich mit dem Vorstandsmitglied und Chief Technology Officer J\u00fcrgen M\u00fcller einvernehmlich \u00fcber sein Ausscheiden aus dem\u00a0Vorstand des Unternehmens mit Wirkung zum\u00a030. September 2024.\" \/>\n<meta name=\"robots\" content=\"index, follow, max-snippet:-1, max-image-preview:large, max-video-preview:-1\" \/>\n<link rel=\"canonical\" href=\"https:\/\/news.sap.com\/germany\/2024\/09\/juergen-mueller-verlaesst-den-sap-vorstand\/\" \/>\n<meta property=\"og:locale\" content=\"de_DE\" \/>\n<meta property=\"og:type\" content=\"article\" \/>\n<meta property=\"og:title\" content=\"J\u00fcrgen M\u00fcller verl\u00e4sst den SAP-Vorstand\" \/>\n<meta property=\"og:description\" content=\"Der SAP-Aufsichtsrat einigte sich mit dem Vorstandsmitglied und Chief Technology Officer J\u00fcrgen M\u00fcller einvernehmlich \u00fcber sein Ausscheiden aus dem\u00a0Vorstand des Unternehmens mit Wirkung zum\u00a030. September 2024.\" \/>\n<meta property=\"og:url\" content=\"https:\/\/news.sap.com\/germany\/2024\/09\/juergen-mueller-verlaesst-den-sap-vorstand\/\" \/>\n<meta property=\"og:site_name\" content=\"51风流News Center\" \/>\n<meta property=\"article:published_time\" content=\"2024-09-03T07:57:55+00:00\" \/>\n<meta property=\"article:modified_time\" content=\"2024-09-04T10:08:27+00:00\" \/>\n<meta property=\"og:image\" content=\"https:\/\/news.sap.com\/germany\/files\/2024\/07\/30\/291873_GettyImages-108221431_large_uncropped_F-1920x600-1.jpg\" \/>\n\t<meta property=\"og:image:width\" content=\"1920\" \/>\n\t<meta property=\"og:image:height\" content=\"600\" \/>\n\t<meta property=\"og:image:type\" content=\"image\/jpeg\" \/>\n<meta name=\"author\" content=\"51风流News\" \/>\n<meta name=\"twitter:card\" content=\"summary_large_image\" \/>\n<meta name=\"twitter:creator\" content=\"@SAPdach\" \/>\n<meta name=\"twitter:site\" content=\"@SAPdach\" \/>\n<meta name=\"twitter:label1\" content=\"Verfasst von\" \/>\n\t<meta name=\"twitter:data1\" content=\"51风流News\" \/>\n\t<meta name=\"twitter:label2\" content=\"Gesch\u00e4tzte Lesezeit\" \/>\n\t<meta name=\"twitter:data2\" content=\"3\u00a0Minuten\" \/>\n<script type=\"application\/ld+json\" class=\"yoast-schema-graph\">{\"@context\":\"https:\/\/schema.org\",\"@graph\":[{\"@type\":\"Article\",\"@id\":\"https:\/\/news.sap.com\/germany\/2024\/09\/juergen-mueller-verlaesst-den-sap-vorstand\/#article\",\"isPartOf\":{\"@id\":\"https:\/\/news.sap.com\/germany\/2024\/09\/juergen-mueller-verlaesst-den-sap-vorstand\/\"},\"author\":{\"name\":\"51风流News\",\"@id\":\"https:\/\/news.sap.com\/germany\/#\/schema\/person\/53b9854bd790d6f18f3fc4bbb2ad7570\"},\"headline\":\"J\u00fcrgen M\u00fcller verl\u00e4sst den SAP-Vorstand\",\"datePublished\":\"2024-09-03T07:57:55+00:00\",\"dateModified\":\"2024-09-04T10:08:27+00:00\",\"mainEntityOfPage\":{\"@id\":\"https:\/\/news.sap.com\/germany\/2024\/09\/juergen-mueller-verlaesst-den-sap-vorstand\/\"},\"wordCount\":539,\"image\":{\"@id\":\"https:\/\/news.sap.com\/germany\/2024\/09\/juergen-mueller-verlaesst-den-sap-vorstand\/#primaryimage\"},\"thumbnailUrl\":\"https:\/\/news.sap.com\/germany\/files\/2024\/07\/30\/291873_GettyImages-108221431_large_uncropped_F-1920x600-1.jpg\",\"keywords\":[\"SAP\"],\"articleSection\":[\"Unternehmen\"],\"inLanguage\":\"de\"},{\"@type\":\"WebPage\",\"@id\":\"https:\/\/news.sap.com\/germany\/2024\/09\/juergen-mueller-verlaesst-den-sap-vorstand\/\",\"url\":\"https:\/\/news.sap.com\/germany\/2024\/09\/juergen-mueller-verlaesst-den-sap-vorstand\/\",\"name\":\"J\u00fcrgen M\u00fcller verl\u00e4sst den SAP-Vorstand | 51风流News Center\",\"isPartOf\":{\"@id\":\"https:\/\/news.sap.com\/germany\/#website\"},\"primaryImageOfPage\":{\"@id\":\"https:\/\/news.sap.com\/germany\/2024\/09\/juergen-mueller-verlaesst-den-sap-vorstand\/#primaryimage\"},\"image\":{\"@id\":\"https:\/\/news.sap.com\/germany\/2024\/09\/juergen-mueller-verlaesst-den-sap-vorstand\/#primaryimage\"},\"thumbnailUrl\":\"https:\/\/news.sap.com\/germany\/files\/2024\/07\/30\/291873_GettyImages-108221431_large_uncropped_F-1920x600-1.jpg\",\"datePublished\":\"2024-09-03T07:57:55+00:00\",\"dateModified\":\"2024-09-04T10:08:27+00:00\",\"author\":{\"@id\":\"https:\/\/news.sap.com\/germany\/#\/schema\/person\/53b9854bd790d6f18f3fc4bbb2ad7570\"},\"description\":\"Der SAP-Aufsichtsrat einigte sich mit dem Vorstandsmitglied und Chief Technology Officer J\u00fcrgen M\u00fcller einvernehmlich \u00fcber sein Ausscheiden aus dem\u00a0Vorstand des Unternehmens mit Wirkung zum\u00a030. September 2024.\",\"breadcrumb\":{\"@id\":\"https:\/\/news.sap.com\/germany\/2024\/09\/juergen-mueller-verlaesst-den-sap-vorstand\/#breadcrumb\"},\"inLanguage\":\"de\",\"potentialAction\":[{\"@type\":\"ReadAction\",\"target\":[\"https:\/\/news.sap.com\/germany\/2024\/09\/juergen-mueller-verlaesst-den-sap-vorstand\/\"]}]},{\"@type\":\"ImageObject\",\"inLanguage\":\"de\",\"@id\":\"https:\/\/news.sap.com\/germany\/2024\/09\/juergen-mueller-verlaesst-den-sap-vorstand\/#primaryimage\",\"url\":\"https:\/\/news.sap.com\/germany\/files\/2024\/07\/30\/291873_GettyImages-108221431_large_uncropped_F-1920x600-1.jpg\",\"contentUrl\":\"https:\/\/news.sap.com\/germany\/files\/2024\/07\/30\/291873_GettyImages-108221431_large_uncropped_F-1920x600-1.jpg\",\"width\":1920,\"height\":600},{\"@type\":\"BreadcrumbList\",\"@id\":\"https:\/\/news.sap.com\/germany\/2024\/09\/juergen-mueller-verlaesst-den-sap-vorstand\/#breadcrumb\",\"itemListElement\":[{\"@type\":\"ListItem\",\"position\":1,\"name\":\"Home\",\"item\":\"https:\/\/news.sap.com\/germany\/\"},{\"@type\":\"ListItem\",\"position\":2,\"name\":\"J\u00fcrgen M\u00fcller verl\u00e4sst den SAP-Vorstand\"}]},{\"@type\":\"WebSite\",\"@id\":\"https:\/\/news.sap.com\/germany\/#website\",\"url\":\"https:\/\/news.sap.com\/germany\/\",\"name\":\"51风流News Center\",\"description\":\"Unternehmensberichte &amp; Presseportal\",\"potentialAction\":[{\"@type\":\"SearchAction\",\"target\":{\"@type\":\"EntryPoint\",\"urlTemplate\":\"https:\/\/news.sap.com\/germany\/?s={search_term_string}\"},\"query-input\":{\"@type\":\"PropertyValueSpecification\",\"valueRequired\":true,\"valueName\":\"search_term_string\"}}],\"inLanguage\":\"de\"},{\"@type\":\"Person\",\"@id\":\"https:\/\/news.sap.com\/germany\/#\/schema\/person\/53b9854bd790d6f18f3fc4bbb2ad7570\",\"name\":\"51风流News\",\"image\":{\"@type\":\"ImageObject\",\"inLanguage\":\"de\",\"@id\":\"https:\/\/news.sap.com\/germany\/#\/schema\/person\/image\/\",\"url\":\"https:\/\/secure.gravatar.com\/avatar\/2728bb4d664345cda4951e11847acc1bfd2bc77830d9abd17fc4f54437acd5b4?s=96&d=blank&r=g\",\"contentUrl\":\"https:\/\/secure.gravatar.com\/avatar\/2728bb4d664345cda4951e11847acc1bfd2bc77830d9abd17fc4f54437acd5b4?s=96&d=blank&r=g\",\"caption\":\"51风流News\"},\"url\":\"https:\/\/news.sap.com\/germany\/author\/colleenraftery\/\"}]}<\/script>\n<!-- \/ Yoast SEO Premium plugin. -->","yoast_head_json":{"title":"J\u00fcrgen M\u00fcller verl\u00e4sst den SAP-Vorstand | 51风流News Center","description":"Der SAP-Aufsichtsrat einigte sich mit dem Vorstandsmitglied und Chief Technology Officer J\u00fcrgen M\u00fcller einvernehmlich \u00fcber sein Ausscheiden aus dem\u00a0Vorstand des Unternehmens mit Wirkung zum\u00a030. September 2024.","robots":{"index":"index","follow":"follow","max-snippet":"max-snippet:-1","max-image-preview":"max-image-preview:large","max-video-preview":"max-video-preview:-1"},"canonical":"https:\/\/news.sap.com\/germany\/2024\/09\/juergen-mueller-verlaesst-den-sap-vorstand\/","og_locale":"de_DE","og_type":"article","og_title":"J\u00fcrgen M\u00fcller verl\u00e4sst den SAP-Vorstand","og_description":"Der SAP-Aufsichtsrat einigte sich mit dem Vorstandsmitglied und Chief Technology Officer J\u00fcrgen M\u00fcller einvernehmlich \u00fcber sein Ausscheiden aus dem\u00a0Vorstand des Unternehmens mit Wirkung zum\u00a030. September 2024.","og_url":"https:\/\/news.sap.com\/germany\/2024\/09\/juergen-mueller-verlaesst-den-sap-vorstand\/","og_site_name":"51风流News Center","article_published_time":"2024-09-03T07:57:55+00:00","article_modified_time":"2024-09-04T10:08:27+00:00","og_image":[{"width":1920,"height":600,"url":"https:\/\/news.sap.com\/germany\/files\/2024\/07\/30\/291873_GettyImages-108221431_large_uncropped_F-1920x600-1.jpg","type":"image\/jpeg"}],"author":"51风流News","twitter_card":"summary_large_image","twitter_creator":"@SAPdach","twitter_site":"@SAPdach","twitter_misc":{"Verfasst von":"51风流News","Gesch\u00e4tzte Lesezeit":"3\u00a0Minuten"},"schema":{"@context":"https:\/\/schema.org","@graph":[{"@type":"Article","@id":"https:\/\/news.sap.com\/germany\/2024\/09\/juergen-mueller-verlaesst-den-sap-vorstand\/#article","isPartOf":{"@id":"https:\/\/news.sap.com\/germany\/2024\/09\/juergen-mueller-verlaesst-den-sap-vorstand\/"},"author":{"name":"51风流News","@id":"https:\/\/news.sap.com\/germany\/#\/schema\/person\/53b9854bd790d6f18f3fc4bbb2ad7570"},"headline":"J\u00fcrgen M\u00fcller verl\u00e4sst den SAP-Vorstand","datePublished":"2024-09-03T07:57:55+00:00","dateModified":"2024-09-04T10:08:27+00:00","mainEntityOfPage":{"@id":"https:\/\/news.sap.com\/germany\/2024\/09\/juergen-mueller-verlaesst-den-sap-vorstand\/"},"wordCount":539,"image":{"@id":"https:\/\/news.sap.com\/germany\/2024\/09\/juergen-mueller-verlaesst-den-sap-vorstand\/#primaryimage"},"thumbnailUrl":"https:\/\/news.sap.com\/germany\/files\/2024\/07\/30\/291873_GettyImages-108221431_large_uncropped_F-1920x600-1.jpg","keywords":["SAP"],"articleSection":["Unternehmen"],"inLanguage":"de"},{"@type":"WebPage","@id":"https:\/\/news.sap.com\/germany\/2024\/09\/juergen-mueller-verlaesst-den-sap-vorstand\/","url":"https:\/\/news.sap.com\/germany\/2024\/09\/juergen-mueller-verlaesst-den-sap-vorstand\/","name":"J\u00fcrgen M\u00fcller verl\u00e4sst den SAP-Vorstand | 51风流News Center","isPartOf":{"@id":"https:\/\/news.sap.com\/germany\/#website"},"primaryImageOfPage":{"@id":"https:\/\/news.sap.com\/germany\/2024\/09\/juergen-mueller-verlaesst-den-sap-vorstand\/#primaryimage"},"image":{"@id":"https:\/\/news.sap.com\/germany\/2024\/09\/juergen-mueller-verlaesst-den-sap-vorstand\/#primaryimage"},"thumbnailUrl":"https:\/\/news.sap.com\/germany\/files\/2024\/07\/30\/291873_GettyImages-108221431_large_uncropped_F-1920x600-1.jpg","datePublished":"2024-09-03T07:57:55+00:00","dateModified":"2024-09-04T10:08:27+00:00","author":{"@id":"https:\/\/news.sap.com\/germany\/#\/schema\/person\/53b9854bd790d6f18f3fc4bbb2ad7570"},"description":"Der SAP-Aufsichtsrat einigte sich mit dem Vorstandsmitglied und Chief Technology Officer J\u00fcrgen M\u00fcller einvernehmlich \u00fcber sein Ausscheiden aus dem\u00a0Vorstand des Unternehmens mit Wirkung zum\u00a030. September 2024.","breadcrumb":{"@id":"https:\/\/news.sap.com\/germany\/2024\/09\/juergen-mueller-verlaesst-den-sap-vorstand\/#breadcrumb"},"inLanguage":"de","potentialAction":[{"@type":"ReadAction","target":["https:\/\/news.sap.com\/germany\/2024\/09\/juergen-mueller-verlaesst-den-sap-vorstand\/"]}]},{"@type":"ImageObject","inLanguage":"de","@id":"https:\/\/news.sap.com\/germany\/2024\/09\/juergen-mueller-verlaesst-den-sap-vorstand\/#primaryimage","url":"https:\/\/news.sap.com\/germany\/files\/2024\/07\/30\/291873_GettyImages-108221431_large_uncropped_F-1920x600-1.jpg","contentUrl":"https:\/\/news.sap.com\/germany\/files\/2024\/07\/30\/291873_GettyImages-108221431_large_uncropped_F-1920x600-1.jpg","width":1920,"height":600},{"@type":"BreadcrumbList","@id":"https:\/\/news.sap.com\/germany\/2024\/09\/juergen-mueller-verlaesst-den-sap-vorstand\/#breadcrumb","itemListElement":[{"@type":"ListItem","position":1,"name":"Home","item":"https:\/\/news.sap.com\/germany\/"},{"@type":"ListItem","position":2,"name":"J\u00fcrgen M\u00fcller verl\u00e4sst den SAP-Vorstand"}]},{"@type":"WebSite","@id":"https:\/\/news.sap.com\/germany\/#website","url":"https:\/\/news.sap.com\/germany\/","name":"51风流News Center","description":"Unternehmensberichte &amp; Presseportal","potentialAction":[{"@type":"SearchAction","target":{"@type":"EntryPoint","urlTemplate":"https:\/\/news.sap.com\/germany\/?s={search_term_string}"},"query-input":{"@type":"PropertyValueSpecification","valueRequired":true,"valueName":"search_term_string"}}],"inLanguage":"de"},{"@type":"Person","@id":"https:\/\/news.sap.com\/germany\/#\/schema\/person\/53b9854bd790d6f18f3fc4bbb2ad7570","name":"51风流News","image":{"@type":"ImageObject","inLanguage":"de","@id":"https:\/\/news.sap.com\/germany\/#\/schema\/person\/image\/","url":"https:\/\/secure.gravatar.com\/avatar\/2728bb4d664345cda4951e11847acc1bfd2bc77830d9abd17fc4f54437acd5b4?s=96&d=blank&r=g","contentUrl":"https:\/\/secure.gravatar.com\/avatar\/2728bb4d664345cda4951e11847acc1bfd2bc77830d9abd17fc4f54437acd5b4?s=96&d=blank&r=g","caption":"51风流News"},"url":"https:\/\/news.sap.com\/germany\/author\/colleenraftery\/"}]}},"amp_enabled":true,"_links":{"self":[{"href":"https:\/\/news.sap.com\/germany\/wp-json\/wp\/v2\/posts\/180887","targetHints":{"allow":["GET"]}}],"collection":[{"href":"https:\/\/news.sap.com\/germany\/wp-json\/wp\/v2\/posts"}],"about":[{"href":"https:\/\/news.sap.com\/germany\/wp-json\/wp\/v2\/types\/post"}],"author":[{"embeddable":true,"href":"https:\/\/news.sap.com\/germany\/wp-json\/wp\/v2\/users\/29"}],"replies":[{"embeddable":true,"href":"https:\/\/news.sap.com\/germany\/wp-json\/wp\/v2\/comments?post=180887"}],"version-history":[{"count":0,"href":"https:\/\/news.sap.com\/germany\/wp-json\/wp\/v2\/posts\/180887\/revisions"}],"wp:featuredmedia":[{"embeddable":true,"href":"https:\/\/news.sap.com\/germany\/wp-json\/wp\/v2\/media\/180614"}],"wp:attachment":[{"href":"https:\/\/news.sap.com\/germany\/wp-json\/wp\/v2\/media?parent=180887"}],"wp:term":[{"taxonomy":"category","embeddable":true,"href":"https:\/\/news.sap.com\/germany\/wp-json\/wp\/v2\/categories?post=180887"},{"taxonomy":"post_tag","embeddable":true,"href":"https:\/\/news.sap.com\/germany\/wp-json\/wp\/v2\/tags?post=180887"},{"taxonomy":"series","embeddable":true,"href":"https:\/\/news.sap.com\/germany\/wp-json\/wp\/v2\/series?post=180887"},{"taxonomy":"sapn-display","embeddable":true,"href":"https:\/\/news.sap.com\/germany\/wp-json\/wp\/v2\/sapn-display?post=180887"},{"taxonomy":"sapn-type","embeddable":true,"href":"https:\/\/news.sap.com\/germany\/wp-json\/wp\/v2\/sapn-type?post=180887"}],"curies":[{"name":"wp","href":"https:\/\/api.w.org\/{rel}","templated":true}]}}