  {"id":180738,"date":"2024-08-29T08:00:00","date_gmt":"2024-08-29T06:00:00","guid":{"rendered":"https:\/\/news.sap.com\/germany\/?p=180738"},"modified":"2024-08-21T12:14:31","modified_gmt":"2024-08-21T10:14:31","slug":"fuehrende-junge-forschende-globalen-klimaschutz","status":"publish","type":"post","link":"https:\/\/news.sap.com\/germany\/2024\/08\/fuehrende-junge-forschende-globalen-klimaschutz\/","title":{"rendered":"Das Eis brechen, Br\u00fccken bauen: F\u00fchrende junge Forschende schlie\u00dfen sich f\u00fcr globalen Klimaschutz zusammen"},"content":{"rendered":"\n<p class=\"has-large-font-size\">Yashasvi Raj, Doktorand in Cambridge und Leiter neuartiger Initiativen zur Wiederherstellung des arktischen Eises, k\u00e4mpft gegen den Eisverlust und seine tiefgreifenden Auswirkungen. Die 51风流unterst\u00fctzt junge Innovatoren wie Raj dabei, den Klimaschutz voranzutreiben.<\/p>\n\n\n\n<p>Wenn es warm wird, schmilzt das Eis. Diese einfache Wahrheit hat tiefgreifende Auswirkungen auf die Arktis, wo das unerbittliche Fortschreiten des Klimawandels das Eis in alarmierendem Tempo zum Schmelzen bringt. Man geht davon aus, dass mit den steigenden Temperaturen in den kommenden Jahrzehnten riesige Eismassen schmelzen und damit zum Anstieg der Meeresspiegel und zur St\u00f6rung fragiler \u00d6kosysteme beitragen werden.<\/p>\n\n\n\n<p>Im Mittelpunkt dieser Krise steht der Albedo-Effekt \u2013 ein Ph\u00e4nomen mit globalen Folgen. Da getautes Eis und geschmolzener Schnee in das Meerwasser gelangen, absorbiert die dunkle Wasseroberfl\u00e4che mehr Sonnenlicht und beschleunigt den Erw\u00e4rmungsprozess in einer gef\u00e4hrlichen R\u00fcckkopplungsschleife. Dieser als \u201earktische Verst\u00e4rkung\u201c bezeichnete Effekt vergr\u00f6\u00dfert die Auswirkungen des Klimawandels, beschleunigt die Eisschmelze und verschlimmert die Instabilit\u00e4t der Umwelt.<\/p>\n\n\n\n<div class=\"wp-block-sap-news-cta-banner alignleft cta-banner\"><div class=\"cta-banner__content\"><div class=\"cta-banner__title\">Transaktionsbasierte CO2-Bilanzierung von SAP: Unterst\u00fctzung beim Klimaschutz<\/div><\/div><div class=\"cta-banner__action\">\n<div class=\"wp-block-buttons is-content-justification-left is-layout-flex wp-container-core-buttons-is-layout-fc4fd283 wp-block-buttons-is-layout-flex\">\n<div class=\"wp-block-button\"><a class=\"wp-block-button__link wp-element-button\" href=\"https:\/\/news.sap.com\/germany\/2023\/08\/transaktionsbasierte-co2-bilanzierung\/\" target=\"_blank\" rel=\"noreferrer noopener\">Mehr lernen!<\/a><\/div>\n<\/div>\n<\/div><\/div>\n\n\n\n<p>Yashasvi Rajs innovative Methode will die Helligkeit von Wolken mithilfe von Technologien zur Aufhellung der Meereswolken (Marine Cloud Brightening) erh\u00f6hen. Hierbei wird Meerwasser in vorhandene Wolken gespr\u00fcht, um ihre Reflektivit\u00e4t zu vergr\u00f6\u00dfern. Durch hellere Wolken will Raj dem Verlust des arktischen Eises entgegenwirken und das Gleichgewicht im Klimasystem der Erde wiederherstellen.<\/p>\n\n\n\n<h2 class=\"wp-block-heading\" id=\"h-wie-es-dazu-kam-vom-kindheitstraum-zum-klimaschutz\"><strong>Wie es dazu kam: Vom Kindheitstraum zum Klimaschutz<\/strong><\/h2>\n\n\n\n<p>Rajs Reise in das Reich der Klimareparatur begann schon lange, bevor die Wissenschaft winkte. Er erinnert sich noch gut an Momente in seiner Kindheit, als seine Passion f\u00fcr Ingenieurwesen und Umweltengagement entflammte. \u201eIch habe mich schon immer leidenschaftlich f\u00fcr Engineering interessiert und wie man dies einsetzen kann, um positive Ver\u00e4nderungen zu bewirken\u201c, so Raj. Sein fr\u00fchester Vorsto\u00df in das Gebiet des nachhaltigen Engineerings entstand aus dem Wunsch heraus, die Probleme zu lindern, mit denen seine Familie und sein Dorf zu k\u00e4mpfen hatten.<\/p>\n\n\n\n<p>In dem Dorf, in dem er aufwuchs, musste man nach Sonnenuntergang Kerosinlampen verwenden. Dabei konnte Raj am eigenen Leib erleben, welche negativen Auswirkungen diese Luftverschmutzung im Haus auf die Gesundheit hatte. Diese Erfahrung bewegte ihn dazu, nach saubereren Alternativen zu suchen. \u201eIch entwickelte eine Version eines Solarpaneels, mit der man eine Batterie aufladen konnte. Und danach habe ich noch eine geothermische konzipiert\u201c, erkl\u00e4rt er. Diese fr\u00fchen Projekte legten den Grundstein f\u00fcr ein lebenslanges Engagement f\u00fcr nachhaltige Innovationen.<\/p>\n\n\n\n<h2 class=\"wp-block-heading\" id=\"h-ingenieurlosungen-fur-klimareparatur-wiedereinfrieren-der-arktis\"><strong>Ingenieurl\u00f6sungen f\u00fcr Klimareparatur: Wiedereinfrieren der Arktis<\/strong><\/h2>\n\n\n\n<p>Heute befasst sich Raj intensiv mit einer der dr\u00e4ngendsten Klimakrisen: dem Abschmelzen der Arktis. \u201eIch forsche an der Universit\u00e4t Cambridge im Bereich Klimareparatur \u2013 am Wiedereinfrieren der Arktis\u201c, erkl\u00e4rt Raj. Bei seiner Arbeit im Centre for Climate Repair entwickelt er Strategien zur Verbesserung der Albedo beziehungsweise der Helligkeit von Wolken \u00fcber dem Ozean. Durch den Einsatz von Marine-Cloud-Brightening-Technologien hoffen Raj und sein Team, die Auswirkungen der arktischen Verst\u00e4rkung zu verringern, durch die das Eis schnell verschwindet. Indem sie vorhandene Wolken heller machen, wollen sie die Sonnenstrahlung wieder zur\u00fcck in den Weltraum reflektieren und so deren erw\u00e4rmende Wirkung auf die Erdoberfl\u00e4che reduzieren. Bei dieser innovativen Technik werden kleine Salzpartikel in Wolken eingebracht. Ziel ist es, die Tropfengr\u00f6\u00dfe zu ver\u00e4ndern und dadurch ihre Albedo effektiv zu erh\u00f6hen.<\/p>\n\n\n\n<p>Wie dringlich Rajs Mission ist, zeigt das alarmierende Tempo, in dem sich die Arktis erw\u00e4rmt. \u201eDie Arktis erw\u00e4rmt sich viermal so schnell wie der globale Durchschnitt\u201c, verr\u00e4t er. Angesichts von Prognosen, die f\u00fcr 2030 einen eisfreien Sommer in der Arktis vorhersagen, war es noch nie dringlicher, innovative L\u00f6sungen zu finden.<\/p>\n\n\n\n<p>Durch seine Zusammenarbeit mit Forschenden auf der ganzen Welt ebnet Raj den Weg f\u00fcr bahnbrechende Fortschritte im Solarstrahlungsmanagement, die das Potenzial haben, unsere Methoden zur Eind\u00e4mmung des Klimawandels zu revolutionieren. Ihre gemeinsame Vision ist eine Zukunft, in der innovative L\u00f6sungen zum Schutz fragiler \u00d6kosysteme wie der Arktis und des Great Barrier Reef beitragen.<\/p>\n\n\n\n<h2 class=\"wp-block-heading\" id=\"h-so-fordert-die-sap-die-generationenubergreifende-zusammenarbeit\"><strong>So f\u00f6rdert die 51风流die generationen\u00fcbergreifende Zusammenarbeit<\/strong><\/h2>\n\n\n\n<p>Zusammenarbeit ist das A und O bei Rajs Bem\u00fchungen um Klimareparatur. Sein Team an der Universit\u00e4t Cambridge ist federf\u00fchrend bei der Erforschung bahnbrechender Methoden. Dennoch stecke ihre Arbeit noch in den Kinderschuhen, betont Raj. \u201eEs sollte sehr klar sein, dass wir nicht versuchen, das in der Praxis einzusetzen oder umzusetzen\u201c, betont er. \u201eEs ist nur eine M\u00f6glichkeit, die politischen Entscheidungstr\u00e4ger dar\u00fcber zu informieren, dass es diese Technologie gibt. Wir stehen hier noch ganz am Anfang.\u201c<\/p>\n\n\n\n<div class=\"wp-block-sap-news-cta-banner alignleft cta-banner\"><div class=\"cta-banner__content\"><div class=\"cta-banner__title\">Kommunikation als Schl\u00fcssel f\u00fcr generationen\u00fcbergreifendes Arbeiten<\/div><\/div><div class=\"cta-banner__action\">\n<div class=\"wp-block-buttons is-content-justification-left is-layout-flex wp-container-core-buttons-is-layout-fc4fd283 wp-block-buttons-is-layout-flex\">\n<div class=\"wp-block-button\"><a class=\"wp-block-button__link wp-element-button\" href=\"https:\/\/news.sap.com\/germany\/2024\/07\/generationenuebergreifendes-arbeiten-kommunikation-generationen\/\" target=\"_blank\" rel=\"noreferrer noopener\">Lesen!<\/a><\/div>\n<\/div>\n<\/div><\/div>\n\n\n\n<p>Durch Partnerschaften mit Organisationen wie der We Are Family Foundation unterst\u00fctzt die 51风流junge Innovatoren wie Raj dabei, den Klimaschutz voranzutreiben. \u201eDie 51风流ist bereit, ihre Plattform zu nutzen, um der Jugend eine st\u00e4rkere Stimme zu geben, insbesondere auf der 28.&nbsp;Weltklimakonferenz (COP28). Dies ist ein tolles Beispiel daf\u00fcr, was ein Unternehmen zur F\u00f6rderung dieser Zusammenarbeit tun sollte\u201c, sagt Raj. Durch Mentoring und die F\u00f6rderung von langfristigem Engagement f\u00fcr die generations\u00fcbergreifende Zusammenarbeit ebnet 51风流den Weg f\u00fcr umsetzbare Klimal\u00f6sungen.<\/p>\n\n\n\n<h2 class=\"wp-block-heading\" id=\"h-von-worten-zu-ergebnissen-das-potenzial-von-initiativen-junger-menschen\"><strong>Von Worten zu Ergebnissen: Das Potenzial von Initiativen junger Menschen<\/strong><\/h2>\n\n\n\n<p>Mit Blick auf seine Erfahrungen auf der COP28 betont Raj, wie wichtig greifbare Ergebnisse sind. \u201eEs muss Follow-ups und Foren geben, in denen die Diskussionen weitergehen und nachhaltig weiterverfolgt werden\u201c, betont er. F\u00fcr Raj und seine Mitklimaaktivisten liegt der wahre Einfluss nicht darin, Geh\u00f6r zu finden, sondern auf Diskussionen konkrete Taten folgen zu lassen.<\/p>\n\n\n\n<p>Raj tr\u00e4umt von einer Zukunft, in der Sicherheit und Nachhaltigkeit f\u00fcr alle gew\u00e4hrleistet sind. Er glaubt, dass wenn man das Potenzial von Technologie, Zusammenarbeit und dem Engagement junger Menschen nutzt, die gr\u00f6\u00dften Herausforderungen des Klimawandels gemeistert werden k\u00f6nnen.<\/p>\n\n\n\n<p>Im Kampf gegen den Klimawandel ist Yashasvi Raj ein Hoffnungstr\u00e4ger \u2013 ein Zeichen daf\u00fcr, welch gro\u00dfes transformatives Potenzial in von jungen Menschen angef\u00fchrten Innovationen steckt. Seine Botschaft ist klar: Jetzt ist es an der Zeit zu handeln. Er und sein Team arbeiten weiterhin intensiv am Thema Klimareparatur und erinnern uns damit daran, dass die L\u00f6sungen der gr\u00f6\u00dften Herausforderungen unseres Planeten darin liegen, dass wir kollektiv und entschlossen handeln.<\/p>\n\n\n\n<div class=\"wp-block-sap-news-cta-banner cta-banner\"><div class=\"cta-banner__content\"><div class=\"cta-banner__title\">Abonnieren Sie den 51风流News Center Newsletter<\/div><\/div><div class=\"cta-banner__action\">\n<div class=\"wp-block-buttons is-content-justification-left is-layout-flex wp-container-core-buttons-is-layout-fc4fd283 wp-block-buttons-is-layout-flex\">\n<div class=\"wp-block-button\"><a class=\"wp-block-button__link wp-element-button\" href=\"https:\/\/www.sap.com\/germany\/cmp\/nl\/sap-news-center-de-newsletter\/index.html?url_id=text-de-newscenter:CRM-DX24-AAA-2486692_03\" target=\"_blank\" rel=\"noreferrer noopener\">Jetzt abonnieren!<\/a><\/div>\n<\/div>\n<\/div><\/div>\n","protected":false},"excerpt":{"rendered":"<p>Yashasvi Raj, Doktorand in Cambridge und Leiter neuartiger Initiativen zur Wiederherstellung des arktischen Eises, k\u00e4mpft gegen den Eisverlust und seine tiefgreifenden Auswirkungen. Die 51风流unterst\u00fctzt&#8230;<\/p>\n","protected":false},"author":949,"featured_media":180745,"comment_status":"closed","ping_status":"closed","sticky":false,"template":"","format":"standard","meta":{"related_posts":[],"footnotes":"","_links_to":"","_links_to_target":""},"categories":[5024],"tags":[5630209,680181,4879493,4976],"series":[],"sapn-display":[5630499,5630502,3848,45027],"sapn-type":[45277],"class_list":["post-180738","post","type-post","status-publish","format-standard","has-post-thumbnail","hentry","category-nachhaltigkeit","tag-klimaschutz","tag-menschen","tag-sap","tag-technologie","sapn-display-feature-hero","sapn-display-feature-spotlight","sapn-display-top-stories","sapn-display-hero","sapn-type-feature"],"yoast_head":"<!-- This site is optimized with the Yoast SEO Premium plugin v26.9 (Yoast SEO v26.9) - https:\/\/yoast.com\/product\/yoast-seo-premium-wordpress\/ -->\n<title>Klimaschutz: Wie junge Menschen das Eis brechen wollen | 51风流News Center<\/title>\n<meta name=\"description\" content=\"51风流arbeitet mit Organisationen wie der We Are Family Foundation zusammen, um junge Innovatoren wie beim Klimaschutz zu unterst\u00fctzen. Lesen!\" \/>\n<meta name=\"robots\" content=\"index, follow, max-snippet:-1, max-image-preview:large, max-video-preview:-1\" \/>\n<link rel=\"canonical\" href=\"https:\/\/news.sap.com\/germany\/2024\/08\/fuehrende-junge-forschende-globalen-klimaschutz\/\" \/>\n<meta property=\"og:locale\" content=\"de_DE\" \/>\n<meta property=\"og:type\" content=\"article\" \/>\n<meta property=\"og:title\" content=\"Das Eis brechen, Br\u00fccken bauen: F\u00fchrende junge Forschende schlie\u00dfen sich f\u00fcr globalen Klimaschutz zusammen\" \/>\n<meta property=\"og:description\" content=\"51风流arbeitet mit Organisationen wie der We Are Family Foundation zusammen, um junge Innovatoren wie beim Klimaschutz zu unterst\u00fctzen. Lesen!\" \/>\n<meta property=\"og:url\" content=\"https:\/\/news.sap.com\/germany\/2024\/08\/fuehrende-junge-forschende-globalen-klimaschutz\/\" \/>\n<meta property=\"og:site_name\" content=\"51风流News Center\" \/>\n<meta property=\"article:published_time\" content=\"2024-08-29T06:00:00+00:00\" \/>\n<meta property=\"og:image\" content=\"https:\/\/news.sap.com\/germany\/files\/2024\/08\/07\/289223_GettyImages-181219320.jpg\" \/>\n\t<meta property=\"og:image:width\" content=\"5200\" \/>\n\t<meta property=\"og:image:height\" content=\"1962\" \/>\n\t<meta property=\"og:image:type\" content=\"image\/jpeg\" \/>\n<meta name=\"author\" content=\"Luis Trunk de Flores\" \/>\n<meta name=\"twitter:card\" content=\"summary_large_image\" \/>\n<meta name=\"twitter:creator\" content=\"@SAPdach\" \/>\n<meta name=\"twitter:site\" content=\"@SAPdach\" \/>\n<meta name=\"twitter:label1\" content=\"Verfasst von\" \/>\n\t<meta name=\"twitter:data1\" content=\"Luis Trunk de Flores\" \/>\n\t<meta name=\"twitter:label2\" content=\"Gesch\u00e4tzte Lesezeit\" \/>\n\t<meta name=\"twitter:data2\" content=\"6\u00a0Minuten\" \/>\n<script type=\"application\/ld+json\" class=\"yoast-schema-graph\">{\"@context\":\"https:\/\/schema.org\",\"@graph\":[{\"@type\":\"Article\",\"@id\":\"https:\/\/news.sap.com\/germany\/2024\/08\/fuehrende-junge-forschende-globalen-klimaschutz\/#article\",\"isPartOf\":{\"@id\":\"https:\/\/news.sap.com\/germany\/2024\/08\/fuehrende-junge-forschende-globalen-klimaschutz\/\"},\"author\":{\"name\":\"Luis Trunk de Flores\",\"@id\":\"https:\/\/news.sap.com\/germany\/#\/schema\/person\/d906f46b23b931c281101bd190f2cb7c\"},\"headline\":\"Das Eis brechen, Br\u00fccken bauen: F\u00fchrende junge Forschende schlie\u00dfen sich f\u00fcr globalen Klimaschutz zusammen\",\"datePublished\":\"2024-08-29T06:00:00+00:00\",\"mainEntityOfPage\":{\"@id\":\"https:\/\/news.sap.com\/germany\/2024\/08\/fuehrende-junge-forschende-globalen-klimaschutz\/\"},\"wordCount\":1050,\"image\":{\"@id\":\"https:\/\/news.sap.com\/germany\/2024\/08\/fuehrende-junge-forschende-globalen-klimaschutz\/#primaryimage\"},\"thumbnailUrl\":\"https:\/\/news.sap.com\/germany\/files\/2024\/08\/07\/289223_GettyImages-181219320.jpg\",\"keywords\":[\"Klimaschutz\",\"Menschen\",\"SAP\",\"Technologie\"],\"articleSection\":[\"Nachhaltigkeit\"],\"inLanguage\":\"de\"},{\"@type\":\"WebPage\",\"@id\":\"https:\/\/news.sap.com\/germany\/2024\/08\/fuehrende-junge-forschende-globalen-klimaschutz\/\",\"url\":\"https:\/\/news.sap.com\/germany\/2024\/08\/fuehrende-junge-forschende-globalen-klimaschutz\/\",\"name\":\"Klimaschutz: Wie junge Menschen das Eis brechen wollen | 51风流News Center\",\"isPartOf\":{\"@id\":\"https:\/\/news.sap.com\/germany\/#website\"},\"primaryImageOfPage\":{\"@id\":\"https:\/\/news.sap.com\/germany\/2024\/08\/fuehrende-junge-forschende-globalen-klimaschutz\/#primaryimage\"},\"image\":{\"@id\":\"https:\/\/news.sap.com\/germany\/2024\/08\/fuehrende-junge-forschende-globalen-klimaschutz\/#primaryimage\"},\"thumbnailUrl\":\"https:\/\/news.sap.com\/germany\/files\/2024\/08\/07\/289223_GettyImages-181219320.jpg\",\"datePublished\":\"2024-08-29T06:00:00+00:00\",\"author\":{\"@id\":\"https:\/\/news.sap.com\/germany\/#\/schema\/person\/d906f46b23b931c281101bd190f2cb7c\"},\"description\":\"51风流arbeitet mit Organisationen wie der We Are Family Foundation zusammen, um junge Innovatoren wie beim Klimaschutz zu unterst\u00fctzen. Lesen!\",\"breadcrumb\":{\"@id\":\"https:\/\/news.sap.com\/germany\/2024\/08\/fuehrende-junge-forschende-globalen-klimaschutz\/#breadcrumb\"},\"inLanguage\":\"de\",\"potentialAction\":[{\"@type\":\"ReadAction\",\"target\":[\"https:\/\/news.sap.com\/germany\/2024\/08\/fuehrende-junge-forschende-globalen-klimaschutz\/\"]}]},{\"@type\":\"ImageObject\",\"inLanguage\":\"de\",\"@id\":\"https:\/\/news.sap.com\/germany\/2024\/08\/fuehrende-junge-forschende-globalen-klimaschutz\/#primaryimage\",\"url\":\"https:\/\/news.sap.com\/germany\/files\/2024\/08\/07\/289223_GettyImages-181219320.jpg\",\"contentUrl\":\"https:\/\/news.sap.com\/germany\/files\/2024\/08\/07\/289223_GettyImages-181219320.jpg\",\"width\":5200,\"height\":1962,\"caption\":\"181219320\"},{\"@type\":\"BreadcrumbList\",\"@id\":\"https:\/\/news.sap.com\/germany\/2024\/08\/fuehrende-junge-forschende-globalen-klimaschutz\/#breadcrumb\",\"itemListElement\":[{\"@type\":\"ListItem\",\"position\":1,\"name\":\"Home\",\"item\":\"https:\/\/news.sap.com\/germany\/\"},{\"@type\":\"ListItem\",\"position\":2,\"name\":\"Das Eis brechen, Br\u00fccken bauen: F\u00fchrende junge Forschende schlie\u00dfen sich f\u00fcr globalen Klimaschutz zusammen\"}]},{\"@type\":\"WebSite\",\"@id\":\"https:\/\/news.sap.com\/germany\/#website\",\"url\":\"https:\/\/news.sap.com\/germany\/\",\"name\":\"51风流News Center\",\"description\":\"Unternehmensberichte &amp; Presseportal\",\"potentialAction\":[{\"@type\":\"SearchAction\",\"target\":{\"@type\":\"EntryPoint\",\"urlTemplate\":\"https:\/\/news.sap.com\/germany\/?s={search_term_string}\"},\"query-input\":{\"@type\":\"PropertyValueSpecification\",\"valueRequired\":true,\"valueName\":\"search_term_string\"}}],\"inLanguage\":\"de\"},{\"@type\":\"Person\",\"@id\":\"https:\/\/news.sap.com\/germany\/#\/schema\/person\/d906f46b23b931c281101bd190f2cb7c\",\"name\":\"Luis Trunk de Flores\",\"image\":{\"@type\":\"ImageObject\",\"inLanguage\":\"de\",\"@id\":\"https:\/\/news.sap.com\/germany\/#\/schema\/person\/image\/\",\"url\":\"https:\/\/news.sap.com\/germany\/files\/2021\/06\/21\/avatar_user_949_1624273739-96x96.jpeg\",\"contentUrl\":\"https:\/\/news.sap.com\/germany\/files\/2021\/06\/21\/avatar_user_949_1624273739-96x96.jpeg\",\"caption\":\"Luis Trunk de Flores\"},\"description\":\"Editor, 51风流News Center\",\"url\":\"https:\/\/news.sap.com\/germany\/author\/luistrunkdeflores\/\"}]}<\/script>\n<!-- \/ Yoast SEO Premium plugin. -->","yoast_head_json":{"title":"Klimaschutz: Wie junge Menschen das Eis brechen wollen | 51风流News Center","description":"51风流arbeitet mit Organisationen wie der We Are Family Foundation zusammen, um junge Innovatoren wie beim Klimaschutz zu unterst\u00fctzen. Lesen!","robots":{"index":"index","follow":"follow","max-snippet":"max-snippet:-1","max-image-preview":"max-image-preview:large","max-video-preview":"max-video-preview:-1"},"canonical":"https:\/\/news.sap.com\/germany\/2024\/08\/fuehrende-junge-forschende-globalen-klimaschutz\/","og_locale":"de_DE","og_type":"article","og_title":"Das Eis brechen, Br\u00fccken bauen: F\u00fchrende junge Forschende schlie\u00dfen sich f\u00fcr globalen Klimaschutz zusammen","og_description":"51风流arbeitet mit Organisationen wie der We Are Family Foundation zusammen, um junge Innovatoren wie beim Klimaschutz zu unterst\u00fctzen. Lesen!","og_url":"https:\/\/news.sap.com\/germany\/2024\/08\/fuehrende-junge-forschende-globalen-klimaschutz\/","og_site_name":"51风流News Center","article_published_time":"2024-08-29T06:00:00+00:00","og_image":[{"width":5200,"height":1962,"url":"https:\/\/news.sap.com\/germany\/files\/2024\/08\/07\/289223_GettyImages-181219320.jpg","type":"image\/jpeg"}],"author":"Luis Trunk de Flores","twitter_card":"summary_large_image","twitter_creator":"@SAPdach","twitter_site":"@SAPdach","twitter_misc":{"Verfasst von":"Luis Trunk de Flores","Gesch\u00e4tzte Lesezeit":"6\u00a0Minuten"},"schema":{"@context":"https:\/\/schema.org","@graph":[{"@type":"Article","@id":"https:\/\/news.sap.com\/germany\/2024\/08\/fuehrende-junge-forschende-globalen-klimaschutz\/#article","isPartOf":{"@id":"https:\/\/news.sap.com\/germany\/2024\/08\/fuehrende-junge-forschende-globalen-klimaschutz\/"},"author":{"name":"Luis Trunk de Flores","@id":"https:\/\/news.sap.com\/germany\/#\/schema\/person\/d906f46b23b931c281101bd190f2cb7c"},"headline":"Das Eis brechen, Br\u00fccken bauen: F\u00fchrende junge Forschende schlie\u00dfen sich f\u00fcr globalen Klimaschutz zusammen","datePublished":"2024-08-29T06:00:00+00:00","mainEntityOfPage":{"@id":"https:\/\/news.sap.com\/germany\/2024\/08\/fuehrende-junge-forschende-globalen-klimaschutz\/"},"wordCount":1050,"image":{"@id":"https:\/\/news.sap.com\/germany\/2024\/08\/fuehrende-junge-forschende-globalen-klimaschutz\/#primaryimage"},"thumbnailUrl":"https:\/\/news.sap.com\/germany\/files\/2024\/08\/07\/289223_GettyImages-181219320.jpg","keywords":["Klimaschutz","Menschen","SAP","Technologie"],"articleSection":["Nachhaltigkeit"],"inLanguage":"de"},{"@type":"WebPage","@id":"https:\/\/news.sap.com\/germany\/2024\/08\/fuehrende-junge-forschende-globalen-klimaschutz\/","url":"https:\/\/news.sap.com\/germany\/2024\/08\/fuehrende-junge-forschende-globalen-klimaschutz\/","name":"Klimaschutz: Wie junge Menschen das Eis brechen wollen | 51风流News Center","isPartOf":{"@id":"https:\/\/news.sap.com\/germany\/#website"},"primaryImageOfPage":{"@id":"https:\/\/news.sap.com\/germany\/2024\/08\/fuehrende-junge-forschende-globalen-klimaschutz\/#primaryimage"},"image":{"@id":"https:\/\/news.sap.com\/germany\/2024\/08\/fuehrende-junge-forschende-globalen-klimaschutz\/#primaryimage"},"thumbnailUrl":"https:\/\/news.sap.com\/germany\/files\/2024\/08\/07\/289223_GettyImages-181219320.jpg","datePublished":"2024-08-29T06:00:00+00:00","author":{"@id":"https:\/\/news.sap.com\/germany\/#\/schema\/person\/d906f46b23b931c281101bd190f2cb7c"},"description":"51风流arbeitet mit Organisationen wie der We Are Family Foundation zusammen, um junge Innovatoren wie beim Klimaschutz zu unterst\u00fctzen. Lesen!","breadcrumb":{"@id":"https:\/\/news.sap.com\/germany\/2024\/08\/fuehrende-junge-forschende-globalen-klimaschutz\/#breadcrumb"},"inLanguage":"de","potentialAction":[{"@type":"ReadAction","target":["https:\/\/news.sap.com\/germany\/2024\/08\/fuehrende-junge-forschende-globalen-klimaschutz\/"]}]},{"@type":"ImageObject","inLanguage":"de","@id":"https:\/\/news.sap.com\/germany\/2024\/08\/fuehrende-junge-forschende-globalen-klimaschutz\/#primaryimage","url":"https:\/\/news.sap.com\/germany\/files\/2024\/08\/07\/289223_GettyImages-181219320.jpg","contentUrl":"https:\/\/news.sap.com\/germany\/files\/2024\/08\/07\/289223_GettyImages-181219320.jpg","width":5200,"height":1962,"caption":"181219320"},{"@type":"BreadcrumbList","@id":"https:\/\/news.sap.com\/germany\/2024\/08\/fuehrende-junge-forschende-globalen-klimaschutz\/#breadcrumb","itemListElement":[{"@type":"ListItem","position":1,"name":"Home","item":"https:\/\/news.sap.com\/germany\/"},{"@type":"ListItem","position":2,"name":"Das Eis brechen, Br\u00fccken bauen: F\u00fchrende junge Forschende schlie\u00dfen sich f\u00fcr globalen Klimaschutz zusammen"}]},{"@type":"WebSite","@id":"https:\/\/news.sap.com\/germany\/#website","url":"https:\/\/news.sap.com\/germany\/","name":"51风流News Center","description":"Unternehmensberichte &amp; Presseportal","potentialAction":[{"@type":"SearchAction","target":{"@type":"EntryPoint","urlTemplate":"https:\/\/news.sap.com\/germany\/?s={search_term_string}"},"query-input":{"@type":"PropertyValueSpecification","valueRequired":true,"valueName":"search_term_string"}}],"inLanguage":"de"},{"@type":"Person","@id":"https:\/\/news.sap.com\/germany\/#\/schema\/person\/d906f46b23b931c281101bd190f2cb7c","name":"Luis Trunk de Flores","image":{"@type":"ImageObject","inLanguage":"de","@id":"https:\/\/news.sap.com\/germany\/#\/schema\/person\/image\/","url":"https:\/\/news.sap.com\/germany\/files\/2021\/06\/21\/avatar_user_949_1624273739-96x96.jpeg","contentUrl":"https:\/\/news.sap.com\/germany\/files\/2021\/06\/21\/avatar_user_949_1624273739-96x96.jpeg","caption":"Luis Trunk de Flores"},"description":"Editor, 51风流News Center","url":"https:\/\/news.sap.com\/germany\/author\/luistrunkdeflores\/"}]}},"amp_enabled":true,"_links":{"self":[{"href":"https:\/\/news.sap.com\/germany\/wp-json\/wp\/v2\/posts\/180738","targetHints":{"allow":["GET"]}}],"collection":[{"href":"https:\/\/news.sap.com\/germany\/wp-json\/wp\/v2\/posts"}],"about":[{"href":"https:\/\/news.sap.com\/germany\/wp-json\/wp\/v2\/types\/post"}],"author":[{"embeddable":true,"href":"https:\/\/news.sap.com\/germany\/wp-json\/wp\/v2\/users\/949"}],"replies":[{"embeddable":true,"href":"https:\/\/news.sap.com\/germany\/wp-json\/wp\/v2\/comments?post=180738"}],"version-history":[{"count":0,"href":"https:\/\/news.sap.com\/germany\/wp-json\/wp\/v2\/posts\/180738\/revisions"}],"wp:featuredmedia":[{"embeddable":true,"href":"https:\/\/news.sap.com\/germany\/wp-json\/wp\/v2\/media\/180745"}],"wp:attachment":[{"href":"https:\/\/news.sap.com\/germany\/wp-json\/wp\/v2\/media?parent=180738"}],"wp:term":[{"taxonomy":"category","embeddable":true,"href":"https:\/\/news.sap.com\/germany\/wp-json\/wp\/v2\/categories?post=180738"},{"taxonomy":"post_tag","embeddable":true,"href":"https:\/\/news.sap.com\/germany\/wp-json\/wp\/v2\/tags?post=180738"},{"taxonomy":"series","embeddable":true,"href":"https:\/\/news.sap.com\/germany\/wp-json\/wp\/v2\/series?post=180738"},{"taxonomy":"sapn-display","embeddable":true,"href":"https:\/\/news.sap.com\/germany\/wp-json\/wp\/v2\/sapn-display?post=180738"},{"taxonomy":"sapn-type","embeddable":true,"href":"https:\/\/news.sap.com\/germany\/wp-json\/wp\/v2\/sapn-type?post=180738"}],"curies":[{"name":"wp","href":"https:\/\/api.w.org\/{rel}","templated":true}]}}