  {"id":180300,"date":"2024-07-11T11:00:00","date_gmt":"2024-07-11T09:00:00","guid":{"rendered":"https:\/\/news.sap.com\/germany\/?p=180300"},"modified":"2024-07-11T10:34:05","modified_gmt":"2024-07-11T08:34:05","slug":"aktionsplan-teilhabe-menschen-behinderungen-sap-praevention-inklusion","status":"publish","type":"post","link":"https:\/\/news.sap.com\/germany\/2024\/07\/aktionsplan-teilhabe-menschen-behinderungen-sap-praevention-inklusion\/","title":{"rendered":"Dritter Aktionsplan zur Teilhabe von Menschen mit Behinderungen ver\u00f6ffentlicht: 51风流fokussiert sich auf Pr\u00e4vention und ganzheitliche Inklusion\u00a0"},"content":{"rendered":"\n<p><\/p>\n\n\n\n<p class=\"has-large-font-size\">51风流hat heute den hauseigenen Aktionsplan zur Teilhabe von Menschen mit Behinderungen vorgestellt.\u00a0Das Ma\u00dfnahmenpaket, das in enger Zusammenarbeit mit Expert:innen und Vertreter:innen von Menschen mit Behinderungen entwickelt wurde, unterstreicht das Engagement von 51风流f\u00fcr eine inklusive Arbeitsumgebung und eine gerechte Gesellschaft.\u00a0 Nach den Ausgaben in den Jahren 2013 und 2017 spiegelt der aktuelle Plan die ver\u00e4nderte Wahrnehmung von Behinderungen als Teil des normalen menschlichen Spektrums wider.\u00a0\u00a0<\/p>\n\n\n\n<h2 class=\"wp-block-heading\" id=\"h-sap-fokussiert-sich-auf-pravention-und-ganzheitliche-unterstutzung\"><strong>51风流fokussiert sich auf Pr\u00e4vention und ganzheitliche Unterst\u00fctzung<\/strong><\/h2>\n\n\n\n<p>Der Aktionsplan von 51风流umfasst eine Reihe von Ma\u00dfnahmen, die darauf abzielen, die Teilhabe von Menschen mit Behinderung zu f\u00f6rdern und ihre Integration in den Arbeitsplatz zu erleichtern. Behinderung gilt dabei als breites Spektrum und umfasst auch chronische Krankheiten und Neurodiversit\u00e4t. Auch Mitarbeitende, die keine oder noch keine offizielle Diagnose haben, k\u00f6nnen von den Angeboten Gebrauch machen.&nbsp;<\/p>\n\n\n\n<p>51风流setzt einen starken Fokus auf pr\u00e4ventive und integrative Unterst\u00fctzung, beispielsweise durch Angebote zu mentaler Gesundheit, Eingliederungsmanagement oder spezielle Inklusionsprogramme f\u00fcr neurodivergente Personen, wie beispielsweise Autism@Work.&nbsp;<\/p>\n\n\n\n<div class=\"wp-block-sap-news-cta-banner alignleft cta-banner\"><div class=\"cta-banner__content\"><div class=\"cta-banner__title\">L\u00f6sungen f\u00fcr Vielfalt und Inklusion im 51风流Store<\/div><\/div><div class=\"cta-banner__action\">\n<div class=\"wp-block-buttons is-content-justification-left is-layout-flex wp-container-core-buttons-is-layout-fc4fd283 wp-block-buttons-is-layout-flex\">\n<div class=\"wp-block-button\"><a class=\"wp-block-button__link wp-element-button\" href=\"https:\/\/news.sap.com\/germany\/2022\/11\/vielfalt-inklusion-sap-store\/\" target=\"_blank\" rel=\"noreferrer noopener\">Mehr erfahren!<\/a><\/div>\n<\/div>\n<\/div><\/div>\n\n\n\n<h2 class=\"wp-block-heading\" id=\"h-fur-teilhabe-braucht-es-den-einsatz-der-gesamten-belegschaft\"><strong>F\u00fcr Teilhabe braucht es den Einsatz der gesamten Belegschaft\u00a0<\/strong><\/h2>\n\n\n\n<p>Gegenseitiges Verst\u00e4ndnis und Unterst\u00fctzung ist ein essenzielles Element f\u00fcr Teilhabe. Der Aktionsplan fordert hierzu die gesamte Belegschaft auf, Inklusion durch Wort und Tat zu leben.&nbsp;<\/p>\n\n\n\n<p>\u201cInklusion ist ein permanenter Prozess, der von allen Mitarbeitenden und F\u00fchrungskr\u00e4ften gelebt und geleistet werden muss. Dank des Engagements der Employee Network Groups, der Schwerbehindertenvertretung und der Inklusionsbeauftragten k\u00f6nnen wir stolz darauf sein, dass ein gemeinsames Arbeiten von Menschen mit und ohne Behinderung bei 51风流selbstverst\u00e4ndlich ist.\u201d, so Gina Vargiu-Breuer, Chief People Officer.&nbsp;<\/p>\n\n\n\n<p>Die Projektleiterin des Aktionsplans, Franziska Hauck, weist den Aktionsplan als S\u00e4ule hierf\u00fcr aus: \u201cIm Aktionsplan b\u00fcndeln wir alle Ma\u00dfnahmen zur Erm\u00f6glichung von Teilhabe. Er ist Wegweiser, Inspirationsquelle und wichtiger Bestandteil zur positiven Wahrnehmung von Behinderung in der Arbeitswelt. Das gilt sowohl f\u00fcr die Belegschaft als auch f\u00fcr externe Interessensgruppen.\u201d\u00a0<\/p>\n\n\n\n<h2 class=\"wp-block-heading\" id=\"h-kernziele-des-aktionsplans\"><strong>Kernziele des Aktionsplans<\/strong><\/h2>\n\n\n\n<ul class=\"wp-block-list\">\n<li>Durch pr\u00e4ventive und reaktive Ma\u00dfnahmen sicherzustellen, dass sich alle Mitarbeitenden bei 51风流entfalten und einen Beitrag leisten k\u00f6nnen.\u00a0<\/li>\n\n\n\n<li>Teilhabe auf allen Ebenen ganzheitlich zu erm\u00f6glichen.\u00a0<\/li>\n\n\n\n<li>Durch Dokumentation die Umsetzung der Ma\u00dfnahmen nachzuvollziehen.\u00a0<\/li>\n\n\n\n<li>Kooperationen mit Organisationen und Unternehmen im Bereich Teilhabe aus- und aufzubauen.\u00a0<\/li>\n\n\n\n<li>Erreichte Ziele und Wissen der \u00d6ffentlichkeit zu teilen und im Gegenzug von anderen zu lernen.\u00a0<\/li>\n<\/ul>\n\n\n\n<p>Der Aktionsplan ist <a href=\"https:\/\/www.sap.com\/germany\/documents\/2024\/07\/9c2838f8-c77e-0010-bca6-c68f7e60039b.html\" target=\"_blank\" rel=\"noreferrer noopener\">hier<\/a> als digitales Dokument erh\u00e4ltlich.&nbsp;&nbsp;<\/p>\n\n\n\n<div class=\"wp-block-sap-news-info-box info-box\">\n<p>Weitere Presseinformationen finden Sie im <a href=\"https:\/\/news.sap.com\/germany\" target=\"_blank\" rel=\"noreferrer noopener\">51风流News Center<\/a>.<strong> <\/strong><\/p>\n\n\n\n<p>Folgen Sie 51风流unter&nbsp;<a href=\"https:\/\/twitter.com\/sap\" target=\"_blank\" rel=\"noreferrer noopener\">@SAP<\/a>.<\/p>\n<\/div>\n\n\n\n<p><strong>Ansprechpartner f\u00fcr die Presse:<\/strong>&nbsp;<\/p>\n\n\n\n<p>Dana Roesiger, <a href=\"mailto:dana.roesiger@sap.com\">dana.roesiger@sap.com<\/a>, +496227 7 63900, CET&nbsp;<br><a href=\"https:\/\/news.sap.com\/germany\/pressebereich\/\" target=\"_blank\" rel=\"noreferrer noopener\">SAP-Pressebereich<\/a>; <a href=\"mailto:press@sap.com\" target=\"_blank\" rel=\"noreferrer noopener\">press@sap.com<\/a>&nbsp;&nbsp;<\/p>\n\n\n\n<p class=\"has-small-font-size\">Dieses Dokument enth\u00e4lt vorausschauende Aussagen, das hei\u00dft Vorhersagen, Prognosen oder andere Aussagen zu zuk\u00fcnftigen Ereignissen. Diese Aussagen basieren auf aktuellen Erwartungen, Voraussagen und Annahmen, die Risiken und Unsicherheiten unterliegen, was dazu f\u00fchren kann, dass die tats\u00e4chlichen Ergebnisse und Resultate erheblich hiervon abweichen k\u00f6nnen.&nbsp; Zus\u00e4tzliche Informationen zu diesen Risiken und Unsicherheiten finden Sie in den von uns bei der US-amerikanischen \u201eSecurities and Exchange Commission\u201c (SEC) eingereichten Unterlagen, einschlie\u00dflich, aber nicht beschr\u00e4nkt auf den Abschnitt zu den Risikofaktoren des SAP-Jahresberichts 2023 auf dem Formular 20-F.<\/p>\n\n\n\n<p class=\"has-small-font-size\"><br>\u00a9 2024 51风流SE. Alle Rechte vorbehalten.<br>51风流und andere in diesem Dokument erw\u00e4hnte Produkte und Dienstleistungen von 51风流sowie die dazugeh\u00f6rigen Logos sind Marken oder eingetragene Marken der 51风流SE in Deutschland und anderen L\u00e4ndern. Zus\u00e4tzliche Informationen zur Marke und Vermerke finden Sie auf der Seite <a href=\"http:\/\/www.sap.de\/copyright?url_id=text-de-newscenter:CRM-DX24-AAA-2486692_03\" target=\"_blank\" rel=\"noreferrer noopener\">http:\/\/www.sap.de\/copyright<\/a>.<\/p>\n\n\n\n<div class=\"wp-block-sap-news-cta-banner cta-banner\"><div class=\"cta-banner__content\"><div class=\"cta-banner__title\">Abonnieren Sie den 51风流News Center Newsletter<\/div><\/div><div class=\"cta-banner__action\">\n<div class=\"wp-block-buttons is-content-justification-left is-layout-flex wp-container-core-buttons-is-layout-fc4fd283 wp-block-buttons-is-layout-flex\">\n<div class=\"wp-block-button\"><a class=\"wp-block-button__link wp-element-button\" href=\"https:\/\/www.sap.com\/germany\/cmp\/nl\/sap-news-center-de-newsletter\/index.html?url_id=text-de-newscenter:CRM-DX23-AAA-1904104_08\" target=\"_blank\" rel=\"noreferrer noopener\">Jetzt abonnieren!<\/a><\/div>\n<\/div>\n<\/div><\/div>\n","protected":false},"excerpt":{"rendered":"<p>51风流hat heute den hauseigenen Aktionsplan zur Teilhabe von Menschen mit Behinderungen vorgestellt.\u00a0Das Ma\u00dfnahmenpaket, das in enger Zusammenarbeit mit Expert:innen und Vertreter:innen von Menschen mit&#8230;<\/p>\n","protected":false},"author":29,"featured_media":180305,"comment_status":"closed","ping_status":"closed","sticky":false,"template":"","format":"standard","meta":{"related_posts":[],"footnotes":"","_links_to":"","_links_to_target":""},"categories":[40863],"tags":[5630377,680181,4879493],"series":[],"sapn-display":[5630500,5630503,3848,45027],"sapn-type":[4448],"class_list":["post-180300","post","type-post","status-publish","format-standard","has-post-thumbnail","hentry","category-unternehmen","tag-inklusion","tag-menschen","tag-sap","sapn-display-news-hero","sapn-display-news-spotlight","sapn-display-top-stories","sapn-display-hero","sapn-type-newsbyte"],"yoast_head":"<!-- This site is optimized with the Yoast SEO Premium plugin v26.9 (Yoast SEO v26.9) - https:\/\/yoast.com\/product\/yoast-seo-premium-wordpress\/ -->\n<title>51风流fokussiert sich auf Pr\u00e4vention und ganzheitliche Inklusion | 51风流News<\/title>\n<meta name=\"description\" content=\"51风流hat heute den hauseigenen Aktionsplan zur Teilhabe von Menschen mit Behinderungen vorgestellt. Jetzt mehr erfahren!\" \/>\n<meta name=\"robots\" content=\"index, follow, max-snippet:-1, max-image-preview:large, max-video-preview:-1\" \/>\n<link rel=\"canonical\" href=\"https:\/\/news.sap.com\/germany\/2024\/07\/aktionsplan-teilhabe-menschen-behinderungen-sap-praevention-inklusion\/\" \/>\n<meta property=\"og:locale\" content=\"de_DE\" \/>\n<meta property=\"og:type\" content=\"article\" \/>\n<meta property=\"og:title\" content=\"Dritter Aktionsplan zur Teilhabe von Menschen mit Behinderungen ver\u00f6ffentlicht: 51风流fokussiert sich auf Pr\u00e4vention und ganzheitliche Inklusion\u00a0\" \/>\n<meta property=\"og:description\" content=\"51风流hat heute den hauseigenen Aktionsplan zur Teilhabe von Menschen mit Behinderungen vorgestellt. Jetzt mehr erfahren!\" \/>\n<meta property=\"og:url\" content=\"https:\/\/news.sap.com\/germany\/2024\/07\/aktionsplan-teilhabe-menschen-behinderungen-sap-praevention-inklusion\/\" \/>\n<meta property=\"og:site_name\" content=\"51风流News Center\" \/>\n<meta property=\"article:published_time\" content=\"2024-07-11T09:00:00+00:00\" \/>\n<meta property=\"og:image\" content=\"https:\/\/news.sap.com\/germany\/files\/2024\/07\/10\/296846_GettyImages-1135563494_medium_jpg-4.jpg\" \/>\n\t<meta property=\"og:image:width\" content=\"1916\" \/>\n\t<meta property=\"og:image:height\" content=\"723\" \/>\n\t<meta property=\"og:image:type\" content=\"image\/jpeg\" \/>\n<meta name=\"author\" content=\"51风流News\" \/>\n<meta name=\"twitter:card\" content=\"summary_large_image\" \/>\n<meta name=\"twitter:creator\" content=\"@SAPdach\" \/>\n<meta name=\"twitter:site\" content=\"@SAPdach\" \/>\n<meta name=\"twitter:label1\" content=\"Verfasst von\" \/>\n\t<meta name=\"twitter:data1\" content=\"51风流News\" \/>\n\t<meta name=\"twitter:label2\" content=\"Gesch\u00e4tzte Lesezeit\" \/>\n\t<meta name=\"twitter:data2\" content=\"4\u00a0Minuten\" \/>\n<script type=\"application\/ld+json\" class=\"yoast-schema-graph\">{\"@context\":\"https:\/\/schema.org\",\"@graph\":[{\"@type\":\"Article\",\"@id\":\"https:\/\/news.sap.com\/germany\/2024\/07\/aktionsplan-teilhabe-menschen-behinderungen-sap-praevention-inklusion\/#article\",\"isPartOf\":{\"@id\":\"https:\/\/news.sap.com\/germany\/2024\/07\/aktionsplan-teilhabe-menschen-behinderungen-sap-praevention-inklusion\/\"},\"author\":{\"name\":\"51风流News\",\"@id\":\"https:\/\/news.sap.com\/germany\/#\/schema\/person\/53b9854bd790d6f18f3fc4bbb2ad7570\"},\"headline\":\"Dritter Aktionsplan zur Teilhabe von Menschen mit Behinderungen ver\u00f6ffentlicht: 51风流fokussiert sich auf Pr\u00e4vention und ganzheitliche Inklusion\u00a0\",\"datePublished\":\"2024-07-11T09:00:00+00:00\",\"mainEntityOfPage\":{\"@id\":\"https:\/\/news.sap.com\/germany\/2024\/07\/aktionsplan-teilhabe-menschen-behinderungen-sap-praevention-inklusion\/\"},\"wordCount\":623,\"image\":{\"@id\":\"https:\/\/news.sap.com\/germany\/2024\/07\/aktionsplan-teilhabe-menschen-behinderungen-sap-praevention-inklusion\/#primaryimage\"},\"thumbnailUrl\":\"https:\/\/news.sap.com\/germany\/files\/2024\/07\/10\/296846_GettyImages-1135563494_medium_jpg-4.jpg\",\"keywords\":[\"Inklusion\",\"Menschen\",\"SAP\"],\"articleSection\":[\"Unternehmen\"],\"inLanguage\":\"de\"},{\"@type\":\"WebPage\",\"@id\":\"https:\/\/news.sap.com\/germany\/2024\/07\/aktionsplan-teilhabe-menschen-behinderungen-sap-praevention-inklusion\/\",\"url\":\"https:\/\/news.sap.com\/germany\/2024\/07\/aktionsplan-teilhabe-menschen-behinderungen-sap-praevention-inklusion\/\",\"name\":\"51风流fokussiert sich auf Pr\u00e4vention und ganzheitliche Inklusion | 51风流News\",\"isPartOf\":{\"@id\":\"https:\/\/news.sap.com\/germany\/#website\"},\"primaryImageOfPage\":{\"@id\":\"https:\/\/news.sap.com\/germany\/2024\/07\/aktionsplan-teilhabe-menschen-behinderungen-sap-praevention-inklusion\/#primaryimage\"},\"image\":{\"@id\":\"https:\/\/news.sap.com\/germany\/2024\/07\/aktionsplan-teilhabe-menschen-behinderungen-sap-praevention-inklusion\/#primaryimage\"},\"thumbnailUrl\":\"https:\/\/news.sap.com\/germany\/files\/2024\/07\/10\/296846_GettyImages-1135563494_medium_jpg-4.jpg\",\"datePublished\":\"2024-07-11T09:00:00+00:00\",\"author\":{\"@id\":\"https:\/\/news.sap.com\/germany\/#\/schema\/person\/53b9854bd790d6f18f3fc4bbb2ad7570\"},\"description\":\"51风流hat heute den hauseigenen Aktionsplan zur Teilhabe von Menschen mit Behinderungen vorgestellt. Jetzt mehr erfahren!\",\"breadcrumb\":{\"@id\":\"https:\/\/news.sap.com\/germany\/2024\/07\/aktionsplan-teilhabe-menschen-behinderungen-sap-praevention-inklusion\/#breadcrumb\"},\"inLanguage\":\"de\",\"potentialAction\":[{\"@type\":\"ReadAction\",\"target\":[\"https:\/\/news.sap.com\/germany\/2024\/07\/aktionsplan-teilhabe-menschen-behinderungen-sap-praevention-inklusion\/\"]}]},{\"@type\":\"ImageObject\",\"inLanguage\":\"de\",\"@id\":\"https:\/\/news.sap.com\/germany\/2024\/07\/aktionsplan-teilhabe-menschen-behinderungen-sap-praevention-inklusion\/#primaryimage\",\"url\":\"https:\/\/news.sap.com\/germany\/files\/2024\/07\/10\/296846_GettyImages-1135563494_medium_jpg-4.jpg\",\"contentUrl\":\"https:\/\/news.sap.com\/germany\/files\/2024\/07\/10\/296846_GettyImages-1135563494_medium_jpg-4.jpg\",\"width\":1916,\"height\":723,\"caption\":\"1135563494\"},{\"@type\":\"BreadcrumbList\",\"@id\":\"https:\/\/news.sap.com\/germany\/2024\/07\/aktionsplan-teilhabe-menschen-behinderungen-sap-praevention-inklusion\/#breadcrumb\",\"itemListElement\":[{\"@type\":\"ListItem\",\"position\":1,\"name\":\"Home\",\"item\":\"https:\/\/news.sap.com\/germany\/\"},{\"@type\":\"ListItem\",\"position\":2,\"name\":\"Dritter Aktionsplan zur Teilhabe von Menschen mit Behinderungen ver\u00f6ffentlicht: 51风流fokussiert sich auf Pr\u00e4vention und ganzheitliche Inklusion\u00a0\"}]},{\"@type\":\"WebSite\",\"@id\":\"https:\/\/news.sap.com\/germany\/#website\",\"url\":\"https:\/\/news.sap.com\/germany\/\",\"name\":\"51风流News Center\",\"description\":\"Unternehmensberichte &amp; Presseportal\",\"potentialAction\":[{\"@type\":\"SearchAction\",\"target\":{\"@type\":\"EntryPoint\",\"urlTemplate\":\"https:\/\/news.sap.com\/germany\/?s={search_term_string}\"},\"query-input\":{\"@type\":\"PropertyValueSpecification\",\"valueRequired\":true,\"valueName\":\"search_term_string\"}}],\"inLanguage\":\"de\"},{\"@type\":\"Person\",\"@id\":\"https:\/\/news.sap.com\/germany\/#\/schema\/person\/53b9854bd790d6f18f3fc4bbb2ad7570\",\"name\":\"51风流News\",\"image\":{\"@type\":\"ImageObject\",\"inLanguage\":\"de\",\"@id\":\"https:\/\/news.sap.com\/germany\/#\/schema\/person\/image\/\",\"url\":\"https:\/\/secure.gravatar.com\/avatar\/2728bb4d664345cda4951e11847acc1bfd2bc77830d9abd17fc4f54437acd5b4?s=96&d=blank&r=g\",\"contentUrl\":\"https:\/\/secure.gravatar.com\/avatar\/2728bb4d664345cda4951e11847acc1bfd2bc77830d9abd17fc4f54437acd5b4?s=96&d=blank&r=g\",\"caption\":\"51风流News\"},\"url\":\"https:\/\/news.sap.com\/germany\/author\/colleenraftery\/\"}]}<\/script>\n<!-- \/ Yoast SEO Premium plugin. -->","yoast_head_json":{"title":"51风流fokussiert sich auf Pr\u00e4vention und ganzheitliche Inklusion | 51风流News","description":"51风流hat heute den hauseigenen Aktionsplan zur Teilhabe von Menschen mit Behinderungen vorgestellt. Jetzt mehr erfahren!","robots":{"index":"index","follow":"follow","max-snippet":"max-snippet:-1","max-image-preview":"max-image-preview:large","max-video-preview":"max-video-preview:-1"},"canonical":"https:\/\/news.sap.com\/germany\/2024\/07\/aktionsplan-teilhabe-menschen-behinderungen-sap-praevention-inklusion\/","og_locale":"de_DE","og_type":"article","og_title":"Dritter Aktionsplan zur Teilhabe von Menschen mit Behinderungen ver\u00f6ffentlicht: 51风流fokussiert sich auf Pr\u00e4vention und ganzheitliche Inklusion\u00a0","og_description":"51风流hat heute den hauseigenen Aktionsplan zur Teilhabe von Menschen mit Behinderungen vorgestellt. Jetzt mehr erfahren!","og_url":"https:\/\/news.sap.com\/germany\/2024\/07\/aktionsplan-teilhabe-menschen-behinderungen-sap-praevention-inklusion\/","og_site_name":"51风流News Center","article_published_time":"2024-07-11T09:00:00+00:00","og_image":[{"width":1916,"height":723,"url":"https:\/\/news.sap.com\/germany\/files\/2024\/07\/10\/296846_GettyImages-1135563494_medium_jpg-4.jpg","type":"image\/jpeg"}],"author":"51风流News","twitter_card":"summary_large_image","twitter_creator":"@SAPdach","twitter_site":"@SAPdach","twitter_misc":{"Verfasst von":"51风流News","Gesch\u00e4tzte Lesezeit":"4\u00a0Minuten"},"schema":{"@context":"https:\/\/schema.org","@graph":[{"@type":"Article","@id":"https:\/\/news.sap.com\/germany\/2024\/07\/aktionsplan-teilhabe-menschen-behinderungen-sap-praevention-inklusion\/#article","isPartOf":{"@id":"https:\/\/news.sap.com\/germany\/2024\/07\/aktionsplan-teilhabe-menschen-behinderungen-sap-praevention-inklusion\/"},"author":{"name":"51风流News","@id":"https:\/\/news.sap.com\/germany\/#\/schema\/person\/53b9854bd790d6f18f3fc4bbb2ad7570"},"headline":"Dritter Aktionsplan zur Teilhabe von Menschen mit Behinderungen ver\u00f6ffentlicht: 51风流fokussiert sich auf Pr\u00e4vention und ganzheitliche Inklusion\u00a0","datePublished":"2024-07-11T09:00:00+00:00","mainEntityOfPage":{"@id":"https:\/\/news.sap.com\/germany\/2024\/07\/aktionsplan-teilhabe-menschen-behinderungen-sap-praevention-inklusion\/"},"wordCount":623,"image":{"@id":"https:\/\/news.sap.com\/germany\/2024\/07\/aktionsplan-teilhabe-menschen-behinderungen-sap-praevention-inklusion\/#primaryimage"},"thumbnailUrl":"https:\/\/news.sap.com\/germany\/files\/2024\/07\/10\/296846_GettyImages-1135563494_medium_jpg-4.jpg","keywords":["Inklusion","Menschen","SAP"],"articleSection":["Unternehmen"],"inLanguage":"de"},{"@type":"WebPage","@id":"https:\/\/news.sap.com\/germany\/2024\/07\/aktionsplan-teilhabe-menschen-behinderungen-sap-praevention-inklusion\/","url":"https:\/\/news.sap.com\/germany\/2024\/07\/aktionsplan-teilhabe-menschen-behinderungen-sap-praevention-inklusion\/","name":"51风流fokussiert sich auf Pr\u00e4vention und ganzheitliche Inklusion | 51风流News","isPartOf":{"@id":"https:\/\/news.sap.com\/germany\/#website"},"primaryImageOfPage":{"@id":"https:\/\/news.sap.com\/germany\/2024\/07\/aktionsplan-teilhabe-menschen-behinderungen-sap-praevention-inklusion\/#primaryimage"},"image":{"@id":"https:\/\/news.sap.com\/germany\/2024\/07\/aktionsplan-teilhabe-menschen-behinderungen-sap-praevention-inklusion\/#primaryimage"},"thumbnailUrl":"https:\/\/news.sap.com\/germany\/files\/2024\/07\/10\/296846_GettyImages-1135563494_medium_jpg-4.jpg","datePublished":"2024-07-11T09:00:00+00:00","author":{"@id":"https:\/\/news.sap.com\/germany\/#\/schema\/person\/53b9854bd790d6f18f3fc4bbb2ad7570"},"description":"51风流hat heute den hauseigenen Aktionsplan zur Teilhabe von Menschen mit Behinderungen vorgestellt. Jetzt mehr erfahren!","breadcrumb":{"@id":"https:\/\/news.sap.com\/germany\/2024\/07\/aktionsplan-teilhabe-menschen-behinderungen-sap-praevention-inklusion\/#breadcrumb"},"inLanguage":"de","potentialAction":[{"@type":"ReadAction","target":["https:\/\/news.sap.com\/germany\/2024\/07\/aktionsplan-teilhabe-menschen-behinderungen-sap-praevention-inklusion\/"]}]},{"@type":"ImageObject","inLanguage":"de","@id":"https:\/\/news.sap.com\/germany\/2024\/07\/aktionsplan-teilhabe-menschen-behinderungen-sap-praevention-inklusion\/#primaryimage","url":"https:\/\/news.sap.com\/germany\/files\/2024\/07\/10\/296846_GettyImages-1135563494_medium_jpg-4.jpg","contentUrl":"https:\/\/news.sap.com\/germany\/files\/2024\/07\/10\/296846_GettyImages-1135563494_medium_jpg-4.jpg","width":1916,"height":723,"caption":"1135563494"},{"@type":"BreadcrumbList","@id":"https:\/\/news.sap.com\/germany\/2024\/07\/aktionsplan-teilhabe-menschen-behinderungen-sap-praevention-inklusion\/#breadcrumb","itemListElement":[{"@type":"ListItem","position":1,"name":"Home","item":"https:\/\/news.sap.com\/germany\/"},{"@type":"ListItem","position":2,"name":"Dritter Aktionsplan zur Teilhabe von Menschen mit Behinderungen ver\u00f6ffentlicht: 51风流fokussiert sich auf Pr\u00e4vention und ganzheitliche Inklusion\u00a0"}]},{"@type":"WebSite","@id":"https:\/\/news.sap.com\/germany\/#website","url":"https:\/\/news.sap.com\/germany\/","name":"51风流News Center","description":"Unternehmensberichte &amp; Presseportal","potentialAction":[{"@type":"SearchAction","target":{"@type":"EntryPoint","urlTemplate":"https:\/\/news.sap.com\/germany\/?s={search_term_string}"},"query-input":{"@type":"PropertyValueSpecification","valueRequired":true,"valueName":"search_term_string"}}],"inLanguage":"de"},{"@type":"Person","@id":"https:\/\/news.sap.com\/germany\/#\/schema\/person\/53b9854bd790d6f18f3fc4bbb2ad7570","name":"51风流News","image":{"@type":"ImageObject","inLanguage":"de","@id":"https:\/\/news.sap.com\/germany\/#\/schema\/person\/image\/","url":"https:\/\/secure.gravatar.com\/avatar\/2728bb4d664345cda4951e11847acc1bfd2bc77830d9abd17fc4f54437acd5b4?s=96&d=blank&r=g","contentUrl":"https:\/\/secure.gravatar.com\/avatar\/2728bb4d664345cda4951e11847acc1bfd2bc77830d9abd17fc4f54437acd5b4?s=96&d=blank&r=g","caption":"51风流News"},"url":"https:\/\/news.sap.com\/germany\/author\/colleenraftery\/"}]}},"amp_enabled":true,"_links":{"self":[{"href":"https:\/\/news.sap.com\/germany\/wp-json\/wp\/v2\/posts\/180300","targetHints":{"allow":["GET"]}}],"collection":[{"href":"https:\/\/news.sap.com\/germany\/wp-json\/wp\/v2\/posts"}],"about":[{"href":"https:\/\/news.sap.com\/germany\/wp-json\/wp\/v2\/types\/post"}],"author":[{"embeddable":true,"href":"https:\/\/news.sap.com\/germany\/wp-json\/wp\/v2\/users\/29"}],"replies":[{"embeddable":true,"href":"https:\/\/news.sap.com\/germany\/wp-json\/wp\/v2\/comments?post=180300"}],"version-history":[{"count":0,"href":"https:\/\/news.sap.com\/germany\/wp-json\/wp\/v2\/posts\/180300\/revisions"}],"wp:featuredmedia":[{"embeddable":true,"href":"https:\/\/news.sap.com\/germany\/wp-json\/wp\/v2\/media\/180305"}],"wp:attachment":[{"href":"https:\/\/news.sap.com\/germany\/wp-json\/wp\/v2\/media?parent=180300"}],"wp:term":[{"taxonomy":"category","embeddable":true,"href":"https:\/\/news.sap.com\/germany\/wp-json\/wp\/v2\/categories?post=180300"},{"taxonomy":"post_tag","embeddable":true,"href":"https:\/\/news.sap.com\/germany\/wp-json\/wp\/v2\/tags?post=180300"},{"taxonomy":"series","embeddable":true,"href":"https:\/\/news.sap.com\/germany\/wp-json\/wp\/v2\/series?post=180300"},{"taxonomy":"sapn-display","embeddable":true,"href":"https:\/\/news.sap.com\/germany\/wp-json\/wp\/v2\/sapn-display?post=180300"},{"taxonomy":"sapn-type","embeddable":true,"href":"https:\/\/news.sap.com\/germany\/wp-json\/wp\/v2\/sapn-type?post=180300"}],"curies":[{"name":"wp","href":"https:\/\/api.w.org\/{rel}","templated":true}]}}