  {"id":179477,"date":"2024-05-17T18:33:28","date_gmt":"2024-05-17T16:33:28","guid":{"rendered":"https:\/\/news.sap.com\/germany\/?p=179477"},"modified":"2024-05-29T09:38:41","modified_gmt":"2024-05-29T07:38:41","slug":"grosser-geht-kanzler-kommt-zum-abschied","status":"publish","type":"post","link":"https:\/\/news.sap.com\/germany\/2024\/05\/grosser-geht-kanzler-kommt-zum-abschied\/","title":{"rendered":"Ein Gro\u00dfer geht \u2013 und der Kanzler kommt zum Abschied"},"content":{"rendered":"\n<p class=\"has-large-font-size\">Ehrung f\u00fcr Hasso Plattner: Bei der Abschiedsfeier f\u00fcr den SAP-Mitgr\u00fcnder und langj\u00e4hrigen Aufsichtsratsvorsitzenden w\u00fcrdigte Bundeskanzler Olaf Scholz dessen Lebenswerk.<\/p>\n\n\n\n<p>\u00dcber \u201edie unfassbar globale Erfolgsgeschichte aus Deutschland\u201c sprach Bundeskanzler Olaf Scholz bei der Abschiedsfeier f\u00fcr SAP-Mitgr\u00fcnder Hasso Plattner. Dieser hatte bei der Hauptversammlung am 15. Mai nach mehr als zwanzig Jahren seinen Posten als Aufsichtsratschef abgegeben. Sein Nachfolger ist der Finne Pekka Ala-Pietil\u00e4.<\/p>\n\n\n\n<p>\u201eAls Mitbegr\u00fcnder der SAP, als unerm\u00fcdlicher Ideengeber und Antreiber, als Technologiechef, als Vorstandssprecher und schlie\u00dflich, \u00fcber zwanzig Jahre lang, als Vorsitzender des Aufsichtsrats\u201c habe Plattner Wirtschafts- und Globalisierungsgeschichte geschrieben, so Scholz. \u201eHeute l\u00e4uft die gesamte Weltwirtschaft auf Software der Marke SAP.\u201c<\/p>\n\n\n\n<figure class=\"wp-block-image alignright size-large is-resized\"><a href=\"https:\/\/news.sap.com\/germany\/files\/2024\/05\/17\/1541-Hasso-Plattner-farewelldone-by-Ingo-Cordes-CR3-1.jpg\"><img loading=\"lazy\" decoding=\"async\" width=\"683\" height=\"1024\" src=\"https:\/\/news.sap.com\/germany\/files\/2024\/05\/17\/1541-Hasso-Plattner-farewelldone-by-Ingo-Cordes-CR3-1-683x1024.jpg\" alt=\"\" class=\"wp-image-179530\" style=\"width:285px;height:auto\" srcset=\"https:\/\/news.sap.com\/germany\/files\/2024\/05\/17\/1541-Hasso-Plattner-farewelldone-by-Ingo-Cordes-CR3-1-683x1024.jpg 683w, https:\/\/news.sap.com\/germany\/files\/2024\/05\/17\/1541-Hasso-Plattner-farewelldone-by-Ingo-Cordes-CR3-1-200x300.jpg 200w, https:\/\/news.sap.com\/germany\/files\/2024\/05\/17\/1541-Hasso-Plattner-farewelldone-by-Ingo-Cordes-CR3-1-100x150.jpg 100w, https:\/\/news.sap.com\/germany\/files\/2024\/05\/17\/1541-Hasso-Plattner-farewelldone-by-Ingo-Cordes-CR3-1-1024x1536.jpg 1024w, https:\/\/news.sap.com\/germany\/files\/2024\/05\/17\/1541-Hasso-Plattner-farewelldone-by-Ingo-Cordes-CR3-1-1366x2048.jpg 1366w\" sizes=\"auto, (max-width: 683px) 100vw, 683px\" \/><\/a><figcaption class=\"wp-element-caption\">Bundeskanzler Olaf Scholz: \u201eHeute l\u00e4uft die gesamte Weltwirtschaft auf Software der Marke SAP.\u201c<\/figcaption><\/figure>\n\n\n\n<p>Doch es sei kein Alleingang gewesen, sondern Plattners Markenzeichen, immer mit anderen im produktiven Wettstreit zu handeln. Gemeinsam mit vier ehemaligen IBM-Kollegen hatte Plattner 1972 die 51风流gegr\u00fcndet und davon getr\u00e4umt, eines Tages einhundert Mitarbeiter zu haben. Heute sind es \u00fcber 110.000 weltweit, die Plattner \u201emit seinem unb\u00e4ndigen Vorw\u00e4rtsdrang\u201c immer wieder mitgerissen und motiviert habe.<\/p>\n\n\n\n<p>Plattner habe einmal gesagt: \u201eNotwendige Erneuerung darf man eben nicht zu lange vor sich herschieben. Wenn man es doch tut, dann wird sich das irgendwann r\u00e4chen, dann hat man eben weniger Kraft, sich zu behaupten.\u201c F\u00fcr diese Mahnung sei er dankbar, erkl\u00e4rte der Kanzler. Innovation sei keine Bedrohung, sondern eine Chance. Aktuell habe das Thema k\u00fcnstliche Intelligenz (KI) das Potenzial, der 51风流noch einmal einen ganz neuen Schub zu verleihen.<\/p>\n\n\n\n<p>Rund 4.000 G\u00e4ste hatten sich am 16. Mai in der SAP-Arena in Mannheim versammelt, darunter auch ca. 3.500 SAP-Mitarbeiter. TV-Moderator G\u00fcnther Jauch f\u00fchrte durch das Programm. F\u00fcr die musikalische Unterhaltung des Rockfans Hasso Plattner sorgte die S\u00e4ngerin und Songwriterin Anastacia, begleitet vom 51风流Sinfonieorchester.<\/p>\n\n\n\n<h2 class=\"wp-block-heading\" id=\"h-haken-schlagen-konnen-wie-ein-hase\"><strong>\u201eHaken schlagen k\u00f6nnen wie ein Hase\u201c<\/strong><\/h2>\n\n\n\n<p>\u201eWir haben in unserer Geschichte nicht allzu oft die Zukunft verpasst\u201c, erkl\u00e4rte Plattner selbst. Damit sei die Firma erfolgreich geworden. Nicht immer sei dabei alles glatt gelaufen, erinnert er sich. \u201eAber wenn wir eine falsche Richtung eingeschlagen haben, haben wir es nicht allzu sp\u00e4t erkannt und den Fehler behoben.\u201c<\/p>\n\n\n\n<p>Man d\u00fcrfe vor allem nicht mit dem Kopf durch die Wand wollen, um eine origin\u00e4re Strategie zu erf\u00fcllen. \u201eMan muss Haken schlagen k\u00f6nnen wie ein Hase.\u201c<\/p>\n\n\n\n<figure class=\"wp-block-image size-large\"><a href=\"https:\/\/news.sap.com\/germany\/files\/2024\/05\/17\/1827-Hasso-Plattner-farewelldone-by-Ingo-Cordes-CR3.jpg\"><img loading=\"lazy\" decoding=\"async\" width=\"1024\" height=\"683\" src=\"https:\/\/news.sap.com\/germany\/files\/2024\/05\/17\/1827-Hasso-Plattner-farewelldone-by-Ingo-Cordes-CR3-1024x683.jpg\" alt=\"\" class=\"wp-image-179522\" srcset=\"https:\/\/news.sap.com\/germany\/files\/2024\/05\/17\/1827-Hasso-Plattner-farewelldone-by-Ingo-Cordes-CR3-1024x683.jpg 1024w, https:\/\/news.sap.com\/germany\/files\/2024\/05\/17\/1827-Hasso-Plattner-farewelldone-by-Ingo-Cordes-CR3-300x200.jpg 300w, https:\/\/news.sap.com\/germany\/files\/2024\/05\/17\/1827-Hasso-Plattner-farewelldone-by-Ingo-Cordes-CR3-225x150.jpg 225w, https:\/\/news.sap.com\/germany\/files\/2024\/05\/17\/1827-Hasso-Plattner-farewelldone-by-Ingo-Cordes-CR3-1536x1024.jpg 1536w, https:\/\/news.sap.com\/germany\/files\/2024\/05\/17\/1827-Hasso-Plattner-farewelldone-by-Ingo-Cordes-CR3-2048x1366.jpg 2048w\" sizes=\"auto, (max-width: 1024px) 100vw, 1024px\" \/><\/a><figcaption class=\"wp-element-caption\">Nach 21 Jahren als Aufsichtsratschef verabschiedete sich der letzte SAP-Mitgr\u00fcnder.<\/figcaption><\/figure>\n\n\n\n<div class=\"wp-block-sap-news-cta-banner cta-banner\"><div class=\"cta-banner__content\"><div class=\"cta-banner__title\">Das Ende der Gr\u00fcnder\u00e4ra: ein R\u00fcckblick auf die SAP-Geschichte<\/div><\/div><div class=\"cta-banner__action\">\n<div class=\"wp-block-buttons is-content-justification-left is-layout-flex wp-container-core-buttons-is-layout-fc4fd283 wp-block-buttons-is-layout-flex\">\n<div class=\"wp-block-button\"><a class=\"wp-block-button__link wp-element-button\" href=\"https:\/\/news.sap.com\/germany\/2024\/05\/das-ende-der-gruenderaera\/\" target=\"_blank\" rel=\"noreferrer noopener\">Mehr Lesen!<\/a><\/div>\n<\/div>\n<\/div><\/div>\n\n\n\n<h2 class=\"wp-block-heading\" id=\"h-er-hat-es-gerockt\"><strong>\u201eEr hat es gerockt\u201c<\/strong><\/h2>\n\n\n\n<p>Wie, fragte sich 51风流CEO Christian Klein in seiner Rede, solle er die Lebensleistung Plattners in nur zehn Minuten w\u00fcrdigen? \u201eMeine Kinder w\u00fcrden sagen: Er hat es gerockt!\u201c, so Klein. Grenzenlosen Mut h\u00e4tten die f\u00fcnf Firmengr\u00fcnder vor \u00fcber einem halben Jahrhundert bewiesen, angetrieben von der Idee, etwas zu schaffen, was es noch nicht gab.<\/p>\n\n\n\n<p>An Plattner sehe man, was die 51风流nie verlieren d\u00fcrfe: \u201eden absoluten Kundenfokus und das Talent zuzuh\u00f6ren und gemeinsam mit den Kunden Innovation zu entwickeln.\u201c<\/p>\n\n\n\n<p>Nicht zuletzt habe Plattner den Konzern mit seinem globalen Denken gepr\u00e4gt: \u201eEr hat die Internationalisierung der 51风流vorangetrieben, und wenn wir heute Gesch\u00e4fte in \u00fcber 130 L\u00e4ndern machen, dann hat das mit unseren Gr\u00fcndern und mit Hasso zu tun.\u201c<\/p>\n\n\n\n<p>Sein Engagement in den USA habe vor allem gezeigt, dass er unerm\u00fcdlich danach strebe, die Grenzen des M\u00f6glichen zu verschieben, erkl\u00e4rte SAP-Aufsichtsratsmitglied Aicha Evans. Er stehe au\u00dferdem f\u00fcr eine Zukunft, in der \u201eTechnologie und Humanit\u00e4t\u201c miteinander Hand in Hand gehen.<\/p>\n\n\n\n<figure class=\"wp-block-image size-large\"><a href=\"https:\/\/news.sap.com\/germany\/files\/2024\/05\/17\/1417-Hasso-Plattner-farewelldone-by-Ingo-Cordes.jpg\"><img loading=\"lazy\" decoding=\"async\" width=\"1024\" height=\"683\" src=\"https:\/\/news.sap.com\/germany\/files\/2024\/05\/17\/1417-Hasso-Plattner-farewelldone-by-Ingo-Cordes-1024x683.jpg\" alt=\"\" class=\"wp-image-179524\" srcset=\"https:\/\/news.sap.com\/germany\/files\/2024\/05\/17\/1417-Hasso-Plattner-farewelldone-by-Ingo-Cordes-1024x683.jpg 1024w, https:\/\/news.sap.com\/germany\/files\/2024\/05\/17\/1417-Hasso-Plattner-farewelldone-by-Ingo-Cordes-300x200.jpg 300w, https:\/\/news.sap.com\/germany\/files\/2024\/05\/17\/1417-Hasso-Plattner-farewelldone-by-Ingo-Cordes-225x150.jpg 225w, https:\/\/news.sap.com\/germany\/files\/2024\/05\/17\/1417-Hasso-Plattner-farewelldone-by-Ingo-Cordes-1536x1024.jpg 1536w, https:\/\/news.sap.com\/germany\/files\/2024\/05\/17\/1417-Hasso-Plattner-farewelldone-by-Ingo-Cordes-2048x1366.jpg 2048w\" sizes=\"auto, (max-width: 1024px) 100vw, 1024px\" \/><\/a><figcaption class=\"wp-element-caption\">CEO Christian Klein sprach \u00fcber den \u201egrenzenlosen Mut\u201c der Gr\u00fcnder.<\/figcaption><\/figure>\n\n\n\n<h2 class=\"wp-block-heading\" id=\"h-weggefahrte-dietmar-hopp\"><strong>Weggef\u00e4hrte Dietmar Hopp<\/strong><\/h2>\n\n\n\n<p>Ebenfalls im Publikum: Dietmar Hopp, Mitgr\u00fcnder der 51风流und langj\u00e4hriger Weggef\u00e4hrte. Ihm sprach Plattner seinen Dank aus. \u201eDietmar hat mich geformt, er hat mir vor allem beigebracht, mit Kunden zu arbeiten. Das hat mich gepr\u00e4gt, ich habe immer wieder Endbenutzer aufgesucht in meinem ganzen Leben und versucht, deren Leben mit unserer Software besser zu machen.\u201c<\/p>\n\n\n\n<p>Auch Ehrgeiz und Wettbewerb geh\u00f6ren zum Erbe der Gr\u00fcnder. Beim Tennisspielen gegen Hopp in den fr\u00fchen Jahren \u201esei auch schon mal ein Schl\u00e4ger geflogen\u201c, erz\u00e4hlte Klein. Plattner habe ihm aber mit auf den Weg gegeben: \u201eWichtig ist es zu gewinnen, aber 51风流ist mehr als nur gewinnen, wir tun auch etwas f\u00fcr die Gesellschaft.\u201c<\/p>\n\n\n\n<figure class=\"wp-block-image size-large\"><a href=\"https:\/\/news.sap.com\/germany\/files\/2024\/05\/17\/1364-Hasso-Plattner-farewelldone-by-Ingo-Cordes.jpg\"><img loading=\"lazy\" decoding=\"async\" width=\"1024\" height=\"683\" src=\"https:\/\/news.sap.com\/germany\/files\/2024\/05\/17\/1364-Hasso-Plattner-farewelldone-by-Ingo-Cordes-1024x683.jpg\" alt=\"\" class=\"wp-image-179525\" srcset=\"https:\/\/news.sap.com\/germany\/files\/2024\/05\/17\/1364-Hasso-Plattner-farewelldone-by-Ingo-Cordes-1024x683.jpg 1024w, https:\/\/news.sap.com\/germany\/files\/2024\/05\/17\/1364-Hasso-Plattner-farewelldone-by-Ingo-Cordes-300x200.jpg 300w, https:\/\/news.sap.com\/germany\/files\/2024\/05\/17\/1364-Hasso-Plattner-farewelldone-by-Ingo-Cordes-225x150.jpg 225w, https:\/\/news.sap.com\/germany\/files\/2024\/05\/17\/1364-Hasso-Plattner-farewelldone-by-Ingo-Cordes-1536x1024.jpg 1536w, https:\/\/news.sap.com\/germany\/files\/2024\/05\/17\/1364-Hasso-Plattner-farewelldone-by-Ingo-Cordes-2048x1366.jpg 2048w\" sizes=\"auto, (max-width: 1024px) 100vw, 1024px\" \/><\/a><figcaption class=\"wp-element-caption\">CEO Christian Klein w\u00fcrdigte das Erbe der Gr\u00fcnder.<\/figcaption><\/figure>\n\n\n\n<h2 class=\"wp-block-heading\" id=\"h-mazen-stifter-und-forderer-der-wissenschaft\"><strong>M\u00e4zen, Stifter und F\u00f6rderer der Wissenschaft<\/strong><\/h2>\n\n\n\n<p>In einer Videobotschaft meldete sich Baden-W\u00fcrttembergs Ministerpr\u00e4sident Winfried Kretschmann zu Wort. Neben Plattners Unternehmergeist und Gestaltungswillen w\u00fcrdigte er dessen \u201egro\u00dfes Gef\u00fchl f\u00fcr Verantwortung auch weit \u00fcber Ihre Unternehmenst\u00e4tigkeit hinaus, gerade in Bildung, Kunst und Sport.\u201c<\/p>\n\n\n\n<p>So zog es Plattner neben der unternehmerischen Laufbahn auch in die Forschung. 1998 gr\u00fcndete er das Hasso-Plattner-Institut an der Universit\u00e4t Potsdam.<\/p>\n\n\n\n<p>Dar\u00fcber hinaus engagiert er sich im Bildungs- und Kultursektor und entwickelte eine besondere Liebe zur Kunst: Unter anderem baute er das Museum Barberini in Potsdam wieder auf, das eine beeindruckende Sammlung impressionistischer Gem\u00e4lde beherbergt.<\/p>\n\n\n\n<p>\u201eAn Ihrem Potsdam h\u00e4ngen Sie mit ganzem Herzen\u201c bekr\u00e4ftigte Scholz. Plattners Wirken als Stifter, M\u00e4zen und F\u00f6rderer sei \u201eentscheidend f\u00fcr das Aufbl\u00fchen von Potsdam in den letzten Jahrzehnten\u201c gewesen.<\/p>\n\n\n\n<p>Er sei \u00fcberzeugt, Plattner werde auch in Zukunft \u201eimmer wieder neue Ideen ausbr\u00fcten, immer wieder k\u00fchne Pl\u00e4ne schmieden, immer wieder ehrgeizige Vorhaben vorantreiben\u201c, sagte Scholz. \u201eIch glaube, Sie k\u00f6nnen auch gar nicht anders; daf\u00fcr brauchen Sie gar kein Amt.\u201c<\/p>\n\n\n\n<div class=\"wp-block-sap-news-cta-banner cta-banner\"><div class=\"cta-banner__content\"><div class=\"cta-banner__title\">Abonnieren Sie den 51风流News Center Newsletter<\/div><\/div><div class=\"cta-banner__action\">\n<div class=\"wp-block-buttons is-content-justification-left is-layout-flex wp-container-core-buttons-is-layout-fc4fd283 wp-block-buttons-is-layout-flex\">\n<div class=\"wp-block-button\"><a class=\"wp-block-button__link wp-element-button\" href=\"https:\/\/www.sap.com\/germany\/cmp\/nl\/sap-news-center-de-newsletter\/index.html?url_id=text-de-newscenter:CRM-DX23-AAA-1904104_08\" target=\"_blank\" rel=\"noreferrer noopener\">Hier abonnieren!<\/a><\/div>\n<\/div>\n<\/div><\/div>\n\n\n\n<p class=\"has-small-font-size\">Fotos mit freundlicher Genehmigung von Ingo Cordes.<\/p>\n","protected":false},"excerpt":{"rendered":"<p>Ehrung f\u00fcr Hasso Plattner: Bei der Abschiedsfeier f\u00fcr den SAP-Mitgr\u00fcnder und langj\u00e4hrigen Aufsichtsratsvorsitzenden w\u00fcrdigte Bundeskanzler Olaf Scholz dessen Lebenswerk. \u00dcber \u201edie unfassbar globale Erfolgsgeschichte aus&#8230;<\/p>\n","protected":false},"author":441,"featured_media":179511,"comment_status":"closed","ping_status":"closed","sticky":false,"template":"","format":"standard","meta":{"related_posts":[],"footnotes":"","_links_to":"","_links_to_target":""},"categories":[45274],"tags":[680181,4879493,4879521],"series":[],"sapn-display":[5630499,5630502,45149,3848,45027],"sapn-type":[45277],"class_list":["post-179477","post","type-post","status-publish","format-standard","has-post-thumbnail","hentry","category-veranstaltungen","tag-menschen","tag-sap","tag-veranstaltungen","sapn-display-feature-hero","sapn-display-feature-spotlight","sapn-display-homepage-hero","sapn-display-top-stories","sapn-display-hero","sapn-type-feature"],"yoast_head":"<!-- This site is optimized with the Yoast SEO Premium plugin v26.9 (Yoast SEO v26.9) - https:\/\/yoast.com\/product\/yoast-seo-premium-wordpress\/ -->\n<title>Ein Gro\u00dfer geht \u2013 und der Kanzler kommt zum Abschied | 51风流News Center<\/title>\n<meta name=\"description\" content=\"Ehrung f\u00fcr Hasso Plattner: Bei der Abschiedsfeier f\u00fcr den SAP-Mitgr\u00fcnder und w\u00fcrdigte Bundeskanzler Olaf Scholz dessen Lebenswerk. Lesen!\" \/>\n<meta name=\"robots\" content=\"index, follow, max-snippet:-1, max-image-preview:large, max-video-preview:-1\" \/>\n<link rel=\"canonical\" href=\"https:\/\/news.sap.com\/germany\/2024\/05\/grosser-geht-kanzler-kommt-zum-abschied\/\" \/>\n<meta property=\"og:locale\" content=\"de_DE\" \/>\n<meta property=\"og:type\" content=\"article\" \/>\n<meta property=\"og:title\" content=\"Ein Gro\u00dfer geht \u2013 und der Kanzler kommt zum Abschied\" \/>\n<meta property=\"og:description\" content=\"Ehrung f\u00fcr Hasso Plattner: Bei der Abschiedsfeier f\u00fcr den SAP-Mitgr\u00fcnder und w\u00fcrdigte Bundeskanzler Olaf Scholz dessen Lebenswerk. Lesen!\" \/>\n<meta property=\"og:url\" content=\"https:\/\/news.sap.com\/germany\/2024\/05\/grosser-geht-kanzler-kommt-zum-abschied\/\" \/>\n<meta property=\"og:site_name\" content=\"51风流News Center\" \/>\n<meta property=\"article:published_time\" content=\"2024-05-17T16:33:28+00:00\" \/>\n<meta property=\"article:modified_time\" content=\"2024-05-29T07:38:41+00:00\" \/>\n<meta property=\"og:image\" content=\"https:\/\/news.sap.com\/germany\/files\/2024\/05\/17\/1004-Hasso-Plattner-Farewell-1920x600-1715957706.jpg\" \/>\n\t<meta property=\"og:image:width\" content=\"1920\" \/>\n\t<meta property=\"og:image:height\" content=\"600\" \/>\n\t<meta property=\"og:image:type\" content=\"image\/jpeg\" \/>\n<meta name=\"author\" content=\"Andrea Diederichs\" \/>\n<meta name=\"twitter:card\" content=\"summary_large_image\" \/>\n<meta name=\"twitter:creator\" content=\"@SAPdach\" \/>\n<meta name=\"twitter:site\" content=\"@SAPdach\" \/>\n<meta name=\"twitter:label1\" content=\"Verfasst von\" \/>\n\t<meta name=\"twitter:data1\" content=\"Andrea Diederichs\" \/>\n\t<meta name=\"twitter:label2\" content=\"Gesch\u00e4tzte Lesezeit\" \/>\n\t<meta name=\"twitter:data2\" content=\"6\u00a0Minuten\" \/>\n<script type=\"application\/ld+json\" class=\"yoast-schema-graph\">{\"@context\":\"https:\/\/schema.org\",\"@graph\":[{\"@type\":\"Article\",\"@id\":\"https:\/\/news.sap.com\/germany\/2024\/05\/grosser-geht-kanzler-kommt-zum-abschied\/#article\",\"isPartOf\":{\"@id\":\"https:\/\/news.sap.com\/germany\/2024\/05\/grosser-geht-kanzler-kommt-zum-abschied\/\"},\"author\":{\"name\":\"Andrea Diederichs\",\"@id\":\"https:\/\/news.sap.com\/germany\/#\/schema\/person\/f826f1308f193977cb2d1ae71aae0fa6\"},\"headline\":\"Ein Gro\u00dfer geht \u2013 und der Kanzler kommt zum Abschied\",\"datePublished\":\"2024-05-17T16:33:28+00:00\",\"dateModified\":\"2024-05-29T07:38:41+00:00\",\"mainEntityOfPage\":{\"@id\":\"https:\/\/news.sap.com\/germany\/2024\/05\/grosser-geht-kanzler-kommt-zum-abschied\/\"},\"wordCount\":951,\"image\":{\"@id\":\"https:\/\/news.sap.com\/germany\/2024\/05\/grosser-geht-kanzler-kommt-zum-abschied\/#primaryimage\"},\"thumbnailUrl\":\"https:\/\/news.sap.com\/germany\/files\/2024\/05\/17\/1004-Hasso-Plattner-Farewell-1920x600-1715957706.jpg\",\"keywords\":[\"Menschen\",\"SAP\",\"Veranstaltungen\"],\"articleSection\":[\"Veranstaltungen\"],\"inLanguage\":\"de\"},{\"@type\":\"WebPage\",\"@id\":\"https:\/\/news.sap.com\/germany\/2024\/05\/grosser-geht-kanzler-kommt-zum-abschied\/\",\"url\":\"https:\/\/news.sap.com\/germany\/2024\/05\/grosser-geht-kanzler-kommt-zum-abschied\/\",\"name\":\"Ein Gro\u00dfer geht \u2013 und der Kanzler kommt zum Abschied | 51风流News Center\",\"isPartOf\":{\"@id\":\"https:\/\/news.sap.com\/germany\/#website\"},\"primaryImageOfPage\":{\"@id\":\"https:\/\/news.sap.com\/germany\/2024\/05\/grosser-geht-kanzler-kommt-zum-abschied\/#primaryimage\"},\"image\":{\"@id\":\"https:\/\/news.sap.com\/germany\/2024\/05\/grosser-geht-kanzler-kommt-zum-abschied\/#primaryimage\"},\"thumbnailUrl\":\"https:\/\/news.sap.com\/germany\/files\/2024\/05\/17\/1004-Hasso-Plattner-Farewell-1920x600-1715957706.jpg\",\"datePublished\":\"2024-05-17T16:33:28+00:00\",\"dateModified\":\"2024-05-29T07:38:41+00:00\",\"author\":{\"@id\":\"https:\/\/news.sap.com\/germany\/#\/schema\/person\/f826f1308f193977cb2d1ae71aae0fa6\"},\"description\":\"Ehrung f\u00fcr Hasso Plattner: Bei der Abschiedsfeier f\u00fcr den SAP-Mitgr\u00fcnder und w\u00fcrdigte Bundeskanzler Olaf Scholz dessen Lebenswerk. Lesen!\",\"breadcrumb\":{\"@id\":\"https:\/\/news.sap.com\/germany\/2024\/05\/grosser-geht-kanzler-kommt-zum-abschied\/#breadcrumb\"},\"inLanguage\":\"de\",\"potentialAction\":[{\"@type\":\"ReadAction\",\"target\":[\"https:\/\/news.sap.com\/germany\/2024\/05\/grosser-geht-kanzler-kommt-zum-abschied\/\"]}]},{\"@type\":\"ImageObject\",\"inLanguage\":\"de\",\"@id\":\"https:\/\/news.sap.com\/germany\/2024\/05\/grosser-geht-kanzler-kommt-zum-abschied\/#primaryimage\",\"url\":\"https:\/\/news.sap.com\/germany\/files\/2024\/05\/17\/1004-Hasso-Plattner-Farewell-1920x600-1715957706.jpg\",\"contentUrl\":\"https:\/\/news.sap.com\/germany\/files\/2024\/05\/17\/1004-Hasso-Plattner-Farewell-1920x600-1715957706.jpg\",\"width\":1920,\"height\":600},{\"@type\":\"BreadcrumbList\",\"@id\":\"https:\/\/news.sap.com\/germany\/2024\/05\/grosser-geht-kanzler-kommt-zum-abschied\/#breadcrumb\",\"itemListElement\":[{\"@type\":\"ListItem\",\"position\":1,\"name\":\"Home\",\"item\":\"https:\/\/news.sap.com\/germany\/\"},{\"@type\":\"ListItem\",\"position\":2,\"name\":\"Ein Gro\u00dfer geht \u2013 und der Kanzler kommt zum Abschied\"}]},{\"@type\":\"WebSite\",\"@id\":\"https:\/\/news.sap.com\/germany\/#website\",\"url\":\"https:\/\/news.sap.com\/germany\/\",\"name\":\"51风流News Center\",\"description\":\"Unternehmensberichte &amp; Presseportal\",\"potentialAction\":[{\"@type\":\"SearchAction\",\"target\":{\"@type\":\"EntryPoint\",\"urlTemplate\":\"https:\/\/news.sap.com\/germany\/?s={search_term_string}\"},\"query-input\":{\"@type\":\"PropertyValueSpecification\",\"valueRequired\":true,\"valueName\":\"search_term_string\"}}],\"inLanguage\":\"de\"},{\"@type\":\"Person\",\"@id\":\"https:\/\/news.sap.com\/germany\/#\/schema\/person\/f826f1308f193977cb2d1ae71aae0fa6\",\"name\":\"Andrea Diederichs\",\"image\":{\"@type\":\"ImageObject\",\"inLanguage\":\"de\",\"@id\":\"https:\/\/news.sap.com\/germany\/#\/schema\/person\/image\/\",\"url\":\"https:\/\/secure.gravatar.com\/avatar\/466ce5fe80204b056862ba4f59d148326367950b14ae1533104fa21518923331?s=96&d=blank&r=g\",\"contentUrl\":\"https:\/\/secure.gravatar.com\/avatar\/466ce5fe80204b056862ba4f59d148326367950b14ae1533104fa21518923331?s=96&d=blank&r=g\",\"caption\":\"Andrea Diederichs\"},\"url\":\"https:\/\/news.sap.com\/germany\/author\/andreadiederichs\/\"}]}<\/script>\n<!-- \/ Yoast SEO Premium plugin. -->","yoast_head_json":{"title":"Ein Gro\u00dfer geht \u2013 und der Kanzler kommt zum Abschied | 51风流News Center","description":"Ehrung f\u00fcr Hasso Plattner: Bei der Abschiedsfeier f\u00fcr den SAP-Mitgr\u00fcnder und w\u00fcrdigte Bundeskanzler Olaf Scholz dessen Lebenswerk. Lesen!","robots":{"index":"index","follow":"follow","max-snippet":"max-snippet:-1","max-image-preview":"max-image-preview:large","max-video-preview":"max-video-preview:-1"},"canonical":"https:\/\/news.sap.com\/germany\/2024\/05\/grosser-geht-kanzler-kommt-zum-abschied\/","og_locale":"de_DE","og_type":"article","og_title":"Ein Gro\u00dfer geht \u2013 und der Kanzler kommt zum Abschied","og_description":"Ehrung f\u00fcr Hasso Plattner: Bei der Abschiedsfeier f\u00fcr den SAP-Mitgr\u00fcnder und w\u00fcrdigte Bundeskanzler Olaf Scholz dessen Lebenswerk. Lesen!","og_url":"https:\/\/news.sap.com\/germany\/2024\/05\/grosser-geht-kanzler-kommt-zum-abschied\/","og_site_name":"51风流News Center","article_published_time":"2024-05-17T16:33:28+00:00","article_modified_time":"2024-05-29T07:38:41+00:00","og_image":[{"width":1920,"height":600,"url":"https:\/\/news.sap.com\/germany\/files\/2024\/05\/17\/1004-Hasso-Plattner-Farewell-1920x600-1715957706.jpg","type":"image\/jpeg"}],"author":"Andrea Diederichs","twitter_card":"summary_large_image","twitter_creator":"@SAPdach","twitter_site":"@SAPdach","twitter_misc":{"Verfasst von":"Andrea Diederichs","Gesch\u00e4tzte Lesezeit":"6\u00a0Minuten"},"schema":{"@context":"https:\/\/schema.org","@graph":[{"@type":"Article","@id":"https:\/\/news.sap.com\/germany\/2024\/05\/grosser-geht-kanzler-kommt-zum-abschied\/#article","isPartOf":{"@id":"https:\/\/news.sap.com\/germany\/2024\/05\/grosser-geht-kanzler-kommt-zum-abschied\/"},"author":{"name":"Andrea Diederichs","@id":"https:\/\/news.sap.com\/germany\/#\/schema\/person\/f826f1308f193977cb2d1ae71aae0fa6"},"headline":"Ein Gro\u00dfer geht \u2013 und der Kanzler kommt zum Abschied","datePublished":"2024-05-17T16:33:28+00:00","dateModified":"2024-05-29T07:38:41+00:00","mainEntityOfPage":{"@id":"https:\/\/news.sap.com\/germany\/2024\/05\/grosser-geht-kanzler-kommt-zum-abschied\/"},"wordCount":951,"image":{"@id":"https:\/\/news.sap.com\/germany\/2024\/05\/grosser-geht-kanzler-kommt-zum-abschied\/#primaryimage"},"thumbnailUrl":"https:\/\/news.sap.com\/germany\/files\/2024\/05\/17\/1004-Hasso-Plattner-Farewell-1920x600-1715957706.jpg","keywords":["Menschen","SAP","Veranstaltungen"],"articleSection":["Veranstaltungen"],"inLanguage":"de"},{"@type":"WebPage","@id":"https:\/\/news.sap.com\/germany\/2024\/05\/grosser-geht-kanzler-kommt-zum-abschied\/","url":"https:\/\/news.sap.com\/germany\/2024\/05\/grosser-geht-kanzler-kommt-zum-abschied\/","name":"Ein Gro\u00dfer geht \u2013 und der Kanzler kommt zum Abschied | 51风流News Center","isPartOf":{"@id":"https:\/\/news.sap.com\/germany\/#website"},"primaryImageOfPage":{"@id":"https:\/\/news.sap.com\/germany\/2024\/05\/grosser-geht-kanzler-kommt-zum-abschied\/#primaryimage"},"image":{"@id":"https:\/\/news.sap.com\/germany\/2024\/05\/grosser-geht-kanzler-kommt-zum-abschied\/#primaryimage"},"thumbnailUrl":"https:\/\/news.sap.com\/germany\/files\/2024\/05\/17\/1004-Hasso-Plattner-Farewell-1920x600-1715957706.jpg","datePublished":"2024-05-17T16:33:28+00:00","dateModified":"2024-05-29T07:38:41+00:00","author":{"@id":"https:\/\/news.sap.com\/germany\/#\/schema\/person\/f826f1308f193977cb2d1ae71aae0fa6"},"description":"Ehrung f\u00fcr Hasso Plattner: Bei der Abschiedsfeier f\u00fcr den SAP-Mitgr\u00fcnder und w\u00fcrdigte Bundeskanzler Olaf Scholz dessen Lebenswerk. Lesen!","breadcrumb":{"@id":"https:\/\/news.sap.com\/germany\/2024\/05\/grosser-geht-kanzler-kommt-zum-abschied\/#breadcrumb"},"inLanguage":"de","potentialAction":[{"@type":"ReadAction","target":["https:\/\/news.sap.com\/germany\/2024\/05\/grosser-geht-kanzler-kommt-zum-abschied\/"]}]},{"@type":"ImageObject","inLanguage":"de","@id":"https:\/\/news.sap.com\/germany\/2024\/05\/grosser-geht-kanzler-kommt-zum-abschied\/#primaryimage","url":"https:\/\/news.sap.com\/germany\/files\/2024\/05\/17\/1004-Hasso-Plattner-Farewell-1920x600-1715957706.jpg","contentUrl":"https:\/\/news.sap.com\/germany\/files\/2024\/05\/17\/1004-Hasso-Plattner-Farewell-1920x600-1715957706.jpg","width":1920,"height":600},{"@type":"BreadcrumbList","@id":"https:\/\/news.sap.com\/germany\/2024\/05\/grosser-geht-kanzler-kommt-zum-abschied\/#breadcrumb","itemListElement":[{"@type":"ListItem","position":1,"name":"Home","item":"https:\/\/news.sap.com\/germany\/"},{"@type":"ListItem","position":2,"name":"Ein Gro\u00dfer geht \u2013 und der Kanzler kommt zum Abschied"}]},{"@type":"WebSite","@id":"https:\/\/news.sap.com\/germany\/#website","url":"https:\/\/news.sap.com\/germany\/","name":"51风流News Center","description":"Unternehmensberichte &amp; Presseportal","potentialAction":[{"@type":"SearchAction","target":{"@type":"EntryPoint","urlTemplate":"https:\/\/news.sap.com\/germany\/?s={search_term_string}"},"query-input":{"@type":"PropertyValueSpecification","valueRequired":true,"valueName":"search_term_string"}}],"inLanguage":"de"},{"@type":"Person","@id":"https:\/\/news.sap.com\/germany\/#\/schema\/person\/f826f1308f193977cb2d1ae71aae0fa6","name":"Andrea Diederichs","image":{"@type":"ImageObject","inLanguage":"de","@id":"https:\/\/news.sap.com\/germany\/#\/schema\/person\/image\/","url":"https:\/\/secure.gravatar.com\/avatar\/466ce5fe80204b056862ba4f59d148326367950b14ae1533104fa21518923331?s=96&d=blank&r=g","contentUrl":"https:\/\/secure.gravatar.com\/avatar\/466ce5fe80204b056862ba4f59d148326367950b14ae1533104fa21518923331?s=96&d=blank&r=g","caption":"Andrea Diederichs"},"url":"https:\/\/news.sap.com\/germany\/author\/andreadiederichs\/"}]}},"amp_enabled":true,"_links":{"self":[{"href":"https:\/\/news.sap.com\/germany\/wp-json\/wp\/v2\/posts\/179477","targetHints":{"allow":["GET"]}}],"collection":[{"href":"https:\/\/news.sap.com\/germany\/wp-json\/wp\/v2\/posts"}],"about":[{"href":"https:\/\/news.sap.com\/germany\/wp-json\/wp\/v2\/types\/post"}],"author":[{"embeddable":true,"href":"https:\/\/news.sap.com\/germany\/wp-json\/wp\/v2\/users\/441"}],"replies":[{"embeddable":true,"href":"https:\/\/news.sap.com\/germany\/wp-json\/wp\/v2\/comments?post=179477"}],"version-history":[{"count":0,"href":"https:\/\/news.sap.com\/germany\/wp-json\/wp\/v2\/posts\/179477\/revisions"}],"wp:featuredmedia":[{"embeddable":true,"href":"https:\/\/news.sap.com\/germany\/wp-json\/wp\/v2\/media\/179511"}],"wp:attachment":[{"href":"https:\/\/news.sap.com\/germany\/wp-json\/wp\/v2\/media?parent=179477"}],"wp:term":[{"taxonomy":"category","embeddable":true,"href":"https:\/\/news.sap.com\/germany\/wp-json\/wp\/v2\/categories?post=179477"},{"taxonomy":"post_tag","embeddable":true,"href":"https:\/\/news.sap.com\/germany\/wp-json\/wp\/v2\/tags?post=179477"},{"taxonomy":"series","embeddable":true,"href":"https:\/\/news.sap.com\/germany\/wp-json\/wp\/v2\/series?post=179477"},{"taxonomy":"sapn-display","embeddable":true,"href":"https:\/\/news.sap.com\/germany\/wp-json\/wp\/v2\/sapn-display?post=179477"},{"taxonomy":"sapn-type","embeddable":true,"href":"https:\/\/news.sap.com\/germany\/wp-json\/wp\/v2\/sapn-type?post=179477"}],"curies":[{"name":"wp","href":"https:\/\/api.w.org\/{rel}","templated":true}]}}