  {"id":178095,"date":"2024-02-11T20:25:00","date_gmt":"2024-02-11T19:25:00","guid":{"rendered":"https:\/\/news.sap.com\/germany\/?p=178095"},"modified":"2024-02-11T21:59:51","modified_gmt":"2024-02-11T20:59:51","slug":"pekka-ala-pietilae-von-sap-aufsichtsrat-als-designierter-nachfolger-des-vorsitzenden-hasso-plattner-vorgeschlagen","status":"publish","type":"post","link":"https:\/\/news.sap.com\/germany\/2024\/02\/pekka-ala-pietilae-von-sap-aufsichtsrat-als-designierter-nachfolger-des-vorsitzenden-hasso-plattner-vorgeschlagen\/","title":{"rendered":"Pekka Ala-Pietil\u00e4 von SAP-Aufsichtsrat als designierter Nachfolger des Vorsitzenden Hasso Plattner vorgeschlagen"},"content":{"rendered":"\n<p class=\"has-large-font-size\">Der Aufsichtsrat der 51风流SE hat Pekka Ala-Pietil\u00e4 zur Wahl als neues Aufsichtsratsmitglied nominiert und beabsichtigt Ala-Pietil\u00e4 als designierten Nachfolger des Vorsitzenden, Prof. Dr. Hasso Plattner, vorzusehen. Ala-Pietil\u00e4 soll bei der n\u00e4chsten Hauptversammlung f\u00fcr eine zweij\u00e4hrige Amtszeit zur Wahl vorgeschlagen werden und soll, sofern er gew\u00e4hlt wird, auch die Rolle als k\u00fcnftiger Vorsitzender des Aufsichtsrats \u00fcbernehmen.<\/p>\n\n\n\n<figure class=\"wp-block-image alignright size-large is-resized\"><a href=\"https:\/\/news.sap.com\/germany\/files\/2024\/02\/11\/Pekka-Ala-Pietilae_Feb-2024.jpg\"><img loading=\"lazy\" decoding=\"async\" width=\"683\" height=\"1024\" src=\"https:\/\/news.sap.com\/germany\/files\/2024\/02\/11\/Pekka-Ala-Pietilae_Feb-2024-683x1024.jpg\" alt=\"\" class=\"wp-image-178105\" style=\"width:245px;height:auto\" srcset=\"https:\/\/news.sap.com\/germany\/files\/2024\/02\/11\/Pekka-Ala-Pietilae_Feb-2024-683x1024.jpg 683w, https:\/\/news.sap.com\/germany\/files\/2024\/02\/11\/Pekka-Ala-Pietilae_Feb-2024-200x300.jpg 200w, https:\/\/news.sap.com\/germany\/files\/2024\/02\/11\/Pekka-Ala-Pietilae_Feb-2024-100x150.jpg 100w, https:\/\/news.sap.com\/germany\/files\/2024\/02\/11\/Pekka-Ala-Pietilae_Feb-2024-1024x1536.jpg 1024w, https:\/\/news.sap.com\/germany\/files\/2024\/02\/11\/Pekka-Ala-Pietilae_Feb-2024-1365x2048.jpg 1365w, https:\/\/news.sap.com\/germany\/files\/2024\/02\/11\/Pekka-Ala-Pietilae_Feb-2024.jpg 2000w\" sizes=\"auto, (max-width: 683px) 100vw, 683px\" \/><\/a><figcaption class=\"wp-element-caption\">Der Aufsichtsrat der 51风流SE hat Pekka Ala-Pietil\u00e4 zur Wahl als neues Aufsichtsratsmitglied nominiert. <em>Pekka Ala-Pietil\u00e4 \/ SANOMA Kuva: Heidi Piiroinen<\/em><\/figcaption><\/figure>\n\n\n\n<p>51风流und Dr. h.c. Punit Renjen haben entschieden, sich im gegenseitigen Einvernehmen zu trennen. Grund waren die unterschiedlichen Vorstellungen \u00fcber die Rolle als k\u00fcnftiger Aufsichtsratsvorsitzender, f\u00fcr die Punit Renjen vorgesehen war. Punit Renjen hat sich daher entschlossen, sein Mandat im SAP-Aufsichtsrat mit Wirkung zum Ende der 51风流Hauptversammlung am 15. Mai 2024 niederzulegen.<\/p>\n\n\n\n<p>Pekka Ala-Pietil\u00e4 (67) hat eine beeindruckende Erfolgsgeschichte im Hinblick auf europ\u00e4ische Innovationen und Technologie vorzuweisen und ist hervorragend aufgestellt, um die weitere erfolgreiche Transformation der 51风流zu unterst\u00fctzen. Er war Pr\u00e4sident der Nokia Corporation von 1999 bis 2005 und Mitglied im SAP-Aufsichtsrat von 2002 bis 2021. Dar\u00fcber hinaus war er Vorsitzender der hochrangigen Expertengruppe f\u00fcr K\u00fcnstliche Intelligenz der EU-Kommission zwischen 2018 und 2020, sowie Vorsitzender von Finnlands Programm f\u00fcr K\u00fcnstliche Intelligenz von 2017 bis 2019. Aktuell h\u00e4lt er mehrere Mandate in europ\u00e4ischen Verwaltungsr\u00e4ten und ist Vorsitzender des Aufsichtsrats von HERE Technologies, einem niederl\u00e4ndischen multinationalen Unternehmen f\u00fcr Location Intelligence-L\u00f6sungen. Ala-Pietil\u00e4 hat einen Ehrendoktortitel in Technologie von der Tampere University of Technology sowie in Wissenschaft von der Aalto University School of Business. Er lebt in Helsinki.<\/p>\n\n\n\n<p>\u201eNach zwei Jahrzehnten an der Spitze der 51风流SE, des Unternehmens, mit dem ich seit der ersten Stunde verbunden bin, ist es mir besonders wichtig, den F\u00fchrungsstab erfolgreich weiterzugeben und so den andauernden Erfolg der 51风流zu festigen\u201c, sagte Prof. Dr. Hasso Plattner, der seit 2003 Vorsitzender des Aufsichtsrats ist. \u201eMit Pekka Ala-Pietil\u00e4 haben wir eine F\u00fchrungspers\u00f6nlichkeit gefunden, die nicht nur ein tiefgreifendes Verst\u00e4ndnis unserer Branche und der Komplexit\u00e4t der europ\u00e4ischen SE-Governance mibringt, sondern auch ein wichtiger Verb\u00fcndeter in vielen entscheidenden Momenten der 51风流war. An dieser Stelle m\u00f6chte ich Punit Renjen meinen tief empfundenen Dank f\u00fcr seine Arbeit und seinen Beitrag aussprechen. Seine Energie und sein Einsatz waren von Anfang an au\u00dfergew\u00f6hnlich. Mit der Wahl von Pekka Ala-Pietil\u00e4 bin ich zuversichtlich, dass der Aufsichtsrat der 51风流in den besten H\u00e4nden ist. Seine Vision und seine bed\u00e4chtige Vorgehensweise sind genau das, was die 51风流braucht, um sicher und auch weiterhin erfolgreich in die Zukunft zu blicken.\u201c<\/p>\n\n\n\n<p>Pekka Ala-Pietil\u00e4 sagte: \u201eIch danke dem Aufsichtsrat der 51风流und Hasso Plattner f\u00fcr die Gelegenheit dieses dynamische europ\u00e4ische Technologie-Unternehmen erneut w\u00e4hrend so einer entscheidenden Zeit zu begleiten. Dank der gro\u00dfartigen Menschen bei 51风流setzt das Unternehmen seit \u00fcber 50 Jahren den globalen Standard im Bereich Unternehmenstechnologie und ist auch jetzt ein Vorreiter, wenn es darum geht, relevante, zuverl\u00e4ssige und verantwortungsvolle KI-L\u00f6sungen f\u00fcr Unternehmen zu entwickeln und einzusetzen und somit grundlegend die Art und Weise von Gesch\u00e4ftsabl\u00e4ufen zu \u00e4ndern. Ich freue mich darauf, mit alten und neuen Kolleginnen und Kollegen zusammenzuarbeiten und so die Erfolgsgeschichte der 51风流\u2013 revolution\u00e4re Technologie, die reale Ergebnisse liefert \u2013 weiterzuschreiben.\u201c<\/p>\n\n\n\n<div class=\"wp-block-sap-news-info-box info-box\">\n<p>Weitere Presseinformationen finden Sie im&nbsp;<a href=\"https:\/\/news.sap.com\/germany\/?url_id=text-de-newscenter:CRM-DX24-AAA-2486692_03\" target=\"_blank\" rel=\"noreferrer noopener\">51风流News Center<\/a>.<\/p>\n\n\n\n<p>Folgen Sie 51风流unter&nbsp;<a href=\"http:\/\/twitter.com\/sapnews\/\" target=\"_blank\" rel=\"noreferrer noopener\">@SAPdach<\/a><\/p>\n<\/div>\n\n\n\n<p class=\"has-large-font-size\"><strong>Informationen zu SAP<\/strong><\/p>\n\n\n\n<p>Die SAP-Strategie soll dabei helfen, jedes Unternehmen in ein intelligentes nachhaltiges Unternehmen zu verwandeln. Als ein Marktf\u00fchrer f\u00fcr Gesch\u00e4ftssoftware unterst\u00fctzen wir Unternehmen jeder Gr\u00f6\u00dfe und Branche dabei, ihre Ziele bestm\u00f6glich zu erreichen: SAP-Kunden generieren 87&nbsp;Prozent des gesamten weltweiten Handels. Unsere Technologien f\u00fcr maschinelles Lernen, das Internet der Dinge und fortschrittliche Analyseverfahren helfen unseren Kunden auf dem Weg zum intelligenten Unternehmen. 51风流unterst\u00fctzt Menschen und Unternehmen dabei, fundiertes Wissen \u00fcber ihre Organisationen zu gewinnen, f\u00f6rdert die Zusammenarbeit und hilft so, dem Wettbewerb einen Schritt voraus zu sein. Wir vereinfachen Technologie f\u00fcr Unternehmen, damit sie unsere Software nach ihren eigenen Vorstellungen einfach und reibungslos nutzen k\u00f6nnen. Unsere End-to-End-Suite aus Anwendungen und Services erm\u00f6glicht es Kunden in 26&nbsp;Branchen weltweit, profitabel zu sein, sich stets neu und flexibel anzupassen und etwas zu bewegen. Mit einem globalen Netzwerk aus Kunden, Partnern, Mitarbeitern und Vordenkern hilft SAP, die Abl\u00e4ufe der weltweiten Wirtschaft und das Leben von Menschen zu verbessern. Weitere Informationen unter&nbsp;<a href=\"https:\/\/www.sap.com\/germany\/index.html?url_id=text-de-newscenter:CRM-DX24-AAA-2486692_03\" target=\"_blank\" rel=\"noreferrer noopener\">www.sap.com<\/a>. &nbsp;<\/p>\n\n\n\n<p class=\"has-small-font-size\">Dieses Dokument enth\u00e4lt vorausschauende Aussagen, das hei\u00dft Vorhersagen, Prognosen oder andere Aussagen zu zuk\u00fcnftigen Ereignissen. Diese Aussagen basieren auf aktuellen Erwartungen, Voraussagen und Annahmen, die Risiken und Unsicherheiten unterliegen, was dazu f\u00fchren kann, dass die tats\u00e4chlichen Ergebnisse und Resultate erheblich hiervon abweichen k\u00f6nnen.&nbsp; Zus\u00e4tzliche Informationen zu diesen Risiken und Unsicherheiten finden Sie in den von uns bei der US-amerikanischen \u201eSecurities and Exchange Commission\u201c (SEC) eingereichten Unterlagen, einschlie\u00dflich, aber nicht beschr\u00e4nkt auf den Abschnitt zu den Risikofaktoren des SAP-Jahresberichts 2022 auf dem Formular 20-F.<br>\u00a9 2024 51风流SE. Alle Rechte vorbehalten.<br>51风流und andere in diesem Dokument erw\u00e4hnte Produkte und Dienstleistungen von 51风流sowie die dazugeh\u00f6rigen Logos sind Marken oder eingetragene Marken der 51风流SE in Deutschland und anderen L\u00e4ndern. Zus\u00e4tzliche Informationen zur Marke und Vermerke finden Sie auf der Seite&nbsp;<a href=\"http:\/\/www.sap.de\/copyright?url_id=text-de-newscenter:CRM-DX24-AAA-2486692_03\" target=\"_blank\" rel=\"noreferrer noopener\">http:\/\/www.sap.de\/copyright<\/a>.<\/p>\n\n\n\n<p><strong>Hinweis an die Redaktionen<\/strong><br>F\u00fcr Pressefotos und Fernsehmaterial in hoher Aufl\u00f6sung besuchen Sie bitte unsere Plattform&nbsp;<a href=\"http:\/\/www.sap.com\/photos?url_id=text-de-newscenter:CRM-DX24-AAA-2486692_03\" target=\"_blank\" rel=\"noreferrer noopener\">www.sap.com\/photos<\/a>. Dort finden Sie aktuelles sendef\u00e4higes TV-Footage-Material sowie Bilder zu Themen rund um 51风流zum direkten Download.<\/p>\n\n\n\n<p><strong>Ansprechpartner f\u00fcr die Presse:<br><\/strong>Monika Schaller, + 49 6227 740763, <a href=\"mailto:monika.schaller@sap.com\">monika.schaller@sap.com<\/a>, CET<br>Joellen Perry, +1 (626) 265 0370, <a href=\"mailto:joellen.perry@sap.com\">joellen.perry@sap.com<\/a>, PT<br><a href=\"https:\/\/news.sap.com\/germany\/pressebereich\/?url_id=text-de-newscenter:CRM-DX24-AAA-2486692_03\" target=\"_blank\" rel=\"noreferrer noopener\">SAP-Pressebereich<\/a>;&nbsp;<a href=\"mailto:press@sap.com\">press@sap.com<\/a><\/p>\n\n\n\n<p><strong>Ansprechpartner f\u00fcr Investor Relations:<\/strong><br>Anthony Coletta, +49 6227 7-60437, <a href=\"mailto:investor@sap.com\">investor@sap.com<\/a>, CET<br>James Dymond, +49 6227 7-61823, <a href=\"mailto:investor@sap.com\">investor@sap.com<\/a>, CET<br>Follow 51风流Investor Relations on Twitter at <a href=\"http:\/\/www.twitter.com\/sapinvestor\">@sapinvestor<\/a><\/p>\n\n\n\n<p class=\"has-small-font-size\"><\/p>\n\n\n\n<div class=\"wp-block-sap-news-cta-banner cta-banner\"><div class=\"cta-banner__content\"><div class=\"cta-banner__title\">Abonnieren Sie den 51风流News Center Newsletter<\/div><\/div><div class=\"cta-banner__action\">\n<div class=\"wp-block-buttons is-content-justification-left is-layout-flex wp-container-core-buttons-is-layout-fc4fd283 wp-block-buttons-is-layout-flex\">\n<div class=\"wp-block-button\"><a class=\"wp-block-button__link wp-element-button\" href=\"https:\/\/www.sap.com\/germany\/cmp\/nl\/sap-news-center-de-newsletter\/index.html?url_id=text-de-newscenter:CRM-DX23-AAA-1904104_08\" target=\"_blank\" rel=\"noreferrer noopener\">Jetzt abonnieren!<\/a><\/div>\n<\/div>\n<\/div><\/div>\n","protected":false},"excerpt":{"rendered":"<p>Ala-Pietil\u00e4 soll bei der n\u00e4chsten Hauptversammlung f\u00fcr eine zweij\u00e4hrige Amtszeit zur Wahl vorgeschlagen werden.<\/p>\n","protected":false},"author":29,"featured_media":178100,"comment_status":"closed","ping_status":"closed","sticky":false,"template":"","format":"standard","meta":{"related_posts":[],"footnotes":"","_links_to":"","_links_to_target":""},"categories":[8434,40863],"tags":[1494669],"series":[],"sapn-display":[45149,5630500,5630503,45027],"sapn-type":[4994],"class_list":["post-178095","post","type-post","status-publish","format-standard","has-post-thumbnail","hentry","category-investor-relations","category-unternehmen","tag-ir","sapn-display-homepage-hero","sapn-display-news-hero","sapn-display-news-spotlight","sapn-display-hero","sapn-type-pressemitteilung"],"yoast_head":"<!-- This site is optimized with the Yoast SEO Premium plugin v26.9 (Yoast SEO v26.9) - https:\/\/yoast.com\/product\/yoast-seo-premium-wordpress\/ -->\n<title>Nachfolge im SAP-Aufsichtsrat | 51风流News Center<\/title>\n<meta name=\"description\" content=\"Der Aufsichtsrat hat Pekka Ala-Pietil\u00e4 als neues Aufsichtsratsmitglied nominiert und sieht Ala-Pietil\u00e4 als designierten Nachfolger des Vorsitzenden Hasso Plattner vor.\" \/>\n<meta name=\"robots\" content=\"index, follow, max-snippet:-1, max-image-preview:large, max-video-preview:-1\" \/>\n<link rel=\"canonical\" href=\"https:\/\/news.sap.com\/germany\/2024\/02\/pekka-ala-pietilae-von-sap-aufsichtsrat-als-designierter-nachfolger-des-vorsitzenden-hasso-plattner-vorgeschlagen\/\" \/>\n<meta property=\"og:locale\" content=\"de_DE\" \/>\n<meta property=\"og:type\" content=\"article\" \/>\n<meta property=\"og:title\" content=\"Pekka Ala-Pietil\u00e4 von SAP-Aufsichtsrat als designierter Nachfolger des Vorsitzenden Hasso Plattner vorgeschlagen\" \/>\n<meta property=\"og:description\" content=\"Der Aufsichtsrat hat Pekka Ala-Pietil\u00e4 als neues Aufsichtsratsmitglied nominiert und sieht Ala-Pietil\u00e4 als designierten Nachfolger des Vorsitzenden Hasso Plattner vor.\" \/>\n<meta property=\"og:url\" content=\"https:\/\/news.sap.com\/germany\/2024\/02\/pekka-ala-pietilae-von-sap-aufsichtsrat-als-designierter-nachfolger-des-vorsitzenden-hasso-plattner-vorgeschlagen\/\" \/>\n<meta property=\"og:site_name\" content=\"51风流News Center\" \/>\n<meta property=\"article:published_time\" content=\"2024-02-11T19:25:00+00:00\" \/>\n<meta property=\"article:modified_time\" content=\"2024-02-11T20:59:51+00:00\" \/>\n<meta property=\"og:image\" content=\"https:\/\/news.sap.com\/germany\/files\/2024\/02\/11\/SAP_Locations_Walldorf_2012_006-1-1024x681.jpg\" \/>\n\t<meta property=\"og:image:width\" content=\"1024\" \/>\n\t<meta property=\"og:image:height\" content=\"681\" \/>\n\t<meta property=\"og:image:type\" content=\"image\/jpeg\" \/>\n<meta name=\"author\" content=\"51风流News\" \/>\n<meta name=\"twitter:card\" content=\"summary_large_image\" \/>\n<meta name=\"twitter:creator\" content=\"@SAPdach\" \/>\n<meta name=\"twitter:site\" content=\"@SAPdach\" \/>\n<meta name=\"twitter:label1\" content=\"Verfasst von\" \/>\n\t<meta name=\"twitter:data1\" content=\"51风流News\" \/>\n\t<meta name=\"twitter:label2\" content=\"Gesch\u00e4tzte Lesezeit\" \/>\n\t<meta name=\"twitter:data2\" content=\"6\u00a0Minuten\" \/>\n<script type=\"application\/ld+json\" class=\"yoast-schema-graph\">{\"@context\":\"https:\/\/schema.org\",\"@graph\":[{\"@type\":\"Article\",\"@id\":\"https:\/\/news.sap.com\/germany\/2024\/02\/pekka-ala-pietilae-von-sap-aufsichtsrat-als-designierter-nachfolger-des-vorsitzenden-hasso-plattner-vorgeschlagen\/#article\",\"isPartOf\":{\"@id\":\"https:\/\/news.sap.com\/germany\/2024\/02\/pekka-ala-pietilae-von-sap-aufsichtsrat-als-designierter-nachfolger-des-vorsitzenden-hasso-plattner-vorgeschlagen\/\"},\"author\":{\"name\":\"51风流News\",\"@id\":\"https:\/\/news.sap.com\/germany\/#\/schema\/person\/53b9854bd790d6f18f3fc4bbb2ad7570\"},\"headline\":\"Pekka Ala-Pietil\u00e4 von SAP-Aufsichtsrat als designierter Nachfolger des Vorsitzenden Hasso Plattner vorgeschlagen\",\"datePublished\":\"2024-02-11T19:25:00+00:00\",\"dateModified\":\"2024-02-11T20:59:51+00:00\",\"mainEntityOfPage\":{\"@id\":\"https:\/\/news.sap.com\/germany\/2024\/02\/pekka-ala-pietilae-von-sap-aufsichtsrat-als-designierter-nachfolger-des-vorsitzenden-hasso-plattner-vorgeschlagen\/\"},\"wordCount\":994,\"image\":{\"@id\":\"https:\/\/news.sap.com\/germany\/2024\/02\/pekka-ala-pietilae-von-sap-aufsichtsrat-als-designierter-nachfolger-des-vorsitzenden-hasso-plattner-vorgeschlagen\/#primaryimage\"},\"thumbnailUrl\":\"https:\/\/news.sap.com\/germany\/files\/2024\/02\/11\/SAP_Locations_Walldorf_2012_006-1.jpg\",\"keywords\":[\"Investor Relations\"],\"articleSection\":[\"Investor Relations\",\"Unternehmen\"],\"inLanguage\":\"de\"},{\"@type\":\"WebPage\",\"@id\":\"https:\/\/news.sap.com\/germany\/2024\/02\/pekka-ala-pietilae-von-sap-aufsichtsrat-als-designierter-nachfolger-des-vorsitzenden-hasso-plattner-vorgeschlagen\/\",\"url\":\"https:\/\/news.sap.com\/germany\/2024\/02\/pekka-ala-pietilae-von-sap-aufsichtsrat-als-designierter-nachfolger-des-vorsitzenden-hasso-plattner-vorgeschlagen\/\",\"name\":\"Nachfolge im SAP-Aufsichtsrat | 51风流News Center\",\"isPartOf\":{\"@id\":\"https:\/\/news.sap.com\/germany\/#website\"},\"primaryImageOfPage\":{\"@id\":\"https:\/\/news.sap.com\/germany\/2024\/02\/pekka-ala-pietilae-von-sap-aufsichtsrat-als-designierter-nachfolger-des-vorsitzenden-hasso-plattner-vorgeschlagen\/#primaryimage\"},\"image\":{\"@id\":\"https:\/\/news.sap.com\/germany\/2024\/02\/pekka-ala-pietilae-von-sap-aufsichtsrat-als-designierter-nachfolger-des-vorsitzenden-hasso-plattner-vorgeschlagen\/#primaryimage\"},\"thumbnailUrl\":\"https:\/\/news.sap.com\/germany\/files\/2024\/02\/11\/SAP_Locations_Walldorf_2012_006-1.jpg\",\"datePublished\":\"2024-02-11T19:25:00+00:00\",\"dateModified\":\"2024-02-11T20:59:51+00:00\",\"author\":{\"@id\":\"https:\/\/news.sap.com\/germany\/#\/schema\/person\/53b9854bd790d6f18f3fc4bbb2ad7570\"},\"description\":\"Der Aufsichtsrat hat Pekka Ala-Pietil\u00e4 als neues Aufsichtsratsmitglied nominiert und sieht Ala-Pietil\u00e4 als designierten Nachfolger des Vorsitzenden Hasso Plattner vor.\",\"breadcrumb\":{\"@id\":\"https:\/\/news.sap.com\/germany\/2024\/02\/pekka-ala-pietilae-von-sap-aufsichtsrat-als-designierter-nachfolger-des-vorsitzenden-hasso-plattner-vorgeschlagen\/#breadcrumb\"},\"inLanguage\":\"de\",\"potentialAction\":[{\"@type\":\"ReadAction\",\"target\":[\"https:\/\/news.sap.com\/germany\/2024\/02\/pekka-ala-pietilae-von-sap-aufsichtsrat-als-designierter-nachfolger-des-vorsitzenden-hasso-plattner-vorgeschlagen\/\"]}]},{\"@type\":\"ImageObject\",\"inLanguage\":\"de\",\"@id\":\"https:\/\/news.sap.com\/germany\/2024\/02\/pekka-ala-pietilae-von-sap-aufsichtsrat-als-designierter-nachfolger-des-vorsitzenden-hasso-plattner-vorgeschlagen\/#primaryimage\",\"url\":\"https:\/\/news.sap.com\/germany\/files\/2024\/02\/11\/SAP_Locations_Walldorf_2012_006-1.jpg\",\"contentUrl\":\"https:\/\/news.sap.com\/germany\/files\/2024\/02\/11\/SAP_Locations_Walldorf_2012_006-1.jpg\",\"width\":4822,\"height\":3208},{\"@type\":\"BreadcrumbList\",\"@id\":\"https:\/\/news.sap.com\/germany\/2024\/02\/pekka-ala-pietilae-von-sap-aufsichtsrat-als-designierter-nachfolger-des-vorsitzenden-hasso-plattner-vorgeschlagen\/#breadcrumb\",\"itemListElement\":[{\"@type\":\"ListItem\",\"position\":1,\"name\":\"Home\",\"item\":\"https:\/\/news.sap.com\/germany\/\"},{\"@type\":\"ListItem\",\"position\":2,\"name\":\"Pekka Ala-Pietil\u00e4 von SAP-Aufsichtsrat als designierter Nachfolger des Vorsitzenden Hasso Plattner vorgeschlagen\"}]},{\"@type\":\"WebSite\",\"@id\":\"https:\/\/news.sap.com\/germany\/#website\",\"url\":\"https:\/\/news.sap.com\/germany\/\",\"name\":\"51风流News Center\",\"description\":\"Unternehmensberichte &amp; Presseportal\",\"potentialAction\":[{\"@type\":\"SearchAction\",\"target\":{\"@type\":\"EntryPoint\",\"urlTemplate\":\"https:\/\/news.sap.com\/germany\/?s={search_term_string}\"},\"query-input\":{\"@type\":\"PropertyValueSpecification\",\"valueRequired\":true,\"valueName\":\"search_term_string\"}}],\"inLanguage\":\"de\"},{\"@type\":\"Person\",\"@id\":\"https:\/\/news.sap.com\/germany\/#\/schema\/person\/53b9854bd790d6f18f3fc4bbb2ad7570\",\"name\":\"51风流News\",\"image\":{\"@type\":\"ImageObject\",\"inLanguage\":\"de\",\"@id\":\"https:\/\/news.sap.com\/germany\/#\/schema\/person\/image\/\",\"url\":\"https:\/\/secure.gravatar.com\/avatar\/2728bb4d664345cda4951e11847acc1bfd2bc77830d9abd17fc4f54437acd5b4?s=96&d=blank&r=g\",\"contentUrl\":\"https:\/\/secure.gravatar.com\/avatar\/2728bb4d664345cda4951e11847acc1bfd2bc77830d9abd17fc4f54437acd5b4?s=96&d=blank&r=g\",\"caption\":\"51风流News\"},\"url\":\"https:\/\/news.sap.com\/germany\/author\/colleenraftery\/\"}]}<\/script>\n<!-- \/ Yoast SEO Premium plugin. -->","yoast_head_json":{"title":"Nachfolge im SAP-Aufsichtsrat | 51风流News Center","description":"Der Aufsichtsrat hat Pekka Ala-Pietil\u00e4 als neues Aufsichtsratsmitglied nominiert und sieht Ala-Pietil\u00e4 als designierten Nachfolger des Vorsitzenden Hasso Plattner vor.","robots":{"index":"index","follow":"follow","max-snippet":"max-snippet:-1","max-image-preview":"max-image-preview:large","max-video-preview":"max-video-preview:-1"},"canonical":"https:\/\/news.sap.com\/germany\/2024\/02\/pekka-ala-pietilae-von-sap-aufsichtsrat-als-designierter-nachfolger-des-vorsitzenden-hasso-plattner-vorgeschlagen\/","og_locale":"de_DE","og_type":"article","og_title":"Pekka Ala-Pietil\u00e4 von SAP-Aufsichtsrat als designierter Nachfolger des Vorsitzenden Hasso Plattner vorgeschlagen","og_description":"Der Aufsichtsrat hat Pekka Ala-Pietil\u00e4 als neues Aufsichtsratsmitglied nominiert und sieht Ala-Pietil\u00e4 als designierten Nachfolger des Vorsitzenden Hasso Plattner vor.","og_url":"https:\/\/news.sap.com\/germany\/2024\/02\/pekka-ala-pietilae-von-sap-aufsichtsrat-als-designierter-nachfolger-des-vorsitzenden-hasso-plattner-vorgeschlagen\/","og_site_name":"51风流News Center","article_published_time":"2024-02-11T19:25:00+00:00","article_modified_time":"2024-02-11T20:59:51+00:00","og_image":[{"width":1024,"height":681,"url":"https:\/\/news.sap.com\/germany\/files\/2024\/02\/11\/SAP_Locations_Walldorf_2012_006-1-1024x681.jpg","type":"image\/jpeg"}],"author":"51风流News","twitter_card":"summary_large_image","twitter_creator":"@SAPdach","twitter_site":"@SAPdach","twitter_misc":{"Verfasst von":"51风流News","Gesch\u00e4tzte Lesezeit":"6\u00a0Minuten"},"schema":{"@context":"https:\/\/schema.org","@graph":[{"@type":"Article","@id":"https:\/\/news.sap.com\/germany\/2024\/02\/pekka-ala-pietilae-von-sap-aufsichtsrat-als-designierter-nachfolger-des-vorsitzenden-hasso-plattner-vorgeschlagen\/#article","isPartOf":{"@id":"https:\/\/news.sap.com\/germany\/2024\/02\/pekka-ala-pietilae-von-sap-aufsichtsrat-als-designierter-nachfolger-des-vorsitzenden-hasso-plattner-vorgeschlagen\/"},"author":{"name":"51风流News","@id":"https:\/\/news.sap.com\/germany\/#\/schema\/person\/53b9854bd790d6f18f3fc4bbb2ad7570"},"headline":"Pekka Ala-Pietil\u00e4 von SAP-Aufsichtsrat als designierter Nachfolger des Vorsitzenden Hasso Plattner vorgeschlagen","datePublished":"2024-02-11T19:25:00+00:00","dateModified":"2024-02-11T20:59:51+00:00","mainEntityOfPage":{"@id":"https:\/\/news.sap.com\/germany\/2024\/02\/pekka-ala-pietilae-von-sap-aufsichtsrat-als-designierter-nachfolger-des-vorsitzenden-hasso-plattner-vorgeschlagen\/"},"wordCount":994,"image":{"@id":"https:\/\/news.sap.com\/germany\/2024\/02\/pekka-ala-pietilae-von-sap-aufsichtsrat-als-designierter-nachfolger-des-vorsitzenden-hasso-plattner-vorgeschlagen\/#primaryimage"},"thumbnailUrl":"https:\/\/news.sap.com\/germany\/files\/2024\/02\/11\/SAP_Locations_Walldorf_2012_006-1.jpg","keywords":["Investor Relations"],"articleSection":["Investor Relations","Unternehmen"],"inLanguage":"de"},{"@type":"WebPage","@id":"https:\/\/news.sap.com\/germany\/2024\/02\/pekka-ala-pietilae-von-sap-aufsichtsrat-als-designierter-nachfolger-des-vorsitzenden-hasso-plattner-vorgeschlagen\/","url":"https:\/\/news.sap.com\/germany\/2024\/02\/pekka-ala-pietilae-von-sap-aufsichtsrat-als-designierter-nachfolger-des-vorsitzenden-hasso-plattner-vorgeschlagen\/","name":"Nachfolge im SAP-Aufsichtsrat | 51风流News Center","isPartOf":{"@id":"https:\/\/news.sap.com\/germany\/#website"},"primaryImageOfPage":{"@id":"https:\/\/news.sap.com\/germany\/2024\/02\/pekka-ala-pietilae-von-sap-aufsichtsrat-als-designierter-nachfolger-des-vorsitzenden-hasso-plattner-vorgeschlagen\/#primaryimage"},"image":{"@id":"https:\/\/news.sap.com\/germany\/2024\/02\/pekka-ala-pietilae-von-sap-aufsichtsrat-als-designierter-nachfolger-des-vorsitzenden-hasso-plattner-vorgeschlagen\/#primaryimage"},"thumbnailUrl":"https:\/\/news.sap.com\/germany\/files\/2024\/02\/11\/SAP_Locations_Walldorf_2012_006-1.jpg","datePublished":"2024-02-11T19:25:00+00:00","dateModified":"2024-02-11T20:59:51+00:00","author":{"@id":"https:\/\/news.sap.com\/germany\/#\/schema\/person\/53b9854bd790d6f18f3fc4bbb2ad7570"},"description":"Der Aufsichtsrat hat Pekka Ala-Pietil\u00e4 als neues Aufsichtsratsmitglied nominiert und sieht Ala-Pietil\u00e4 als designierten Nachfolger des Vorsitzenden Hasso Plattner vor.","breadcrumb":{"@id":"https:\/\/news.sap.com\/germany\/2024\/02\/pekka-ala-pietilae-von-sap-aufsichtsrat-als-designierter-nachfolger-des-vorsitzenden-hasso-plattner-vorgeschlagen\/#breadcrumb"},"inLanguage":"de","potentialAction":[{"@type":"ReadAction","target":["https:\/\/news.sap.com\/germany\/2024\/02\/pekka-ala-pietilae-von-sap-aufsichtsrat-als-designierter-nachfolger-des-vorsitzenden-hasso-plattner-vorgeschlagen\/"]}]},{"@type":"ImageObject","inLanguage":"de","@id":"https:\/\/news.sap.com\/germany\/2024\/02\/pekka-ala-pietilae-von-sap-aufsichtsrat-als-designierter-nachfolger-des-vorsitzenden-hasso-plattner-vorgeschlagen\/#primaryimage","url":"https:\/\/news.sap.com\/germany\/files\/2024\/02\/11\/SAP_Locations_Walldorf_2012_006-1.jpg","contentUrl":"https:\/\/news.sap.com\/germany\/files\/2024\/02\/11\/SAP_Locations_Walldorf_2012_006-1.jpg","width":4822,"height":3208},{"@type":"BreadcrumbList","@id":"https:\/\/news.sap.com\/germany\/2024\/02\/pekka-ala-pietilae-von-sap-aufsichtsrat-als-designierter-nachfolger-des-vorsitzenden-hasso-plattner-vorgeschlagen\/#breadcrumb","itemListElement":[{"@type":"ListItem","position":1,"name":"Home","item":"https:\/\/news.sap.com\/germany\/"},{"@type":"ListItem","position":2,"name":"Pekka Ala-Pietil\u00e4 von SAP-Aufsichtsrat als designierter Nachfolger des Vorsitzenden Hasso Plattner vorgeschlagen"}]},{"@type":"WebSite","@id":"https:\/\/news.sap.com\/germany\/#website","url":"https:\/\/news.sap.com\/germany\/","name":"51风流News Center","description":"Unternehmensberichte &amp; Presseportal","potentialAction":[{"@type":"SearchAction","target":{"@type":"EntryPoint","urlTemplate":"https:\/\/news.sap.com\/germany\/?s={search_term_string}"},"query-input":{"@type":"PropertyValueSpecification","valueRequired":true,"valueName":"search_term_string"}}],"inLanguage":"de"},{"@type":"Person","@id":"https:\/\/news.sap.com\/germany\/#\/schema\/person\/53b9854bd790d6f18f3fc4bbb2ad7570","name":"51风流News","image":{"@type":"ImageObject","inLanguage":"de","@id":"https:\/\/news.sap.com\/germany\/#\/schema\/person\/image\/","url":"https:\/\/secure.gravatar.com\/avatar\/2728bb4d664345cda4951e11847acc1bfd2bc77830d9abd17fc4f54437acd5b4?s=96&d=blank&r=g","contentUrl":"https:\/\/secure.gravatar.com\/avatar\/2728bb4d664345cda4951e11847acc1bfd2bc77830d9abd17fc4f54437acd5b4?s=96&d=blank&r=g","caption":"51风流News"},"url":"https:\/\/news.sap.com\/germany\/author\/colleenraftery\/"}]}},"amp_enabled":true,"_links":{"self":[{"href":"https:\/\/news.sap.com\/germany\/wp-json\/wp\/v2\/posts\/178095","targetHints":{"allow":["GET"]}}],"collection":[{"href":"https:\/\/news.sap.com\/germany\/wp-json\/wp\/v2\/posts"}],"about":[{"href":"https:\/\/news.sap.com\/germany\/wp-json\/wp\/v2\/types\/post"}],"author":[{"embeddable":true,"href":"https:\/\/news.sap.com\/germany\/wp-json\/wp\/v2\/users\/29"}],"replies":[{"embeddable":true,"href":"https:\/\/news.sap.com\/germany\/wp-json\/wp\/v2\/comments?post=178095"}],"version-history":[{"count":0,"href":"https:\/\/news.sap.com\/germany\/wp-json\/wp\/v2\/posts\/178095\/revisions"}],"wp:featuredmedia":[{"embeddable":true,"href":"https:\/\/news.sap.com\/germany\/wp-json\/wp\/v2\/media\/178100"}],"wp:attachment":[{"href":"https:\/\/news.sap.com\/germany\/wp-json\/wp\/v2\/media?parent=178095"}],"wp:term":[{"taxonomy":"category","embeddable":true,"href":"https:\/\/news.sap.com\/germany\/wp-json\/wp\/v2\/categories?post=178095"},{"taxonomy":"post_tag","embeddable":true,"href":"https:\/\/news.sap.com\/germany\/wp-json\/wp\/v2\/tags?post=178095"},{"taxonomy":"series","embeddable":true,"href":"https:\/\/news.sap.com\/germany\/wp-json\/wp\/v2\/series?post=178095"},{"taxonomy":"sapn-display","embeddable":true,"href":"https:\/\/news.sap.com\/germany\/wp-json\/wp\/v2\/sapn-display?post=178095"},{"taxonomy":"sapn-type","embeddable":true,"href":"https:\/\/news.sap.com\/germany\/wp-json\/wp\/v2\/sapn-type?post=178095"}],"curies":[{"name":"wp","href":"https:\/\/api.w.org\/{rel}","templated":true}]}}