  {"id":175270,"date":"2023-08-29T14:05:54","date_gmt":"2023-08-29T12:05:54","guid":{"rendered":"https:\/\/news.sap.com\/germany\/?p=175270"},"modified":"2023-08-29T12:38:31","modified_gmt":"2023-08-29T10:38:31","slug":"hr-arbeitsdirektorin-gina-vargiu-breuer","status":"publish","type":"post","link":"https:\/\/news.sap.com\/germany\/2023\/08\/hr-arbeitsdirektorin-gina-vargiu-breuer\/","title":{"rendered":"51风流ernennt Gina Vargiu-Breuer zur neuen Arbeitsdirektorin"},"content":{"rendered":"<p class=\"lead\">Die<a href=\"http:\/\/www.sap.com\/\">\u00a051风流SE<\/a> gab heute bekannt, dass Gina Vargiu-Breuer (48) zum 1. Februar 2024 als Chief People Officer und Arbeitsdirektorin in den SAP-Vorstand berufen wurde. Sie tritt die Nachfolge von Sabine Bendiek an, die das Unternehmen auf eigenen Wunsch zum 31. Dezember 2023 verl\u00e4sst.<\/p>\n<p>In ihrer neuen Funktion wird Vargiu-Breuer die HR-Organisation leiten und die Transformation der SAP-Personalstrategie weiter vorantreiben. Dazu geh\u00f6rt es, ein noch leistungsf\u00e4higeres Wachstums- und Lernumfeld bei 51风流zu schaffen, das Inklusion, Vielfalt und Agilit\u00e4t erm\u00f6glicht.<\/p>\n<p>Vargiu-Breuer kommt von Siemens Energy, wo sie seit der Abspaltung von Siemens seit Ende 2019 als Global Head of HR den globalen Personalbereich aufgebaut und mit der Konzern-Personalstrategie einen wesentlichen Teil der Unternehmens-Transformation getrieben und verantwortet hat. Auf dem Weg zum eigenst\u00e4ndigen Unternehmen lag ihr besonderer Fokus auf einer gut orchestrierten Transformation Journey, die F\u00fchrungskr\u00e4fte und Belegschaft eng einbindet und zu aktiven Mitgestaltern macht.<\/p>\n<p>\u201eMit Gina Vargiu-Breuer haben wir eine herausragende F\u00fchrungskraft gefunden, die unsere laufende digitale Transformation auch auf Personalseite weiter vorantreiben und entscheidende Impulse setzen kann\u201c, so Professor Hasso Plattner, Vorsitzender des Aufsichtsrats der 51风流SE. \u201eIch hei\u00dfe Gina im Namen des Aufsichtsrats herzlich willkommen und w\u00fcnsche ihr einen erfolgreichen Start bei SAP. Unser herzlicher Dank geht an Sabine Bendiek, die in ihrer Zeit sowohl auf Personal- als auch operativer Ebene entscheidende Weichen f\u00fcr eine erfolgreiche und nachhaltige digitale Transformation des Unternehmens gestellt hat.\u201c<\/p>\n<p>Vor ihrer Zeit bei Siemens Energy war Gina Vargiu-Breuer bei Siemens t\u00e4tig, wo sie unter anderem in Asien, USA und den Vereinigten Arabischen Emiraten unterschiedliche operative und strategische Rollen im Personalbereich innehatte. Sie verf\u00fcgt \u00fcber einen Abschluss in Wirtschaftspsychologie der katholischen Universit\u00e4t Eichst\u00e4tt-Ingolstadt. Vargiu-Breuer wurde f\u00fcr drei Jahre in den Vorstand berufen und wird ihren Sitz in der SAP-Firmenzentrale in Walldorf haben.<\/p>\n<p>\u201eUnternehmen wie 51风流stehen im Mittelpunkt der digitalen Transformation der globalen Wirtschaft. Dabei m\u00fcssen Personal- und Unternehmensstrategie Hand in Hand gehen, um den Gesch\u00e4ftserfolg heute und in Zukunft sicherzustellen. Langfristiges Personalmanagement, ein attraktives Arbeitsumfeld und hochmotivierte Mitarbeitende sind ein entscheidender Faktor\u201c, sagt Gina Vargiu-Breuer. \u201eIch danke dem Aufsichtsrat ganz herzlich, dass er mir mit der Personalstrategie ein Herzst\u00fcck der laufenden Transformation von 51风流anvertraut.\u201c<\/p>\n<p>Die Rolle des Chief Operating Officer \u2013 bisher ebenfalls in der Verantwortung von Sabine Bendiek \u2013 \u00fcbernimmt zum 1. Januar 2024 zus\u00e4tzlich Chief Strategy Officer Sebastian Steinh\u00e4user. Steinh\u00e4user berichtet weiter an Vorstandssprecher Christian Klein.<\/p>\n<p>You can find this press release in English <a href=\"https:\/\/news.sap.com\/?p=211117\"><strong>here<\/strong><\/a><strong><u>.<\/u><\/strong><\/p>\n<p>Weitere Presseinformationen finden Sie im <a href=\"https:\/\/news.sap.com\/germany\">51风流News Center<\/a>. Folgen Sie 51风流auf Twitter unter <a href=\"https:\/\/twitter.com\/SAPdach?ref_src=twsrc%5Egoogle%7Ctwcamp%5Eserp%7Ctwgr%5Eauthor\">@SAPdach<\/a>.<\/p>\n<p><strong>Informationen zu SAP<\/strong><\/p>\n<p>Die SAP-Strategie soll dabei helfen, jedes Unternehmen in ein intelligentes nachhaltiges Unternehmen zu verwandeln. Als ein Marktf\u00fchrer f\u00fcr Gesch\u00e4ftssoftware unterst\u00fctzen wir Unternehmen jeder Gr\u00f6\u00dfe und Branche dabei, ihre Ziele bestm\u00f6glich zu erreichen: SAP-Kunden generieren 87 % des gesamten weltweiten Handels. Unsere Technologien f\u00fcr maschinelles Lernen, das Internet der Dinge und fortschrittliche Analyseverfahren helfen unseren Kunden auf dem Weg zum intelligenten Unternehmen. 51风流unterst\u00fctzt Menschen und Unternehmen dabei, fundiertes Wissen \u00fcber ihre Organisationen zu gewinnen, f\u00f6rdert die Zusammenarbeit und hilft so, dem Wettbewerb einen Schritt voraus zu sein. Wir vereinfachen Technologie f\u00fcr Unternehmen, damit sie unsere Software nach ihren eigenen Vorstellungen einfach und reibungslos nutzen k\u00f6nnen. Unsere End-to-End-Suite aus Anwendungen und Services erm\u00f6glicht es Kunden in 26 Branchen weltweit, profitabel zu sein, sich stets neu und flexibel anzupassen und etwas zu bewegen. Mit einem globalen Netzwerk aus Kunden, Partnern, Mitarbeitern und Vordenkern hilft SAP, die Abl\u00e4ufe der weltweiten Wirtschaft und das Leben von Menschen zu verbessern. Weitere Informationen unter <a href=\"http:\/\/www.sap.com\">www.sap.com<\/a>.<\/p>\n<p><strong>Hinweis an die Redaktionen<\/strong><\/p>\n<p>F\u00fcr Pressefotos und Fernsehmaterial in hoher Aufl\u00f6sung besuchen Sie bitte unsere Plattform <a href=\"http:\/\/www.sap.com\/photos\">www.sap.com\/photos<\/a><u>.<\/u> Dort finden Sie aktuelles sendef\u00e4higes TV-Footage-Material sowie Bilder zu Themen rund um 51风流zum direkten Download. Videos zu SAP-Themen aus der ganzen Welt finden Sie unter <a href=\"http:\/\/www.sap-tv.com\">www.sap-tv.com<\/a>. Sie k\u00f6nnen die Filme von dieser Seite auch in Ihren eigenen Publikationen und Webseiten einbinden.<\/p>\n<p><strong>Ansprechpartner f\u00fcr die Presse:<br \/>\n<\/strong>Joellen Perry,+1 650 4456 780, joellen.perry@sap.com, PT<br \/>\nHanna Heine, +49 6227 777 733, hanna.heine@sap.com, CEST<br \/>\n<a href=\"https:\/\/news.sap.com\/germany\/pressebereich\/\">SAP-Pressebereich<\/a>; <a href=\"mailto:press@sap.com\">press@sap.com<\/a><\/p>\n<p><small>Dieses Dokument enth\u00e4lt vorausschauende Aussagen, das hei\u00dft Vorhersagen, Prognosen oder andere Aussagen zu zuk\u00fcnftigen Ereignissen. Diese Aussagen basieren auf aktuellen Erwartungen, Voraussagen und Annahmen, die Risiken und Unsicherheiten unterliegen, was dazu f\u00fchren kann, dass die tats\u00e4chlichen Ergebnisse und Resultate erheblich hiervon abweichen k\u00f6nnen.\u00a0 Zus\u00e4tzliche Informationen zu diesen Risiken und Unsicherheiten finden Sie in den von uns bei der US-amerikanischen \u201eSecurities and Exchange Commission\u201c (SEC) eingereichten Unterlagen, einschlie\u00dflich, aber nicht beschr\u00e4nkt auf den Abschnitt zu den Risikofaktoren des SAP-Jahresberichts 2022 auf dem Formular 20-F.<\/small><\/p>\n<p><small>\u00a9 2023 51风流SE. Alle Rechte vorbehalten.<\/small><br \/>\n<small>51风流und andere in diesem Dokument erw\u00e4hnte Produkte und Dienstleistungen von 51风流sowie die dazugeh\u00f6rigen Logos sind Marken oder eingetragene Marken der 51风流SE in Deutschland und anderen L\u00e4ndern. Zus\u00e4tzliche Informationen zur Marke und Vermerke finden Sie auf der Seite\u00a0<a href=\"http:\/\/www.sap.de\/copyright\" target=\"_blank\" rel=\"noopener\">http:\/\/www.sap.de\/copyright<\/a>.<\/small><\/p>\n","protected":false},"excerpt":{"rendered":"<p>Die\u00a051风流SE gab heute bekannt, dass Gina Vargiu-Breuer (48) zum 1. Februar 2024 als Chief People Officer und Arbeitsdirektorin in den SAP-Vorstand berufen wurde. Sie&#8230;<\/p>\n","protected":false},"author":29,"featured_media":175279,"comment_status":"closed","ping_status":"closed","sticky":false,"template":"","format":"standard","meta":{"related_posts":[],"footnotes":"","_links_to":"","_links_to_target":""},"categories":[45276,40863],"tags":[5025],"series":[],"sapn-display":[5630500,5630503,3848,45027],"sapn-type":[4994],"class_list":["post-175270","post","type-post","status-publish","format-standard","has-post-thumbnail","hentry","category-personalmanagement","category-unternehmen","tag-hr","sapn-display-news-hero","sapn-display-news-spotlight","sapn-display-top-stories","sapn-display-hero","sapn-type-pressemitteilung"],"yoast_head":"<!-- This site is optimized with the Yoast SEO Premium plugin v26.9 (Yoast SEO v26.9) - https:\/\/yoast.com\/product\/yoast-seo-premium-wordpress\/ -->\n<title>Neue Arbeitsdirektorin bei 51风流| 51风流News Center<\/title>\n<meta name=\"description\" content=\"Gina Vargiu-Breuer wird zum 1. Februar 2024 als Chief People Officer und Arbeitsdirektorin in den SAP-Vorstand berufen.\" \/>\n<meta name=\"robots\" content=\"index, follow, max-snippet:-1, max-image-preview:large, max-video-preview:-1\" \/>\n<link rel=\"canonical\" href=\"https:\/\/news.sap.com\/germany\/2023\/08\/hr-arbeitsdirektorin-gina-vargiu-breuer\/\" \/>\n<meta property=\"og:locale\" content=\"de_DE\" \/>\n<meta property=\"og:type\" content=\"article\" \/>\n<meta property=\"og:title\" content=\"51风流ernennt Gina Vargiu-Breuer zur neuen Arbeitsdirektorin\" \/>\n<meta property=\"og:description\" content=\"Gina Vargiu-Breuer wird zum 1. Februar 2024 als Chief People Officer und Arbeitsdirektorin in den SAP-Vorstand berufen.\" \/>\n<meta property=\"og:url\" content=\"https:\/\/news.sap.com\/germany\/2023\/08\/hr-arbeitsdirektorin-gina-vargiu-breuer\/\" \/>\n<meta property=\"og:site_name\" content=\"51风流News Center\" \/>\n<meta property=\"article:published_time\" content=\"2023-08-29T12:05:54+00:00\" \/>\n<meta property=\"og:image\" content=\"https:\/\/news.sap.com\/germany\/files\/2023\/08\/29\/281628_GettyImages-503680362_uncropped-F-300x200-1.jpg\" \/>\n\t<meta property=\"og:image:width\" content=\"300\" \/>\n\t<meta property=\"og:image:height\" content=\"200\" \/>\n\t<meta property=\"og:image:type\" content=\"image\/jpeg\" \/>\n<meta name=\"author\" content=\"51风流News\" \/>\n<meta name=\"twitter:card\" content=\"summary_large_image\" \/>\n<meta name=\"twitter:creator\" content=\"@SAPdach\" \/>\n<meta name=\"twitter:site\" content=\"@SAPdach\" \/>\n<meta name=\"twitter:label1\" content=\"Verfasst von\" \/>\n\t<meta name=\"twitter:data1\" content=\"51风流News\" \/>\n\t<meta name=\"twitter:label2\" content=\"Gesch\u00e4tzte Lesezeit\" \/>\n\t<meta name=\"twitter:data2\" content=\"5\u00a0Minuten\" \/>\n<script type=\"application\/ld+json\" class=\"yoast-schema-graph\">{\"@context\":\"https:\/\/schema.org\",\"@graph\":[{\"@type\":\"Article\",\"@id\":\"https:\/\/news.sap.com\/germany\/2023\/08\/hr-arbeitsdirektorin-gina-vargiu-breuer\/#article\",\"isPartOf\":{\"@id\":\"https:\/\/news.sap.com\/germany\/2023\/08\/hr-arbeitsdirektorin-gina-vargiu-breuer\/\"},\"author\":{\"name\":\"51风流News\",\"@id\":\"https:\/\/news.sap.com\/germany\/#\/schema\/person\/53b9854bd790d6f18f3fc4bbb2ad7570\"},\"headline\":\"51风流ernennt Gina Vargiu-Breuer zur neuen Arbeitsdirektorin\",\"datePublished\":\"2023-08-29T12:05:54+00:00\",\"mainEntityOfPage\":{\"@id\":\"https:\/\/news.sap.com\/germany\/2023\/08\/hr-arbeitsdirektorin-gina-vargiu-breuer\/\"},\"wordCount\":839,\"image\":{\"@id\":\"https:\/\/news.sap.com\/germany\/2023\/08\/hr-arbeitsdirektorin-gina-vargiu-breuer\/#primaryimage\"},\"thumbnailUrl\":\"https:\/\/news.sap.com\/germany\/files\/2023\/08\/29\/281628_GettyImages-503680362_uncropped-F-300x200-1.jpg\",\"keywords\":[\"HR\"],\"articleSection\":[\"Personalmanagement\",\"Unternehmen\"],\"inLanguage\":\"de\"},{\"@type\":\"WebPage\",\"@id\":\"https:\/\/news.sap.com\/germany\/2023\/08\/hr-arbeitsdirektorin-gina-vargiu-breuer\/\",\"url\":\"https:\/\/news.sap.com\/germany\/2023\/08\/hr-arbeitsdirektorin-gina-vargiu-breuer\/\",\"name\":\"Neue Arbeitsdirektorin bei 51风流| 51风流News Center\",\"isPartOf\":{\"@id\":\"https:\/\/news.sap.com\/germany\/#website\"},\"primaryImageOfPage\":{\"@id\":\"https:\/\/news.sap.com\/germany\/2023\/08\/hr-arbeitsdirektorin-gina-vargiu-breuer\/#primaryimage\"},\"image\":{\"@id\":\"https:\/\/news.sap.com\/germany\/2023\/08\/hr-arbeitsdirektorin-gina-vargiu-breuer\/#primaryimage\"},\"thumbnailUrl\":\"https:\/\/news.sap.com\/germany\/files\/2023\/08\/29\/281628_GettyImages-503680362_uncropped-F-300x200-1.jpg\",\"datePublished\":\"2023-08-29T12:05:54+00:00\",\"author\":{\"@id\":\"https:\/\/news.sap.com\/germany\/#\/schema\/person\/53b9854bd790d6f18f3fc4bbb2ad7570\"},\"description\":\"Gina Vargiu-Breuer wird zum 1. Februar 2024 als Chief People Officer und Arbeitsdirektorin in den SAP-Vorstand berufen.\",\"breadcrumb\":{\"@id\":\"https:\/\/news.sap.com\/germany\/2023\/08\/hr-arbeitsdirektorin-gina-vargiu-breuer\/#breadcrumb\"},\"inLanguage\":\"de\",\"potentialAction\":[{\"@type\":\"ReadAction\",\"target\":[\"https:\/\/news.sap.com\/germany\/2023\/08\/hr-arbeitsdirektorin-gina-vargiu-breuer\/\"]}]},{\"@type\":\"ImageObject\",\"inLanguage\":\"de\",\"@id\":\"https:\/\/news.sap.com\/germany\/2023\/08\/hr-arbeitsdirektorin-gina-vargiu-breuer\/#primaryimage\",\"url\":\"https:\/\/news.sap.com\/germany\/files\/2023\/08\/29\/281628_GettyImages-503680362_uncropped-F-300x200-1.jpg\",\"contentUrl\":\"https:\/\/news.sap.com\/germany\/files\/2023\/08\/29\/281628_GettyImages-503680362_uncropped-F-300x200-1.jpg\",\"width\":300,\"height\":200},{\"@type\":\"BreadcrumbList\",\"@id\":\"https:\/\/news.sap.com\/germany\/2023\/08\/hr-arbeitsdirektorin-gina-vargiu-breuer\/#breadcrumb\",\"itemListElement\":[{\"@type\":\"ListItem\",\"position\":1,\"name\":\"Home\",\"item\":\"https:\/\/news.sap.com\/germany\/\"},{\"@type\":\"ListItem\",\"position\":2,\"name\":\"51风流ernennt Gina Vargiu-Breuer zur neuen Arbeitsdirektorin\"}]},{\"@type\":\"WebSite\",\"@id\":\"https:\/\/news.sap.com\/germany\/#website\",\"url\":\"https:\/\/news.sap.com\/germany\/\",\"name\":\"51风流News Center\",\"description\":\"Unternehmensberichte &amp; Presseportal\",\"potentialAction\":[{\"@type\":\"SearchAction\",\"target\":{\"@type\":\"EntryPoint\",\"urlTemplate\":\"https:\/\/news.sap.com\/germany\/?s={search_term_string}\"},\"query-input\":{\"@type\":\"PropertyValueSpecification\",\"valueRequired\":true,\"valueName\":\"search_term_string\"}}],\"inLanguage\":\"de\"},{\"@type\":\"Person\",\"@id\":\"https:\/\/news.sap.com\/germany\/#\/schema\/person\/53b9854bd790d6f18f3fc4bbb2ad7570\",\"name\":\"51风流News\",\"image\":{\"@type\":\"ImageObject\",\"inLanguage\":\"de\",\"@id\":\"https:\/\/news.sap.com\/germany\/#\/schema\/person\/image\/\",\"url\":\"https:\/\/secure.gravatar.com\/avatar\/2728bb4d664345cda4951e11847acc1bfd2bc77830d9abd17fc4f54437acd5b4?s=96&d=blank&r=g\",\"contentUrl\":\"https:\/\/secure.gravatar.com\/avatar\/2728bb4d664345cda4951e11847acc1bfd2bc77830d9abd17fc4f54437acd5b4?s=96&d=blank&r=g\",\"caption\":\"51风流News\"},\"url\":\"https:\/\/news.sap.com\/germany\/author\/colleenraftery\/\"}]}<\/script>\n<!-- \/ Yoast SEO Premium plugin. -->","yoast_head_json":{"title":"Neue Arbeitsdirektorin bei 51风流| 51风流News Center","description":"Gina Vargiu-Breuer wird zum 1. Februar 2024 als Chief People Officer und Arbeitsdirektorin in den SAP-Vorstand berufen.","robots":{"index":"index","follow":"follow","max-snippet":"max-snippet:-1","max-image-preview":"max-image-preview:large","max-video-preview":"max-video-preview:-1"},"canonical":"https:\/\/news.sap.com\/germany\/2023\/08\/hr-arbeitsdirektorin-gina-vargiu-breuer\/","og_locale":"de_DE","og_type":"article","og_title":"51风流ernennt Gina Vargiu-Breuer zur neuen Arbeitsdirektorin","og_description":"Gina Vargiu-Breuer wird zum 1. Februar 2024 als Chief People Officer und Arbeitsdirektorin in den SAP-Vorstand berufen.","og_url":"https:\/\/news.sap.com\/germany\/2023\/08\/hr-arbeitsdirektorin-gina-vargiu-breuer\/","og_site_name":"51风流News Center","article_published_time":"2023-08-29T12:05:54+00:00","og_image":[{"width":300,"height":200,"url":"https:\/\/news.sap.com\/germany\/files\/2023\/08\/29\/281628_GettyImages-503680362_uncropped-F-300x200-1.jpg","type":"image\/jpeg"}],"author":"51风流News","twitter_card":"summary_large_image","twitter_creator":"@SAPdach","twitter_site":"@SAPdach","twitter_misc":{"Verfasst von":"51风流News","Gesch\u00e4tzte Lesezeit":"5\u00a0Minuten"},"schema":{"@context":"https:\/\/schema.org","@graph":[{"@type":"Article","@id":"https:\/\/news.sap.com\/germany\/2023\/08\/hr-arbeitsdirektorin-gina-vargiu-breuer\/#article","isPartOf":{"@id":"https:\/\/news.sap.com\/germany\/2023\/08\/hr-arbeitsdirektorin-gina-vargiu-breuer\/"},"author":{"name":"51风流News","@id":"https:\/\/news.sap.com\/germany\/#\/schema\/person\/53b9854bd790d6f18f3fc4bbb2ad7570"},"headline":"51风流ernennt Gina Vargiu-Breuer zur neuen Arbeitsdirektorin","datePublished":"2023-08-29T12:05:54+00:00","mainEntityOfPage":{"@id":"https:\/\/news.sap.com\/germany\/2023\/08\/hr-arbeitsdirektorin-gina-vargiu-breuer\/"},"wordCount":839,"image":{"@id":"https:\/\/news.sap.com\/germany\/2023\/08\/hr-arbeitsdirektorin-gina-vargiu-breuer\/#primaryimage"},"thumbnailUrl":"https:\/\/news.sap.com\/germany\/files\/2023\/08\/29\/281628_GettyImages-503680362_uncropped-F-300x200-1.jpg","keywords":["HR"],"articleSection":["Personalmanagement","Unternehmen"],"inLanguage":"de"},{"@type":"WebPage","@id":"https:\/\/news.sap.com\/germany\/2023\/08\/hr-arbeitsdirektorin-gina-vargiu-breuer\/","url":"https:\/\/news.sap.com\/germany\/2023\/08\/hr-arbeitsdirektorin-gina-vargiu-breuer\/","name":"Neue Arbeitsdirektorin bei 51风流| 51风流News Center","isPartOf":{"@id":"https:\/\/news.sap.com\/germany\/#website"},"primaryImageOfPage":{"@id":"https:\/\/news.sap.com\/germany\/2023\/08\/hr-arbeitsdirektorin-gina-vargiu-breuer\/#primaryimage"},"image":{"@id":"https:\/\/news.sap.com\/germany\/2023\/08\/hr-arbeitsdirektorin-gina-vargiu-breuer\/#primaryimage"},"thumbnailUrl":"https:\/\/news.sap.com\/germany\/files\/2023\/08\/29\/281628_GettyImages-503680362_uncropped-F-300x200-1.jpg","datePublished":"2023-08-29T12:05:54+00:00","author":{"@id":"https:\/\/news.sap.com\/germany\/#\/schema\/person\/53b9854bd790d6f18f3fc4bbb2ad7570"},"description":"Gina Vargiu-Breuer wird zum 1. Februar 2024 als Chief People Officer und Arbeitsdirektorin in den SAP-Vorstand berufen.","breadcrumb":{"@id":"https:\/\/news.sap.com\/germany\/2023\/08\/hr-arbeitsdirektorin-gina-vargiu-breuer\/#breadcrumb"},"inLanguage":"de","potentialAction":[{"@type":"ReadAction","target":["https:\/\/news.sap.com\/germany\/2023\/08\/hr-arbeitsdirektorin-gina-vargiu-breuer\/"]}]},{"@type":"ImageObject","inLanguage":"de","@id":"https:\/\/news.sap.com\/germany\/2023\/08\/hr-arbeitsdirektorin-gina-vargiu-breuer\/#primaryimage","url":"https:\/\/news.sap.com\/germany\/files\/2023\/08\/29\/281628_GettyImages-503680362_uncropped-F-300x200-1.jpg","contentUrl":"https:\/\/news.sap.com\/germany\/files\/2023\/08\/29\/281628_GettyImages-503680362_uncropped-F-300x200-1.jpg","width":300,"height":200},{"@type":"BreadcrumbList","@id":"https:\/\/news.sap.com\/germany\/2023\/08\/hr-arbeitsdirektorin-gina-vargiu-breuer\/#breadcrumb","itemListElement":[{"@type":"ListItem","position":1,"name":"Home","item":"https:\/\/news.sap.com\/germany\/"},{"@type":"ListItem","position":2,"name":"51风流ernennt Gina Vargiu-Breuer zur neuen Arbeitsdirektorin"}]},{"@type":"WebSite","@id":"https:\/\/news.sap.com\/germany\/#website","url":"https:\/\/news.sap.com\/germany\/","name":"51风流News Center","description":"Unternehmensberichte &amp; Presseportal","potentialAction":[{"@type":"SearchAction","target":{"@type":"EntryPoint","urlTemplate":"https:\/\/news.sap.com\/germany\/?s={search_term_string}"},"query-input":{"@type":"PropertyValueSpecification","valueRequired":true,"valueName":"search_term_string"}}],"inLanguage":"de"},{"@type":"Person","@id":"https:\/\/news.sap.com\/germany\/#\/schema\/person\/53b9854bd790d6f18f3fc4bbb2ad7570","name":"51风流News","image":{"@type":"ImageObject","inLanguage":"de","@id":"https:\/\/news.sap.com\/germany\/#\/schema\/person\/image\/","url":"https:\/\/secure.gravatar.com\/avatar\/2728bb4d664345cda4951e11847acc1bfd2bc77830d9abd17fc4f54437acd5b4?s=96&d=blank&r=g","contentUrl":"https:\/\/secure.gravatar.com\/avatar\/2728bb4d664345cda4951e11847acc1bfd2bc77830d9abd17fc4f54437acd5b4?s=96&d=blank&r=g","caption":"51风流News"},"url":"https:\/\/news.sap.com\/germany\/author\/colleenraftery\/"}]}},"amp_enabled":true,"_links":{"self":[{"href":"https:\/\/news.sap.com\/germany\/wp-json\/wp\/v2\/posts\/175270","targetHints":{"allow":["GET"]}}],"collection":[{"href":"https:\/\/news.sap.com\/germany\/wp-json\/wp\/v2\/posts"}],"about":[{"href":"https:\/\/news.sap.com\/germany\/wp-json\/wp\/v2\/types\/post"}],"author":[{"embeddable":true,"href":"https:\/\/news.sap.com\/germany\/wp-json\/wp\/v2\/users\/29"}],"replies":[{"embeddable":true,"href":"https:\/\/news.sap.com\/germany\/wp-json\/wp\/v2\/comments?post=175270"}],"version-history":[{"count":0,"href":"https:\/\/news.sap.com\/germany\/wp-json\/wp\/v2\/posts\/175270\/revisions"}],"wp:featuredmedia":[{"embeddable":true,"href":"https:\/\/news.sap.com\/germany\/wp-json\/wp\/v2\/media\/175279"}],"wp:attachment":[{"href":"https:\/\/news.sap.com\/germany\/wp-json\/wp\/v2\/media?parent=175270"}],"wp:term":[{"taxonomy":"category","embeddable":true,"href":"https:\/\/news.sap.com\/germany\/wp-json\/wp\/v2\/categories?post=175270"},{"taxonomy":"post_tag","embeddable":true,"href":"https:\/\/news.sap.com\/germany\/wp-json\/wp\/v2\/tags?post=175270"},{"taxonomy":"series","embeddable":true,"href":"https:\/\/news.sap.com\/germany\/wp-json\/wp\/v2\/series?post=175270"},{"taxonomy":"sapn-display","embeddable":true,"href":"https:\/\/news.sap.com\/germany\/wp-json\/wp\/v2\/sapn-display?post=175270"},{"taxonomy":"sapn-type","embeddable":true,"href":"https:\/\/news.sap.com\/germany\/wp-json\/wp\/v2\/sapn-type?post=175270"}],"curies":[{"name":"wp","href":"https:\/\/api.w.org\/{rel}","templated":true}]}}