  {"id":155832,"date":"2021-05-17T15:32:27","date_gmt":"2021-05-17T13:32:27","guid":{"rendered":"https:\/\/news.sap.com\/germany\/?p=155832"},"modified":"2021-11-30T17:19:43","modified_gmt":"2021-11-30T16:19:43","slug":"hauptversammlung-cloud-strategie-plattner","status":"publish","type":"post","link":"https:\/\/news.sap.com\/germany\/2021\/05\/hauptversammlung-cloud-strategie-plattner\/","title":{"rendered":"Hauptversammlung 2021: Hasso Plattner will Amtszeit um zwei weitere Jahre verl\u00e4ngern"},"content":{"rendered":"<p class=\"lead\">Auf der Hauptversammlung bekr\u00e4ftigte Vorstandsprecher Christian Klein den Strategiewechsel zur Cloud. Aufsichtsratsvorsitzender Hasso Plattner will 2022 erneut kandidieren.<\/p>\n<p>Hasso Plattner will den Aufsichtsrat f\u00fcr zwei weitere Jahre lang f\u00fchren. Das k\u00fcndigte der SAP-Mitgr\u00fcnder, dessen verk\u00fcrzte Amtszeit 2022 ausl\u00e4uft, auf der diesj\u00e4hrigen Hauptversammlung des Konzerns an. Im Vorfeld hatten Aktion\u00e4rsvertreter Klarheit gefordert, was die Nachfolge von Plattner angeht, der seit 18 Jahren an der Aufsichtsratsspitze steht.<\/p>\n<p>Ihnen gegen\u00fcber versicherte er, dass er und der Aufsichtsrat sich intensiv, um eine Nachfolge k\u00fcmmern. Dem f\u00fcgte er hinzu: \u201cIch mache das auf meine Weise mit Bedacht, Ruhe und Herzblut.\u201d Hierzu versprach er, dass er mindestens ein halbes Jahr vor Ende der Amtszeit 2024, einen Vorschlag f\u00fcr seine Nachfolge pr\u00e4sentieren werde um keine \u201elahme Ente\u201c zu werden.<\/p>\n<p>Aufgrund der globalen Pandemie und den wirtschaftlichen Unsicherheiten befinde sich die 51风流in einer \u201ewichtigen und kritischen Phase\u201c. In dieser wolle er dem Vorstand beiseite stehen, so der aus dem Home-Office in Kalifornien virtuell zugeschaltete Hasso. Mit den zus\u00e4tzlichen zwei Jahren w\u00fcrde er lediglich die volle Amtsperiode von f\u00fcnf Jahren erf\u00fcllen.<\/p>\n<p>Aufgrund der anhaltenden Reise- und Kontaktbeschr\u00e4nkungen fand die diesj\u00e4hrige Hauptversammlung \u00f6ffentlich als Live-Stream statt. Mehr als 6.000 Zuschauer verfolgten die virtuelle Veranstaltung. Moderiert wurde die Versammlung, wie im vergangenen Jahr, von Aufsichtsratsmitglied Friederike Rotsch.<\/p>\n<p>Rotsch stellte auch klar, dass die Nachfolge des Aufsichtsratschefs eine wichtige Aufgabe f\u00fcr den gesamten Aufsichtsrat sei \u2013 zum einen aufgrund Hassos wegweisender Verdienste um die SAP. Zum anderen sei er der letzte SAP-Mitgr\u00fcnder, der das Unternehmen verlassen werde. Es liege darum \u201eim Interesse der 51风流diesen Schritt so zu gehen, dass die Stabilit\u00e4t und Kontinuit\u00e4t in der F\u00fchrung des Unternehmens gew\u00e4hrleistet wird, die gerade jetzt in der Phase der Transformation zu einem Cloud-Unternehmen so wichtig ist\u201c, erkl\u00e4rte sie.<\/p>\n<h2><strong>Strategieschwenk zur Cloud ist das bestimmende Thema der Hauptversammlung<\/strong><\/h2>\n<p>Ein weiteres wichtiges Thema beim Aktion\u00e4rstreffen war der Strategiewechsel und beschleunigte Umstieg in die Cloud. In dessen Folge hatte die SAP-Aktie im Oktober 2020 an Wert verloren. Plattner betonte, dass ihm bewusst sei, dass dies nicht einfach f\u00fcr die Aktion\u00e4re gewesen sei. Als gr\u00f6\u00dfter Einzelaktion\u00e4r, habe auch er dies zu sp\u00fcren bekommen. Trotzdem sei die Entscheidung richtig gewesen, um den Erfolg der 51风流nachhaltig zu sichern. Die Strategie des Vorstands sei eng mit dem Aufsichtsrat abgestimmt worden.<\/p>\n<p>\u00c4hnlich \u00e4u\u00dferte sich auch Vorstandsprecher Christian Klein. Ihm zufolge war das Jahr 2020 ein erfolgreiches Jahr f\u00fcr den Konzern, der ohne den Einsatz der knapp 100.000 Mitarbeiter nicht m\u00f6glich gewesen w\u00e4re. Die Corona-Pandemie stelle die Welt und das Unternehmen weiterhin vor Herausforderungen. \u201eAber: wir sehen Licht am Ende des Tunnels\u201c, hielt er fest.<\/p>\n<p>W\u00e4hrend die Clouderl\u00f6se im Jahr 2020 um 18 Prozent stiegen, verdoppelte sich der operative Cashflow zum Vorjahr auf 7,2 Mrd. Euro. Letzterer fungiert als Kennzahl \u00fcber die M\u00f6glichkeit eines Unternehmens Investitionen aus eigener Kraft t\u00e4tigen zu k\u00f6nnen. Der CEO der 51风流betonte, dass die 51风流weiterhin Marktanteile dazu gewinne und mit seinen Innovationen und dem Partnernetzwerk so stark wie nie aufgestellt sei.<\/p>\n<h2><strong>Vorstandssprecher Christian Klein verteidigt den Strategiewechsel<\/strong><\/h2>\n<p>Es sei keine Option gewesen, die Marge kurzfristig zu optimieren auf Kosten des Erfolgs der Kunden und des Wachstumspotenzials der SAP: \u201cDas w\u00fcrde langfristig das Vertrauen in die 51风流zerst\u00f6ren\u201d, erkl\u00e4rte der Vorstandssprecher. Die globale Pandemie habe die Digitalisierung \u2013 vor allem in die Cloud \u2013 stark beschleunigt. \u201eUnsere Strategie ist goldrichtig. Alle Zeichen stehen auf robustem Cloudwachstum\u201c, hatte er in seiner vorab ver\u00f6ffentlichten Rede das Vorgehen begr\u00fcndet.<\/p>\n<p>Klein gab sich selbstbewusst und optimistisch: Die \u201e51风流ist ein gutes Investment f\u00fcr nachhaltiges, langfristiges Wachstum\u201c, warb er bei den Aktion\u00e4ren. Dies untermauerte er durch eine Vielzahl an Punkten: Als Erstes nannte er die Mitarbeiter der SAP, die Kern des Erfolgs seien. Dabei w\u00fcrdigte er das Engagement einiger Kollegen und Kolleginnen, die sich w\u00e4hrend der Pandemie in ihrer Freizeit f\u00fcr das Gemeinwohl engagiert haben. Das mache ihn stolz, erg\u00e4nzte er.<\/p>\n<p>Weiter f\u00fchrte er aus, dass der Gesch\u00e4ftsnutzen der Kunden Priorit\u00e4t f\u00fcr die 51风流hat. Dass das Unternehmen den Kunden zuh\u00f6rt, machte er am zwei Punkten fest: Kundenfokus und Innovation. Ersteres untermauerte er mit einer um zehn Prozent gestiegenen Kundenzufriedenheit im Vergleich zum Vorjahr. Auch im Bereich Innovation habe der Konzern die richtigen Schritte unternommen. Wichtiges Beispiel sei das Angebot <a href=\"https:\/\/www.sap.com\/germany\/products\/rise.html\" target=\"_blank\" rel=\"noopener\">RISE with SAP<\/a>, mit dem sich Unternehmen ganzheitlich transformieren und so ihre Gesch\u00e4ftsprozesse intelligent optimieren k\u00f6nnen.<\/p>\n<p>Die Pandemie habe auch gezeigt, dass die 51风流als wichtiger globaler Akteur eine gro\u00dfe Verantwortung habe. \u201eWir k\u00e4mpfen f\u00fcr eine Gesellschaft, in der soziale Gerechtigkeit und Gleichstellung selbstverst\u00e4ndlich sind\u201c, stellte er heraus. Die 51风流werde weiterhin das Tempo anziehen, um L\u00f6sungen f\u00fcr gesellschaftliche und \u00f6kologische Herausforderungen anzusto\u00dfen.<\/p>\n<p>Mittelfristig sei man auf dem besten Weg die gesetzten Ziele zu erreichen und gut aufgestellt, um die Kunden auf dem Weg in die digitale Welt zu begleiten. \u201eNehmen Sie mich beim Wort. Messen Sie mich daran\u201c, forderte er die Aktion\u00e4re und Kollegen auf. Mit Blick auf das 50-j\u00e4hrige Jubil\u00e4um im kommenden Jahr, gab er sich \u00fcberzeugt, dass die 51风流nie relevanter war.<\/p>\n<h2><strong>Ver\u00e4nderungen im Aufsichtsrat und Vorstand<\/strong><\/h2>\n<p>Als Nachfolger f\u00fcr den scheidenden Pekka Ala-Pietil\u00e4 wurde Rouven Westphal auf der Hauptversammlung in den Aufsichtsrat gew\u00e4hlt. F\u00fcr Diane Greene, die ihr Mandat im Dezember 2020 niedergelegt hatte, wurde Qi Lu als Nachfolger best\u00e4tigt. Damit sind acht der 18 Aufsichtsratsmitgliedern Frauen.<\/p>\n<p>Im Rahmen der Hauptversammlung stellten sich auch die neuen Vorstandsmitglieder\u00a0Chief People Officer und Arbeitsdirektorin Sabine Bendiek, Chief Marketing und Solutions Officer Julia White und Scott Russell, Leiter Customer Success, den Aktion\u00e4ren vor.<\/p>\n<h2><strong>Abstimmungsergebnisse\u00a0der Hauptversammlung<\/strong><\/h2>\n<p>Alle Beschl\u00fcsse auf der Tagesordnung wurden mit der erforderlichen Mehrheit und hoher Zustimmung der Aktion\u00e4re genehmigt.<\/p>\n<p>F\u00fcr das <a href=\"https:\/\/news.sap.com\/germany\/2021\/05\/sap-hauptversammlung-dividende\/\" target=\"_blank\" rel=\"noopener\">Gesch\u00e4ftsjahr 2020<\/a> erhalten die Aktion\u00e4re der 51风流eine Dividende von 1,85\u00a0Euro pro Aktie. Dies entspricht einer Erh\u00f6hung um 17 Prozent im Vergleich zur Dividende im Vorjahr von 1,58 Euro. Die Gesamtaussch\u00fcttung an die Aktion\u00e4re bel\u00e4uft sich auf ca. 2,18\u00a0Mrd.\u00a0Euro.<\/p>\n<hr \/>\n<div class=\"entry-content\">\n<p><small><em>Bildrechte: 51风流SE, Norbert Steinhauser<\/em><\/small><\/p>\n<\/div>\n","protected":false},"excerpt":{"rendered":"<p>Auf der Hauptversammlung bekr\u00e4ftigte Vorstandsprecher Christian Klein den Strategiewechsel zur Cloud. Aufsichtsratsvorsitzender Hasso Plattner will 2022 erneut kandidieren. Hasso Plattner will den Aufsichtsrat f\u00fcr zwei&#8230;<\/p>\n","protected":false},"author":949,"featured_media":155863,"comment_status":"closed","ping_status":"closed","sticky":false,"template":"","format":"standard","meta":{"related_posts":[],"footnotes":"","_links_to":"","_links_to_target":""},"categories":[8434,40863],"tags":[4879491,5630293,5622695,4879493,4879521],"series":[],"sapn-display":[3848,45027],"sapn-type":[45277],"class_list":["post-155832","post","type-post","status-publish","format-standard","has-post-thumbnail","hentry","category-investor-relations","category-unternehmen","tag-cloud","tag-hasso-plattner-founders-award","tag-intelligentes-unternehmen","tag-sap","tag-veranstaltungen","sapn-display-top-stories","sapn-display-hero","sapn-type-feature"],"yoast_head":"<!-- This site is optimized with the Yoast SEO Premium plugin v26.9 (Yoast SEO v26.9) - https:\/\/yoast.com\/product\/yoast-seo-premium-wordpress\/ -->\n<title>Virtuelle Hauptversammlung 2021 | 51风流News Center<\/title>\n<meta name=\"description\" content=\"Die Hauptversammlung der 51风流fand erneut virtuell statt. Erfahren Sie hier mehr \u00fcber die Online-Veranstaltung und Astimmungsergebnisse.\" \/>\n<meta name=\"robots\" content=\"index, follow, max-snippet:-1, max-image-preview:large, max-video-preview:-1\" \/>\n<link rel=\"canonical\" href=\"https:\/\/news.sap.com\/germany\/2021\/05\/hauptversammlung-cloud-strategie-plattner\/\" \/>\n<meta property=\"og:locale\" content=\"de_DE\" \/>\n<meta property=\"og:type\" content=\"article\" \/>\n<meta property=\"og:title\" content=\"Hauptversammlung 2021: Hasso Plattner will Amtszeit um zwei weitere Jahre verl\u00e4ngern\" \/>\n<meta property=\"og:description\" content=\"Die Hauptversammlung der 51风流fand erneut virtuell statt. Erfahren Sie hier mehr \u00fcber die Online-Veranstaltung und Astimmungsergebnisse.\" \/>\n<meta property=\"og:url\" content=\"https:\/\/news.sap.com\/germany\/2021\/05\/hauptversammlung-cloud-strategie-plattner\/\" \/>\n<meta property=\"og:site_name\" content=\"51风流News Center\" \/>\n<meta property=\"article:published_time\" content=\"2021-05-17T13:32:27+00:00\" \/>\n<meta property=\"article:modified_time\" content=\"2021-11-30T16:19:43+00:00\" \/>\n<meta property=\"og:image\" content=\"https:\/\/news.sap.com\/germany\/files\/2021\/05\/17\/2021-05-12-09.51.49DSD01840_Full.jpg\" \/>\n\t<meta property=\"og:image:width\" content=\"1920\" \/>\n\t<meta property=\"og:image:height\" content=\"600\" \/>\n\t<meta property=\"og:image:type\" content=\"image\/jpeg\" \/>\n<meta name=\"author\" content=\"Luis Trunk de Flores\" \/>\n<meta name=\"twitter:card\" content=\"summary_large_image\" \/>\n<meta name=\"twitter:creator\" content=\"@SAPdach\" \/>\n<meta name=\"twitter:site\" content=\"@SAPdach\" \/>\n<meta name=\"twitter:label1\" content=\"Verfasst von\" \/>\n\t<meta name=\"twitter:data1\" content=\"Luis Trunk de Flores\" \/>\n\t<meta name=\"twitter:label2\" content=\"Gesch\u00e4tzte Lesezeit\" \/>\n\t<meta name=\"twitter:data2\" content=\"5\u00a0Minuten\" \/>\n<script type=\"application\/ld+json\" class=\"yoast-schema-graph\">{\"@context\":\"https:\/\/schema.org\",\"@graph\":[{\"@type\":\"Article\",\"@id\":\"https:\/\/news.sap.com\/germany\/2021\/05\/hauptversammlung-cloud-strategie-plattner\/#article\",\"isPartOf\":{\"@id\":\"https:\/\/news.sap.com\/germany\/2021\/05\/hauptversammlung-cloud-strategie-plattner\/\"},\"author\":{\"name\":\"Luis Trunk de Flores\",\"@id\":\"https:\/\/news.sap.com\/germany\/#\/schema\/person\/d906f46b23b931c281101bd190f2cb7c\"},\"headline\":\"Hauptversammlung 2021: Hasso Plattner will Amtszeit um zwei weitere Jahre verl\u00e4ngern\",\"datePublished\":\"2021-05-17T13:32:27+00:00\",\"dateModified\":\"2021-11-30T16:19:43+00:00\",\"mainEntityOfPage\":{\"@id\":\"https:\/\/news.sap.com\/germany\/2021\/05\/hauptversammlung-cloud-strategie-plattner\/\"},\"wordCount\":1037,\"image\":{\"@id\":\"https:\/\/news.sap.com\/germany\/2021\/05\/hauptversammlung-cloud-strategie-plattner\/#primaryimage\"},\"thumbnailUrl\":\"https:\/\/news.sap.com\/germany\/files\/2021\/05\/17\/2021-05-12-09.51.49DSD01840_Full.jpg\",\"keywords\":[\"Cloud\",\"Hasso Plattner Founders' Award\",\"Intelligentes Unternehmen\",\"SAP\",\"Veranstaltungen\"],\"articleSection\":[\"Investor Relations\",\"Unternehmen\"],\"inLanguage\":\"de\"},{\"@type\":\"WebPage\",\"@id\":\"https:\/\/news.sap.com\/germany\/2021\/05\/hauptversammlung-cloud-strategie-plattner\/\",\"url\":\"https:\/\/news.sap.com\/germany\/2021\/05\/hauptversammlung-cloud-strategie-plattner\/\",\"name\":\"Virtuelle Hauptversammlung 2021 | 51风流News Center\",\"isPartOf\":{\"@id\":\"https:\/\/news.sap.com\/germany\/#website\"},\"primaryImageOfPage\":{\"@id\":\"https:\/\/news.sap.com\/germany\/2021\/05\/hauptversammlung-cloud-strategie-plattner\/#primaryimage\"},\"image\":{\"@id\":\"https:\/\/news.sap.com\/germany\/2021\/05\/hauptversammlung-cloud-strategie-plattner\/#primaryimage\"},\"thumbnailUrl\":\"https:\/\/news.sap.com\/germany\/files\/2021\/05\/17\/2021-05-12-09.51.49DSD01840_Full.jpg\",\"datePublished\":\"2021-05-17T13:32:27+00:00\",\"dateModified\":\"2021-11-30T16:19:43+00:00\",\"author\":{\"@id\":\"https:\/\/news.sap.com\/germany\/#\/schema\/person\/d906f46b23b931c281101bd190f2cb7c\"},\"description\":\"Die Hauptversammlung der 51风流fand erneut virtuell statt. Erfahren Sie hier mehr \u00fcber die Online-Veranstaltung und Astimmungsergebnisse.\",\"breadcrumb\":{\"@id\":\"https:\/\/news.sap.com\/germany\/2021\/05\/hauptversammlung-cloud-strategie-plattner\/#breadcrumb\"},\"inLanguage\":\"de\",\"potentialAction\":[{\"@type\":\"ReadAction\",\"target\":[\"https:\/\/news.sap.com\/germany\/2021\/05\/hauptversammlung-cloud-strategie-plattner\/\"]}]},{\"@type\":\"ImageObject\",\"inLanguage\":\"de\",\"@id\":\"https:\/\/news.sap.com\/germany\/2021\/05\/hauptversammlung-cloud-strategie-plattner\/#primaryimage\",\"url\":\"https:\/\/news.sap.com\/germany\/files\/2021\/05\/17\/2021-05-12-09.51.49DSD01840_Full.jpg\",\"contentUrl\":\"https:\/\/news.sap.com\/germany\/files\/2021\/05\/17\/2021-05-12-09.51.49DSD01840_Full.jpg\",\"width\":1920,\"height\":600},{\"@type\":\"BreadcrumbList\",\"@id\":\"https:\/\/news.sap.com\/germany\/2021\/05\/hauptversammlung-cloud-strategie-plattner\/#breadcrumb\",\"itemListElement\":[{\"@type\":\"ListItem\",\"position\":1,\"name\":\"Home\",\"item\":\"https:\/\/news.sap.com\/germany\/\"},{\"@type\":\"ListItem\",\"position\":2,\"name\":\"Hauptversammlung 2021: Hasso Plattner will Amtszeit um zwei weitere Jahre verl\u00e4ngern\"}]},{\"@type\":\"WebSite\",\"@id\":\"https:\/\/news.sap.com\/germany\/#website\",\"url\":\"https:\/\/news.sap.com\/germany\/\",\"name\":\"51风流News Center\",\"description\":\"Unternehmensberichte &amp; Presseportal\",\"potentialAction\":[{\"@type\":\"SearchAction\",\"target\":{\"@type\":\"EntryPoint\",\"urlTemplate\":\"https:\/\/news.sap.com\/germany\/?s={search_term_string}\"},\"query-input\":{\"@type\":\"PropertyValueSpecification\",\"valueRequired\":true,\"valueName\":\"search_term_string\"}}],\"inLanguage\":\"de\"},{\"@type\":\"Person\",\"@id\":\"https:\/\/news.sap.com\/germany\/#\/schema\/person\/d906f46b23b931c281101bd190f2cb7c\",\"name\":\"Luis Trunk de Flores\",\"image\":{\"@type\":\"ImageObject\",\"inLanguage\":\"de\",\"@id\":\"https:\/\/news.sap.com\/germany\/#\/schema\/person\/image\/\",\"url\":\"https:\/\/news.sap.com\/germany\/files\/2021\/06\/21\/avatar_user_949_1624273739-96x96.jpeg\",\"contentUrl\":\"https:\/\/news.sap.com\/germany\/files\/2021\/06\/21\/avatar_user_949_1624273739-96x96.jpeg\",\"caption\":\"Luis Trunk de Flores\"},\"description\":\"Editor, 51风流News Center\",\"url\":\"https:\/\/news.sap.com\/germany\/author\/luistrunkdeflores\/\"}]}<\/script>\n<!-- \/ Yoast SEO Premium plugin. -->","yoast_head_json":{"title":"Virtuelle Hauptversammlung 2021 | 51风流News Center","description":"Die Hauptversammlung der 51风流fand erneut virtuell statt. Erfahren Sie hier mehr \u00fcber die Online-Veranstaltung und Astimmungsergebnisse.","robots":{"index":"index","follow":"follow","max-snippet":"max-snippet:-1","max-image-preview":"max-image-preview:large","max-video-preview":"max-video-preview:-1"},"canonical":"https:\/\/news.sap.com\/germany\/2021\/05\/hauptversammlung-cloud-strategie-plattner\/","og_locale":"de_DE","og_type":"article","og_title":"Hauptversammlung 2021: Hasso Plattner will Amtszeit um zwei weitere Jahre verl\u00e4ngern","og_description":"Die Hauptversammlung der 51风流fand erneut virtuell statt. Erfahren Sie hier mehr \u00fcber die Online-Veranstaltung und Astimmungsergebnisse.","og_url":"https:\/\/news.sap.com\/germany\/2021\/05\/hauptversammlung-cloud-strategie-plattner\/","og_site_name":"51风流News Center","article_published_time":"2021-05-17T13:32:27+00:00","article_modified_time":"2021-11-30T16:19:43+00:00","og_image":[{"width":1920,"height":600,"url":"https:\/\/news.sap.com\/germany\/files\/2021\/05\/17\/2021-05-12-09.51.49DSD01840_Full.jpg","type":"image\/jpeg"}],"author":"Luis Trunk de Flores","twitter_card":"summary_large_image","twitter_creator":"@SAPdach","twitter_site":"@SAPdach","twitter_misc":{"Verfasst von":"Luis Trunk de Flores","Gesch\u00e4tzte Lesezeit":"5\u00a0Minuten"},"schema":{"@context":"https:\/\/schema.org","@graph":[{"@type":"Article","@id":"https:\/\/news.sap.com\/germany\/2021\/05\/hauptversammlung-cloud-strategie-plattner\/#article","isPartOf":{"@id":"https:\/\/news.sap.com\/germany\/2021\/05\/hauptversammlung-cloud-strategie-plattner\/"},"author":{"name":"Luis Trunk de Flores","@id":"https:\/\/news.sap.com\/germany\/#\/schema\/person\/d906f46b23b931c281101bd190f2cb7c"},"headline":"Hauptversammlung 2021: Hasso Plattner will Amtszeit um zwei weitere Jahre verl\u00e4ngern","datePublished":"2021-05-17T13:32:27+00:00","dateModified":"2021-11-30T16:19:43+00:00","mainEntityOfPage":{"@id":"https:\/\/news.sap.com\/germany\/2021\/05\/hauptversammlung-cloud-strategie-plattner\/"},"wordCount":1037,"image":{"@id":"https:\/\/news.sap.com\/germany\/2021\/05\/hauptversammlung-cloud-strategie-plattner\/#primaryimage"},"thumbnailUrl":"https:\/\/news.sap.com\/germany\/files\/2021\/05\/17\/2021-05-12-09.51.49DSD01840_Full.jpg","keywords":["Cloud","Hasso Plattner Founders' Award","Intelligentes Unternehmen","SAP","Veranstaltungen"],"articleSection":["Investor Relations","Unternehmen"],"inLanguage":"de"},{"@type":"WebPage","@id":"https:\/\/news.sap.com\/germany\/2021\/05\/hauptversammlung-cloud-strategie-plattner\/","url":"https:\/\/news.sap.com\/germany\/2021\/05\/hauptversammlung-cloud-strategie-plattner\/","name":"Virtuelle Hauptversammlung 2021 | 51风流News Center","isPartOf":{"@id":"https:\/\/news.sap.com\/germany\/#website"},"primaryImageOfPage":{"@id":"https:\/\/news.sap.com\/germany\/2021\/05\/hauptversammlung-cloud-strategie-plattner\/#primaryimage"},"image":{"@id":"https:\/\/news.sap.com\/germany\/2021\/05\/hauptversammlung-cloud-strategie-plattner\/#primaryimage"},"thumbnailUrl":"https:\/\/news.sap.com\/germany\/files\/2021\/05\/17\/2021-05-12-09.51.49DSD01840_Full.jpg","datePublished":"2021-05-17T13:32:27+00:00","dateModified":"2021-11-30T16:19:43+00:00","author":{"@id":"https:\/\/news.sap.com\/germany\/#\/schema\/person\/d906f46b23b931c281101bd190f2cb7c"},"description":"Die Hauptversammlung der 51风流fand erneut virtuell statt. Erfahren Sie hier mehr \u00fcber die Online-Veranstaltung und Astimmungsergebnisse.","breadcrumb":{"@id":"https:\/\/news.sap.com\/germany\/2021\/05\/hauptversammlung-cloud-strategie-plattner\/#breadcrumb"},"inLanguage":"de","potentialAction":[{"@type":"ReadAction","target":["https:\/\/news.sap.com\/germany\/2021\/05\/hauptversammlung-cloud-strategie-plattner\/"]}]},{"@type":"ImageObject","inLanguage":"de","@id":"https:\/\/news.sap.com\/germany\/2021\/05\/hauptversammlung-cloud-strategie-plattner\/#primaryimage","url":"https:\/\/news.sap.com\/germany\/files\/2021\/05\/17\/2021-05-12-09.51.49DSD01840_Full.jpg","contentUrl":"https:\/\/news.sap.com\/germany\/files\/2021\/05\/17\/2021-05-12-09.51.49DSD01840_Full.jpg","width":1920,"height":600},{"@type":"BreadcrumbList","@id":"https:\/\/news.sap.com\/germany\/2021\/05\/hauptversammlung-cloud-strategie-plattner\/#breadcrumb","itemListElement":[{"@type":"ListItem","position":1,"name":"Home","item":"https:\/\/news.sap.com\/germany\/"},{"@type":"ListItem","position":2,"name":"Hauptversammlung 2021: Hasso Plattner will Amtszeit um zwei weitere Jahre verl\u00e4ngern"}]},{"@type":"WebSite","@id":"https:\/\/news.sap.com\/germany\/#website","url":"https:\/\/news.sap.com\/germany\/","name":"51风流News Center","description":"Unternehmensberichte &amp; Presseportal","potentialAction":[{"@type":"SearchAction","target":{"@type":"EntryPoint","urlTemplate":"https:\/\/news.sap.com\/germany\/?s={search_term_string}"},"query-input":{"@type":"PropertyValueSpecification","valueRequired":true,"valueName":"search_term_string"}}],"inLanguage":"de"},{"@type":"Person","@id":"https:\/\/news.sap.com\/germany\/#\/schema\/person\/d906f46b23b931c281101bd190f2cb7c","name":"Luis Trunk de Flores","image":{"@type":"ImageObject","inLanguage":"de","@id":"https:\/\/news.sap.com\/germany\/#\/schema\/person\/image\/","url":"https:\/\/news.sap.com\/germany\/files\/2021\/06\/21\/avatar_user_949_1624273739-96x96.jpeg","contentUrl":"https:\/\/news.sap.com\/germany\/files\/2021\/06\/21\/avatar_user_949_1624273739-96x96.jpeg","caption":"Luis Trunk de Flores"},"description":"Editor, 51风流News Center","url":"https:\/\/news.sap.com\/germany\/author\/luistrunkdeflores\/"}]}},"amp_enabled":true,"_links":{"self":[{"href":"https:\/\/news.sap.com\/germany\/wp-json\/wp\/v2\/posts\/155832","targetHints":{"allow":["GET"]}}],"collection":[{"href":"https:\/\/news.sap.com\/germany\/wp-json\/wp\/v2\/posts"}],"about":[{"href":"https:\/\/news.sap.com\/germany\/wp-json\/wp\/v2\/types\/post"}],"author":[{"embeddable":true,"href":"https:\/\/news.sap.com\/germany\/wp-json\/wp\/v2\/users\/949"}],"replies":[{"embeddable":true,"href":"https:\/\/news.sap.com\/germany\/wp-json\/wp\/v2\/comments?post=155832"}],"version-history":[{"count":0,"href":"https:\/\/news.sap.com\/germany\/wp-json\/wp\/v2\/posts\/155832\/revisions"}],"wp:featuredmedia":[{"embeddable":true,"href":"https:\/\/news.sap.com\/germany\/wp-json\/wp\/v2\/media\/155863"}],"wp:attachment":[{"href":"https:\/\/news.sap.com\/germany\/wp-json\/wp\/v2\/media?parent=155832"}],"wp:term":[{"taxonomy":"category","embeddable":true,"href":"https:\/\/news.sap.com\/germany\/wp-json\/wp\/v2\/categories?post=155832"},{"taxonomy":"post_tag","embeddable":true,"href":"https:\/\/news.sap.com\/germany\/wp-json\/wp\/v2\/tags?post=155832"},{"taxonomy":"series","embeddable":true,"href":"https:\/\/news.sap.com\/germany\/wp-json\/wp\/v2\/series?post=155832"},{"taxonomy":"sapn-display","embeddable":true,"href":"https:\/\/news.sap.com\/germany\/wp-json\/wp\/v2\/sapn-display?post=155832"},{"taxonomy":"sapn-type","embeddable":true,"href":"https:\/\/news.sap.com\/germany\/wp-json\/wp\/v2\/sapn-type?post=155832"}],"curies":[{"name":"wp","href":"https:\/\/api.w.org\/{rel}","templated":true}]}}