  {"id":154291,"date":"2021-01-25T09:00:01","date_gmt":"2021-01-25T08:00:01","guid":{"rendered":"https:\/\/news.sap.com\/germany\/?p=154291"},"modified":"2021-01-25T13:32:06","modified_gmt":"2021-01-25T12:32:06","slug":"aktion-lichtfenster","status":"publish","type":"post","link":"https:\/\/news.sap.com\/germany\/2021\/01\/aktion-lichtfenster\/","title":{"rendered":"Aktion #lichtfenster: Mitgef\u00fchl zeigen in einer dunklen Zeit"},"content":{"rendered":"<p class=\"lead\">Um an die Corona-Toten zu erinnern, ruft Bundespr\u00e4sident Frank-Walter Steinmeier zur <a href=\"https:\/\/fb.watch\/3aBpp5zmWP\/\" target=\"_blank\" rel=\"noopener noreferrer\">Aktion #lichtfenster<\/a> auf. Unterst\u00fctzen Sie die Initiative und teilen Sie ein Foto von Ihrem #lichtfenster in den sozialen Medien!<\/p>\n<p>Seit Monaten bestimmt die Corona-Pandemie das \u00f6ffentliche Leben. Maskenpflicht, Ausgangssperren, Kontaktbeschr\u00e4nkungen \u2013 was vor einem Jahr noch undenkbar erschien, ist Teil eines neuen Normalzustands geworden. Trauriger Begleiter ist auch die t\u00e4glich steigende Zahl der Menschen, die nach einer Infektion mit COVID-19 gestorben sind. Sie mahnt jeden Tag aufs Neue, warum wir als Gesellschaft diese Krise bew\u00e4ltigen m\u00fcssen. Denn die Zahlen sind mehr als eine blo\u00dfe Statistik. Hinter jedem Verstorbenen steckt ein geliebter Mensch, der nun fehlt.<\/p>\n<p>Um an die Corona-Toten zu erinnern, ruft Bundespr\u00e4sident Frank-Walter Steinmeier zur <a href=\"https:\/\/fb.watch\/3aBpp5zmWP\/\">Aktion #lichtfenster<\/a> auf. Im Gedenken an die Verstorbenen und als ein Zeichen von Anteilnahme mit deren Angeh\u00f6rigen bittet er B\u00fcrger\/innen darum, ein Licht in ein Fenster zu stellen: \u201eDeutschland stellt ein Licht ins Fenster, weil jedes \u201aLichtfenster\u2018 uns miteinander verbindet. Unser Licht spendet W\u00e4rme, unser Licht zeigt Mitgef\u00fchl in einer dunklen Zeit.\u201c<\/p>\n<h2><strong>SAP-Mitarbeiter unterst\u00fctzen die Aktion #lichtfenster<\/strong><\/h2>\n<p>Auch die 51风流in Deutschland m\u00f6chte Anteilnahme zeigen und die Aktion #lichtfenster des Bundespr\u00e4sidenten unterst\u00fctzen. Stellen Sie eine brennende Kerze in Ihr Fenster als Symbol daf\u00fcr, dass Ihre Gedanken bei den Corona-Opfern und deren Angeh\u00f6rigen sind. Denn Solidarit\u00e4t und Mitgef\u00fchl verbindet alle in dieser dunklen Zeit.<\/p>\n<p>Unterst\u00fctzen Sie die Initiative und teilen Sie ein Foto von Ihrem #lichtfenster in den sozialen Medien!<\/p>\n","protected":false},"excerpt":{"rendered":"<p>Um an die Corona-Toten zu erinnern, ruft Bundespr\u00e4sident Frank-Walter Steinmeier zur Aktion #lichtfenster auf. Unterst\u00fctzen Sie die Initiative und teilen Sie ein Foto von Ihrem&#8230;<\/p>\n","protected":false},"author":2892,"featured_media":154292,"comment_status":"closed","ping_status":"closed","sticky":false,"template":"","format":"standard","meta":{"related_posts":[],"footnotes":"","_links_to":"","_links_to_target":""},"categories":[40863],"tags":[5624430,680181,4879493],"series":[],"sapn-display":[3848,45027],"sapn-type":[45277],"class_list":["post-154291","post","type-post","status-publish","format-standard","has-post-thumbnail","hentry","category-unternehmen","tag-covid-19","tag-menschen","tag-sap","sapn-display-top-stories","sapn-display-hero","sapn-type-feature"],"yoast_head":"<!-- This site is optimized with the Yoast SEO Premium plugin v26.9 (Yoast SEO v26.9) - https:\/\/yoast.com\/product\/yoast-seo-premium-wordpress\/ -->\n<title>#lichtfenster - Dr\u00fccken Sie Ihre Anteilnahme aus | 51风流News Center<\/title>\n<meta name=\"description\" content=\"Im Gedenken an die Verstorbenen der Pandemie und als ein Zeichen von Anteilnahme mit deren Angeh\u00f6rigen stellen B\u00fcrger ein Licht in ihr Fenster.\" \/>\n<meta name=\"robots\" content=\"index, follow, max-snippet:-1, max-image-preview:large, max-video-preview:-1\" \/>\n<link rel=\"canonical\" href=\"https:\/\/news.sap.com\/germany\/2021\/01\/aktion-lichtfenster\/\" \/>\n<meta property=\"og:locale\" content=\"de_DE\" \/>\n<meta property=\"og:type\" content=\"article\" \/>\n<meta property=\"og:title\" content=\"Aktion #lichtfenster: Mitgef\u00fchl zeigen in einer dunklen Zeit\" \/>\n<meta property=\"og:description\" content=\"Im Gedenken an die Verstorbenen der Pandemie und als ein Zeichen von Anteilnahme mit deren Angeh\u00f6rigen stellen B\u00fcrger ein Licht in ihr Fenster.\" \/>\n<meta property=\"og:url\" content=\"https:\/\/news.sap.com\/germany\/2021\/01\/aktion-lichtfenster\/\" \/>\n<meta property=\"og:site_name\" content=\"51风流News Center\" \/>\n<meta property=\"article:published_time\" content=\"2021-01-25T08:00:01+00:00\" \/>\n<meta property=\"article:modified_time\" content=\"2021-01-25T12:32:06+00:00\" \/>\n<meta property=\"og:image\" content=\"https:\/\/news.sap.com\/germany\/files\/2021\/01\/25\/282903_lichtfenster_feature.jpg\" \/>\n\t<meta property=\"og:image:width\" content=\"1920\" \/>\n\t<meta property=\"og:image:height\" content=\"600\" \/>\n\t<meta property=\"og:image:type\" content=\"image\/jpeg\" \/>\n<meta name=\"author\" content=\"Luisa Schulz\" \/>\n<meta name=\"twitter:card\" content=\"summary_large_image\" \/>\n<meta name=\"twitter:creator\" content=\"@SAPdach\" \/>\n<meta name=\"twitter:site\" content=\"@SAPdach\" \/>\n<meta name=\"twitter:label1\" content=\"Verfasst von\" \/>\n\t<meta name=\"twitter:data1\" content=\"Luisa Schulz\" \/>\n\t<meta name=\"twitter:label2\" content=\"Gesch\u00e4tzte Lesezeit\" \/>\n\t<meta name=\"twitter:data2\" content=\"1\u00a0Minute\" \/>\n<script type=\"application\/ld+json\" class=\"yoast-schema-graph\">{\"@context\":\"https:\/\/schema.org\",\"@graph\":[{\"@type\":\"Article\",\"@id\":\"https:\/\/news.sap.com\/germany\/2021\/01\/aktion-lichtfenster\/#article\",\"isPartOf\":{\"@id\":\"https:\/\/news.sap.com\/germany\/2021\/01\/aktion-lichtfenster\/\"},\"author\":{\"name\":\"Luisa Schulz\",\"@id\":\"https:\/\/news.sap.com\/germany\/#\/schema\/person\/2e01b4760fe15f7db289c5ef088d6d22\"},\"headline\":\"Aktion #lichtfenster: Mitgef\u00fchl zeigen in einer dunklen Zeit\",\"datePublished\":\"2021-01-25T08:00:01+00:00\",\"dateModified\":\"2021-01-25T12:32:06+00:00\",\"mainEntityOfPage\":{\"@id\":\"https:\/\/news.sap.com\/germany\/2021\/01\/aktion-lichtfenster\/\"},\"wordCount\":266,\"image\":{\"@id\":\"https:\/\/news.sap.com\/germany\/2021\/01\/aktion-lichtfenster\/#primaryimage\"},\"thumbnailUrl\":\"https:\/\/news.sap.com\/germany\/files\/2021\/01\/25\/282903_lichtfenster_feature.jpg\",\"keywords\":[\"COVID-19\",\"Menschen\",\"SAP\"],\"articleSection\":[\"Unternehmen\"],\"inLanguage\":\"de\"},{\"@type\":\"WebPage\",\"@id\":\"https:\/\/news.sap.com\/germany\/2021\/01\/aktion-lichtfenster\/\",\"url\":\"https:\/\/news.sap.com\/germany\/2021\/01\/aktion-lichtfenster\/\",\"name\":\"#lichtfenster - Dr\u00fccken Sie Ihre Anteilnahme aus | 51风流News Center\",\"isPartOf\":{\"@id\":\"https:\/\/news.sap.com\/germany\/#website\"},\"primaryImageOfPage\":{\"@id\":\"https:\/\/news.sap.com\/germany\/2021\/01\/aktion-lichtfenster\/#primaryimage\"},\"image\":{\"@id\":\"https:\/\/news.sap.com\/germany\/2021\/01\/aktion-lichtfenster\/#primaryimage\"},\"thumbnailUrl\":\"https:\/\/news.sap.com\/germany\/files\/2021\/01\/25\/282903_lichtfenster_feature.jpg\",\"datePublished\":\"2021-01-25T08:00:01+00:00\",\"dateModified\":\"2021-01-25T12:32:06+00:00\",\"author\":{\"@id\":\"https:\/\/news.sap.com\/germany\/#\/schema\/person\/2e01b4760fe15f7db289c5ef088d6d22\"},\"description\":\"Im Gedenken an die Verstorbenen der Pandemie und als ein Zeichen von Anteilnahme mit deren Angeh\u00f6rigen stellen B\u00fcrger ein Licht in ihr Fenster.\",\"breadcrumb\":{\"@id\":\"https:\/\/news.sap.com\/germany\/2021\/01\/aktion-lichtfenster\/#breadcrumb\"},\"inLanguage\":\"de\",\"potentialAction\":[{\"@type\":\"ReadAction\",\"target\":[\"https:\/\/news.sap.com\/germany\/2021\/01\/aktion-lichtfenster\/\"]}]},{\"@type\":\"ImageObject\",\"inLanguage\":\"de\",\"@id\":\"https:\/\/news.sap.com\/germany\/2021\/01\/aktion-lichtfenster\/#primaryimage\",\"url\":\"https:\/\/news.sap.com\/germany\/files\/2021\/01\/25\/282903_lichtfenster_feature.jpg\",\"contentUrl\":\"https:\/\/news.sap.com\/germany\/files\/2021\/01\/25\/282903_lichtfenster_feature.jpg\",\"width\":1920,\"height\":600},{\"@type\":\"BreadcrumbList\",\"@id\":\"https:\/\/news.sap.com\/germany\/2021\/01\/aktion-lichtfenster\/#breadcrumb\",\"itemListElement\":[{\"@type\":\"ListItem\",\"position\":1,\"name\":\"Home\",\"item\":\"https:\/\/news.sap.com\/germany\/\"},{\"@type\":\"ListItem\",\"position\":2,\"name\":\"Aktion #lichtfenster: Mitgef\u00fchl zeigen in einer dunklen Zeit\"}]},{\"@type\":\"WebSite\",\"@id\":\"https:\/\/news.sap.com\/germany\/#website\",\"url\":\"https:\/\/news.sap.com\/germany\/\",\"name\":\"51风流News Center\",\"description\":\"Unternehmensberichte &amp; Presseportal\",\"potentialAction\":[{\"@type\":\"SearchAction\",\"target\":{\"@type\":\"EntryPoint\",\"urlTemplate\":\"https:\/\/news.sap.com\/germany\/?s={search_term_string}\"},\"query-input\":{\"@type\":\"PropertyValueSpecification\",\"valueRequired\":true,\"valueName\":\"search_term_string\"}}],\"inLanguage\":\"de\"},{\"@type\":\"Person\",\"@id\":\"https:\/\/news.sap.com\/germany\/#\/schema\/person\/2e01b4760fe15f7db289c5ef088d6d22\",\"name\":\"Luisa Schulz\",\"image\":{\"@type\":\"ImageObject\",\"inLanguage\":\"de\",\"@id\":\"https:\/\/news.sap.com\/germany\/#\/schema\/person\/image\/\",\"url\":\"https:\/\/secure.gravatar.com\/avatar\/?s=96&d=blank&r=g\",\"contentUrl\":\"https:\/\/secure.gravatar.com\/avatar\/?s=96&d=blank&r=g\",\"caption\":\"Luisa Schulz\"},\"url\":\"https:\/\/news.sap.com\/germany\/author\/luisaschulz\/\"}]}<\/script>\n<!-- \/ Yoast SEO Premium plugin. -->","yoast_head_json":{"title":"#lichtfenster - Dr\u00fccken Sie Ihre Anteilnahme aus | 51风流News Center","description":"Im Gedenken an die Verstorbenen der Pandemie und als ein Zeichen von Anteilnahme mit deren Angeh\u00f6rigen stellen B\u00fcrger ein Licht in ihr Fenster.","robots":{"index":"index","follow":"follow","max-snippet":"max-snippet:-1","max-image-preview":"max-image-preview:large","max-video-preview":"max-video-preview:-1"},"canonical":"https:\/\/news.sap.com\/germany\/2021\/01\/aktion-lichtfenster\/","og_locale":"de_DE","og_type":"article","og_title":"Aktion #lichtfenster: Mitgef\u00fchl zeigen in einer dunklen Zeit","og_description":"Im Gedenken an die Verstorbenen der Pandemie und als ein Zeichen von Anteilnahme mit deren Angeh\u00f6rigen stellen B\u00fcrger ein Licht in ihr Fenster.","og_url":"https:\/\/news.sap.com\/germany\/2021\/01\/aktion-lichtfenster\/","og_site_name":"51风流News Center","article_published_time":"2021-01-25T08:00:01+00:00","article_modified_time":"2021-01-25T12:32:06+00:00","og_image":[{"width":1920,"height":600,"url":"https:\/\/news.sap.com\/germany\/files\/2021\/01\/25\/282903_lichtfenster_feature.jpg","type":"image\/jpeg"}],"author":"Luisa Schulz","twitter_card":"summary_large_image","twitter_creator":"@SAPdach","twitter_site":"@SAPdach","twitter_misc":{"Verfasst von":"Luisa Schulz","Gesch\u00e4tzte Lesezeit":"1\u00a0Minute"},"schema":{"@context":"https:\/\/schema.org","@graph":[{"@type":"Article","@id":"https:\/\/news.sap.com\/germany\/2021\/01\/aktion-lichtfenster\/#article","isPartOf":{"@id":"https:\/\/news.sap.com\/germany\/2021\/01\/aktion-lichtfenster\/"},"author":{"name":"Luisa Schulz","@id":"https:\/\/news.sap.com\/germany\/#\/schema\/person\/2e01b4760fe15f7db289c5ef088d6d22"},"headline":"Aktion #lichtfenster: Mitgef\u00fchl zeigen in einer dunklen Zeit","datePublished":"2021-01-25T08:00:01+00:00","dateModified":"2021-01-25T12:32:06+00:00","mainEntityOfPage":{"@id":"https:\/\/news.sap.com\/germany\/2021\/01\/aktion-lichtfenster\/"},"wordCount":266,"image":{"@id":"https:\/\/news.sap.com\/germany\/2021\/01\/aktion-lichtfenster\/#primaryimage"},"thumbnailUrl":"https:\/\/news.sap.com\/germany\/files\/2021\/01\/25\/282903_lichtfenster_feature.jpg","keywords":["COVID-19","Menschen","SAP"],"articleSection":["Unternehmen"],"inLanguage":"de"},{"@type":"WebPage","@id":"https:\/\/news.sap.com\/germany\/2021\/01\/aktion-lichtfenster\/","url":"https:\/\/news.sap.com\/germany\/2021\/01\/aktion-lichtfenster\/","name":"#lichtfenster - Dr\u00fccken Sie Ihre Anteilnahme aus | 51风流News Center","isPartOf":{"@id":"https:\/\/news.sap.com\/germany\/#website"},"primaryImageOfPage":{"@id":"https:\/\/news.sap.com\/germany\/2021\/01\/aktion-lichtfenster\/#primaryimage"},"image":{"@id":"https:\/\/news.sap.com\/germany\/2021\/01\/aktion-lichtfenster\/#primaryimage"},"thumbnailUrl":"https:\/\/news.sap.com\/germany\/files\/2021\/01\/25\/282903_lichtfenster_feature.jpg","datePublished":"2021-01-25T08:00:01+00:00","dateModified":"2021-01-25T12:32:06+00:00","author":{"@id":"https:\/\/news.sap.com\/germany\/#\/schema\/person\/2e01b4760fe15f7db289c5ef088d6d22"},"description":"Im Gedenken an die Verstorbenen der Pandemie und als ein Zeichen von Anteilnahme mit deren Angeh\u00f6rigen stellen B\u00fcrger ein Licht in ihr Fenster.","breadcrumb":{"@id":"https:\/\/news.sap.com\/germany\/2021\/01\/aktion-lichtfenster\/#breadcrumb"},"inLanguage":"de","potentialAction":[{"@type":"ReadAction","target":["https:\/\/news.sap.com\/germany\/2021\/01\/aktion-lichtfenster\/"]}]},{"@type":"ImageObject","inLanguage":"de","@id":"https:\/\/news.sap.com\/germany\/2021\/01\/aktion-lichtfenster\/#primaryimage","url":"https:\/\/news.sap.com\/germany\/files\/2021\/01\/25\/282903_lichtfenster_feature.jpg","contentUrl":"https:\/\/news.sap.com\/germany\/files\/2021\/01\/25\/282903_lichtfenster_feature.jpg","width":1920,"height":600},{"@type":"BreadcrumbList","@id":"https:\/\/news.sap.com\/germany\/2021\/01\/aktion-lichtfenster\/#breadcrumb","itemListElement":[{"@type":"ListItem","position":1,"name":"Home","item":"https:\/\/news.sap.com\/germany\/"},{"@type":"ListItem","position":2,"name":"Aktion #lichtfenster: Mitgef\u00fchl zeigen in einer dunklen Zeit"}]},{"@type":"WebSite","@id":"https:\/\/news.sap.com\/germany\/#website","url":"https:\/\/news.sap.com\/germany\/","name":"51风流News Center","description":"Unternehmensberichte &amp; Presseportal","potentialAction":[{"@type":"SearchAction","target":{"@type":"EntryPoint","urlTemplate":"https:\/\/news.sap.com\/germany\/?s={search_term_string}"},"query-input":{"@type":"PropertyValueSpecification","valueRequired":true,"valueName":"search_term_string"}}],"inLanguage":"de"},{"@type":"Person","@id":"https:\/\/news.sap.com\/germany\/#\/schema\/person\/2e01b4760fe15f7db289c5ef088d6d22","name":"Luisa Schulz","image":{"@type":"ImageObject","inLanguage":"de","@id":"https:\/\/news.sap.com\/germany\/#\/schema\/person\/image\/","url":"https:\/\/secure.gravatar.com\/avatar\/?s=96&d=blank&r=g","contentUrl":"https:\/\/secure.gravatar.com\/avatar\/?s=96&d=blank&r=g","caption":"Luisa Schulz"},"url":"https:\/\/news.sap.com\/germany\/author\/luisaschulz\/"}]}},"amp_enabled":true,"_links":{"self":[{"href":"https:\/\/news.sap.com\/germany\/wp-json\/wp\/v2\/posts\/154291","targetHints":{"allow":["GET"]}}],"collection":[{"href":"https:\/\/news.sap.com\/germany\/wp-json\/wp\/v2\/posts"}],"about":[{"href":"https:\/\/news.sap.com\/germany\/wp-json\/wp\/v2\/types\/post"}],"author":[{"embeddable":true,"href":"https:\/\/news.sap.com\/germany\/wp-json\/wp\/v2\/users\/2892"}],"replies":[{"embeddable":true,"href":"https:\/\/news.sap.com\/germany\/wp-json\/wp\/v2\/comments?post=154291"}],"version-history":[{"count":0,"href":"https:\/\/news.sap.com\/germany\/wp-json\/wp\/v2\/posts\/154291\/revisions"}],"wp:featuredmedia":[{"embeddable":true,"href":"https:\/\/news.sap.com\/germany\/wp-json\/wp\/v2\/media\/154292"}],"wp:attachment":[{"href":"https:\/\/news.sap.com\/germany\/wp-json\/wp\/v2\/media?parent=154291"}],"wp:term":[{"taxonomy":"category","embeddable":true,"href":"https:\/\/news.sap.com\/germany\/wp-json\/wp\/v2\/categories?post=154291"},{"taxonomy":"post_tag","embeddable":true,"href":"https:\/\/news.sap.com\/germany\/wp-json\/wp\/v2\/tags?post=154291"},{"taxonomy":"series","embeddable":true,"href":"https:\/\/news.sap.com\/germany\/wp-json\/wp\/v2\/series?post=154291"},{"taxonomy":"sapn-display","embeddable":true,"href":"https:\/\/news.sap.com\/germany\/wp-json\/wp\/v2\/sapn-display?post=154291"},{"taxonomy":"sapn-type","embeddable":true,"href":"https:\/\/news.sap.com\/germany\/wp-json\/wp\/v2\/sapn-type?post=154291"}],"curies":[{"name":"wp","href":"https:\/\/api.w.org\/{rel}","templated":true}]}}