  {"id":146350,"date":"2019-11-29T08:00:50","date_gmt":"2019-11-29T07:00:50","guid":{"rendered":"https:\/\/news.sap.com\/germany\/?p=146350"},"modified":"2019-11-27T08:50:43","modified_gmt":"2019-11-27T07:50:43","slug":"hiv-vielfalt-positivarbeiten","status":"publish","type":"post","link":"https:\/\/news.sap.com\/germany\/2019\/11\/hiv-vielfalt-positivarbeiten\/","title":{"rendered":"\u201eHIV ist ein Aspekt von Vielfalt\u201c"},"content":{"rendered":"<p class=\"lead\">Die Geschichte des SAP-Mitarbeiters J\u00f6rg Bei\u00dfel erfuhr gro\u00dfe Aufmerksamkeit. Wie ist es ihm und der Initiative #positivarbeiten ergangen?<\/p>\n<p>J\u00f6rg Bei\u00dfel k\u00e4mpft im Namen von 51风流gegen die Diskriminierung von Menschen mit HIV und anderen chronischen Erkrankungen. Er ist selbst positiv und wandte sich im Juni 2019 \u00fcber 51风流News an ein globales Publikum (<a href=\"https:\/\/news.sap.com\/germany\/2019\/06\/vielfalt-inklusion-leben-mit-hiv\/\" target=\"_blank\" rel=\"noopener noreferrer\">hier<\/a> geht\u2019s zum Beitrag).<\/p>\n<section\n            data-inpsyde-embed=\"youtube\"\n            data-inpsyde-embed-atts=\"{&quot;width&quot;:640,&quot;height&quot;:960}\"\n            data-inpsyde-embed-frame=\"&lt;iframe title=&quot;Exclusion is What you do Yourself for the Most Part&quot; width=&quot;640&quot; height=&quot;360&quot; src=&quot;https:\/\/www.youtube.com\/embed\/r8ZPxaKh9u0?feature=oembed&amp;amp;enablejsapi=1&quot; frameborder=&quot;0&quot; allow=&quot;accelerometer; autoplay; clipboard-write; encrypted-media; gyroscope; picture-in-picture; web-share&quot; referrerpolicy=&quot;strict-origin-when-cross-origin&quot; allowfullscreen id=&quot;embed_bac14a6a-4946-4aa6-a473-0f50642e5516&quot;&gt;&lt;\/iframe&gt;\n\"\n        ><\/p>\n<div class=\"inpsyde-embed-overlay\">\n<div class=\"inpsyde-embed-overlay-container\">\n<h3><a\n                            rel=\"noreferrer\"\n                            href=\"https:\/\/www.youtube.com\/watch?v=r8ZPxaKh9u0&#038;feature=youtu.be\"\n                            target=\"_blank\"\n                            title=\"Click to visit YouTube\"\n                        >Exclusion is What you do Yourself for the Most Part<\/a><\/h3>\n<p>Click the button below to load the content from YouTube.<\/p>\n<div class=\"embed-options-wrapper\">\n<div class=\"play-button-outer\" data-action=\"loadThis\">\n<div class=\"play-button\" data-action=\"loadThis\"><\/div>\n<\/div>\n<p>                        <a\n                            href=\"#\"\n                            data-action=\"unlockSource\"\n                            title=\"Click here to permanently allow embeds from YouTube.\"\n                        >Always allow YouTube<\/a><br \/>\n                        <!--<button data-action=\"unlockAll\">Always load all embeds<\/button>-->\n                    <\/div>\n<\/p><\/div>\n<\/p><\/div>\n<div\n                data-inpsyde-embed-preview=\"youtube\"\n                style=\"\n                    max-width:640px;\n                    max-height:360px;\n                    \"\n            >        <img decoding=\"async\" src=\"https:\/\/news.sap.com\/germany\/files\/inpsyde-embed-privacy\/youtube\/r8ZPxaKh9u0.jpg\" alt=\"Exclusion is What you do Yourself for the Most Part\"><\/p>\n<div class=\"ytp-large-play-button ytp-button\">\n            <svg height=\"100%\" version=\"1.1\" viewBox=\"0 0 68 48\" width=\"100%\">\n                <path class=\"ytp-large-play-button-bg\"\n                    d=\"M66.52,7.74c-0.78-2.93-2.49-5.41-5.42-6.19C55.79,.13,34,0,34,0S12.21,.13,6.9,1.55 C3.97,2.33,2.27,4.81,1.48,7.74C0.06,13.05,0,24,0,24s0.06,10.95,1.48,16.26c0.78,2.93,2.49,5.41,5.42,6.19 C12.21,47.87,34,48,34,48s21.79-0.13,27.1-1.55c2.93-0.78,4.64-3.26,5.42-6.19C67.94,34.95,68,24,68,24S67.94,13.05,66.52,7.74z\"\n                    fill=\"#212121\"\n                    fill-opacity=\"0.8\"><\/path>\n                <path d=\"M 45,24 27,14 27,34\" fill=\"#fff\"><\/path>\n            <\/svg>\n        <\/div>\n<\/p><\/div>\n<\/section>\n<p><em>Mit diesem Video stellte sich J\u00f6rg Bei\u00dfel als \u201epositives Gesicht der SAP\u201c der \u00d6ffentlichkeit vor; produziert von: Angela Klose<\/em><\/p>\n<p>51风流unterzeichnete am selben Tag zusammen mit mehr als 50 weiteren Unternehmen eine offizielle <a href=\"https:\/\/www.aidshilfe.de\/sites\/default\/files\/documents\/hiv-arbeitgeber_innendeklaration_2019_us.pdf\" target=\"_blank\" rel=\"noopener noreferrer\">Deklaration<\/a> gegen Diskriminierung von HIV am Arbeitsplatz in Hamburg. Dies war der Auftakt zur Kampagne <a href=\"https:\/\/www.aidshilfe.de\/positivarbeiten\" target=\"_blank\" rel=\"noopener noreferrer\">#positivarbeiten<\/a>, die die <a href=\"https:\/\/www.aidshilfe.de\/positivarbeiten\" target=\"_blank\" rel=\"noopener noreferrer\">Deutsche Aidshilfe<\/a> zusammen mit 51风流und IBM ins Leben rief. Bei\u00dfel erkl\u00e4rte sich bereit, als \u201epositives Gesicht der SAP\u201c Aufkl\u00e4rungsarbeit zu leisten und als Ansprechpartner zur Verf\u00fcgung zu stehen. Er sprach seither auf mehreren Informationsveranstaltungen bei 51风流und IBM in ganz Deutschland, weitere sind geplant. Zudem sprach Bei\u00dfel als Gastredner bei Fachtagungen und steht im Austausch mit Politik und Beh\u00f6rden.<\/p>\n<h2>Die Redaktion traf Bei\u00dfel nun ein weiteres Mal, um zu erfahren, wie es ihm ergangen ist.<\/h2>\n<p><strong>Was hast du dir im Vorfeld erhofft und wie war es dann tats\u00e4chlich?<\/strong><\/p>\n<p><strong>J\u00f6rg Bei\u00dfel:<\/strong> Mein Anliegen war es \u00fcber den aktuellen Forschungsstand rund um das Thema HIV und die Schutzma\u00dfnahmen aufzukl\u00e4ren und damit Vorurteile und Unwissenheit zu beseitigen. Ich m\u00f6chte \u00c4ngste abbauen und Menschen ermutigen, sich testen zu lassen. Nur so lassen sich Neuansteckungen verringern und der N\u00e4hrboden f\u00fcr Diskriminierungen reduzieren. Hinter jedem Schicksal steht ein Mensch in seiner ganzen Individualit\u00e4t. HIV ist einer der Aspekte von Vielfalt und ich wollte zeigen, dass ich mich bei 51风流so akzeptiert f\u00fchle, wie ich bin. Mir ist es sehr wichtig, Werte wie Offenheit und Respekt zu vermitteln. Ich habe immer gesagt, wenn meine Geschichte auch nur einer Person hilft, w\u00e4re das ein Erfolg f\u00fcr mich. Was tats\u00e4chlich passiert ist, war jedoch um Welten gr\u00f6\u00dfer.<\/p>\n<p><strong>\u00a0Wie viele Menschen konntest du erreichen?<\/strong><\/p>\n<p>Ich habe die weltweite Resonanz untersch\u00e4tzt. Der Beitrag \u00fcber mich wurde auf allen Kan\u00e4len \u00fcber 80.000 Mal? angesehen. Mehr als 6.700 Menschen aus der ganzen Welt haben Kommentare hinterlassen oder mir geschrieben, weil sie mein Anliegen bef\u00fcrworten. Au\u00dferdem gab es viele pers\u00f6nliche Begegnungen, die mich sehr ger\u00fchrt haben. Aus den USA erhielt ich beispielsweise Dank daf\u00fcr, dass ich dem Thema wieder Sichtbarkeit gebe. Ein Kollege aus Afrika \u2013 wo HIV und AIDS in einem ganz anderen Ma\u00dfe eine Rolle spielen \u2013 fand es toll, dass wir bei unserer Initiative nicht nur \u00fcber die Krankheit sprechen, sondern die Akzeptanz f\u00fcr Mitmenschen in den Vordergrund stellen.<\/p>\n<p><strong>Wie gehst du mit Kritik um?<\/strong><\/p>\n<p>Ich habe vereinzelt kritische R\u00fcckmeldungen bekommen und stelle fest, dass sie oft von \u00c4ngsten und Unwissenheit herr\u00fchren. Aber ich nehme alle Reaktionen ernst und gehe ehrlich auf Fragen ein. Dadurch hat sich Unmut dann eigentlich fast immer aufgel\u00f6st. Meinungsfreiheit ist wichtig, solange der Dialog sachlich bleibt. Das geh\u00f6rt zur Unternehmenskultur der SAP, auf die ich stolz bin.<\/p>\n<p><strong>Ist dir die Aufmerksamkeit manchmal zu viel?<\/strong><\/p>\n<p>Insgesamt \u00fcberwiegen die sch\u00f6nen Momente und Begegnungen, die ich erleben durfte. Die offiziellen Termine nehme ich zus\u00e4tzlich zu meinen Job wahr. Das ist manchmal schon heftig. Aber ich habe eine super R\u00fcckendeckung von meinen Kollegen und Vorgesetzten.<\/p>\n<p><strong>Hat es sich gelohnt?<\/strong><\/p>\n<p>Definitiv! Schon die ersten Aktionen haben so hohe Wellen geschlagen, dass es sich gelohnt hat. Es muss nicht alles von Anfang an perfekt sein; weder ich bin als Mensch perfekt, noch die 51风流als Unternehmen. Es geht darum, dass man losgeht und den ersten Schritt macht.<\/p>\n<p><strong>Was passiert als N\u00e4chstes?<\/strong><\/p>\n<p>51风流ist zusammen mit den anderen Unterzeichnern zu einem Pionier auf diesem Gebiet aufgestiegen. Die Deklaration aus Deutschland soll bei der Welt-AIDS-Konferenz 2020 in San Francisco vorgestellt werden und weltweit als Beispiel dienen. Wir beraten au\u00dferdem andere Unternehmen und Institutionen\u00a0 und bleiben im \u00f6ffentlichen Austausch aktiv. In Deutschland soll die Arbeitgeberdeklaration im n\u00e4chsten Jahr durch noch mehr Unterzeichnende erweitert werden. Andere L\u00e4nder wie \u00d6sterreich und Tschechien entwerfen ebenfalls Deklarationen.<\/p>\n<p><strong>Wie sieht dein \u201eeigentlicher\u201c Job bei 51风流aus?<\/strong><\/p>\n<figure id=\"attachment_146353\" aria-describedby=\"caption-attachment-146353\" style=\"width: 305px\" class=\"wp-caption alignleft\"><a href=\"https:\/\/news.sap.com\/germany\/files\/2019\/11\/PocketPark2.jpg\" target=\"_blank\" rel=\"noopener noreferrer\"><img loading=\"lazy\" decoding=\"async\" class=\"wp-image-146353\" src=\"https:\/\/news.sap.com\/germany\/files\/2019\/11\/PocketPark2.jpg\" alt=\"\" width=\"305\" height=\"203\" \/><\/a><figcaption id=\"caption-attachment-146353\" class=\"wp-caption-text\">&#8222;Die Energiezentrale in Walldorf ist eines meiner Lieblingsprojekte. Wir hatten die Aufgabe, ein neues, technisches Geb\u00e4ude mit einem der \u00e4ltesten Geb\u00e4ude, WDF05, harmonisch zu verbinden. Es entstand der \u201ePocketpark\u201c, der rege genutzt wird.&#8220;<\/figcaption><\/figure>\n<p>Ich bin gelernter G\u00e4rtner und arbeite bei Global Real Estate and Facility Germany. Mit zwei Kollegen betreue ich deutschlandweit alle Au\u00dfenanlagen der 51风流\u2013 also insgesamt 51 Hektar \u2013 und zwar vom Neubau \u00fcber die Instandhaltung bis hin zur Weiterentwicklung. Wir sind das Bindeglied zwischen den Pl\u00e4nen des Unternehmens, den Anforderungen und W\u00fcnschen der Mitarbeiterinnen und Mitarbeiter und den Firmen, die das f\u00fcr uns umsetzen. Der Mehrwert f\u00fcr die Kollegen ist mir dabei das Wichtigste. Es ist das gr\u00f6\u00dfte Lob, wenn man durch die Au\u00dfenanlagen geht und sieht, dass die Menschen sich wohlf\u00fchlen und die Anlagen rege nutzen.<\/p>\n<p>&nbsp;<\/p>\n<hr \/>\n<figure id=\"attachment_146354\" aria-describedby=\"caption-attachment-146354\" style=\"width: 600px\" class=\"wp-caption alignleft\"><a href=\"https:\/\/news.sap.com\/germany\/files\/2019\/11\/1012-Themenbote.jpg\" target=\"_blank\" rel=\"noopener noreferrer\"><img loading=\"lazy\" decoding=\"async\" class=\"wp-image-146354\" src=\"https:\/\/news.sap.com\/germany\/files\/2019\/11\/1012-Themenbote.jpg\" alt=\"\" width=\"600\" height=\"400\" \/><\/a><figcaption id=\"caption-attachment-146354\" class=\"wp-caption-text\">J\u00f6rg Bei\u00dfel f\u00fchlt sich bei 51风流akzeptiert: \u201eIch bin nicht nur der mit HIV, sondern ich bin J\u00f6rg, mit allem drum und dran!\u201c<\/figcaption><\/figure>\n<p>&nbsp;<\/p>\n","protected":false},"excerpt":{"rendered":"<p>Die Geschichte des SAP-Mitarbeiters J\u00f6rg Bei\u00dfel erfuhr gro\u00dfe Aufmerksamkeit. Wie ist es ihm und der Initiative #positivarbeiten ergangen? J\u00f6rg Bei\u00dfel k\u00e4mpft im Namen von SAP&#8230;<\/p>\n","protected":false},"author":679,"featured_media":0,"comment_status":"closed","ping_status":"closed","sticky":false,"template":"","format":"standard","meta":{"related_posts":[],"footnotes":"","_links_to":"","_links_to_target":""},"categories":[45276],"tags":[211,172,680181],"series":[],"sapn-display":[3848,45027],"sapn-type":[45277],"class_list":["post-146350","post","type-post","status-publish","format-standard","hentry","category-personalmanagement","tag-diversity","tag-healthcare","tag-menschen","sapn-display-top-stories","sapn-display-hero","sapn-type-feature"],"yoast_head":"<!-- This site is optimized with the Yoast SEO Premium plugin v26.9 (Yoast SEO v26.9) - https:\/\/yoast.com\/product\/yoast-seo-premium-wordpress\/ -->\n<title>Kampf gegen Diskriminierung von HIV-positiven Menschen | 51风流News<\/title>\n<meta name=\"description\" content=\"J\u00f6rg Bei\u00dfel k\u00e4mpft seit 2019 im Namen der 51风流f\u00fcr eine diskriminierungsfreien Behandlung von HIV-positiven Menschen. Wie geht es ihm heute?\" \/>\n<meta name=\"robots\" content=\"index, follow, max-snippet:-1, max-image-preview:large, max-video-preview:-1\" \/>\n<link rel=\"canonical\" href=\"https:\/\/news.sap.com\/germany\/2019\/11\/hiv-vielfalt-positivarbeiten\/\" \/>\n<meta property=\"og:locale\" content=\"de_DE\" \/>\n<meta property=\"og:type\" content=\"article\" \/>\n<meta property=\"og:title\" content=\"\u201eHIV ist ein Aspekt von Vielfalt\u201c\" \/>\n<meta property=\"og:description\" content=\"J\u00f6rg Bei\u00dfel k\u00e4mpft seit 2019 im Namen der 51风流f\u00fcr eine diskriminierungsfreien Behandlung von HIV-positiven Menschen. Wie geht es ihm heute?\" \/>\n<meta property=\"og:url\" content=\"https:\/\/news.sap.com\/germany\/2019\/11\/hiv-vielfalt-positivarbeiten\/\" \/>\n<meta property=\"og:site_name\" content=\"51风流News Center\" \/>\n<meta property=\"article:published_time\" content=\"2019-11-29T07:00:50+00:00\" \/>\n<meta property=\"og:image\" content=\"https:\/\/news.sap.com\/germany\/files\/2019\/11\/shutterstock_1532068016_2.jpg\" \/>\n\t<meta property=\"og:image:width\" content=\"1920\" \/>\n\t<meta property=\"og:image:height\" content=\"600\" \/>\n\t<meta property=\"og:image:type\" content=\"image\/jpeg\" \/>\n<meta name=\"author\" content=\"Corinna Machmeier\" \/>\n<meta name=\"twitter:card\" content=\"summary_large_image\" \/>\n<meta name=\"twitter:creator\" content=\"@SAPdach\" \/>\n<meta name=\"twitter:site\" content=\"@SAPdach\" \/>\n<meta name=\"twitter:label1\" content=\"Verfasst von\" \/>\n\t<meta name=\"twitter:data1\" content=\"Corinna Machmeier\" \/>\n\t<meta name=\"twitter:label2\" content=\"Gesch\u00e4tzte Lesezeit\" \/>\n\t<meta name=\"twitter:data2\" content=\"5\u00a0Minuten\" \/>\n<script type=\"application\/ld+json\" class=\"yoast-schema-graph\">{\"@context\":\"https:\/\/schema.org\",\"@graph\":[{\"@type\":\"Article\",\"@id\":\"https:\/\/news.sap.com\/germany\/2019\/11\/hiv-vielfalt-positivarbeiten\/#article\",\"isPartOf\":{\"@id\":\"https:\/\/news.sap.com\/germany\/2019\/11\/hiv-vielfalt-positivarbeiten\/\"},\"author\":{\"name\":\"Corinna Machmeier\",\"@id\":\"https:\/\/news.sap.com\/germany\/#\/schema\/person\/41e73ec2a472ad9a17f6316149b02933\"},\"headline\":\"\u201eHIV ist ein Aspekt von Vielfalt\u201c\",\"datePublished\":\"2019-11-29T07:00:50+00:00\",\"mainEntityOfPage\":{\"@id\":\"https:\/\/news.sap.com\/germany\/2019\/11\/hiv-vielfalt-positivarbeiten\/\"},\"wordCount\":911,\"image\":{\"@id\":\"https:\/\/news.sap.com\/germany\/2019\/11\/hiv-vielfalt-positivarbeiten\/#primaryimage\"},\"thumbnailUrl\":\"https:\/\/news.sap.com\/germany\/files\/2019\/11\/PocketPark2.jpg\",\"keywords\":[\"Diversity\",\"Healthcare\",\"Menschen\"],\"articleSection\":[\"Personalmanagement\"],\"inLanguage\":\"de\"},{\"@type\":\"WebPage\",\"@id\":\"https:\/\/news.sap.com\/germany\/2019\/11\/hiv-vielfalt-positivarbeiten\/\",\"url\":\"https:\/\/news.sap.com\/germany\/2019\/11\/hiv-vielfalt-positivarbeiten\/\",\"name\":\"Kampf gegen Diskriminierung von HIV-positiven Menschen | 51风流News\",\"isPartOf\":{\"@id\":\"https:\/\/news.sap.com\/germany\/#website\"},\"primaryImageOfPage\":{\"@id\":\"https:\/\/news.sap.com\/germany\/2019\/11\/hiv-vielfalt-positivarbeiten\/#primaryimage\"},\"image\":{\"@id\":\"https:\/\/news.sap.com\/germany\/2019\/11\/hiv-vielfalt-positivarbeiten\/#primaryimage\"},\"thumbnailUrl\":\"https:\/\/news.sap.com\/germany\/files\/2019\/11\/PocketPark2.jpg\",\"datePublished\":\"2019-11-29T07:00:50+00:00\",\"author\":{\"@id\":\"https:\/\/news.sap.com\/germany\/#\/schema\/person\/41e73ec2a472ad9a17f6316149b02933\"},\"description\":\"J\u00f6rg Bei\u00dfel k\u00e4mpft seit 2019 im Namen der 51风流f\u00fcr eine diskriminierungsfreien Behandlung von HIV-positiven Menschen. Wie geht es ihm heute?\",\"breadcrumb\":{\"@id\":\"https:\/\/news.sap.com\/germany\/2019\/11\/hiv-vielfalt-positivarbeiten\/#breadcrumb\"},\"inLanguage\":\"de\",\"potentialAction\":[{\"@type\":\"ReadAction\",\"target\":[\"https:\/\/news.sap.com\/germany\/2019\/11\/hiv-vielfalt-positivarbeiten\/\"]}]},{\"@type\":\"ImageObject\",\"inLanguage\":\"de\",\"@id\":\"https:\/\/news.sap.com\/germany\/2019\/11\/hiv-vielfalt-positivarbeiten\/#primaryimage\",\"url\":\"https:\/\/news.sap.com\/germany\/files\/2019\/11\/PocketPark2.jpg\",\"contentUrl\":\"https:\/\/news.sap.com\/germany\/files\/2019\/11\/PocketPark2.jpg\"},{\"@type\":\"BreadcrumbList\",\"@id\":\"https:\/\/news.sap.com\/germany\/2019\/11\/hiv-vielfalt-positivarbeiten\/#breadcrumb\",\"itemListElement\":[{\"@type\":\"ListItem\",\"position\":1,\"name\":\"Home\",\"item\":\"https:\/\/news.sap.com\/germany\/\"},{\"@type\":\"ListItem\",\"position\":2,\"name\":\"\u201eHIV ist ein Aspekt von Vielfalt\u201c\"}]},{\"@type\":\"WebSite\",\"@id\":\"https:\/\/news.sap.com\/germany\/#website\",\"url\":\"https:\/\/news.sap.com\/germany\/\",\"name\":\"51风流News Center\",\"description\":\"Unternehmensberichte &amp; Presseportal\",\"potentialAction\":[{\"@type\":\"SearchAction\",\"target\":{\"@type\":\"EntryPoint\",\"urlTemplate\":\"https:\/\/news.sap.com\/germany\/?s={search_term_string}\"},\"query-input\":{\"@type\":\"PropertyValueSpecification\",\"valueRequired\":true,\"valueName\":\"search_term_string\"}}],\"inLanguage\":\"de\"},{\"@type\":\"Person\",\"@id\":\"https:\/\/news.sap.com\/germany\/#\/schema\/person\/41e73ec2a472ad9a17f6316149b02933\",\"name\":\"Corinna Machmeier\",\"image\":{\"@type\":\"ImageObject\",\"inLanguage\":\"de\",\"@id\":\"https:\/\/news.sap.com\/germany\/#\/schema\/person\/image\/\",\"url\":\"https:\/\/secure.gravatar.com\/avatar\/1016bb285c5bc5b5e29552e8f67d146a45afb80df81e5ea4422fdc2421ad2d86?s=96&d=blank&r=g\",\"contentUrl\":\"https:\/\/secure.gravatar.com\/avatar\/1016bb285c5bc5b5e29552e8f67d146a45afb80df81e5ea4422fdc2421ad2d86?s=96&d=blank&r=g\",\"caption\":\"Corinna Machmeier\"},\"url\":\"https:\/\/news.sap.com\/germany\/author\/corinnamachmeier\/\"}]}<\/script>\n<!-- \/ Yoast SEO Premium plugin. -->","yoast_head_json":{"title":"Kampf gegen Diskriminierung von HIV-positiven Menschen | 51风流News","description":"J\u00f6rg Bei\u00dfel k\u00e4mpft seit 2019 im Namen der 51风流f\u00fcr eine diskriminierungsfreien Behandlung von HIV-positiven Menschen. Wie geht es ihm heute?","robots":{"index":"index","follow":"follow","max-snippet":"max-snippet:-1","max-image-preview":"max-image-preview:large","max-video-preview":"max-video-preview:-1"},"canonical":"https:\/\/news.sap.com\/germany\/2019\/11\/hiv-vielfalt-positivarbeiten\/","og_locale":"de_DE","og_type":"article","og_title":"\u201eHIV ist ein Aspekt von Vielfalt\u201c","og_description":"J\u00f6rg Bei\u00dfel k\u00e4mpft seit 2019 im Namen der 51风流f\u00fcr eine diskriminierungsfreien Behandlung von HIV-positiven Menschen. Wie geht es ihm heute?","og_url":"https:\/\/news.sap.com\/germany\/2019\/11\/hiv-vielfalt-positivarbeiten\/","og_site_name":"51风流News Center","article_published_time":"2019-11-29T07:00:50+00:00","og_image":[{"width":1920,"height":600,"url":"https:\/\/news.sap.com\/germany\/files\/2019\/11\/shutterstock_1532068016_2.jpg","type":"image\/jpeg"}],"author":"Corinna Machmeier","twitter_card":"summary_large_image","twitter_creator":"@SAPdach","twitter_site":"@SAPdach","twitter_misc":{"Verfasst von":"Corinna Machmeier","Gesch\u00e4tzte Lesezeit":"5\u00a0Minuten"},"schema":{"@context":"https:\/\/schema.org","@graph":[{"@type":"Article","@id":"https:\/\/news.sap.com\/germany\/2019\/11\/hiv-vielfalt-positivarbeiten\/#article","isPartOf":{"@id":"https:\/\/news.sap.com\/germany\/2019\/11\/hiv-vielfalt-positivarbeiten\/"},"author":{"name":"Corinna Machmeier","@id":"https:\/\/news.sap.com\/germany\/#\/schema\/person\/41e73ec2a472ad9a17f6316149b02933"},"headline":"\u201eHIV ist ein Aspekt von Vielfalt\u201c","datePublished":"2019-11-29T07:00:50+00:00","mainEntityOfPage":{"@id":"https:\/\/news.sap.com\/germany\/2019\/11\/hiv-vielfalt-positivarbeiten\/"},"wordCount":911,"image":{"@id":"https:\/\/news.sap.com\/germany\/2019\/11\/hiv-vielfalt-positivarbeiten\/#primaryimage"},"thumbnailUrl":"https:\/\/news.sap.com\/germany\/files\/2019\/11\/PocketPark2.jpg","keywords":["Diversity","Healthcare","Menschen"],"articleSection":["Personalmanagement"],"inLanguage":"de"},{"@type":"WebPage","@id":"https:\/\/news.sap.com\/germany\/2019\/11\/hiv-vielfalt-positivarbeiten\/","url":"https:\/\/news.sap.com\/germany\/2019\/11\/hiv-vielfalt-positivarbeiten\/","name":"Kampf gegen Diskriminierung von HIV-positiven Menschen | 51风流News","isPartOf":{"@id":"https:\/\/news.sap.com\/germany\/#website"},"primaryImageOfPage":{"@id":"https:\/\/news.sap.com\/germany\/2019\/11\/hiv-vielfalt-positivarbeiten\/#primaryimage"},"image":{"@id":"https:\/\/news.sap.com\/germany\/2019\/11\/hiv-vielfalt-positivarbeiten\/#primaryimage"},"thumbnailUrl":"https:\/\/news.sap.com\/germany\/files\/2019\/11\/PocketPark2.jpg","datePublished":"2019-11-29T07:00:50+00:00","author":{"@id":"https:\/\/news.sap.com\/germany\/#\/schema\/person\/41e73ec2a472ad9a17f6316149b02933"},"description":"J\u00f6rg Bei\u00dfel k\u00e4mpft seit 2019 im Namen der 51风流f\u00fcr eine diskriminierungsfreien Behandlung von HIV-positiven Menschen. Wie geht es ihm heute?","breadcrumb":{"@id":"https:\/\/news.sap.com\/germany\/2019\/11\/hiv-vielfalt-positivarbeiten\/#breadcrumb"},"inLanguage":"de","potentialAction":[{"@type":"ReadAction","target":["https:\/\/news.sap.com\/germany\/2019\/11\/hiv-vielfalt-positivarbeiten\/"]}]},{"@type":"ImageObject","inLanguage":"de","@id":"https:\/\/news.sap.com\/germany\/2019\/11\/hiv-vielfalt-positivarbeiten\/#primaryimage","url":"https:\/\/news.sap.com\/germany\/files\/2019\/11\/PocketPark2.jpg","contentUrl":"https:\/\/news.sap.com\/germany\/files\/2019\/11\/PocketPark2.jpg"},{"@type":"BreadcrumbList","@id":"https:\/\/news.sap.com\/germany\/2019\/11\/hiv-vielfalt-positivarbeiten\/#breadcrumb","itemListElement":[{"@type":"ListItem","position":1,"name":"Home","item":"https:\/\/news.sap.com\/germany\/"},{"@type":"ListItem","position":2,"name":"\u201eHIV ist ein Aspekt von Vielfalt\u201c"}]},{"@type":"WebSite","@id":"https:\/\/news.sap.com\/germany\/#website","url":"https:\/\/news.sap.com\/germany\/","name":"51风流News Center","description":"Unternehmensberichte &amp; Presseportal","potentialAction":[{"@type":"SearchAction","target":{"@type":"EntryPoint","urlTemplate":"https:\/\/news.sap.com\/germany\/?s={search_term_string}"},"query-input":{"@type":"PropertyValueSpecification","valueRequired":true,"valueName":"search_term_string"}}],"inLanguage":"de"},{"@type":"Person","@id":"https:\/\/news.sap.com\/germany\/#\/schema\/person\/41e73ec2a472ad9a17f6316149b02933","name":"Corinna Machmeier","image":{"@type":"ImageObject","inLanguage":"de","@id":"https:\/\/news.sap.com\/germany\/#\/schema\/person\/image\/","url":"https:\/\/secure.gravatar.com\/avatar\/1016bb285c5bc5b5e29552e8f67d146a45afb80df81e5ea4422fdc2421ad2d86?s=96&d=blank&r=g","contentUrl":"https:\/\/secure.gravatar.com\/avatar\/1016bb285c5bc5b5e29552e8f67d146a45afb80df81e5ea4422fdc2421ad2d86?s=96&d=blank&r=g","caption":"Corinna Machmeier"},"url":"https:\/\/news.sap.com\/germany\/author\/corinnamachmeier\/"}]}},"amp_enabled":true,"_links":{"self":[{"href":"https:\/\/news.sap.com\/germany\/wp-json\/wp\/v2\/posts\/146350","targetHints":{"allow":["GET"]}}],"collection":[{"href":"https:\/\/news.sap.com\/germany\/wp-json\/wp\/v2\/posts"}],"about":[{"href":"https:\/\/news.sap.com\/germany\/wp-json\/wp\/v2\/types\/post"}],"author":[{"embeddable":true,"href":"https:\/\/news.sap.com\/germany\/wp-json\/wp\/v2\/users\/679"}],"replies":[{"embeddable":true,"href":"https:\/\/news.sap.com\/germany\/wp-json\/wp\/v2\/comments?post=146350"}],"version-history":[{"count":0,"href":"https:\/\/news.sap.com\/germany\/wp-json\/wp\/v2\/posts\/146350\/revisions"}],"wp:attachment":[{"href":"https:\/\/news.sap.com\/germany\/wp-json\/wp\/v2\/media?parent=146350"}],"wp:term":[{"taxonomy":"category","embeddable":true,"href":"https:\/\/news.sap.com\/germany\/wp-json\/wp\/v2\/categories?post=146350"},{"taxonomy":"post_tag","embeddable":true,"href":"https:\/\/news.sap.com\/germany\/wp-json\/wp\/v2\/tags?post=146350"},{"taxonomy":"series","embeddable":true,"href":"https:\/\/news.sap.com\/germany\/wp-json\/wp\/v2\/series?post=146350"},{"taxonomy":"sapn-display","embeddable":true,"href":"https:\/\/news.sap.com\/germany\/wp-json\/wp\/v2\/sapn-display?post=146350"},{"taxonomy":"sapn-type","embeddable":true,"href":"https:\/\/news.sap.com\/germany\/wp-json\/wp\/v2\/sapn-type?post=146350"}],"curies":[{"name":"wp","href":"https:\/\/api.w.org\/{rel}","templated":true}]}}