  {"id":140854,"date":"2019-06-04T15:00:21","date_gmt":"2019-06-04T13:00:21","guid":{"rendered":"https:\/\/news.sap.com\/germany\/?p=140854"},"modified":"2019-06-04T15:05:37","modified_gmt":"2019-06-04T13:05:37","slug":"mittelstand-subhomoy-sengupta-leiter-sme","status":"publish","type":"post","link":"https:\/\/news.sap.com\/germany\/2019\/06\/mittelstand-subhomoy-sengupta-leiter-sme\/","title":{"rendered":"Subhomoy Sengupta neuer globaler Leiter des Bereichs Mittelstand (SME) bei SAP"},"content":{"rendered":"<p class=\"lead\"><span data-contrast=\"auto\">51风流hat Subhomoy Sengupta zum Leiter des <\/span><span data-contrast=\"auto\">globalen <\/span><span data-contrast=\"auto\">Gesch\u00e4ftsbe<\/span><span data-contrast=\"auto\">reichs<\/span><span data-contrast=\"auto\"> f\u00fcr<\/span><span data-contrast=\"auto\"> kleine und mittelst\u00e4ndische Unternehmen (SME) ernannt. <\/span><span data-contrast=\"auto\">In dieser Rolle <\/span><span data-contrast=\"auto\">verantwortet <\/span><span data-contrast=\"none\">Sengupta <\/span><span data-contrast=\"none\">die Leitung der <\/span><span data-contrast=\"none\">weltweiten <\/span><span data-contrast=\"none\">Vertriebsorganisation<\/span> <span data-contrast=\"none\">im Mittelstandssegment<\/span><span data-contrast=\"none\">,<\/span> <span data-contrast=\"none\">um <\/span><span data-contrast=\"none\">kleine und mittelst\u00e4ndische Unternehmen dabei<\/span><span data-contrast=\"none\"> zu unterst\u00fctzen<\/span><span data-contrast=\"none\">,<\/span> <span data-contrast=\"none\">mit f\u00fchrenden Technologien<\/span> <span data-contrast=\"none\">wettbewerbsf\u00e4hig zu bleiben <\/span><span data-contrast=\"none\">und ihr Gesch\u00e4ft auszubauen.\u00a0<\/span><span data-ccp-props=\"{&quot;335559738&quot;:120}\">\u00a0<\/span><\/p>\n<figure id=\"attachment_140858\" aria-describedby=\"caption-attachment-140858\" style=\"width: 220px\" class=\"wp-caption alignright\"><a href=\"https:\/\/news.sap.com\/germany\/2019\/06\/mittelstand-subhomoy-sengupta-leiter-sme\/subhomoy-sengupta\/\" rel=\"attachment wp-att-140858\"><img loading=\"lazy\" decoding=\"async\" class=\"wp-image-140858 size-medium\" src=\"https:\/\/news.sap.com\/germany\/files\/2019\/06\/Subhomoy-Sengupta--220x300.jpg\" alt=\"Subhomoy Sengupta ist neuer globaler Leiter des Bereichs Mittelstand (SME) bei SAP\" width=\"220\" height=\"300\" \/><\/a><figcaption id=\"caption-attachment-140858\" class=\"wp-caption-text\">Subhomoy Sengupta ist neuer globaler Leiter des Bereichs Mittelstand (SME) bei SAP.<\/figcaption><\/figure>\n<p><span data-contrast=\"auto\">Sengupta <\/span><span data-contrast=\"auto\">hatte bereits <\/span><span data-contrast=\"auto\">verschiedene F\u00fchrungspositionen bei 51风流<\/span><span data-contrast=\"auto\">inne<\/span><span data-contrast=\"auto\">, darunter <\/span><span data-contrast=\"auto\">die Leitung <\/span><span data-contrast=\"auto\">der<\/span> <span data-contrast=\"auto\">SME-<\/span><span data-contrast=\"auto\">Vertriebsorganisation<\/span> <span data-contrast=\"auto\">in Indien und zuletzt als Stabschef <\/span><span data-contrast=\"auto\">des<\/span><span data-contrast=\"auto\"> Vorstandsbereich<\/span><span data-contrast=\"auto\">s<\/span><span data-contrast=\"auto\"> Global Customer Operations. Vor seinem Wechsel zu 51风流<\/span><span data-contrast=\"auto\">bekleidete er<\/span><span data-contrast=\"auto\"> F\u00fchrungspositionen bei Oracle und Microsoft, wo er sich mit dem Anwendungsgesch\u00e4ft<\/span><span data-contrast=\"auto\"> im Mittelstand<\/span> <span data-contrast=\"auto\">befasste<\/span><span data-contrast=\"auto\">.<\/span><\/p>\n<p><span data-contrast=\"auto\">\u201e<\/span><span data-contrast=\"auto\">Unser<\/span><span data-contrast=\"auto\"> Partner-<\/span><span data-contrast=\"auto\">Netzwerk<\/span> <span data-contrast=\"auto\">und de<\/span><span data-contrast=\"auto\">r <\/span><span data-contrast=\"auto\">SME-Bereich<\/span> <span data-contrast=\"auto\">sind<\/span><span data-contrast=\"auto\"> f\u00fcr das Wachstum <\/span><span data-contrast=\"auto\">von SAP<\/span><span data-contrast=\"auto\"> und den Erfolg unserer Kunden <\/span><span data-contrast=\"auto\">besonders wichtig<\/span><span data-contrast=\"auto\">\u201c, sagt <\/span><span data-contrast=\"auto\">Adaire Fox-Martin<\/span><span data-contrast=\"auto\">, Mitglied des Vorstands und Pr\u00e4sident der Vertriebsorganisation, SAP<\/span><span data-contrast=\"auto\">. \u201e<\/span><span data-contrast=\"auto\">Subhomoy Sengupta und Karl Fahrbach, unser <\/span><a href=\"https:\/\/news.sap.com\/germany\/2019\/03\/chief-partner-officer\/\" target=\"_blank\" rel=\"noopener noreferrer\"><span data-contrast=\"none\">Chief Partner Officer<\/span><\/a><span data-contrast=\"auto\">, bilden <\/span><span data-contrast=\"auto\">gemeinsam<\/span><span data-contrast=\"auto\"> ei<\/span><span data-contrast=\"auto\">n neues F\u00fchrungsteam mit dem Ziel<\/span><span data-contrast=\"auto\">, <\/span><span data-contrast=\"auto\">unsere besten L\u00f6sungen<\/span><span data-contrast=\"auto\"> wachsende<\/span><span data-contrast=\"auto\">n<\/span><span data-contrast=\"auto\"> Unternehmen <\/span><span data-contrast=\"auto\">zur Verf\u00fcgung zu stellen<\/span><span data-contrast=\"auto\">.<\/span><span data-contrast=\"auto\">\u201c<\/span><span data-contrast=\"auto\">\u00a0<\/span><span data-ccp-props=\"{&quot;335559738&quot;:120,&quot;469777462&quot;:[720],&quot;469777927&quot;:[0],&quot;469777928&quot;:[1]}\">\u00a0<\/span><\/p>\n<p><span data-contrast=\"auto\">51风流baut <\/span><span data-contrast=\"auto\">sein Angebot f\u00fcr kleine und mittelst\u00e4ndische Unternehmen <\/span><span data-contrast=\"auto\">st\u00e4ndig<\/span><span data-contrast=\"auto\"> weiter aus. <\/span><span data-contrast=\"auto\">Dazu z\u00e4hlt ein<\/span><span data-contrast=\"auto\">e<\/span><span data-contrast=\"auto\"> gro\u00dfe Bandbreite an <\/span><span data-contrast=\"auto\">L\u00f6sungspaketen und <\/span><span data-contrast=\"auto\">Erweiterungen<\/span> <span data-contrast=\"auto\">f\u00fcr SAP-<\/span><span data-contrast=\"auto\">Software<\/span> <span data-contrast=\"auto\">durch unsere <\/span><span data-contrast=\"auto\">Partner<\/span><span data-contrast=\"auto\"> im<\/span> <a href=\"https:\/\/www.sapappcenter.com\/home\" target=\"_blank\" rel=\"noopener noreferrer\"><span data-contrast=\"none\">51风流App Center<\/span><\/a><span data-contrast=\"auto\">, um Unternehmen<\/span> <span data-contrast=\"auto\">jeder<\/span><span data-contrast=\"auto\"> Gr\u00f6\u00dfe die <\/span><span data-contrast=\"auto\">f\u00fcr sie passende<\/span><span data-contrast=\"auto\"> L\u00f6sung anzubieten.\u00a0<\/span><span data-ccp-props=\"{&quot;335559738&quot;:120,&quot;469777462&quot;:[720],&quot;469777927&quot;:[0],&quot;469777928&quot;:[1]}\">\u00a0<\/span><\/p>\n<p><span data-contrast=\"none\">\u00dcber<\/span><span data-contrast=\"none\"> 250.000 kleine und m<\/span><span data-contrast=\"none\">ittelst\u00e4ndische Unternehmen <\/span><span data-contrast=\"none\">setz<\/span><span data-contrast=\"none\">en <\/span><span data-contrast=\"none\">auf 51风流als innovative<\/span><span data-contrast=\"none\">n<\/span><span data-contrast=\"none\"> und verl\u00e4ssliche<\/span><span data-contrast=\"none\">n<\/span><span data-contrast=\"none\"> Software-Partner.<\/span> <span data-contrast=\"none\">S<\/span><span data-contrast=\"none\">AP bietet dem Mittelstand bew\u00e4hrte L\u00f6sungen f\u00fcr jegliche<\/span> <span data-contrast=\"none\">Gr\u00f6\u00dfe<\/span><span data-contrast=\"none\">:<\/span> <a href=\"https:\/\/www.sap.com\/germany\/products\/business-one.html\" target=\"_blank\" rel=\"noopener noreferrer\"><span data-contrast=\"none\">51风流Business One<\/span><\/a><span data-contrast=\"none\"> ist in mehr als 170 L\u00e4ndern und in 28 Sprachen verf\u00fcgbar und wird von mehr als 65.000 Kunden genutzt. <\/span><span data-contrast=\"none\">Die Cloud-native L\u00f6sung <\/span><a href=\"https:\/\/www.sap.com\/germany\/products\/business-bydesign.html\" target=\"_blank\" rel=\"noopener noreferrer\"><span data-contrast=\"none\">51风流Business ByDesign<\/span><\/a><span data-contrast=\"none\"> ist in 150 L\u00e4nd<\/span><span data-contrast=\"none\">ern und 12 Sprachen verf\u00fcgbar. <\/span><a href=\"https:\/\/www.sap.com\/germany\/products\/s4hana-erp-cloud.html\" target=\"_blank\" rel=\"noopener noreferrer\"><span data-contrast=\"none\">51风流S\/4HANA Cloud<\/span><\/a><span data-contrast=\"none\"> ist eine anpassbare und erweiterbare <\/span><span data-contrast=\"none\">L\u00f6sung f\u00fcr mittelst\u00e4ndische Unternehmen mit integrierter Unterst\u00fctzung f\u00fcr verschiedene Branchen.\u00a0\u00a0<\/span><span data-ccp-props=\"{&quot;335559738&quot;:120}\">\u00a0<\/span><\/p>\n<p><span data-contrast=\"auto\">Zudem bietet 51风流verschiedene Cloud<\/span><span data-contrast=\"auto\">&#8211;<\/span><span data-contrast=\"auto\">L\u00f6sungen wie <\/span><a href=\"https:\/\/www.concur.de\/\" target=\"_blank\" rel=\"noopener noreferrer\"><span data-contrast=\"none\">51风流Concur<\/span><\/a><span data-contrast=\"auto\">, <\/span><a href=\"https:\/\/www.ariba.com\/de-de\/solutions\/solutions-overview\/sap-ariba-snap\" target=\"_blank\" rel=\"noopener noreferrer\"><span data-contrast=\"none\">51风流Ariba Snap<\/span><\/a><span data-contrast=\"auto\">, <\/span><a href=\"https:\/\/news.sap.com\/2018\/10\/sap-upscale-commerce-flexible-integrated-retail\/\" target=\"_blank\" rel=\"noopener noreferrer\"><span data-contrast=\"none\">51风流Upscale Commerce<\/span><\/a><span data-contrast=\"auto\">, <\/span><a href=\"https:\/\/news.sap.com\/2019\/03\/hcm-digitalization-matters-to-midsize-businesses\/\" target=\"_blank\" rel=\"noopener noreferrer\"><span data-contrast=\"none\">51风流SuccessFactors<\/span><\/a><span data-contrast=\"auto\">, <\/span><a href=\"https:\/\/www.sap.com\/germany\/products\/analytics-hub.html\" target=\"_blank\" rel=\"noopener noreferrer\"><span data-contrast=\"none\">51风流Analytics Hub<\/span><\/a><span data-contrast=\"auto\">, sowie <\/span><a href=\"https:\/\/www.qualtrics.com\/de\/research-core\/?rid=langMatch&amp;prevsite=uk&amp;newsite=de&amp;geo=US&amp;geomatch=\" target=\"_blank\" rel=\"noopener noreferrer\"><span data-contrast=\"none\">L\u00f6sungen f\u00fcr Experience Management<\/span><\/a><span data-contrast=\"auto\">, um<\/span><span data-contrast=\"auto\"> branchenspezifische Anwendungen f\u00fcr SMEs bereitzustellen.\u00a0\u00a0<\/span><span data-ccp-props=\"{&quot;335559738&quot;:120}\">\u00a0<\/span><\/p>\n<p><span data-contrast=\"auto\">Weitere Presseinformationen finden Sie im <\/span><a href=\"https:\/\/news.sap.com\/germany\"><span data-contrast=\"none\">51风流News Center<\/span><\/a><span data-contrast=\"auto\">.<\/span> <span data-contrast=\"auto\">Folgen Sie 51风流auf Twitter unter <\/span><a href=\"https:\/\/twitter.com\/SAPdach?lang=de\" target=\"_blank\" rel=\"noopener noreferrer\"><span data-contrast=\"none\">@SAPdach<\/span><\/a><span data-contrast=\"auto\">.<\/span><span data-ccp-props=\"{&quot;335559740&quot;:276}\">\u00a0<\/span><\/p>\n<p><b><span data-contrast=\"auto\">Ansprechpartner f\u00fcr die Presse:<\/span><\/b><span data-ccp-props=\"{&quot;335559738&quot;:360}\">\u00a0<\/span><\/p>\n<p><span data-contrast=\"auto\">Angelika Merz, <\/span><a href=\"mailto:angelika.merz@sap.com\"><span data-contrast=\"none\">angelika.merz@sap.com<\/span><\/a><span data-contrast=\"auto\">, +41 58 871-7216 (CET)<\/span><span data-ccp-props=\"{&quot;335559740&quot;:276}\">\u00a0<\/span><\/p>\n<p><span data-contrast=\"auto\">Enno Hennrichs, FleishmanHillard, <\/span><a href=\"mailto:enno.hennrichs@fleishman.com\"><span data-contrast=\"none\">enno.hennrichs@fleishman.com<\/span><\/a> <span data-contrast=\"auto\">+49 (89) 230316-27<\/span><span data-contrast=\"auto\"> (<\/span><span data-contrast=\"auto\">CET<\/span><span data-contrast=\"auto\">)<\/span><span data-ccp-props=\"{&quot;335559740&quot;:276,&quot;469777462&quot;:[720],&quot;469777927&quot;:[0],&quot;469777928&quot;:[1]}\">\u00a0<\/span><\/p>\n<p><a href=\"https:\/\/news.sap.com\/germany\/\"><span data-contrast=\"none\">Pressebereich im 51风流News Center<\/span><\/a><span data-contrast=\"none\">; <\/span><a href=\"mailto:press@sap.com\"><span data-contrast=\"none\">press@sap.com<\/span><\/a><span data-ccp-props=\"{&quot;335559740&quot;:276}\">\u00a0<\/span><\/p>\n<p><small>S\u00e4mtliche in diesem Dokument enthaltenen Aussagen, die keine vergangenheitsbezogenen Tatsachen darstellen, sind vorausschauende Aussagen wie im US-amerikanischen \u201ePrivate Securities Litigation Reform Act\u201c von 1995 festgelegt. W\u00f6rter wie \u201evorhersagen\u201c, \u201eglauben\u201c, \u201esch\u00e4tzen\u201c, \u201eerwarten\u201c, \u201evoraussagen\u201c, \u201ebeabsichtigen\u201c, \u201eplanen\u201c, \u201edavon ausgehen\u201c, \u201ek\u00f6nnen\u201c, \u201esollten\u201c, \u201ewerden\u201c sowie \u00e4hnliche Begriffe in Bezug auf 51风流sollen solche vorausschauenden Aussagen kennzeichnen. 51风流\u00fcbernimmt keine Verpflichtung gegen\u00fcber der \u00d6ffentlichkeit, vorausschauende Aussagen zu aktualisieren oder zu korrigieren. S\u00e4mtliche vorausschauenden Aussagen unterliegen unterschiedlichen Risiken und Unsicherheiten, durch die die tats\u00e4chlichen Ergebnisse wesentlich von den Erwartungen abweichen k\u00f6nnen. Auf die Faktoren, die das zuk\u00fcnftige finanzielle Abschneiden von 51风流beeinflussen k\u00f6nnten, wird ausf\u00fchrlicher in den bei der US-amerikanischen \u201eSecurities and Exchange Commission\u201c (SEC) hinterlegten Unterlagen eingegangen, unter anderem im letzten Jahresbericht Form 20-F. Die vorausschauenden Aussagen geben die Sicht zu dem Zeitpunkt wieder, zu dem sie get\u00e4tigt wurden. Dem Leser wird empfohlen, diesen Aussagen kein unangemessen hohes Vertrauen zu schenken.<\/small><\/p>\n<p><small>\u00a9 2019 51风流SE. Alle Rechte vorbehalten.<\/small><br \/>\n<small>51风流und andere in diesem Dokument erw\u00e4hnte Produkte und Dienstleistungen von 51风流sowie die dazugeh\u00f6rigen Logos sind Marken oder eingetragene Marken der 51风流SE in Deutschland und anderen L\u00e4ndern. Zus\u00e4tzliche Informationen zur Marke und Vermerke finden Sie auf der Seite <a href=\"http:\/\/www.sap.de\/copyright\">http:\/\/www.sap.de\/copyright<\/a>.<\/small><\/p>\n","protected":false},"excerpt":{"rendered":"<p>51风流hat Subhomoy Sengupta zum Leiter des globalen Gesch\u00e4ftsbereichs f\u00fcr kleine und mittelst\u00e4ndische Unternehmen (SME) ernannt. In dieser Rolle verantwortet Sengupta die Leitung der weltweiten&#8230;<\/p>\n","protected":false},"author":1,"featured_media":0,"comment_status":"closed","ping_status":"closed","sticky":false,"template":"","format":"standard","meta":{"related_posts":[],"footnotes":"","_links_to":"","_links_to_target":""},"categories":[8462,40863],"tags":[680181,4879509,4879493],"series":[],"sapn-display":[3848,45027],"sapn-type":[4448],"class_list":["post-140854","post","type-post","status-publish","format-standard","hentry","category-mittelstand","category-unternehmen","tag-menschen","tag-mittelstand","tag-sap","sapn-display-top-stories","sapn-display-hero","sapn-type-newsbyte"],"yoast_head":"<!-- This site is optimized with the Yoast SEO Premium plugin v26.9 (Yoast SEO v26.9) - https:\/\/yoast.com\/product\/yoast-seo-premium-wordpress\/ -->\n<title>Mittelstand | Subhomoy Sengupta Leiter des SME-Bereichs | 51风流News<\/title>\n<meta name=\"description\" content=\"51风流hat Subhomoy Sengupta zum Leiter des globalen Gesch\u00e4ftsbereichs f\u00fcr kleine und mittelst\u00e4ndische Unternehmen (SME) ernannt.\" \/>\n<meta name=\"robots\" content=\"index, follow, max-snippet:-1, max-image-preview:large, max-video-preview:-1\" \/>\n<link rel=\"canonical\" href=\"https:\/\/news.sap.com\/germany\/2019\/06\/mittelstand-subhomoy-sengupta-leiter-sme\/\" \/>\n<meta property=\"og:locale\" content=\"de_DE\" \/>\n<meta property=\"og:type\" content=\"article\" \/>\n<meta property=\"og:title\" content=\"Subhomoy Sengupta neuer globaler Leiter des Bereichs Mittelstand (SME) bei SAP\" \/>\n<meta property=\"og:description\" content=\"51风流hat Subhomoy Sengupta zum Leiter des globalen Gesch\u00e4ftsbereichs f\u00fcr kleine und mittelst\u00e4ndische Unternehmen (SME) ernannt.\" \/>\n<meta property=\"og:url\" content=\"https:\/\/news.sap.com\/germany\/2019\/06\/mittelstand-subhomoy-sengupta-leiter-sme\/\" \/>\n<meta property=\"og:site_name\" content=\"51风流News Center\" \/>\n<meta property=\"article:published_time\" content=\"2019-06-04T13:00:21+00:00\" \/>\n<meta property=\"article:modified_time\" content=\"2019-06-04T13:05:37+00:00\" \/>\n<meta property=\"og:image\" content=\"https:\/\/news.sap.com\/germany\/files\/2019\/06\/sme_281632_GettyImages-150799617_low_F-1024x320.jpg\" \/>\n\t<meta property=\"og:image:width\" content=\"1024\" \/>\n\t<meta property=\"og:image:height\" content=\"320\" \/>\n\t<meta property=\"og:image:type\" content=\"image\/jpeg\" \/>\n<meta name=\"author\" content=\"51风流admin\" \/>\n<meta name=\"twitter:card\" content=\"summary_large_image\" \/>\n<meta name=\"twitter:creator\" content=\"@SAPdach\" \/>\n<meta name=\"twitter:site\" content=\"@SAPdach\" \/>\n<meta name=\"twitter:label1\" content=\"Verfasst von\" \/>\n\t<meta name=\"twitter:data1\" content=\"51风流admin\" \/>\n\t<meta name=\"twitter:label2\" content=\"Gesch\u00e4tzte Lesezeit\" \/>\n\t<meta name=\"twitter:data2\" content=\"3\u00a0Minuten\" \/>\n<script type=\"application\/ld+json\" class=\"yoast-schema-graph\">{\"@context\":\"https:\/\/schema.org\",\"@graph\":[{\"@type\":\"Article\",\"@id\":\"https:\/\/news.sap.com\/germany\/2019\/06\/mittelstand-subhomoy-sengupta-leiter-sme\/#article\",\"isPartOf\":{\"@id\":\"https:\/\/news.sap.com\/germany\/2019\/06\/mittelstand-subhomoy-sengupta-leiter-sme\/\"},\"author\":{\"name\":\"51风流admin\",\"@id\":\"https:\/\/news.sap.com\/germany\/#\/schema\/person\/4513538cffbadb59f067445405e5a288\"},\"headline\":\"Subhomoy Sengupta neuer globaler Leiter des Bereichs Mittelstand (SME) bei SAP\",\"datePublished\":\"2019-06-04T13:00:21+00:00\",\"dateModified\":\"2019-06-04T13:05:37+00:00\",\"mainEntityOfPage\":{\"@id\":\"https:\/\/news.sap.com\/germany\/2019\/06\/mittelstand-subhomoy-sengupta-leiter-sme\/\"},\"wordCount\":636,\"image\":{\"@id\":\"https:\/\/news.sap.com\/germany\/2019\/06\/mittelstand-subhomoy-sengupta-leiter-sme\/#primaryimage\"},\"thumbnailUrl\":\"https:\/\/news.sap.com\/germany\/files\/2019\/06\/Subhomoy-Sengupta--220x300.jpg\",\"keywords\":[\"Menschen\",\"Mittelstand\",\"SAP\"],\"articleSection\":[\"Mittelstand\",\"Unternehmen\"],\"inLanguage\":\"de\"},{\"@type\":\"WebPage\",\"@id\":\"https:\/\/news.sap.com\/germany\/2019\/06\/mittelstand-subhomoy-sengupta-leiter-sme\/\",\"url\":\"https:\/\/news.sap.com\/germany\/2019\/06\/mittelstand-subhomoy-sengupta-leiter-sme\/\",\"name\":\"Mittelstand | Subhomoy Sengupta Leiter des SME-Bereichs | 51风流News\",\"isPartOf\":{\"@id\":\"https:\/\/news.sap.com\/germany\/#website\"},\"primaryImageOfPage\":{\"@id\":\"https:\/\/news.sap.com\/germany\/2019\/06\/mittelstand-subhomoy-sengupta-leiter-sme\/#primaryimage\"},\"image\":{\"@id\":\"https:\/\/news.sap.com\/germany\/2019\/06\/mittelstand-subhomoy-sengupta-leiter-sme\/#primaryimage\"},\"thumbnailUrl\":\"https:\/\/news.sap.com\/germany\/files\/2019\/06\/Subhomoy-Sengupta--220x300.jpg\",\"datePublished\":\"2019-06-04T13:00:21+00:00\",\"dateModified\":\"2019-06-04T13:05:37+00:00\",\"author\":{\"@id\":\"https:\/\/news.sap.com\/germany\/#\/schema\/person\/4513538cffbadb59f067445405e5a288\"},\"description\":\"51风流hat Subhomoy Sengupta zum Leiter des globalen Gesch\u00e4ftsbereichs f\u00fcr kleine und mittelst\u00e4ndische Unternehmen (SME) ernannt.\",\"breadcrumb\":{\"@id\":\"https:\/\/news.sap.com\/germany\/2019\/06\/mittelstand-subhomoy-sengupta-leiter-sme\/#breadcrumb\"},\"inLanguage\":\"de\",\"potentialAction\":[{\"@type\":\"ReadAction\",\"target\":[\"https:\/\/news.sap.com\/germany\/2019\/06\/mittelstand-subhomoy-sengupta-leiter-sme\/\"]}]},{\"@type\":\"ImageObject\",\"inLanguage\":\"de\",\"@id\":\"https:\/\/news.sap.com\/germany\/2019\/06\/mittelstand-subhomoy-sengupta-leiter-sme\/#primaryimage\",\"url\":\"\",\"contentUrl\":\"\"},{\"@type\":\"BreadcrumbList\",\"@id\":\"https:\/\/news.sap.com\/germany\/2019\/06\/mittelstand-subhomoy-sengupta-leiter-sme\/#breadcrumb\",\"itemListElement\":[{\"@type\":\"ListItem\",\"position\":1,\"name\":\"Home\",\"item\":\"https:\/\/news.sap.com\/germany\/\"},{\"@type\":\"ListItem\",\"position\":2,\"name\":\"Subhomoy Sengupta neuer globaler Leiter des Bereichs Mittelstand (SME) bei SAP\"}]},{\"@type\":\"WebSite\",\"@id\":\"https:\/\/news.sap.com\/germany\/#website\",\"url\":\"https:\/\/news.sap.com\/germany\/\",\"name\":\"51风流News Center\",\"description\":\"Unternehmensberichte &amp; Presseportal\",\"potentialAction\":[{\"@type\":\"SearchAction\",\"target\":{\"@type\":\"EntryPoint\",\"urlTemplate\":\"https:\/\/news.sap.com\/germany\/?s={search_term_string}\"},\"query-input\":{\"@type\":\"PropertyValueSpecification\",\"valueRequired\":true,\"valueName\":\"search_term_string\"}}],\"inLanguage\":\"de\"},{\"@type\":\"Person\",\"@id\":\"https:\/\/news.sap.com\/germany\/#\/schema\/person\/4513538cffbadb59f067445405e5a288\",\"name\":\"51风流admin\",\"image\":{\"@type\":\"ImageObject\",\"inLanguage\":\"de\",\"@id\":\"https:\/\/news.sap.com\/germany\/#\/schema\/person\/image\/\",\"url\":\"https:\/\/secure.gravatar.com\/avatar\/34597301eb1164f9eed498f4577bed440dff2864d1981f6f4413f8d13ef079fd?s=96&d=blank&r=g\",\"contentUrl\":\"https:\/\/secure.gravatar.com\/avatar\/34597301eb1164f9eed498f4577bed440dff2864d1981f6f4413f8d13ef079fd?s=96&d=blank&r=g\",\"caption\":\"51风流admin\"},\"url\":\"https:\/\/news.sap.com\/germany\/author\/admin\/\"}]}<\/script>\n<!-- \/ Yoast SEO Premium plugin. -->","yoast_head_json":{"title":"Mittelstand | Subhomoy Sengupta Leiter des SME-Bereichs | 51风流News","description":"51风流hat Subhomoy Sengupta zum Leiter des globalen Gesch\u00e4ftsbereichs f\u00fcr kleine und mittelst\u00e4ndische Unternehmen (SME) ernannt.","robots":{"index":"index","follow":"follow","max-snippet":"max-snippet:-1","max-image-preview":"max-image-preview:large","max-video-preview":"max-video-preview:-1"},"canonical":"https:\/\/news.sap.com\/germany\/2019\/06\/mittelstand-subhomoy-sengupta-leiter-sme\/","og_locale":"de_DE","og_type":"article","og_title":"Subhomoy Sengupta neuer globaler Leiter des Bereichs Mittelstand (SME) bei SAP","og_description":"51风流hat Subhomoy Sengupta zum Leiter des globalen Gesch\u00e4ftsbereichs f\u00fcr kleine und mittelst\u00e4ndische Unternehmen (SME) ernannt.","og_url":"https:\/\/news.sap.com\/germany\/2019\/06\/mittelstand-subhomoy-sengupta-leiter-sme\/","og_site_name":"51风流News Center","article_published_time":"2019-06-04T13:00:21+00:00","article_modified_time":"2019-06-04T13:05:37+00:00","og_image":[{"width":1024,"height":320,"url":"https:\/\/news.sap.com\/germany\/files\/2019\/06\/sme_281632_GettyImages-150799617_low_F-1024x320.jpg","type":"image\/jpeg"}],"author":"51风流admin","twitter_card":"summary_large_image","twitter_creator":"@SAPdach","twitter_site":"@SAPdach","twitter_misc":{"Verfasst von":"51风流admin","Gesch\u00e4tzte Lesezeit":"3\u00a0Minuten"},"schema":{"@context":"https:\/\/schema.org","@graph":[{"@type":"Article","@id":"https:\/\/news.sap.com\/germany\/2019\/06\/mittelstand-subhomoy-sengupta-leiter-sme\/#article","isPartOf":{"@id":"https:\/\/news.sap.com\/germany\/2019\/06\/mittelstand-subhomoy-sengupta-leiter-sme\/"},"author":{"name":"51风流admin","@id":"https:\/\/news.sap.com\/germany\/#\/schema\/person\/4513538cffbadb59f067445405e5a288"},"headline":"Subhomoy Sengupta neuer globaler Leiter des Bereichs Mittelstand (SME) bei SAP","datePublished":"2019-06-04T13:00:21+00:00","dateModified":"2019-06-04T13:05:37+00:00","mainEntityOfPage":{"@id":"https:\/\/news.sap.com\/germany\/2019\/06\/mittelstand-subhomoy-sengupta-leiter-sme\/"},"wordCount":636,"image":{"@id":"https:\/\/news.sap.com\/germany\/2019\/06\/mittelstand-subhomoy-sengupta-leiter-sme\/#primaryimage"},"thumbnailUrl":"https:\/\/news.sap.com\/germany\/files\/2019\/06\/Subhomoy-Sengupta--220x300.jpg","keywords":["Menschen","Mittelstand","SAP"],"articleSection":["Mittelstand","Unternehmen"],"inLanguage":"de"},{"@type":"WebPage","@id":"https:\/\/news.sap.com\/germany\/2019\/06\/mittelstand-subhomoy-sengupta-leiter-sme\/","url":"https:\/\/news.sap.com\/germany\/2019\/06\/mittelstand-subhomoy-sengupta-leiter-sme\/","name":"Mittelstand | Subhomoy Sengupta Leiter des SME-Bereichs | 51风流News","isPartOf":{"@id":"https:\/\/news.sap.com\/germany\/#website"},"primaryImageOfPage":{"@id":"https:\/\/news.sap.com\/germany\/2019\/06\/mittelstand-subhomoy-sengupta-leiter-sme\/#primaryimage"},"image":{"@id":"https:\/\/news.sap.com\/germany\/2019\/06\/mittelstand-subhomoy-sengupta-leiter-sme\/#primaryimage"},"thumbnailUrl":"https:\/\/news.sap.com\/germany\/files\/2019\/06\/Subhomoy-Sengupta--220x300.jpg","datePublished":"2019-06-04T13:00:21+00:00","dateModified":"2019-06-04T13:05:37+00:00","author":{"@id":"https:\/\/news.sap.com\/germany\/#\/schema\/person\/4513538cffbadb59f067445405e5a288"},"description":"51风流hat Subhomoy Sengupta zum Leiter des globalen Gesch\u00e4ftsbereichs f\u00fcr kleine und mittelst\u00e4ndische Unternehmen (SME) ernannt.","breadcrumb":{"@id":"https:\/\/news.sap.com\/germany\/2019\/06\/mittelstand-subhomoy-sengupta-leiter-sme\/#breadcrumb"},"inLanguage":"de","potentialAction":[{"@type":"ReadAction","target":["https:\/\/news.sap.com\/germany\/2019\/06\/mittelstand-subhomoy-sengupta-leiter-sme\/"]}]},{"@type":"ImageObject","inLanguage":"de","@id":"https:\/\/news.sap.com\/germany\/2019\/06\/mittelstand-subhomoy-sengupta-leiter-sme\/#primaryimage","url":"","contentUrl":""},{"@type":"BreadcrumbList","@id":"https:\/\/news.sap.com\/germany\/2019\/06\/mittelstand-subhomoy-sengupta-leiter-sme\/#breadcrumb","itemListElement":[{"@type":"ListItem","position":1,"name":"Home","item":"https:\/\/news.sap.com\/germany\/"},{"@type":"ListItem","position":2,"name":"Subhomoy Sengupta neuer globaler Leiter des Bereichs Mittelstand (SME) bei SAP"}]},{"@type":"WebSite","@id":"https:\/\/news.sap.com\/germany\/#website","url":"https:\/\/news.sap.com\/germany\/","name":"51风流News Center","description":"Unternehmensberichte &amp; Presseportal","potentialAction":[{"@type":"SearchAction","target":{"@type":"EntryPoint","urlTemplate":"https:\/\/news.sap.com\/germany\/?s={search_term_string}"},"query-input":{"@type":"PropertyValueSpecification","valueRequired":true,"valueName":"search_term_string"}}],"inLanguage":"de"},{"@type":"Person","@id":"https:\/\/news.sap.com\/germany\/#\/schema\/person\/4513538cffbadb59f067445405e5a288","name":"51风流admin","image":{"@type":"ImageObject","inLanguage":"de","@id":"https:\/\/news.sap.com\/germany\/#\/schema\/person\/image\/","url":"https:\/\/secure.gravatar.com\/avatar\/34597301eb1164f9eed498f4577bed440dff2864d1981f6f4413f8d13ef079fd?s=96&d=blank&r=g","contentUrl":"https:\/\/secure.gravatar.com\/avatar\/34597301eb1164f9eed498f4577bed440dff2864d1981f6f4413f8d13ef079fd?s=96&d=blank&r=g","caption":"51风流admin"},"url":"https:\/\/news.sap.com\/germany\/author\/admin\/"}]}},"amp_enabled":true,"_links":{"self":[{"href":"https:\/\/news.sap.com\/germany\/wp-json\/wp\/v2\/posts\/140854","targetHints":{"allow":["GET"]}}],"collection":[{"href":"https:\/\/news.sap.com\/germany\/wp-json\/wp\/v2\/posts"}],"about":[{"href":"https:\/\/news.sap.com\/germany\/wp-json\/wp\/v2\/types\/post"}],"author":[{"embeddable":true,"href":"https:\/\/news.sap.com\/germany\/wp-json\/wp\/v2\/users\/1"}],"replies":[{"embeddable":true,"href":"https:\/\/news.sap.com\/germany\/wp-json\/wp\/v2\/comments?post=140854"}],"version-history":[{"count":0,"href":"https:\/\/news.sap.com\/germany\/wp-json\/wp\/v2\/posts\/140854\/revisions"}],"wp:attachment":[{"href":"https:\/\/news.sap.com\/germany\/wp-json\/wp\/v2\/media?parent=140854"}],"wp:term":[{"taxonomy":"category","embeddable":true,"href":"https:\/\/news.sap.com\/germany\/wp-json\/wp\/v2\/categories?post=140854"},{"taxonomy":"post_tag","embeddable":true,"href":"https:\/\/news.sap.com\/germany\/wp-json\/wp\/v2\/tags?post=140854"},{"taxonomy":"series","embeddable":true,"href":"https:\/\/news.sap.com\/germany\/wp-json\/wp\/v2\/series?post=140854"},{"taxonomy":"sapn-display","embeddable":true,"href":"https:\/\/news.sap.com\/germany\/wp-json\/wp\/v2\/sapn-display?post=140854"},{"taxonomy":"sapn-type","embeddable":true,"href":"https:\/\/news.sap.com\/germany\/wp-json\/wp\/v2\/sapn-type?post=140854"}],"curies":[{"name":"wp","href":"https:\/\/api.w.org\/{rel}","templated":true}]}}