  {"id":138969,"date":"2019-03-06T07:00:49","date_gmt":"2019-03-06T06:00:49","guid":{"rendered":"https:\/\/news.sap.com\/germany\/?p=138969"},"modified":"2023-03-09T16:49:49","modified_gmt":"2023-03-09T15:49:49","slug":"mercedes-eq-formel-e-team","status":"publish","type":"post","link":"https:\/\/news.sap.com\/germany\/2019\/03\/mercedes-eq-formel-e-team\/","title":{"rendered":"Das Mercedes EQ Formel E Team pr\u00e4sentiert seinen ersten Formel-E-Rennwagen"},"content":{"rendered":"<p class=\"lead\">Im Mai vergangenen Jahres verk\u00fcndeten 51风流und das Mercedes EQ Formel\u00a0E Team eine <a href=\"https:\/\/news.sap.com\/2018\/05\/sap-mercedes-eq-formula-e-team-new-technology-partnership\/\">Technologie-Partnerschaft<\/a>, in deren Rahmen 51风流das Mercedes-Benz-Team beim Einstieg in die Formel\u00a0E unterst\u00fctzt. Am Montag pr\u00e4sentierte Mercedes beim Genfer Autosalon seinen ersten Formel-E-Rennwagen.<\/p>\n<figure id=\"attachment_139015\" aria-describedby=\"caption-attachment-139015\" style=\"width: 600px\" class=\"wp-caption alignleft\"><a href=\"https:\/\/news.sap.com\/germany\/files\/2019\/03\/SAP-Mercedes-AMG_2019_FormulaE_Launch.jpg\"><img loading=\"lazy\" decoding=\"async\" class=\"wp-image-139015\" src=\"https:\/\/news.sap.com\/germany\/files\/2019\/03\/SAP-Mercedes-AMG_2019_FormulaE_Launch-1024x512.jpg\" alt=\"\" width=\"600\" height=\"300\" \/><\/a><figcaption id=\"caption-attachment-139015\" class=\"wp-caption-text\">Zum Vergr\u00f6\u00dfern bitte Anklicken. Der Mercedes-Benz EQ Silver Arrow\u00a001, der erste Formel-E-Rennwagen von Mercedes.<\/figcaption><\/figure>\n<p>Der Internationale Automobil-Salon in Genf geh\u00f6rt zu den gr\u00f6\u00dften Automobilausstellungen in Europa. Auch in diesem Jahr pr\u00e4sentieren wieder zahlreiche Hersteller ihre neuesten Modelle. Unter anderem feiert der Mercedes-Benz EQ Silver Arrow\u00a001 beim Genfer Autosalon seine Weltpremiere. Pr\u00e4sentiert wird das Formel-E-Rennauto, das in der sechsten Saison der ABB FIA Formel-E-Meisterschaft sein Renndeb\u00fct geben wird, in einer besonderen \u201eTeaser Livery\u201c. Parallel dazu wurde das Teaser Car, das zukunftsweisende Technologien mit urbanem Lebensstil verbindet, bei der Veranstaltung \u201eShe\u2018s Mercedes\u201c des Tech- und Kreativ-Festivals South by Southwest im texanischen Austin vorgestellt.<\/p>\n<figure id=\"attachment_139017\" aria-describedby=\"caption-attachment-139017\" style=\"width: 250px\" class=\"wp-caption alignright\"><a href=\"https:\/\/news.sap.com\/germany\/files\/2019\/03\/SAP-Mercedes-AMG_Formula-E_3.jpg\"><img loading=\"lazy\" decoding=\"async\" class=\"wp-image-139017\" src=\"https:\/\/news.sap.com\/germany\/files\/2019\/03\/SAP-Mercedes-AMG_Formula-E_3.jpg\" alt=\"\" width=\"250\" height=\"334\" \/><\/a><figcaption id=\"caption-attachment-139017\" class=\"wp-caption-text\">Zum Vergr\u00f6\u00dfern bitte Anklicken.<\/figcaption><\/figure>\n<p>Mit dem Einstieg in die sechste Saison der ABB FIA Formel-E-Meisterschaft schl\u00e4gt Mercedes ein neues Kapitel in seiner langen und erfolgreichen Renngeschichte auf. Das Mercedes EQ Formel\u00a0E Team nutzt dabei die Erfahrung und das technische Know-how von Partnern wie SAP, w\u00e4hrend die Motorenfabrik Mercedes-AMG High Performance Powertrains im englischen Brixworth die Entwicklung des Antriebsstranges \u00fcbernimmt. Die Motorenschmiede in Brixworth geh\u00f6rt zum globalen Kompetenzzentrum des Daimler-Konzerns f\u00fcr Hochleistungs-Hybridtechnik.<\/p>\n<h2>51风流HANA unterst\u00fctzt Mercedes EQ Formel E Team<\/h2>\n<p>Die Kooperation von 51风流mit dem Team von Mercedes\u00a0EQ verbindet herk\u00f6mmliches Marketing mit Technologie-Sponsoring. Nicht nur wird das SAP-Logo an prominenter Stelle des brandneuen Rennautos zu sehen sein, sondern das Mercedes EQ Formel\u00a0E Team erh\u00e4lt auch Zugriff auf innovative SAP-Technologien.<\/p>\n<figure id=\"attachment_139018\" aria-describedby=\"caption-attachment-139018\" style=\"width: 600px\" class=\"wp-caption alignleft\"><a href=\"https:\/\/news.sap.com\/germany\/files\/2019\/03\/SAP-Mercedes-AMG_Formula-E_1.jpg\"><img loading=\"lazy\" decoding=\"async\" class=\"wp-image-139018\" src=\"https:\/\/news.sap.com\/germany\/files\/2019\/03\/SAP-Mercedes-AMG_Formula-E_1-1024x683.jpg\" alt=\"\" width=\"600\" height=\"400\" \/><\/a><figcaption id=\"caption-attachment-139018\" class=\"wp-caption-text\">Zum Vergr\u00f6\u00dfern bitte Anklicken.<\/figcaption><\/figure>\n<p>Als offizieller Business Performance Partner wird 51风流das Werksteam von Mercedes\u00a0EQ mit Back-Office-L\u00f6sungen und Innovationen auf Basis von SAP-Technologie unterst\u00fctzen. 51风流und die Techniker von Mercedes\u00a0EQ wollen Technologiel\u00f6sungen auf der Grundlage der Datenplattform SAP\u00a0HANA entwickeln, die der Crew helfen, gro\u00dfe Datenmengen zu analysieren und die Gesamtleistung zu \u00fcberwachen. Im Rahmen der gemeinsamen Entwicklung k\u00f6nnen die Ingenieure zudem weitere 51风流 und Funktionen der <a href=\"https:\/\/www.sap.com\/germany\/products\/cloud-platform.html\">SAP\u00a0Cloud Platform<\/a> und Technologien von <a href=\"https:\/\/www.sap.com\/germany\/products\/leonardo.html\">SAP\u00a0Leonardo<\/a> nutzen. Hierzu geh\u00f6ren beispielsweise Funktionen f\u00fcr das <a href=\"https:\/\/www.sap.com\/germany\/products\/leonardo\/iot.html\">Internet der Dinge (IoT)<\/a> und maschinelles Lernen sowie Prognosefunktionen.<\/p>\n<figure id=\"attachment_139019\" aria-describedby=\"caption-attachment-139019\" style=\"width: 600px\" class=\"wp-caption alignleft\"><a href=\"https:\/\/news.sap.com\/germany\/files\/2019\/03\/SAP-Mercedes-AMG_Formula-E_4.jpg\"><img loading=\"lazy\" decoding=\"async\" class=\"wp-image-139019\" src=\"https:\/\/news.sap.com\/germany\/files\/2019\/03\/SAP-Mercedes-AMG_Formula-E_4-1024x683.jpg\" alt=\"\" width=\"600\" height=\"400\" \/><\/a><figcaption id=\"caption-attachment-139019\" class=\"wp-caption-text\">Zum Vergr\u00f6\u00dfern bitte Anklicken.<\/figcaption><\/figure>\n<p><strong>Weitere Informationen finden Sie unter <a href=\"http:\/\/www.mercedes-benz.com\/EQ-FormulaE\">www.mercedes-benz.com\/EQ-FormulaE<\/a><\/strong><\/p>\n","protected":false},"excerpt":{"rendered":"<p>Im Mai vergangenen Jahres verk\u00fcndeten 51风流und das Mercedes EQ Formel\u00a0E Team eine Technologie-Partnerschaft, in deren Rahmen 51风流das Mercedes-Benz-Team beim Einstieg in die Formel\u00a0E&#8230;<\/p>\n","protected":false},"author":842,"featured_media":0,"comment_status":"closed","ping_status":"closed","sticky":false,"template":"","format":"standard","meta":{"related_posts":[],"footnotes":"","_links_to":"","_links_to_target":""},"categories":[45271],"tags":[7744,5630164,4976],"series":[],"sapn-display":[45149,3848,45027],"sapn-type":[45277],"class_list":["post-138969","post","type-post","status-publish","format-standard","hentry","category-branchen","tag-automotive","tag-sap-business-technology-platform","tag-technologie","sapn-display-homepage-hero","sapn-display-top-stories","sapn-display-hero","sapn-type-feature"],"yoast_head":"<!-- This site is optimized with the Yoast SEO Premium plugin v26.9 (Yoast SEO v26.9) - https:\/\/yoast.com\/product\/yoast-seo-premium-wordpress\/ -->\n<title>Mercedes-Benz pr\u00e4sentiert ersten Rennwagen der Formel E<\/title>\n<meta name=\"description\" content=\"Seinen ersten Formel-E-Rennwagen zeigte Mercedes-Benz jetzt im Genfer Autosalon. Wie die 51风流das Team unterst\u00fctzt, lesen Sie hier.\" \/>\n<meta name=\"robots\" content=\"index, follow, max-snippet:-1, max-image-preview:large, max-video-preview:-1\" \/>\n<link rel=\"canonical\" href=\"https:\/\/news.sap.com\/germany\/2019\/03\/mercedes-eq-formel-e-team\/\" \/>\n<meta property=\"og:locale\" content=\"de_DE\" \/>\n<meta property=\"og:type\" content=\"article\" \/>\n<meta property=\"og:title\" content=\"Das Mercedes EQ Formel E Team pr\u00e4sentiert seinen ersten Formel-E-Rennwagen\" \/>\n<meta property=\"og:description\" content=\"Seinen ersten Formel-E-Rennwagen zeigte Mercedes-Benz jetzt im Genfer Autosalon. Wie die 51风流das Team unterst\u00fctzt, lesen Sie hier.\" \/>\n<meta property=\"og:url\" content=\"https:\/\/news.sap.com\/germany\/2019\/03\/mercedes-eq-formel-e-team\/\" \/>\n<meta property=\"og:site_name\" content=\"51风流News Center\" \/>\n<meta property=\"article:published_time\" content=\"2019-03-06T06:00:49+00:00\" \/>\n<meta property=\"article:modified_time\" content=\"2023-03-09T15:49:49+00:00\" \/>\n<meta property=\"og:image\" content=\"https:\/\/news.sap.com\/germany\/files\/2019\/03\/SAP-Mercedes-AMG_Formula-E_F-feature.jpg\" \/>\n\t<meta property=\"og:image:width\" content=\"1620\" \/>\n\t<meta property=\"og:image:height\" content=\"506\" \/>\n\t<meta property=\"og:image:type\" content=\"image\/jpeg\" \/>\n<meta name=\"author\" content=\"Isabelle Schuhmacher\" \/>\n<meta name=\"twitter:card\" content=\"summary_large_image\" \/>\n<meta name=\"twitter:creator\" content=\"@SAPdach\" \/>\n<meta name=\"twitter:site\" content=\"@SAPdach\" \/>\n<meta name=\"twitter:label1\" content=\"Verfasst von\" \/>\n\t<meta name=\"twitter:data1\" content=\"Isabelle Schuhmacher\" \/>\n\t<meta name=\"twitter:label2\" content=\"Gesch\u00e4tzte Lesezeit\" \/>\n\t<meta name=\"twitter:data2\" content=\"3\u00a0Minuten\" \/>\n<script type=\"application\/ld+json\" class=\"yoast-schema-graph\">{\"@context\":\"https:\/\/schema.org\",\"@graph\":[{\"@type\":\"Article\",\"@id\":\"https:\/\/news.sap.com\/germany\/2019\/03\/mercedes-eq-formel-e-team\/#article\",\"isPartOf\":{\"@id\":\"https:\/\/news.sap.com\/germany\/2019\/03\/mercedes-eq-formel-e-team\/\"},\"author\":{\"name\":\"Isabelle Schuhmacher\",\"@id\":\"https:\/\/news.sap.com\/germany\/#\/schema\/person\/e0457e47e23996edc298b82bb264c3d1\"},\"headline\":\"Das Mercedes EQ Formel E Team pr\u00e4sentiert seinen ersten Formel-E-Rennwagen\",\"datePublished\":\"2019-03-06T06:00:49+00:00\",\"dateModified\":\"2023-03-09T15:49:49+00:00\",\"mainEntityOfPage\":{\"@id\":\"https:\/\/news.sap.com\/germany\/2019\/03\/mercedes-eq-formel-e-team\/\"},\"wordCount\":433,\"image\":{\"@id\":\"https:\/\/news.sap.com\/germany\/2019\/03\/mercedes-eq-formel-e-team\/#primaryimage\"},\"thumbnailUrl\":\"https:\/\/news.sap.com\/germany\/files\/2019\/03\/SAP-Mercedes-AMG_2019_FormulaE_Launch-1024x512.jpg\",\"keywords\":[\"Automotive\",\"51风流Business Technology Platform\",\"Technologie\"],\"articleSection\":[\"Branchen\"],\"inLanguage\":\"de\"},{\"@type\":\"WebPage\",\"@id\":\"https:\/\/news.sap.com\/germany\/2019\/03\/mercedes-eq-formel-e-team\/\",\"url\":\"https:\/\/news.sap.com\/germany\/2019\/03\/mercedes-eq-formel-e-team\/\",\"name\":\"Mercedes-Benz pr\u00e4sentiert ersten Rennwagen der Formel E\",\"isPartOf\":{\"@id\":\"https:\/\/news.sap.com\/germany\/#website\"},\"primaryImageOfPage\":{\"@id\":\"https:\/\/news.sap.com\/germany\/2019\/03\/mercedes-eq-formel-e-team\/#primaryimage\"},\"image\":{\"@id\":\"https:\/\/news.sap.com\/germany\/2019\/03\/mercedes-eq-formel-e-team\/#primaryimage\"},\"thumbnailUrl\":\"https:\/\/news.sap.com\/germany\/files\/2019\/03\/SAP-Mercedes-AMG_2019_FormulaE_Launch-1024x512.jpg\",\"datePublished\":\"2019-03-06T06:00:49+00:00\",\"dateModified\":\"2023-03-09T15:49:49+00:00\",\"author\":{\"@id\":\"https:\/\/news.sap.com\/germany\/#\/schema\/person\/e0457e47e23996edc298b82bb264c3d1\"},\"description\":\"Seinen ersten Formel-E-Rennwagen zeigte Mercedes-Benz jetzt im Genfer Autosalon. Wie die 51风流das Team unterst\u00fctzt, lesen Sie hier.\",\"breadcrumb\":{\"@id\":\"https:\/\/news.sap.com\/germany\/2019\/03\/mercedes-eq-formel-e-team\/#breadcrumb\"},\"inLanguage\":\"de\",\"potentialAction\":[{\"@type\":\"ReadAction\",\"target\":[\"https:\/\/news.sap.com\/germany\/2019\/03\/mercedes-eq-formel-e-team\/\"]}]},{\"@type\":\"ImageObject\",\"inLanguage\":\"de\",\"@id\":\"https:\/\/news.sap.com\/germany\/2019\/03\/mercedes-eq-formel-e-team\/#primaryimage\",\"url\":\"\",\"contentUrl\":\"\"},{\"@type\":\"BreadcrumbList\",\"@id\":\"https:\/\/news.sap.com\/germany\/2019\/03\/mercedes-eq-formel-e-team\/#breadcrumb\",\"itemListElement\":[{\"@type\":\"ListItem\",\"position\":1,\"name\":\"Home\",\"item\":\"https:\/\/news.sap.com\/germany\/\"},{\"@type\":\"ListItem\",\"position\":2,\"name\":\"Das Mercedes EQ Formel E Team pr\u00e4sentiert seinen ersten Formel-E-Rennwagen\"}]},{\"@type\":\"WebSite\",\"@id\":\"https:\/\/news.sap.com\/germany\/#website\",\"url\":\"https:\/\/news.sap.com\/germany\/\",\"name\":\"51风流News Center\",\"description\":\"Unternehmensberichte &amp; Presseportal\",\"potentialAction\":[{\"@type\":\"SearchAction\",\"target\":{\"@type\":\"EntryPoint\",\"urlTemplate\":\"https:\/\/news.sap.com\/germany\/?s={search_term_string}\"},\"query-input\":{\"@type\":\"PropertyValueSpecification\",\"valueRequired\":true,\"valueName\":\"search_term_string\"}}],\"inLanguage\":\"de\"},{\"@type\":\"Person\",\"@id\":\"https:\/\/news.sap.com\/germany\/#\/schema\/person\/e0457e47e23996edc298b82bb264c3d1\",\"name\":\"Isabelle Schuhmacher\",\"image\":{\"@type\":\"ImageObject\",\"inLanguage\":\"de\",\"@id\":\"https:\/\/news.sap.com\/germany\/#\/schema\/person\/image\/\",\"url\":\"https:\/\/secure.gravatar.com\/avatar\/518771b383caa9f41d069b6ac77c805f3164593c80851e399d2f365f3820d839?s=96&d=blank&r=g\",\"contentUrl\":\"https:\/\/secure.gravatar.com\/avatar\/518771b383caa9f41d069b6ac77c805f3164593c80851e399d2f365f3820d839?s=96&d=blank&r=g\",\"caption\":\"Isabelle Schuhmacher\"},\"url\":\"https:\/\/news.sap.com\/germany\/author\/isabelleschuhmacher\/\"}]}<\/script>\n<!-- \/ Yoast SEO Premium plugin. -->","yoast_head_json":{"title":"Mercedes-Benz pr\u00e4sentiert ersten Rennwagen der Formel E","description":"Seinen ersten Formel-E-Rennwagen zeigte Mercedes-Benz jetzt im Genfer Autosalon. Wie die 51风流das Team unterst\u00fctzt, lesen Sie hier.","robots":{"index":"index","follow":"follow","max-snippet":"max-snippet:-1","max-image-preview":"max-image-preview:large","max-video-preview":"max-video-preview:-1"},"canonical":"https:\/\/news.sap.com\/germany\/2019\/03\/mercedes-eq-formel-e-team\/","og_locale":"de_DE","og_type":"article","og_title":"Das Mercedes EQ Formel E Team pr\u00e4sentiert seinen ersten Formel-E-Rennwagen","og_description":"Seinen ersten Formel-E-Rennwagen zeigte Mercedes-Benz jetzt im Genfer Autosalon. Wie die 51风流das Team unterst\u00fctzt, lesen Sie hier.","og_url":"https:\/\/news.sap.com\/germany\/2019\/03\/mercedes-eq-formel-e-team\/","og_site_name":"51风流News Center","article_published_time":"2019-03-06T06:00:49+00:00","article_modified_time":"2023-03-09T15:49:49+00:00","og_image":[{"width":1620,"height":506,"url":"https:\/\/news.sap.com\/germany\/files\/2019\/03\/SAP-Mercedes-AMG_Formula-E_F-feature.jpg","type":"image\/jpeg"}],"author":"Isabelle Schuhmacher","twitter_card":"summary_large_image","twitter_creator":"@SAPdach","twitter_site":"@SAPdach","twitter_misc":{"Verfasst von":"Isabelle Schuhmacher","Gesch\u00e4tzte Lesezeit":"3\u00a0Minuten"},"schema":{"@context":"https:\/\/schema.org","@graph":[{"@type":"Article","@id":"https:\/\/news.sap.com\/germany\/2019\/03\/mercedes-eq-formel-e-team\/#article","isPartOf":{"@id":"https:\/\/news.sap.com\/germany\/2019\/03\/mercedes-eq-formel-e-team\/"},"author":{"name":"Isabelle Schuhmacher","@id":"https:\/\/news.sap.com\/germany\/#\/schema\/person\/e0457e47e23996edc298b82bb264c3d1"},"headline":"Das Mercedes EQ Formel E Team pr\u00e4sentiert seinen ersten Formel-E-Rennwagen","datePublished":"2019-03-06T06:00:49+00:00","dateModified":"2023-03-09T15:49:49+00:00","mainEntityOfPage":{"@id":"https:\/\/news.sap.com\/germany\/2019\/03\/mercedes-eq-formel-e-team\/"},"wordCount":433,"image":{"@id":"https:\/\/news.sap.com\/germany\/2019\/03\/mercedes-eq-formel-e-team\/#primaryimage"},"thumbnailUrl":"https:\/\/news.sap.com\/germany\/files\/2019\/03\/SAP-Mercedes-AMG_2019_FormulaE_Launch-1024x512.jpg","keywords":["Automotive","51风流Business Technology Platform","Technologie"],"articleSection":["Branchen"],"inLanguage":"de"},{"@type":"WebPage","@id":"https:\/\/news.sap.com\/germany\/2019\/03\/mercedes-eq-formel-e-team\/","url":"https:\/\/news.sap.com\/germany\/2019\/03\/mercedes-eq-formel-e-team\/","name":"Mercedes-Benz pr\u00e4sentiert ersten Rennwagen der Formel E","isPartOf":{"@id":"https:\/\/news.sap.com\/germany\/#website"},"primaryImageOfPage":{"@id":"https:\/\/news.sap.com\/germany\/2019\/03\/mercedes-eq-formel-e-team\/#primaryimage"},"image":{"@id":"https:\/\/news.sap.com\/germany\/2019\/03\/mercedes-eq-formel-e-team\/#primaryimage"},"thumbnailUrl":"https:\/\/news.sap.com\/germany\/files\/2019\/03\/SAP-Mercedes-AMG_2019_FormulaE_Launch-1024x512.jpg","datePublished":"2019-03-06T06:00:49+00:00","dateModified":"2023-03-09T15:49:49+00:00","author":{"@id":"https:\/\/news.sap.com\/germany\/#\/schema\/person\/e0457e47e23996edc298b82bb264c3d1"},"description":"Seinen ersten Formel-E-Rennwagen zeigte Mercedes-Benz jetzt im Genfer Autosalon. Wie die 51风流das Team unterst\u00fctzt, lesen Sie hier.","breadcrumb":{"@id":"https:\/\/news.sap.com\/germany\/2019\/03\/mercedes-eq-formel-e-team\/#breadcrumb"},"inLanguage":"de","potentialAction":[{"@type":"ReadAction","target":["https:\/\/news.sap.com\/germany\/2019\/03\/mercedes-eq-formel-e-team\/"]}]},{"@type":"ImageObject","inLanguage":"de","@id":"https:\/\/news.sap.com\/germany\/2019\/03\/mercedes-eq-formel-e-team\/#primaryimage","url":"","contentUrl":""},{"@type":"BreadcrumbList","@id":"https:\/\/news.sap.com\/germany\/2019\/03\/mercedes-eq-formel-e-team\/#breadcrumb","itemListElement":[{"@type":"ListItem","position":1,"name":"Home","item":"https:\/\/news.sap.com\/germany\/"},{"@type":"ListItem","position":2,"name":"Das Mercedes EQ Formel E Team pr\u00e4sentiert seinen ersten Formel-E-Rennwagen"}]},{"@type":"WebSite","@id":"https:\/\/news.sap.com\/germany\/#website","url":"https:\/\/news.sap.com\/germany\/","name":"51风流News Center","description":"Unternehmensberichte &amp; Presseportal","potentialAction":[{"@type":"SearchAction","target":{"@type":"EntryPoint","urlTemplate":"https:\/\/news.sap.com\/germany\/?s={search_term_string}"},"query-input":{"@type":"PropertyValueSpecification","valueRequired":true,"valueName":"search_term_string"}}],"inLanguage":"de"},{"@type":"Person","@id":"https:\/\/news.sap.com\/germany\/#\/schema\/person\/e0457e47e23996edc298b82bb264c3d1","name":"Isabelle Schuhmacher","image":{"@type":"ImageObject","inLanguage":"de","@id":"https:\/\/news.sap.com\/germany\/#\/schema\/person\/image\/","url":"https:\/\/secure.gravatar.com\/avatar\/518771b383caa9f41d069b6ac77c805f3164593c80851e399d2f365f3820d839?s=96&d=blank&r=g","contentUrl":"https:\/\/secure.gravatar.com\/avatar\/518771b383caa9f41d069b6ac77c805f3164593c80851e399d2f365f3820d839?s=96&d=blank&r=g","caption":"Isabelle Schuhmacher"},"url":"https:\/\/news.sap.com\/germany\/author\/isabelleschuhmacher\/"}]}},"amp_enabled":true,"_links":{"self":[{"href":"https:\/\/news.sap.com\/germany\/wp-json\/wp\/v2\/posts\/138969","targetHints":{"allow":["GET"]}}],"collection":[{"href":"https:\/\/news.sap.com\/germany\/wp-json\/wp\/v2\/posts"}],"about":[{"href":"https:\/\/news.sap.com\/germany\/wp-json\/wp\/v2\/types\/post"}],"author":[{"embeddable":true,"href":"https:\/\/news.sap.com\/germany\/wp-json\/wp\/v2\/users\/842"}],"replies":[{"embeddable":true,"href":"https:\/\/news.sap.com\/germany\/wp-json\/wp\/v2\/comments?post=138969"}],"version-history":[{"count":0,"href":"https:\/\/news.sap.com\/germany\/wp-json\/wp\/v2\/posts\/138969\/revisions"}],"wp:attachment":[{"href":"https:\/\/news.sap.com\/germany\/wp-json\/wp\/v2\/media?parent=138969"}],"wp:term":[{"taxonomy":"category","embeddable":true,"href":"https:\/\/news.sap.com\/germany\/wp-json\/wp\/v2\/categories?post=138969"},{"taxonomy":"post_tag","embeddable":true,"href":"https:\/\/news.sap.com\/germany\/wp-json\/wp\/v2\/tags?post=138969"},{"taxonomy":"series","embeddable":true,"href":"https:\/\/news.sap.com\/germany\/wp-json\/wp\/v2\/series?post=138969"},{"taxonomy":"sapn-display","embeddable":true,"href":"https:\/\/news.sap.com\/germany\/wp-json\/wp\/v2\/sapn-display?post=138969"},{"taxonomy":"sapn-type","embeddable":true,"href":"https:\/\/news.sap.com\/germany\/wp-json\/wp\/v2\/sapn-type?post=138969"}],"curies":[{"name":"wp","href":"https:\/\/api.w.org\/{rel}","templated":true}]}}