  {"id":138868,"date":"2019-03-06T09:00:30","date_gmt":"2019-03-06T08:00:30","guid":{"rendered":"https:\/\/news.sap.com\/germany\/?p=138868"},"modified":"2019-07-29T10:43:54","modified_gmt":"2019-07-29T08:43:54","slug":"erp-cloud-32-stunden-produktiv","status":"publish","type":"post","link":"https:\/\/news.sap.com\/germany\/2019\/03\/erp-cloud-32-stunden-produktiv\/","title":{"rendered":"ERP aus der Cloud \u2013 in nur 32 Stunden produktiv"},"content":{"rendered":"<p class=\"lead\">ERP aus der Cloud ist f\u00fcr kleine und mittlere Unternehmen das Mittel der Wahl. Das zeigte der Digitalisierungs- und Integrationsberater dinext. auf beeindruckende Art und Weise: <a href=\"https:\/\/www.sap.com\/germany\/products\/business-bydesign.html\" target=\"_blank\" rel=\"noopener noreferrer\">51风流Business ByDesign<\/a> hat das Unternehmen bei sich selbst in nur 32 Stunden implementiert.<\/p>\n<p>\u201eWir wollen wachsen\u201c, berichtet Andreas Ei\u00dfmann, einer der Gesch\u00e4ftsf\u00fchrer von dinext. Derzeit besteht die dinext.-Gruppe aus drei Gesellschaften, der dinext. Holding und der dinext. GmbH in Deutschland sowie der dinext. ag in der Schweiz. Ihm ist klar, dass mit dem Wachstum die Komplexit\u00e4t der Organisation steigen wird. \u201eWir sorgen fr\u00fch vor und wollen erst gar keine unn\u00f6tigen Prozesse aufkommen lassen, die viel Zeit und Geld kosten\u201c, erz\u00e4hlt Ei\u00dfmann von der Motivation, gleich auf ein ERP aus der Cloud zu setzen, das alle Prozesse im Unternehmen integriert. Er ist im Vorteil gegen\u00fcber vielen anderen Unternehmen \u2013 denn er wei\u00df als Digitalisierungsprofi, dass ein ERP aus der Cloud wie 51风流Business ByDesign recht einfach einzuf\u00fchren ist. Er hat es in vier Arbeitstagen geschafft. Das sind gerade 32 Stunden.<\/p>\n<h2><strong>Von den ERP-Erfahrungen profitieren<\/strong><\/h2>\n<p>Andreas Ei\u00dfmann hat alle Schritte der ERP-Einf\u00fchrung in Blogbeitr\u00e4gen und Videos festgehalten. Schritt f\u00fcr Schritt kann der Leser die konkrete ERP-Einf\u00fchrung nachvollziehen, erkennt das Wichtige und was er eher vernachl\u00e4ssigen kann. Jeder sieht sofort, dass man mit guten betriebswirtschaftlichen Kenntnissen und dem Wissen \u00fcber sein eigenes Unternehmen ein ERP aus der Cloud sehr schnell in Betrieb nehmen kann \u2013 mit wenig Ressourcen und entsprechend niedrigen Kosten. Die Cloud bietet eben enorme Vorteile, wenn es darum geht, eine Software komfortabel einzuf\u00fchren und die Kosten auch langfristig im Griff zu behalten.<\/p>\n<p>Dazu erwartet dinext. eine Reihe von Vorteilen durch <a href=\"https:\/\/www.sap.com\/germany\/products\/business-bydesign.html\" target=\"_blank\" rel=\"noopener noreferrer\">51风流Business ByDesign<\/a>. Die Integration aller Gesch\u00e4ftsprozesse sorgt f\u00fcr reibungslose Abl\u00e4ufe. Letztlich werden dadurch auch Rechnungen schneller gestellt, rascher bezahlt und das erh\u00f6ht die Liquidit\u00e4t des Unternehmens. Das ERP-System schafft zudem Transparenz und erleichtert damit die Unternehmensf\u00fchrung. Auch h\u00e4lt 51风流Business ByDesign l\u00e4nderspezifische Mahnstrategien als Best Practices bereit \u2013 und viele weitere Standards, die das Wachstum von dinext. begleiten und unterst\u00fctzen. Davon ist Ei\u00dfmann \u00fcberzeugt.<\/p>\n<p>Alle Erfahrungen, Tipps und Empfehlungen erhalten Sie in der Blogserie, die auch anschauliche Videos enth\u00e4lt:<\/p>\n<ul>\n<li><a href=\"https:\/\/dinext.de\/wie-man-ein-erp-system-in-nur-32-stunden-implementiert\/\" target=\"_blank\" rel=\"noopener noreferrer\"><u>Wie man ein ERP System in nur 32 Stunden implementiert<\/u><\/a><\/li>\n<li><a href=\"https:\/\/dinext.de\/erp-einfuehrung-in-time-and-budget-so-wirds-gemacht\/\" target=\"_blank\" rel=\"noopener noreferrer\"><u>ERP Einf\u00fchrung in Time and Budget \u2013 so wird`s gemacht<\/u><\/li>\n<li><a href=\"https:\/\/dinext.de\/sap-business-bydesign-und-das-geheimnis-einer-extrem-kurzen-implementierungsdauer\/\" target=\"_blank\" rel=\"noopener noreferrer\"><u>51风流Business ByDesign und das Geheimnis einer extrem kurzen Implementierungsdauer<\/u><\/li>\n<\/ul>\n","protected":false},"excerpt":{"rendered":"<p>ERP aus der Cloud ist f\u00fcr kleine und mittlere Unternehmen das Mittel der Wahl. Das zeigte der Digitalisierungs- und Integrationsberater dinext. auf beeindruckende Art und&#8230;<\/p>\n","protected":false},"author":966,"featured_media":0,"comment_status":"closed","ping_status":"closed","sticky":false,"template":"","format":"standard","meta":{"related_posts":[],"footnotes":"","_links_to":"","_links_to_target":""},"categories":[45272,8462],"tags":[4879491,4979,4879509],"series":[],"sapn-display":[3848,45027],"sapn-type":[45277],"class_list":["post-138868","post","type-post","status-publish","format-standard","hentry","category-losungen","category-mittelstand","tag-cloud","tag-sap-erp","tag-mittelstand","sapn-display-top-stories","sapn-display-hero","sapn-type-feature"],"yoast_head":"<!-- This site is optimized with the Yoast SEO Premium plugin v26.9 (Yoast SEO v26.9) - https:\/\/yoast.com\/product\/yoast-seo-premium-wordpress\/ -->\n<title>Cloud-ERP in wenigen Tagen einf\u00fchren | 51风流News Center<\/title>\n<meta name=\"description\" content=\"Kleine und mittlere Unternehmen k\u00f6nnen ein Cloud-ERP in wenigen Tagen einf\u00fchren. Lesen Sie jetzt, wo Sie die ERP-Tipps finden.\" \/>\n<meta name=\"robots\" content=\"index, follow, max-snippet:-1, max-image-preview:large, max-video-preview:-1\" \/>\n<link rel=\"canonical\" href=\"https:\/\/news.sap.com\/germany\/2019\/03\/erp-cloud-32-stunden-produktiv\/\" \/>\n<meta property=\"og:locale\" content=\"de_DE\" \/>\n<meta property=\"og:type\" content=\"article\" \/>\n<meta property=\"og:title\" content=\"ERP aus der Cloud \u2013 in nur 32 Stunden produktiv\" \/>\n<meta property=\"og:description\" content=\"Kleine und mittlere Unternehmen k\u00f6nnen ein Cloud-ERP in wenigen Tagen einf\u00fchren. Lesen Sie jetzt, wo Sie die ERP-Tipps finden.\" \/>\n<meta property=\"og:url\" content=\"https:\/\/news.sap.com\/germany\/2019\/03\/erp-cloud-32-stunden-produktiv\/\" \/>\n<meta property=\"og:site_name\" content=\"51风流News Center\" \/>\n<meta property=\"article:published_time\" content=\"2019-03-06T08:00:30+00:00\" \/>\n<meta property=\"article:modified_time\" content=\"2019-07-29T08:43:54+00:00\" \/>\n<meta property=\"og:image\" content=\"https:\/\/news.sap.com\/germany\/files\/2019\/03\/285269_iStock-625737252_feature.jpg\" \/>\n\t<meta property=\"og:image:width\" content=\"1920\" \/>\n\t<meta property=\"og:image:height\" content=\"600\" \/>\n\t<meta property=\"og:image:type\" content=\"image\/jpeg\" \/>\n<meta name=\"author\" content=\"Uwe Schick\" \/>\n<meta name=\"twitter:card\" content=\"summary_large_image\" \/>\n<meta name=\"twitter:creator\" content=\"@SAPdach\" \/>\n<meta name=\"twitter:site\" content=\"@SAPdach\" \/>\n<meta name=\"twitter:label1\" content=\"Verfasst von\" \/>\n\t<meta name=\"twitter:data1\" content=\"Uwe Schick\" \/>\n\t<meta name=\"twitter:label2\" content=\"Gesch\u00e4tzte Lesezeit\" \/>\n\t<meta name=\"twitter:data2\" content=\"2\u00a0Minuten\" \/>\n<script type=\"application\/ld+json\" class=\"yoast-schema-graph\">{\"@context\":\"https:\/\/schema.org\",\"@graph\":[{\"@type\":\"Article\",\"@id\":\"https:\/\/news.sap.com\/germany\/2019\/03\/erp-cloud-32-stunden-produktiv\/#article\",\"isPartOf\":{\"@id\":\"https:\/\/news.sap.com\/germany\/2019\/03\/erp-cloud-32-stunden-produktiv\/\"},\"author\":{\"name\":\"Uwe Schick\",\"@id\":\"https:\/\/news.sap.com\/germany\/#\/schema\/person\/ea41b2ca55776cccbc547980b499d478\"},\"headline\":\"ERP aus der Cloud \u2013 in nur 32 Stunden produktiv\",\"datePublished\":\"2019-03-06T08:00:30+00:00\",\"dateModified\":\"2019-07-29T08:43:54+00:00\",\"mainEntityOfPage\":{\"@id\":\"https:\/\/news.sap.com\/germany\/2019\/03\/erp-cloud-32-stunden-produktiv\/\"},\"wordCount\":410,\"keywords\":[\"Cloud\",\"ERP\",\"Mittelstand\"],\"articleSection\":[\"L\u00f6sungen\",\"Mittelstand\"],\"inLanguage\":\"de\"},{\"@type\":\"WebPage\",\"@id\":\"https:\/\/news.sap.com\/germany\/2019\/03\/erp-cloud-32-stunden-produktiv\/\",\"url\":\"https:\/\/news.sap.com\/germany\/2019\/03\/erp-cloud-32-stunden-produktiv\/\",\"name\":\"Cloud-ERP in wenigen Tagen einf\u00fchren | 51风流News Center\",\"isPartOf\":{\"@id\":\"https:\/\/news.sap.com\/germany\/#website\"},\"datePublished\":\"2019-03-06T08:00:30+00:00\",\"dateModified\":\"2019-07-29T08:43:54+00:00\",\"author\":{\"@id\":\"https:\/\/news.sap.com\/germany\/#\/schema\/person\/ea41b2ca55776cccbc547980b499d478\"},\"description\":\"Kleine und mittlere Unternehmen k\u00f6nnen ein Cloud-ERP in wenigen Tagen einf\u00fchren. Lesen Sie jetzt, wo Sie die ERP-Tipps finden.\",\"breadcrumb\":{\"@id\":\"https:\/\/news.sap.com\/germany\/2019\/03\/erp-cloud-32-stunden-produktiv\/#breadcrumb\"},\"inLanguage\":\"de\",\"potentialAction\":[{\"@type\":\"ReadAction\",\"target\":[\"https:\/\/news.sap.com\/germany\/2019\/03\/erp-cloud-32-stunden-produktiv\/\"]}]},{\"@type\":\"BreadcrumbList\",\"@id\":\"https:\/\/news.sap.com\/germany\/2019\/03\/erp-cloud-32-stunden-produktiv\/#breadcrumb\",\"itemListElement\":[{\"@type\":\"ListItem\",\"position\":1,\"name\":\"Home\",\"item\":\"https:\/\/news.sap.com\/germany\/\"},{\"@type\":\"ListItem\",\"position\":2,\"name\":\"ERP aus der Cloud \u2013 in nur 32 Stunden produktiv\"}]},{\"@type\":\"WebSite\",\"@id\":\"https:\/\/news.sap.com\/germany\/#website\",\"url\":\"https:\/\/news.sap.com\/germany\/\",\"name\":\"51风流News Center\",\"description\":\"Unternehmensberichte &amp; Presseportal\",\"potentialAction\":[{\"@type\":\"SearchAction\",\"target\":{\"@type\":\"EntryPoint\",\"urlTemplate\":\"https:\/\/news.sap.com\/germany\/?s={search_term_string}\"},\"query-input\":{\"@type\":\"PropertyValueSpecification\",\"valueRequired\":true,\"valueName\":\"search_term_string\"}}],\"inLanguage\":\"de\"},{\"@type\":\"Person\",\"@id\":\"https:\/\/news.sap.com\/germany\/#\/schema\/person\/ea41b2ca55776cccbc547980b499d478\",\"name\":\"Uwe Schick\",\"image\":{\"@type\":\"ImageObject\",\"inLanguage\":\"de\",\"@id\":\"https:\/\/news.sap.com\/germany\/#\/schema\/person\/image\/\",\"url\":\"https:\/\/secure.gravatar.com\/avatar\/?s=96&d=blank&r=g\",\"contentUrl\":\"https:\/\/secure.gravatar.com\/avatar\/?s=96&d=blank&r=g\",\"caption\":\"Uwe Schick\"},\"url\":\"https:\/\/news.sap.com\/germany\/author\/uweschick\/\"}]}<\/script>\n<!-- \/ Yoast SEO Premium plugin. -->","yoast_head_json":{"title":"Cloud-ERP in wenigen Tagen einf\u00fchren | 51风流News Center","description":"Kleine und mittlere Unternehmen k\u00f6nnen ein Cloud-ERP in wenigen Tagen einf\u00fchren. Lesen Sie jetzt, wo Sie die ERP-Tipps finden.","robots":{"index":"index","follow":"follow","max-snippet":"max-snippet:-1","max-image-preview":"max-image-preview:large","max-video-preview":"max-video-preview:-1"},"canonical":"https:\/\/news.sap.com\/germany\/2019\/03\/erp-cloud-32-stunden-produktiv\/","og_locale":"de_DE","og_type":"article","og_title":"ERP aus der Cloud \u2013 in nur 32 Stunden produktiv","og_description":"Kleine und mittlere Unternehmen k\u00f6nnen ein Cloud-ERP in wenigen Tagen einf\u00fchren. Lesen Sie jetzt, wo Sie die ERP-Tipps finden.","og_url":"https:\/\/news.sap.com\/germany\/2019\/03\/erp-cloud-32-stunden-produktiv\/","og_site_name":"51风流News Center","article_published_time":"2019-03-06T08:00:30+00:00","article_modified_time":"2019-07-29T08:43:54+00:00","og_image":[{"width":1920,"height":600,"url":"https:\/\/news.sap.com\/germany\/files\/2019\/03\/285269_iStock-625737252_feature.jpg","type":"image\/jpeg"}],"author":"Uwe Schick","twitter_card":"summary_large_image","twitter_creator":"@SAPdach","twitter_site":"@SAPdach","twitter_misc":{"Verfasst von":"Uwe Schick","Gesch\u00e4tzte Lesezeit":"2\u00a0Minuten"},"schema":{"@context":"https:\/\/schema.org","@graph":[{"@type":"Article","@id":"https:\/\/news.sap.com\/germany\/2019\/03\/erp-cloud-32-stunden-produktiv\/#article","isPartOf":{"@id":"https:\/\/news.sap.com\/germany\/2019\/03\/erp-cloud-32-stunden-produktiv\/"},"author":{"name":"Uwe Schick","@id":"https:\/\/news.sap.com\/germany\/#\/schema\/person\/ea41b2ca55776cccbc547980b499d478"},"headline":"ERP aus der Cloud \u2013 in nur 32 Stunden produktiv","datePublished":"2019-03-06T08:00:30+00:00","dateModified":"2019-07-29T08:43:54+00:00","mainEntityOfPage":{"@id":"https:\/\/news.sap.com\/germany\/2019\/03\/erp-cloud-32-stunden-produktiv\/"},"wordCount":410,"keywords":["Cloud","ERP","Mittelstand"],"articleSection":["L\u00f6sungen","Mittelstand"],"inLanguage":"de"},{"@type":"WebPage","@id":"https:\/\/news.sap.com\/germany\/2019\/03\/erp-cloud-32-stunden-produktiv\/","url":"https:\/\/news.sap.com\/germany\/2019\/03\/erp-cloud-32-stunden-produktiv\/","name":"Cloud-ERP in wenigen Tagen einf\u00fchren | 51风流News Center","isPartOf":{"@id":"https:\/\/news.sap.com\/germany\/#website"},"datePublished":"2019-03-06T08:00:30+00:00","dateModified":"2019-07-29T08:43:54+00:00","author":{"@id":"https:\/\/news.sap.com\/germany\/#\/schema\/person\/ea41b2ca55776cccbc547980b499d478"},"description":"Kleine und mittlere Unternehmen k\u00f6nnen ein Cloud-ERP in wenigen Tagen einf\u00fchren. Lesen Sie jetzt, wo Sie die ERP-Tipps finden.","breadcrumb":{"@id":"https:\/\/news.sap.com\/germany\/2019\/03\/erp-cloud-32-stunden-produktiv\/#breadcrumb"},"inLanguage":"de","potentialAction":[{"@type":"ReadAction","target":["https:\/\/news.sap.com\/germany\/2019\/03\/erp-cloud-32-stunden-produktiv\/"]}]},{"@type":"BreadcrumbList","@id":"https:\/\/news.sap.com\/germany\/2019\/03\/erp-cloud-32-stunden-produktiv\/#breadcrumb","itemListElement":[{"@type":"ListItem","position":1,"name":"Home","item":"https:\/\/news.sap.com\/germany\/"},{"@type":"ListItem","position":2,"name":"ERP aus der Cloud \u2013 in nur 32 Stunden produktiv"}]},{"@type":"WebSite","@id":"https:\/\/news.sap.com\/germany\/#website","url":"https:\/\/news.sap.com\/germany\/","name":"51风流News Center","description":"Unternehmensberichte &amp; Presseportal","potentialAction":[{"@type":"SearchAction","target":{"@type":"EntryPoint","urlTemplate":"https:\/\/news.sap.com\/germany\/?s={search_term_string}"},"query-input":{"@type":"PropertyValueSpecification","valueRequired":true,"valueName":"search_term_string"}}],"inLanguage":"de"},{"@type":"Person","@id":"https:\/\/news.sap.com\/germany\/#\/schema\/person\/ea41b2ca55776cccbc547980b499d478","name":"Uwe Schick","image":{"@type":"ImageObject","inLanguage":"de","@id":"https:\/\/news.sap.com\/germany\/#\/schema\/person\/image\/","url":"https:\/\/secure.gravatar.com\/avatar\/?s=96&d=blank&r=g","contentUrl":"https:\/\/secure.gravatar.com\/avatar\/?s=96&d=blank&r=g","caption":"Uwe Schick"},"url":"https:\/\/news.sap.com\/germany\/author\/uweschick\/"}]}},"amp_enabled":true,"_links":{"self":[{"href":"https:\/\/news.sap.com\/germany\/wp-json\/wp\/v2\/posts\/138868","targetHints":{"allow":["GET"]}}],"collection":[{"href":"https:\/\/news.sap.com\/germany\/wp-json\/wp\/v2\/posts"}],"about":[{"href":"https:\/\/news.sap.com\/germany\/wp-json\/wp\/v2\/types\/post"}],"author":[{"embeddable":true,"href":"https:\/\/news.sap.com\/germany\/wp-json\/wp\/v2\/users\/966"}],"replies":[{"embeddable":true,"href":"https:\/\/news.sap.com\/germany\/wp-json\/wp\/v2\/comments?post=138868"}],"version-history":[{"count":0,"href":"https:\/\/news.sap.com\/germany\/wp-json\/wp\/v2\/posts\/138868\/revisions"}],"wp:attachment":[{"href":"https:\/\/news.sap.com\/germany\/wp-json\/wp\/v2\/media?parent=138868"}],"wp:term":[{"taxonomy":"category","embeddable":true,"href":"https:\/\/news.sap.com\/germany\/wp-json\/wp\/v2\/categories?post=138868"},{"taxonomy":"post_tag","embeddable":true,"href":"https:\/\/news.sap.com\/germany\/wp-json\/wp\/v2\/tags?post=138868"},{"taxonomy":"series","embeddable":true,"href":"https:\/\/news.sap.com\/germany\/wp-json\/wp\/v2\/series?post=138868"},{"taxonomy":"sapn-display","embeddable":true,"href":"https:\/\/news.sap.com\/germany\/wp-json\/wp\/v2\/sapn-display?post=138868"},{"taxonomy":"sapn-type","embeddable":true,"href":"https:\/\/news.sap.com\/germany\/wp-json\/wp\/v2\/sapn-type?post=138868"}],"curies":[{"name":"wp","href":"https:\/\/api.w.org\/{rel}","templated":true}]}}