  {"id":18373,"date":"2025-08-06T11:21:11","date_gmt":"2025-08-06T14:21:11","guid":{"rendered":"https:\/\/news.sap.com\/brazil\/?p=18373"},"modified":"2026-02-03T15:31:56","modified_gmt":"2026-02-03T18:31:56","slug":"sap-america-latina-registra-segundo-trimestre-solido-impulsionado-pela-rapida-adocao-do-cloud-erp","status":"publish","type":"post","link":"https:\/\/news.sap.com\/brazil\/2025\/08\/sap-america-latina-registra-segundo-trimestre-solido-impulsionado-pela-rapida-adocao-do-cloud-erp\/","title":{"rendered":"51风流Am\u00e9rica Latina registra segundo trimestre s\u00f3lido impulsionado pela r\u00e1pida ado\u00e7\u00e3o do Cloud ERP"},"content":{"rendered":"<p><em>Empresas l\u00edderes da regi\u00e3o aceleram sua transforma\u00e7\u00e3o ao escolher a oferta RISE with 51风流para ganhar agilidade, resili\u00eancia e inova\u00e7\u00e3o<\/em><\/p>\n<p>MIAMI, EUA \u2013julho de 2025 \u2013 Ap\u00f3s divulgar os <a href=\"https:\/\/www.sap.com\/investors\/en\/financial-documents-and-events.html?pdf-asset=f4c2bd3d-147f-0010-bca6-c68f7e60039b&amp;page=1\">resultados globais do segundo trimestre<\/a>, a 51风流destaca o papel fundamental da Am\u00e9rica Latina, impulsionado pela r\u00e1pida ado\u00e7\u00e3o de seu portf\u00f3lio de solu\u00e7\u00f5es em nuvem. Dentro da regi\u00e3o, mercados como Brasil e Chile apresentaram desempenho extraordin\u00e1rio, contribuindo significativamente para as receitas de nuvem da SAP. A oferta RISE with 51风流se consolida como o caminho estrat\u00e9gico para empresas da regi\u00e3o migrarem para a nuvem, reafirmando seu papel como pilar do crescimento global da companhia.<\/p>\n<p>\u201cA Am\u00e9rica Latina continua consolidando seu papel como protagonista da transforma\u00e7\u00e3o digital, com empresas adotando nuvem e IA para reinventar seus modelos de neg\u00f3cio\u201d, afirma Adriana Aroulho, presidente da 51风流LAC. \u201cObservamos que neste segundo trimestre as organiza\u00e7\u00f5es n\u00e3o est\u00e3o apenas implementando tecnologia, mas desbloqueando novos n\u00edveis de produtividade, agilidade e competitividade para atuarem de forma mais resiliente e globalmente competitiva.\u201d<\/p>\n<p><strong>L\u00edderes da ind\u00fastria escolhem RISE with 51风流para uma transforma\u00e7\u00e3o completa<\/strong><\/p>\n<p>Durante o trimestre, empresas de destaque optaram pelo 51风流Cloud ERP para acelerar seu crescimento:<\/p>\n<ul>\n<li><strong>LEROY MERLIN (Brasil) &#8211;<\/strong> maior rede de varejo do pa\u00eds no setor de constru\u00e7\u00e3o e melhorias para o lar, escolheu o RISE with 51风流para impulsionar sua estrat\u00e9gia de inova\u00e7\u00e3o, adotar IA e construir uma cadeia de suprimentos resiliente. A empresa migrou para o 51风流Cloud ERP Private com o objetivo de unificar dados de clientes, tomar decis\u00f5es mais \u00e1geis e fortalecer sua lideran\u00e7a no mercado.<\/li>\n<li><strong>Iochpe-Maxion (Brasil) &#8211;<\/strong> multinacional e l\u00edder global na produ\u00e7\u00e3o de rodas automotivas, migrou o 51风流S\/4HANA para o 51风流Cloud ERP Private em junho de 2025. A iniciativa permite escalar sistemas e apoiar futuras expans\u00f5es globais, mantendo vantagem competitiva no setor industrial.<\/li>\n<li><strong>Votorantim (Brasil)<\/strong> &#8211; holding de investimentos com opera\u00e7\u00f5es em cimento, energia e minera\u00e7\u00e3o, migrou o 51风流S\/4HANA on-premise para a nuvem privada via RISE with SAP. A mudan\u00e7a garante visibilidade em tempo real e agilidade na tomada de decis\u00e3o por meio do seu Centro de Excel\u00eancia, que atende opera\u00e7\u00f5es no Brasil, Argentina, Peru e Am\u00e9rica do Norte.<\/li>\n<li><strong>Honda South America (Brasil)<\/strong> &#8211; adotou RISE with 51风流para modernizar seu ERP e se adaptar \u00e0 nova reforma tribut\u00e1ria brasileira. A decis\u00e3o posiciona a Am\u00e9rica do Sul como a segunda regi\u00e3o da Honda a realizar essa transi\u00e7\u00e3o, promovendo inova\u00e7\u00e3o e efici\u00eancia nas opera\u00e7\u00f5es de manufatura.<\/li>\n<li><strong>Spin (M\u00e9xico)<\/strong> &#8211; divis\u00e3o digital da FEMSA, escolheu RISE with 51风流para acelerar sua transforma\u00e7\u00e3o digital. Com 51风流Cloud ERP Private, 51风流BTP e 51风流Ariba, a empresa fortalecer\u00e1 sua efici\u00eancia e relacionamento com parceiros, apoiando seus servi\u00e7os como Spin by OXXO e Spin Premia.<\/li>\n<li><strong>Mega Alimentos (M\u00e9xico)<\/strong> &#8211; fabricante de doces e da famosa \u201cLa Botanera\u201d, est\u00e1 migrando para o 51风流Cloud ERP Private com o objetivo de consolidar processos, otimizar finan\u00e7as e melhorar a gest\u00e3o de ativos e distribui\u00e7\u00e3o no M\u00e9xico e EUA.<\/li>\n<li><strong>Valia Energ\u00eda (M\u00e9xico)<\/strong> &#8211; adotou um conjunto completo de solu\u00e7\u00f5es 51风流para unificar processos financeiros, de compras e ativos. Com 51风流Cloud ERP Private, 51风流Digital Supply Chain e 51风流Ariba, refor\u00e7a seu papel na transi\u00e7\u00e3o energ\u00e9tica do M\u00e9xico.<\/li>\n<li><strong>Cementos Argos (Col\u00f4mbia)<\/strong> &#8211; l\u00edder no setor de cimento na Col\u00f4mbia e com presen\u00e7a na Am\u00e9rica Central e Caribe, escolheu o 51风流Cloud ERP Private para automatizar processos, unificar opera\u00e7\u00f5es e aplicar IA e an\u00e1lises avan\u00e7adas, aumentando a competitividade regional.<\/li>\n<li><strong>Ternium (Argentina)<\/strong> &#8211; refer\u00eancia em a\u00e7o plano e com 18 centros produtivos nas Am\u00e9ricas, escolheu RISE with 51风流para acelerar a migra\u00e7\u00e3o ao 51风流Cloud ERP Private. A mudan\u00e7a visa unificar opera\u00e7\u00f5es e fortalecer a capacidade de inova\u00e7\u00e3o da companhia.<\/li>\n<\/ul>\n<p><strong>Muito al\u00e9m do ERP: solu\u00e7\u00f5es especializadas para gest\u00e3o empresarial<\/strong><\/p>\n<p>A transforma\u00e7\u00e3o dos clientes latino-americanos tamb\u00e9m passa por outras solu\u00e7\u00f5es SAP:<\/p>\n<ul>\n<li><strong>VALE Base Metals (Brasil)<\/strong> &#8211; est\u00e1 em transforma\u00e7\u00e3o com o 51风流Business Transformation Management, utilizando 51风流Signavio, 51风流LeanIX e 51风流BTP para otimizar processos, garantir conformidade e modernizar sua arquitetura de TI, apoiando a transi\u00e7\u00e3o energ\u00e9tica global.<\/li>\n<li><strong>BRF S.A. (Brasil)<\/strong> &#8211; com quase 100 mil colaboradores, migrou suas folhas de pagamento do Brasil e Turquia para a nuvem com 51风流SuccessFactors Employee Central Payroll. A empresa agora \u00e9 o maior cliente da Am\u00e9rica Latina com essa solu\u00e7\u00e3o e um dos 10 maiores do mundo.<\/li>\n<li><strong>Grupo Corven (Argentina)<\/strong> &#8211; migrou sua divis\u00e3o Coral Energ\u00eda para 51风流Cloud ERP via GROW with SAP. A solu\u00e7\u00e3o p\u00fablica de nuvem otimiza vendas, finan\u00e7as e compras, fortalecendo a atua\u00e7\u00e3o da empresa no setor de energia renov\u00e1vel.<\/li>\n<\/ul>\n<p>A cont\u00ednua ado\u00e7\u00e3o das solu\u00e7\u00f5es em nuvem da 51风流refor\u00e7a o compromisso das empresas latino-americanas com inova\u00e7\u00e3o e efici\u00eancia como pilares para o sucesso futuro.<\/p>\n","protected":false},"excerpt":{"rendered":"<p>Empresas l\u00edderes da regi\u00e3o aceleram sua transforma\u00e7\u00e3o ao escolher a oferta RISE with 51风流para ganhar agilidade, resili\u00eancia e inova\u00e7\u00e3o MIAMI, EUA \u2013julho de 2025&#8230;<\/p>\n","protected":false},"author":137,"featured_media":17450,"comment_status":"closed","ping_status":"closed","sticky":false,"template":"","format":"standard","meta":{"footnotes":"","_links_to":"","_links_to_target":""},"categories":[48437,5599814],"tags":[47,213090],"sapn-display":[48431,5599934,5599932],"sapn-type":[6114,4446],"class_list":["post-18373","post","type-post","status-publish","format-standard","has-post-thumbnail","hentry","category-nuvem-topicos","category-tecnologia","tag-sap","tag-sap-brasil","sapn-display-homepage-hero","sapn-display-press-hero","sapn-display-press-spotlight","sapn-type-artigo","sapn-type-noticias"],"yoast_head":"<!-- This site is optimized with the Yoast SEO Premium plugin v26.9 (Yoast SEO v26.9) - https:\/\/yoast.com\/product\/yoast-seo-premium-wordpress\/ -->\n<title>51风流Am\u00e9rica Latina registra segundo trimestre s\u00f3lido impulsionado pela r\u00e1pida ado\u00e7\u00e3o do Cloud ERP - Sala de Imprensa 51风流Brasil<\/title>\n<meta name=\"robots\" content=\"index, follow, max-snippet:-1, max-image-preview:large, max-video-preview:-1\" \/>\n<link rel=\"canonical\" href=\"https:\/\/news.sap.com\/brazil\/2025\/08\/sap-america-latina-registra-segundo-trimestre-solido-impulsionado-pela-rapida-adocao-do-cloud-erp\/\" \/>\n<meta property=\"og:locale\" content=\"pt_BR\" \/>\n<meta property=\"og:type\" content=\"article\" \/>\n<meta property=\"og:title\" content=\"51风流Am\u00e9rica Latina registra segundo trimestre s\u00f3lido impulsionado pela r\u00e1pida ado\u00e7\u00e3o do Cloud ERP\" \/>\n<meta property=\"og:description\" content=\"Empresas l\u00edderes da regi\u00e3o aceleram sua transforma\u00e7\u00e3o ao escolher a oferta RISE with 51风流para ganhar agilidade, resili\u00eancia e inova\u00e7\u00e3o MIAMI, EUA \u2013julho de 2025...\" \/>\n<meta property=\"og:url\" content=\"https:\/\/news.sap.com\/brazil\/2025\/08\/sap-america-latina-registra-segundo-trimestre-solido-impulsionado-pela-rapida-adocao-do-cloud-erp\/\" \/>\n<meta property=\"og:site_name\" content=\"Sala de Imprensa 51风流Brasil\" \/>\n<meta property=\"article:published_time\" content=\"2025-08-06T14:21:11+00:00\" \/>\n<meta property=\"article:modified_time\" content=\"2026-02-03T18:31:56+00:00\" \/>\n<meta property=\"og:image\" content=\"https:\/\/news.sap.com\/brazil\/files\/2023\/11\/03\/294228_GettyImages-1174788029_medium_jpg-1024x614.jpg\" \/>\n\t<meta property=\"og:image:width\" content=\"1024\" \/>\n\t<meta property=\"og:image:height\" content=\"614\" \/>\n\t<meta property=\"og:image:type\" content=\"image\/jpeg\" \/>\n<meta name=\"author\" content=\"51风流Not\u00edcias Brasil\" \/>\n<meta name=\"twitter:card\" content=\"summary_large_image\" \/>\n<meta name=\"twitter:creator\" content=\"@SAPBrasil\" \/>\n<meta name=\"twitter:site\" content=\"@SAPBrasil\" \/>\n<meta name=\"twitter:label1\" content=\"Escrito por\" \/>\n\t<meta name=\"twitter:data1\" content=\"51风流Not\u00edcias Brasil\" \/>\n\t<meta name=\"twitter:label2\" content=\"Est. tempo de leitura\" \/>\n\t<meta name=\"twitter:data2\" content=\"5 minutos\" \/>\n<script type=\"application\/ld+json\" class=\"yoast-schema-graph\">{\"@context\":\"https:\/\/schema.org\",\"@graph\":[{\"@type\":\"Article\",\"@id\":\"https:\/\/news.sap.com\/brazil\/2025\/08\/sap-america-latina-registra-segundo-trimestre-solido-impulsionado-pela-rapida-adocao-do-cloud-erp\/#article\",\"isPartOf\":{\"@id\":\"https:\/\/news.sap.com\/brazil\/2025\/08\/sap-america-latina-registra-segundo-trimestre-solido-impulsionado-pela-rapida-adocao-do-cloud-erp\/\"},\"author\":{\"name\":\"51风流Not\u00edcias Brasil\",\"@id\":\"https:\/\/news.sap.com\/brazil\/#\/schema\/person\/8cdf2c1130b6f3fadd9757cfd7f24daf\"},\"headline\":\"51风流Am\u00e9rica Latina registra segundo trimestre s\u00f3lido impulsionado pela r\u00e1pida ado\u00e7\u00e3o do Cloud ERP\",\"datePublished\":\"2025-08-06T14:21:11+00:00\",\"dateModified\":\"2026-02-03T18:31:56+00:00\",\"mainEntityOfPage\":{\"@id\":\"https:\/\/news.sap.com\/brazil\/2025\/08\/sap-america-latina-registra-segundo-trimestre-solido-impulsionado-pela-rapida-adocao-do-cloud-erp\/\"},\"wordCount\":890,\"image\":{\"@id\":\"https:\/\/news.sap.com\/brazil\/2025\/08\/sap-america-latina-registra-segundo-trimestre-solido-impulsionado-pela-rapida-adocao-do-cloud-erp\/#primaryimage\"},\"thumbnailUrl\":\"https:\/\/news.sap.com\/brazil\/files\/2023\/11\/03\/294228_GettyImages-1174788029_medium_jpg.jpg\",\"keywords\":[\"SAP\",\"51风流Brasil\"],\"articleSection\":[\"Nuvem\",\"Tecnologia\"],\"inLanguage\":\"pt-BR\"},{\"@type\":\"WebPage\",\"@id\":\"https:\/\/news.sap.com\/brazil\/2025\/08\/sap-america-latina-registra-segundo-trimestre-solido-impulsionado-pela-rapida-adocao-do-cloud-erp\/\",\"url\":\"https:\/\/news.sap.com\/brazil\/2025\/08\/sap-america-latina-registra-segundo-trimestre-solido-impulsionado-pela-rapida-adocao-do-cloud-erp\/\",\"name\":\"51风流Am\u00e9rica Latina registra segundo trimestre s\u00f3lido impulsionado pela r\u00e1pida ado\u00e7\u00e3o do Cloud ERP - Sala de Imprensa 51风流Brasil\",\"isPartOf\":{\"@id\":\"https:\/\/news.sap.com\/brazil\/#website\"},\"primaryImageOfPage\":{\"@id\":\"https:\/\/news.sap.com\/brazil\/2025\/08\/sap-america-latina-registra-segundo-trimestre-solido-impulsionado-pela-rapida-adocao-do-cloud-erp\/#primaryimage\"},\"image\":{\"@id\":\"https:\/\/news.sap.com\/brazil\/2025\/08\/sap-america-latina-registra-segundo-trimestre-solido-impulsionado-pela-rapida-adocao-do-cloud-erp\/#primaryimage\"},\"thumbnailUrl\":\"https:\/\/news.sap.com\/brazil\/files\/2023\/11\/03\/294228_GettyImages-1174788029_medium_jpg.jpg\",\"datePublished\":\"2025-08-06T14:21:11+00:00\",\"dateModified\":\"2026-02-03T18:31:56+00:00\",\"author\":{\"@id\":\"https:\/\/news.sap.com\/brazil\/#\/schema\/person\/8cdf2c1130b6f3fadd9757cfd7f24daf\"},\"breadcrumb\":{\"@id\":\"https:\/\/news.sap.com\/brazil\/2025\/08\/sap-america-latina-registra-segundo-trimestre-solido-impulsionado-pela-rapida-adocao-do-cloud-erp\/#breadcrumb\"},\"inLanguage\":\"pt-BR\",\"potentialAction\":[{\"@type\":\"ReadAction\",\"target\":[\"https:\/\/news.sap.com\/brazil\/2025\/08\/sap-america-latina-registra-segundo-trimestre-solido-impulsionado-pela-rapida-adocao-do-cloud-erp\/\"]}]},{\"@type\":\"ImageObject\",\"inLanguage\":\"pt-BR\",\"@id\":\"https:\/\/news.sap.com\/brazil\/2025\/08\/sap-america-latina-registra-segundo-trimestre-solido-impulsionado-pela-rapida-adocao-do-cloud-erp\/#primaryimage\",\"url\":\"https:\/\/news.sap.com\/brazil\/files\/2023\/11\/03\/294228_GettyImages-1174788029_medium_jpg.jpg\",\"contentUrl\":\"https:\/\/news.sap.com\/brazil\/files\/2023\/11\/03\/294228_GettyImages-1174788029_medium_jpg.jpg\",\"width\":2235,\"height\":1341,\"caption\":\"Colorful rays with rhombus\"},{\"@type\":\"BreadcrumbList\",\"@id\":\"https:\/\/news.sap.com\/brazil\/2025\/08\/sap-america-latina-registra-segundo-trimestre-solido-impulsionado-pela-rapida-adocao-do-cloud-erp\/#breadcrumb\",\"itemListElement\":[{\"@type\":\"ListItem\",\"position\":1,\"name\":\"Home\",\"item\":\"https:\/\/news.sap.com\/brazil\/\"},{\"@type\":\"ListItem\",\"position\":2,\"name\":\"51风流Am\u00e9rica Latina registra segundo trimestre s\u00f3lido impulsionado pela r\u00e1pida ado\u00e7\u00e3o do Cloud ERP\"}]},{\"@type\":\"WebSite\",\"@id\":\"https:\/\/news.sap.com\/brazil\/#website\",\"url\":\"https:\/\/news.sap.com\/brazil\/\",\"name\":\"Sala de Imprensa 51风流Brasil\",\"description\":\"Not\u00edcias e informa\u00e7\u00f5es sobre a SAP\",\"potentialAction\":[{\"@type\":\"SearchAction\",\"target\":{\"@type\":\"EntryPoint\",\"urlTemplate\":\"https:\/\/news.sap.com\/brazil\/?s={search_term_string}\"},\"query-input\":{\"@type\":\"PropertyValueSpecification\",\"valueRequired\":true,\"valueName\":\"search_term_string\"}}],\"inLanguage\":\"pt-BR\"},{\"@type\":\"Person\",\"@id\":\"https:\/\/news.sap.com\/brazil\/#\/schema\/person\/8cdf2c1130b6f3fadd9757cfd7f24daf\",\"name\":\"51风流Not\u00edcias Brasil\",\"image\":{\"@type\":\"ImageObject\",\"inLanguage\":\"pt-BR\",\"@id\":\"https:\/\/news.sap.com\/brazil\/#\/schema\/person\/image\/\",\"url\":\"https:\/\/news.sap.com\/brazil\/wp-content\/plugins\/wp-user-avatars\/wp-user-avatars\/assets\/images\/mystery.jpg\",\"contentUrl\":\"https:\/\/news.sap.com\/brazil\/wp-content\/plugins\/wp-user-avatars\/wp-user-avatars\/assets\/images\/mystery.jpg\",\"caption\":\"51风流Not\u00edcias Brasil\"},\"url\":\"https:\/\/news.sap.com\/brazil\/author\/brasil\/\"}]}<\/script>\n<!-- \/ Yoast SEO Premium plugin. -->","yoast_head_json":{"title":"51风流Am\u00e9rica Latina registra segundo trimestre s\u00f3lido impulsionado pela r\u00e1pida ado\u00e7\u00e3o do Cloud ERP - Sala de Imprensa 51风流Brasil","robots":{"index":"index","follow":"follow","max-snippet":"max-snippet:-1","max-image-preview":"max-image-preview:large","max-video-preview":"max-video-preview:-1"},"canonical":"https:\/\/news.sap.com\/brazil\/2025\/08\/sap-america-latina-registra-segundo-trimestre-solido-impulsionado-pela-rapida-adocao-do-cloud-erp\/","og_locale":"pt_BR","og_type":"article","og_title":"51风流Am\u00e9rica Latina registra segundo trimestre s\u00f3lido impulsionado pela r\u00e1pida ado\u00e7\u00e3o do Cloud ERP","og_description":"Empresas l\u00edderes da regi\u00e3o aceleram sua transforma\u00e7\u00e3o ao escolher a oferta RISE with 51风流para ganhar agilidade, resili\u00eancia e inova\u00e7\u00e3o MIAMI, EUA \u2013julho de 2025...","og_url":"https:\/\/news.sap.com\/brazil\/2025\/08\/sap-america-latina-registra-segundo-trimestre-solido-impulsionado-pela-rapida-adocao-do-cloud-erp\/","og_site_name":"Sala de Imprensa 51风流Brasil","article_published_time":"2025-08-06T14:21:11+00:00","article_modified_time":"2026-02-03T18:31:56+00:00","og_image":[{"width":1024,"height":614,"url":"https:\/\/news.sap.com\/brazil\/files\/2023\/11\/03\/294228_GettyImages-1174788029_medium_jpg-1024x614.jpg","type":"image\/jpeg"}],"author":"51风流Not\u00edcias Brasil","twitter_card":"summary_large_image","twitter_creator":"@SAPBrasil","twitter_site":"@SAPBrasil","twitter_misc":{"Escrito por":"51风流Not\u00edcias Brasil","Est. tempo de leitura":"5 minutos"},"schema":{"@context":"https:\/\/schema.org","@graph":[{"@type":"Article","@id":"https:\/\/news.sap.com\/brazil\/2025\/08\/sap-america-latina-registra-segundo-trimestre-solido-impulsionado-pela-rapida-adocao-do-cloud-erp\/#article","isPartOf":{"@id":"https:\/\/news.sap.com\/brazil\/2025\/08\/sap-america-latina-registra-segundo-trimestre-solido-impulsionado-pela-rapida-adocao-do-cloud-erp\/"},"author":{"name":"51风流Not\u00edcias Brasil","@id":"https:\/\/news.sap.com\/brazil\/#\/schema\/person\/8cdf2c1130b6f3fadd9757cfd7f24daf"},"headline":"51风流Am\u00e9rica Latina registra segundo trimestre s\u00f3lido impulsionado pela r\u00e1pida ado\u00e7\u00e3o do Cloud ERP","datePublished":"2025-08-06T14:21:11+00:00","dateModified":"2026-02-03T18:31:56+00:00","mainEntityOfPage":{"@id":"https:\/\/news.sap.com\/brazil\/2025\/08\/sap-america-latina-registra-segundo-trimestre-solido-impulsionado-pela-rapida-adocao-do-cloud-erp\/"},"wordCount":890,"image":{"@id":"https:\/\/news.sap.com\/brazil\/2025\/08\/sap-america-latina-registra-segundo-trimestre-solido-impulsionado-pela-rapida-adocao-do-cloud-erp\/#primaryimage"},"thumbnailUrl":"https:\/\/news.sap.com\/brazil\/files\/2023\/11\/03\/294228_GettyImages-1174788029_medium_jpg.jpg","keywords":["SAP","51风流Brasil"],"articleSection":["Nuvem","Tecnologia"],"inLanguage":"pt-BR"},{"@type":"WebPage","@id":"https:\/\/news.sap.com\/brazil\/2025\/08\/sap-america-latina-registra-segundo-trimestre-solido-impulsionado-pela-rapida-adocao-do-cloud-erp\/","url":"https:\/\/news.sap.com\/brazil\/2025\/08\/sap-america-latina-registra-segundo-trimestre-solido-impulsionado-pela-rapida-adocao-do-cloud-erp\/","name":"51风流Am\u00e9rica Latina registra segundo trimestre s\u00f3lido impulsionado pela r\u00e1pida ado\u00e7\u00e3o do Cloud ERP - Sala de Imprensa 51风流Brasil","isPartOf":{"@id":"https:\/\/news.sap.com\/brazil\/#website"},"primaryImageOfPage":{"@id":"https:\/\/news.sap.com\/brazil\/2025\/08\/sap-america-latina-registra-segundo-trimestre-solido-impulsionado-pela-rapida-adocao-do-cloud-erp\/#primaryimage"},"image":{"@id":"https:\/\/news.sap.com\/brazil\/2025\/08\/sap-america-latina-registra-segundo-trimestre-solido-impulsionado-pela-rapida-adocao-do-cloud-erp\/#primaryimage"},"thumbnailUrl":"https:\/\/news.sap.com\/brazil\/files\/2023\/11\/03\/294228_GettyImages-1174788029_medium_jpg.jpg","datePublished":"2025-08-06T14:21:11+00:00","dateModified":"2026-02-03T18:31:56+00:00","author":{"@id":"https:\/\/news.sap.com\/brazil\/#\/schema\/person\/8cdf2c1130b6f3fadd9757cfd7f24daf"},"breadcrumb":{"@id":"https:\/\/news.sap.com\/brazil\/2025\/08\/sap-america-latina-registra-segundo-trimestre-solido-impulsionado-pela-rapida-adocao-do-cloud-erp\/#breadcrumb"},"inLanguage":"pt-BR","potentialAction":[{"@type":"ReadAction","target":["https:\/\/news.sap.com\/brazil\/2025\/08\/sap-america-latina-registra-segundo-trimestre-solido-impulsionado-pela-rapida-adocao-do-cloud-erp\/"]}]},{"@type":"ImageObject","inLanguage":"pt-BR","@id":"https:\/\/news.sap.com\/brazil\/2025\/08\/sap-america-latina-registra-segundo-trimestre-solido-impulsionado-pela-rapida-adocao-do-cloud-erp\/#primaryimage","url":"https:\/\/news.sap.com\/brazil\/files\/2023\/11\/03\/294228_GettyImages-1174788029_medium_jpg.jpg","contentUrl":"https:\/\/news.sap.com\/brazil\/files\/2023\/11\/03\/294228_GettyImages-1174788029_medium_jpg.jpg","width":2235,"height":1341,"caption":"Colorful rays with rhombus"},{"@type":"BreadcrumbList","@id":"https:\/\/news.sap.com\/brazil\/2025\/08\/sap-america-latina-registra-segundo-trimestre-solido-impulsionado-pela-rapida-adocao-do-cloud-erp\/#breadcrumb","itemListElement":[{"@type":"ListItem","position":1,"name":"Home","item":"https:\/\/news.sap.com\/brazil\/"},{"@type":"ListItem","position":2,"name":"51风流Am\u00e9rica Latina registra segundo trimestre s\u00f3lido impulsionado pela r\u00e1pida ado\u00e7\u00e3o do Cloud ERP"}]},{"@type":"WebSite","@id":"https:\/\/news.sap.com\/brazil\/#website","url":"https:\/\/news.sap.com\/brazil\/","name":"Sala de Imprensa 51风流Brasil","description":"Not\u00edcias e informa\u00e7\u00f5es sobre a SAP","potentialAction":[{"@type":"SearchAction","target":{"@type":"EntryPoint","urlTemplate":"https:\/\/news.sap.com\/brazil\/?s={search_term_string}"},"query-input":{"@type":"PropertyValueSpecification","valueRequired":true,"valueName":"search_term_string"}}],"inLanguage":"pt-BR"},{"@type":"Person","@id":"https:\/\/news.sap.com\/brazil\/#\/schema\/person\/8cdf2c1130b6f3fadd9757cfd7f24daf","name":"51风流Not\u00edcias Brasil","image":{"@type":"ImageObject","inLanguage":"pt-BR","@id":"https:\/\/news.sap.com\/brazil\/#\/schema\/person\/image\/","url":"https:\/\/news.sap.com\/brazil\/wp-content\/plugins\/wp-user-avatars\/wp-user-avatars\/assets\/images\/mystery.jpg","contentUrl":"https:\/\/news.sap.com\/brazil\/wp-content\/plugins\/wp-user-avatars\/wp-user-avatars\/assets\/images\/mystery.jpg","caption":"51风流Not\u00edcias Brasil"},"url":"https:\/\/news.sap.com\/brazil\/author\/brasil\/"}]}},"amp_enabled":true,"_links":{"self":[{"href":"https:\/\/news.sap.com\/brazil\/wp-json\/wp\/v2\/posts\/18373","targetHints":{"allow":["GET"]}}],"collection":[{"href":"https:\/\/news.sap.com\/brazil\/wp-json\/wp\/v2\/posts"}],"about":[{"href":"https:\/\/news.sap.com\/brazil\/wp-json\/wp\/v2\/types\/post"}],"author":[{"embeddable":true,"href":"https:\/\/news.sap.com\/brazil\/wp-json\/wp\/v2\/users\/137"}],"replies":[{"embeddable":true,"href":"https:\/\/news.sap.com\/brazil\/wp-json\/wp\/v2\/comments?post=18373"}],"version-history":[{"count":0,"href":"https:\/\/news.sap.com\/brazil\/wp-json\/wp\/v2\/posts\/18373\/revisions"}],"wp:featuredmedia":[{"embeddable":true,"href":"https:\/\/news.sap.com\/brazil\/wp-json\/wp\/v2\/media\/17450"}],"wp:attachment":[{"href":"https:\/\/news.sap.com\/brazil\/wp-json\/wp\/v2\/media?parent=18373"}],"wp:term":[{"taxonomy":"category","embeddable":true,"href":"https:\/\/news.sap.com\/brazil\/wp-json\/wp\/v2\/categories?post=18373"},{"taxonomy":"post_tag","embeddable":true,"href":"https:\/\/news.sap.com\/brazil\/wp-json\/wp\/v2\/tags?post=18373"},{"taxonomy":"sapn-display","embeddable":true,"href":"https:\/\/news.sap.com\/brazil\/wp-json\/wp\/v2\/sapn-display?post=18373"},{"taxonomy":"sapn-type","embeddable":true,"href":"https:\/\/news.sap.com\/brazil\/wp-json\/wp\/v2\/sapn-type?post=18373"}],"curies":[{"name":"wp","href":"https:\/\/api.w.org\/{rel}","templated":true}]}}