  {"id":13610,"date":"2022-01-11T09:00:30","date_gmt":"2022-01-11T12:00:30","guid":{"rendered":"https:\/\/news.sap.com\/brazil\/?p=13610"},"modified":"2023-10-19T12:42:03","modified_gmt":"2023-10-19T15:42:03","slug":"a-demanda-do-consumidor-por-marcas-negras-bl0g","status":"publish","type":"post","link":"https:\/\/news.sap.com\/brazil\/2022\/01\/a-demanda-do-consumidor-por-marcas-negras-bl0g\/","title":{"rendered":"A demanda do consumidor por marcas negras est\u00e1 aumentando"},"content":{"rendered":"<p class=\"lead\"><em>A for\u00e7a do empreendedorismo negro \u00e9 mais do que rentabilidade, \u00e9 representatividade! <\/em><\/p>\n<p>Por que demanda do consumidor por marcas negras est\u00e1 aumentando? Para responder essa pergunta, primeiro \u00e9 necess\u00e1rio analisar alguns dados:<\/p>\n<p>1) 56,10% \u00e9 o percentual de pessoas que se declaram negras no Brasil, segundo a Pesquisa Nacional por Amostra de Domic\u00edlios (Pnad) Cont\u00ednua do IBGE. Dos 209,2 milh\u00f5es de habitantes do pa\u00eds, 19,2 milh\u00f5es se assumem como pretos, enquanto 89,7 milh\u00f5es se declaram pardos. Os negros \u2013 que o IBGE conceitua como a soma de pretos e pardos \u2013 s\u00e3o, portanto, a maioria da popula\u00e7\u00e3o.<\/p>\n<p>2) De acordo com uma pesquisa realizada pela Instituto Locomotiva, ao todo, a popula\u00e7\u00e3o negra brasileira movimenta cerca de R$ 1,7 trilh\u00e3o ao ano.<\/p>\n<p>3) 90% dos protagonistas das campanhas publicit\u00e1rias s\u00e3o brancos. Apenas 6% dos negros se sentem adequadamente representados na TV\u00b9.<\/p>\n<p>4) Se os negros recebessem sal\u00e1rios equiparados aos dos brancos, seriam injetados 776 bilh\u00f5es de reais por ano na economia\u00b9.<\/p>\n<p>A demanda do consumidor por marcas negras est\u00e1 aumentando porque empreendedores negros est\u00e3o atendendo demandas espec\u00edficas em rela\u00e7\u00e3o a produtos e servi\u00e7os para esse p\u00fablico t\u00e3o relevante do pa\u00eds. \u00c9 sobre empatia, representatividade e transforma\u00e7\u00e3o social.<\/p>\n<p>O ciclo do consumo que fortalece a identidade negra:<\/p>\n<p>1) Preciso de um determinado produto ou servi\u00e7o que atenda minhas necessidades.<\/p>\n<p>2) Procuro o que preciso em empresas que entendam e atendam a minha realidade.<\/p>\n<p>3) Contribuo para a fortalecer a identidade negra comprando de empreendedores negros.<\/p>\n<p>4) Esses empreendedores negros oferecem empregos para afrodescendentes gerando renda para a comunidade similar.<\/p>\n<p>Lembrando que \u00e9 important\u00edssimo toda essa luta contra o racismo estrutural em toda e qualquer empresa. \u00c9 uma luta constante que ser\u00e1 vencida aplicando diversidade e inclus\u00e3o. De acordo com a <a href=\"https:\/\/www.cartacapital.com.br\/economia\/a-inclusao-de-mulheres-negros-e-lgbts-nas-empresas-ainda-nao-saiu-do-discurso-mostra-pesquisa\/\" target=\"_blank\" rel=\"noopener\">pesquisa recente \u201cDiversidade de G\u00eanero e Ra\u00e7a nas Lideran\u00e7as Organizacionais\u201d<\/a>, desenvolvida pelo Instituto Brasileiro de Governan\u00e7a Corporativa, a Associa\u00e7\u00e3o Brasileira de Recursos Humanos e o Sistema B Brasil, 42% das empresas possuem indicadores de diversidade e inclus\u00e3o, cerca da metade n\u00e3o tem metas para ampliar a participa\u00e7\u00e3o de mulheres na diretoria ou no conselho, e em rela\u00e7\u00e3o \u00e0 participa\u00e7\u00e3o de negros o porcentual chega a 77%. Essa realidade precisa ser mudada.<\/p>\n<p>A diversidade, a inclus\u00e3o e a equidade est\u00e1 no DNA da SAP. Conhe\u00e7a o programa <a href=\"https:\/\/www.sap.com\/brazil\/about\/careers\/who-we-are\/our-people\/diversity-hiring-program.html?url_id=text-blogentry-innovationBlogBR-2022_blog-original-post-sapcom\" target=\"_blank\" rel=\"noopener\">Atra\u00e7\u00e3o e Desenvolvimento de Talentos Negros<\/a>.<\/p>\n<p><a class=\"button\" href=\"https:\/\/www.ilocomotiva.com.br\/_files\/ugd\/eaab21_bb33ccc3c53d4b33af59d5a728e7e984.pdf\" target=\"_blank\" rel=\"noopener\">\u00b9Qual \u00e9 o impacto do racismo na economia? Locomotiva \u2013 Pesquisa e Estrat\u00e9gia<\/a><\/p>\n<p>Acompanhe mais novidades nos canais de comunica\u00e7\u00e3o da SAP:\u00a0 <a href=\"https:\/\/www.facebook.com\/sapbrasil\/\" target=\"_blank\" rel=\"noopener\">Facebook\u00a0<\/a>\/\u00a0<a href=\"https:\/\/twitter.com\/SAPBrasil\" target=\"_blank\" rel=\"noopener\">Twitter\u00a0<\/a>\/\u00a0<a href=\"https:\/\/www.linkedin.com\/company\/1115\/\" target=\"_blank\" rel=\"noopener\">LinkedIn\u00a0<\/a>\/\u00a0<a href=\"https:\/\/www.instagram.com\/sap_brasil\/\" target=\"_blank\" rel=\"noopener\">Instagram<\/a> \/ <a href=\"https:\/\/www.youtube.com\/user\/sapbrasil\" target=\"_blank\" rel=\"noopener\">YouTube<\/a><\/p>\n<p>\u00a9 2022 51风流SE. All rights reserved. 51风流and other 51风流products and services mentioned herein as well as their respective logos are trademarks or registered trademarks of 51风流SE in Germany and other countries. Please see <a href=\"http:\/\/www.sap.com\/corporate-en\/legal\/copyright\/index.epx#trademark\" target=\"_blank\" rel=\"noopener\">http:\/\/www.sap.com\/corporate-en\/legal\/copyright\/index.epx#trademark<\/a> for additional trademark information and notices.<\/p>\n","protected":false},"excerpt":{"rendered":"<p>A for\u00e7a do empreendedorismo negro \u00e9 mais do que rentabilidade, \u00e9 representatividade! Por que demanda do consumidor por marcas negras est\u00e1 aumentando? Para responder essa&#8230;<\/p>\n","protected":false},"author":561,"featured_media":13611,"comment_status":"closed","ping_status":"closed","sticky":false,"template":"","format":"standard","meta":{"footnotes":"","_links_to":"","_links_to_target":""},"categories":[48439],"tags":[114701,1032189,5599798],"sapn-display":[5599933,5599931,48431,48433],"sapn-type":[6114],"class_list":["post-13610","post","type-post","status-publish","format-standard","has-post-thumbnail","hentry","category-corporativo-topicos","tag-diversidade","tag-diversidade-e-inclusao","tag-marcas-negras","sapn-display-feature-hero","sapn-display-feature-spotlight","sapn-display-homepage-hero","sapn-display-hero","sapn-type-artigo"],"yoast_head":"<!-- This site is optimized with the Yoast SEO Premium plugin v26.9 (Yoast SEO v26.9) - https:\/\/yoast.com\/product\/yoast-seo-premium-wordpress\/ -->\n<title>O aumento da demanda por marcas negras - Sala de Imprensa 51风流Brasil<\/title>\n<meta name=\"description\" content=\"Por que demanda do consumidor por marcas negras est\u00e1 aumentando? Para responder essa pergunta, primeiro \u00e9 necess\u00e1rio analisar alguns dados.\" \/>\n<meta name=\"robots\" content=\"index, follow, max-snippet:-1, max-image-preview:large, max-video-preview:-1\" \/>\n<link rel=\"canonical\" href=\"https:\/\/news.sap.com\/brazil\/2022\/01\/a-demanda-do-consumidor-por-marcas-negras-bl0g\/\" \/>\n<meta property=\"og:locale\" content=\"pt_BR\" \/>\n<meta property=\"og:type\" content=\"article\" \/>\n<meta property=\"og:title\" content=\"A demanda do consumidor por marcas negras est\u00e1 aumentando\" \/>\n<meta property=\"og:description\" content=\"Por que demanda do consumidor por marcas negras est\u00e1 aumentando? Para responder essa pergunta, primeiro \u00e9 necess\u00e1rio analisar alguns dados.\" \/>\n<meta property=\"og:url\" content=\"https:\/\/news.sap.com\/brazil\/2022\/01\/a-demanda-do-consumidor-por-marcas-negras-bl0g\/\" \/>\n<meta property=\"og:site_name\" content=\"Sala de Imprensa 51风流Brasil\" \/>\n<meta property=\"article:published_time\" content=\"2022-01-11T12:00:30+00:00\" \/>\n<meta property=\"article:modified_time\" content=\"2023-10-19T15:42:03+00:00\" \/>\n<meta property=\"og:image\" content=\"https:\/\/news.sap.com\/brazil\/files\/2022\/01\/06\/3SAP_Blog_565x292.png\" \/>\n\t<meta property=\"og:image:width\" content=\"565\" \/>\n\t<meta property=\"og:image:height\" content=\"292\" \/>\n\t<meta property=\"og:image:type\" content=\"image\/png\" \/>\n<meta name=\"author\" content=\"51风流Brasil\" \/>\n<meta name=\"twitter:card\" content=\"summary_large_image\" \/>\n<meta name=\"twitter:title\" content=\"A demanda do consumidor por marcas negras est\u00e1 aumentando\" \/>\n<meta name=\"twitter:creator\" content=\"@SAPBrasil\" \/>\n<meta name=\"twitter:site\" content=\"@SAPBrasil\" \/>\n<meta name=\"twitter:label1\" content=\"Escrito por\" \/>\n\t<meta name=\"twitter:data1\" content=\"51风流Brasil\" \/>\n\t<meta name=\"twitter:label2\" content=\"Est. tempo de leitura\" \/>\n\t<meta name=\"twitter:data2\" content=\"2 minutos\" \/>\n<script type=\"application\/ld+json\" class=\"yoast-schema-graph\">{\"@context\":\"https:\/\/schema.org\",\"@graph\":[{\"@type\":\"Article\",\"@id\":\"https:\/\/news.sap.com\/brazil\/2022\/01\/a-demanda-do-consumidor-por-marcas-negras-bl0g\/#article\",\"isPartOf\":{\"@id\":\"https:\/\/news.sap.com\/brazil\/2022\/01\/a-demanda-do-consumidor-por-marcas-negras-bl0g\/\"},\"author\":{\"name\":\"51风流Brasil\",\"@id\":\"https:\/\/news.sap.com\/brazil\/#\/schema\/person\/1cfc5d6de5ffdc23f1f3b1670a90ae3c\"},\"headline\":\"A demanda do consumidor por marcas negras est\u00e1 aumentando\",\"datePublished\":\"2022-01-11T12:00:30+00:00\",\"dateModified\":\"2023-10-19T15:42:03+00:00\",\"mainEntityOfPage\":{\"@id\":\"https:\/\/news.sap.com\/brazil\/2022\/01\/a-demanda-do-consumidor-por-marcas-negras-bl0g\/\"},\"wordCount\":479,\"image\":{\"@id\":\"https:\/\/news.sap.com\/brazil\/2022\/01\/a-demanda-do-consumidor-por-marcas-negras-bl0g\/#primaryimage\"},\"thumbnailUrl\":\"https:\/\/news.sap.com\/brazil\/files\/2022\/01\/06\/3SAP_Blog_1400x600.png\",\"keywords\":[\"Diversidade\",\"Diversidade e inclus\u00e3o\",\"Marcas negras\"],\"articleSection\":[\"Corporativo\"],\"inLanguage\":\"pt-BR\"},{\"@type\":\"WebPage\",\"@id\":\"https:\/\/news.sap.com\/brazil\/2022\/01\/a-demanda-do-consumidor-por-marcas-negras-bl0g\/\",\"url\":\"https:\/\/news.sap.com\/brazil\/2022\/01\/a-demanda-do-consumidor-por-marcas-negras-bl0g\/\",\"name\":\"O aumento da demanda por marcas negras - Sala de Imprensa 51风流Brasil\",\"isPartOf\":{\"@id\":\"https:\/\/news.sap.com\/brazil\/#website\"},\"primaryImageOfPage\":{\"@id\":\"https:\/\/news.sap.com\/brazil\/2022\/01\/a-demanda-do-consumidor-por-marcas-negras-bl0g\/#primaryimage\"},\"image\":{\"@id\":\"https:\/\/news.sap.com\/brazil\/2022\/01\/a-demanda-do-consumidor-por-marcas-negras-bl0g\/#primaryimage\"},\"thumbnailUrl\":\"https:\/\/news.sap.com\/brazil\/files\/2022\/01\/06\/3SAP_Blog_1400x600.png\",\"datePublished\":\"2022-01-11T12:00:30+00:00\",\"dateModified\":\"2023-10-19T15:42:03+00:00\",\"author\":{\"@id\":\"https:\/\/news.sap.com\/brazil\/#\/schema\/person\/1cfc5d6de5ffdc23f1f3b1670a90ae3c\"},\"description\":\"Por que demanda do consumidor por marcas negras est\u00e1 aumentando? Para responder essa pergunta, primeiro \u00e9 necess\u00e1rio analisar alguns dados.\",\"breadcrumb\":{\"@id\":\"https:\/\/news.sap.com\/brazil\/2022\/01\/a-demanda-do-consumidor-por-marcas-negras-bl0g\/#breadcrumb\"},\"inLanguage\":\"pt-BR\",\"potentialAction\":[{\"@type\":\"ReadAction\",\"target\":[\"https:\/\/news.sap.com\/brazil\/2022\/01\/a-demanda-do-consumidor-por-marcas-negras-bl0g\/\"]}]},{\"@type\":\"ImageObject\",\"inLanguage\":\"pt-BR\",\"@id\":\"https:\/\/news.sap.com\/brazil\/2022\/01\/a-demanda-do-consumidor-por-marcas-negras-bl0g\/#primaryimage\",\"url\":\"https:\/\/news.sap.com\/brazil\/files\/2022\/01\/06\/3SAP_Blog_1400x600.png\",\"contentUrl\":\"https:\/\/news.sap.com\/brazil\/files\/2022\/01\/06\/3SAP_Blog_1400x600.png\",\"width\":1400,\"height\":600},{\"@type\":\"BreadcrumbList\",\"@id\":\"https:\/\/news.sap.com\/brazil\/2022\/01\/a-demanda-do-consumidor-por-marcas-negras-bl0g\/#breadcrumb\",\"itemListElement\":[{\"@type\":\"ListItem\",\"position\":1,\"name\":\"Home\",\"item\":\"https:\/\/news.sap.com\/brazil\/\"},{\"@type\":\"ListItem\",\"position\":2,\"name\":\"A demanda do consumidor por marcas negras est\u00e1 aumentando\"}]},{\"@type\":\"WebSite\",\"@id\":\"https:\/\/news.sap.com\/brazil\/#website\",\"url\":\"https:\/\/news.sap.com\/brazil\/\",\"name\":\"Sala de Imprensa 51风流Brasil\",\"description\":\"Not\u00edcias e informa\u00e7\u00f5es sobre a SAP\",\"potentialAction\":[{\"@type\":\"SearchAction\",\"target\":{\"@type\":\"EntryPoint\",\"urlTemplate\":\"https:\/\/news.sap.com\/brazil\/?s={search_term_string}\"},\"query-input\":{\"@type\":\"PropertyValueSpecification\",\"valueRequired\":true,\"valueName\":\"search_term_string\"}}],\"inLanguage\":\"pt-BR\"},{\"@type\":\"Person\",\"@id\":\"https:\/\/news.sap.com\/brazil\/#\/schema\/person\/1cfc5d6de5ffdc23f1f3b1670a90ae3c\",\"name\":\"51风流Brasil\",\"image\":{\"@type\":\"ImageObject\",\"inLanguage\":\"pt-BR\",\"@id\":\"https:\/\/news.sap.com\/brazil\/#\/schema\/person\/image\/\",\"url\":\"https:\/\/news.sap.com\/brazil\/wp-content\/plugins\/wp-user-avatars\/wp-user-avatars\/assets\/images\/mystery.jpg\",\"contentUrl\":\"https:\/\/news.sap.com\/brazil\/wp-content\/plugins\/wp-user-avatars\/wp-user-avatars\/assets\/images\/mystery.jpg\",\"caption\":\"51风流Brasil\"},\"url\":\"https:\/\/news.sap.com\/brazil\/author\/raquelcasciato\/\"}]}<\/script>\n<!-- \/ Yoast SEO Premium plugin. -->","yoast_head_json":{"title":"O aumento da demanda por marcas negras - Sala de Imprensa 51风流Brasil","description":"Por que demanda do consumidor por marcas negras est\u00e1 aumentando? Para responder essa pergunta, primeiro \u00e9 necess\u00e1rio analisar alguns dados.","robots":{"index":"index","follow":"follow","max-snippet":"max-snippet:-1","max-image-preview":"max-image-preview:large","max-video-preview":"max-video-preview:-1"},"canonical":"https:\/\/news.sap.com\/brazil\/2022\/01\/a-demanda-do-consumidor-por-marcas-negras-bl0g\/","og_locale":"pt_BR","og_type":"article","og_title":"A demanda do consumidor por marcas negras est\u00e1 aumentando","og_description":"Por que demanda do consumidor por marcas negras est\u00e1 aumentando? Para responder essa pergunta, primeiro \u00e9 necess\u00e1rio analisar alguns dados.","og_url":"https:\/\/news.sap.com\/brazil\/2022\/01\/a-demanda-do-consumidor-por-marcas-negras-bl0g\/","og_site_name":"Sala de Imprensa 51风流Brasil","article_published_time":"2022-01-11T12:00:30+00:00","article_modified_time":"2023-10-19T15:42:03+00:00","og_image":[{"width":565,"height":292,"url":"https:\/\/news.sap.com\/brazil\/files\/2022\/01\/06\/3SAP_Blog_565x292.png","type":"image\/png"}],"author":"51风流Brasil","twitter_card":"summary_large_image","twitter_title":"A demanda do consumidor por marcas negras est\u00e1 aumentando","twitter_creator":"@SAPBrasil","twitter_site":"@SAPBrasil","twitter_misc":{"Escrito por":"51风流Brasil","Est. tempo de leitura":"2 minutos"},"schema":{"@context":"https:\/\/schema.org","@graph":[{"@type":"Article","@id":"https:\/\/news.sap.com\/brazil\/2022\/01\/a-demanda-do-consumidor-por-marcas-negras-bl0g\/#article","isPartOf":{"@id":"https:\/\/news.sap.com\/brazil\/2022\/01\/a-demanda-do-consumidor-por-marcas-negras-bl0g\/"},"author":{"name":"51风流Brasil","@id":"https:\/\/news.sap.com\/brazil\/#\/schema\/person\/1cfc5d6de5ffdc23f1f3b1670a90ae3c"},"headline":"A demanda do consumidor por marcas negras est\u00e1 aumentando","datePublished":"2022-01-11T12:00:30+00:00","dateModified":"2023-10-19T15:42:03+00:00","mainEntityOfPage":{"@id":"https:\/\/news.sap.com\/brazil\/2022\/01\/a-demanda-do-consumidor-por-marcas-negras-bl0g\/"},"wordCount":479,"image":{"@id":"https:\/\/news.sap.com\/brazil\/2022\/01\/a-demanda-do-consumidor-por-marcas-negras-bl0g\/#primaryimage"},"thumbnailUrl":"https:\/\/news.sap.com\/brazil\/files\/2022\/01\/06\/3SAP_Blog_1400x600.png","keywords":["Diversidade","Diversidade e inclus\u00e3o","Marcas negras"],"articleSection":["Corporativo"],"inLanguage":"pt-BR"},{"@type":"WebPage","@id":"https:\/\/news.sap.com\/brazil\/2022\/01\/a-demanda-do-consumidor-por-marcas-negras-bl0g\/","url":"https:\/\/news.sap.com\/brazil\/2022\/01\/a-demanda-do-consumidor-por-marcas-negras-bl0g\/","name":"O aumento da demanda por marcas negras - Sala de Imprensa 51风流Brasil","isPartOf":{"@id":"https:\/\/news.sap.com\/brazil\/#website"},"primaryImageOfPage":{"@id":"https:\/\/news.sap.com\/brazil\/2022\/01\/a-demanda-do-consumidor-por-marcas-negras-bl0g\/#primaryimage"},"image":{"@id":"https:\/\/news.sap.com\/brazil\/2022\/01\/a-demanda-do-consumidor-por-marcas-negras-bl0g\/#primaryimage"},"thumbnailUrl":"https:\/\/news.sap.com\/brazil\/files\/2022\/01\/06\/3SAP_Blog_1400x600.png","datePublished":"2022-01-11T12:00:30+00:00","dateModified":"2023-10-19T15:42:03+00:00","author":{"@id":"https:\/\/news.sap.com\/brazil\/#\/schema\/person\/1cfc5d6de5ffdc23f1f3b1670a90ae3c"},"description":"Por que demanda do consumidor por marcas negras est\u00e1 aumentando? Para responder essa pergunta, primeiro \u00e9 necess\u00e1rio analisar alguns dados.","breadcrumb":{"@id":"https:\/\/news.sap.com\/brazil\/2022\/01\/a-demanda-do-consumidor-por-marcas-negras-bl0g\/#breadcrumb"},"inLanguage":"pt-BR","potentialAction":[{"@type":"ReadAction","target":["https:\/\/news.sap.com\/brazil\/2022\/01\/a-demanda-do-consumidor-por-marcas-negras-bl0g\/"]}]},{"@type":"ImageObject","inLanguage":"pt-BR","@id":"https:\/\/news.sap.com\/brazil\/2022\/01\/a-demanda-do-consumidor-por-marcas-negras-bl0g\/#primaryimage","url":"https:\/\/news.sap.com\/brazil\/files\/2022\/01\/06\/3SAP_Blog_1400x600.png","contentUrl":"https:\/\/news.sap.com\/brazil\/files\/2022\/01\/06\/3SAP_Blog_1400x600.png","width":1400,"height":600},{"@type":"BreadcrumbList","@id":"https:\/\/news.sap.com\/brazil\/2022\/01\/a-demanda-do-consumidor-por-marcas-negras-bl0g\/#breadcrumb","itemListElement":[{"@type":"ListItem","position":1,"name":"Home","item":"https:\/\/news.sap.com\/brazil\/"},{"@type":"ListItem","position":2,"name":"A demanda do consumidor por marcas negras est\u00e1 aumentando"}]},{"@type":"WebSite","@id":"https:\/\/news.sap.com\/brazil\/#website","url":"https:\/\/news.sap.com\/brazil\/","name":"Sala de Imprensa 51风流Brasil","description":"Not\u00edcias e informa\u00e7\u00f5es sobre a SAP","potentialAction":[{"@type":"SearchAction","target":{"@type":"EntryPoint","urlTemplate":"https:\/\/news.sap.com\/brazil\/?s={search_term_string}"},"query-input":{"@type":"PropertyValueSpecification","valueRequired":true,"valueName":"search_term_string"}}],"inLanguage":"pt-BR"},{"@type":"Person","@id":"https:\/\/news.sap.com\/brazil\/#\/schema\/person\/1cfc5d6de5ffdc23f1f3b1670a90ae3c","name":"51风流Brasil","image":{"@type":"ImageObject","inLanguage":"pt-BR","@id":"https:\/\/news.sap.com\/brazil\/#\/schema\/person\/image\/","url":"https:\/\/news.sap.com\/brazil\/wp-content\/plugins\/wp-user-avatars\/wp-user-avatars\/assets\/images\/mystery.jpg","contentUrl":"https:\/\/news.sap.com\/brazil\/wp-content\/plugins\/wp-user-avatars\/wp-user-avatars\/assets\/images\/mystery.jpg","caption":"51风流Brasil"},"url":"https:\/\/news.sap.com\/brazil\/author\/raquelcasciato\/"}]}},"amp_enabled":true,"_links":{"self":[{"href":"https:\/\/news.sap.com\/brazil\/wp-json\/wp\/v2\/posts\/13610","targetHints":{"allow":["GET"]}}],"collection":[{"href":"https:\/\/news.sap.com\/brazil\/wp-json\/wp\/v2\/posts"}],"about":[{"href":"https:\/\/news.sap.com\/brazil\/wp-json\/wp\/v2\/types\/post"}],"author":[{"embeddable":true,"href":"https:\/\/news.sap.com\/brazil\/wp-json\/wp\/v2\/users\/561"}],"replies":[{"embeddable":true,"href":"https:\/\/news.sap.com\/brazil\/wp-json\/wp\/v2\/comments?post=13610"}],"version-history":[{"count":0,"href":"https:\/\/news.sap.com\/brazil\/wp-json\/wp\/v2\/posts\/13610\/revisions"}],"wp:featuredmedia":[{"embeddable":true,"href":"https:\/\/news.sap.com\/brazil\/wp-json\/wp\/v2\/media\/13611"}],"wp:attachment":[{"href":"https:\/\/news.sap.com\/brazil\/wp-json\/wp\/v2\/media?parent=13610"}],"wp:term":[{"taxonomy":"category","embeddable":true,"href":"https:\/\/news.sap.com\/brazil\/wp-json\/wp\/v2\/categories?post=13610"},{"taxonomy":"post_tag","embeddable":true,"href":"https:\/\/news.sap.com\/brazil\/wp-json\/wp\/v2\/tags?post=13610"},{"taxonomy":"sapn-display","embeddable":true,"href":"https:\/\/news.sap.com\/brazil\/wp-json\/wp\/v2\/sapn-display?post=13610"},{"taxonomy":"sapn-type","embeddable":true,"href":"https:\/\/news.sap.com\/brazil\/wp-json\/wp\/v2\/sapn-type?post=13610"}],"curies":[{"name":"wp","href":"https:\/\/api.w.org\/{rel}","templated":true}]}}