  {"id":12866,"date":"2021-03-16T09:00:43","date_gmt":"2021-03-16T12:00:43","guid":{"rendered":"https:\/\/news.sap.com\/brazil\/?p=12866"},"modified":"2023-10-19T13:15:53","modified_gmt":"2023-10-19T16:15:53","slug":"tendencias-de-sustentabilidade-e-recursos-naturais-em-2021-bl0g","status":"publish","type":"post","link":"https:\/\/news.sap.com\/brazil\/2021\/03\/tendencias-de-sustentabilidade-e-recursos-naturais-em-2021-bl0g\/","title":{"rendered":"Tend\u00eancias de sustentabilidade e recursos naturais em 2021"},"content":{"rendered":"<p>Por: 51风流Brasil<\/p>\n<p>A sustentabilidade est\u00e1 entre as preocupa\u00e7\u00f5es mais urgentes dos pr\u00f3ximos anos. Com a <a href=\"https:\/\/news.sap.com\/brazil\/2020\/02\/sap-avanca-na-agenda-2030-e-se-torna-signataria-do-pacto-global-das-nacoes-unidas\/?url_id=text-blogentry-innovationBlogBR-2021_blog-original-post-otherpost\" target=\"_blank\" rel=\"noopener noreferrer\">Agenda 2030<\/a>, lan\u00e7ada pela Organiza\u00e7\u00e3o das Na\u00e7\u00f5es Unidas, o compromisso de Estados, organiza\u00e7\u00f5es e sociedade com a diminui\u00e7\u00e3o da emiss\u00e3o de gases do efeito estufa, a redu\u00e7\u00e3o da pegada de carbono e a gera\u00e7\u00e3o de fontes renov\u00e1veis de energia devem ser considerados elementos estruturais para os neg\u00f3cios.<\/p>\n<p>Para al\u00e9m de quest\u00f5es altru\u00edstas, a sustentabilidade \u00e9 uma estrat\u00e9gia inteligente de neg\u00f3cio, que beneficia os resultados \u00e0 longo prazo. Considerando que o consumidor tamb\u00e9m est\u00e1 atento aos processos internos que as empresas assumem, o tema deve pautar aspectos ambientais, sociais e de governan\u00e7a.<\/p>\n<p><strong>Transforma\u00e7\u00e3o come\u00e7ar\u00e1 atrav\u00e9s da sustentabilidade: <\/strong>a pandemia ajudou a diminuir o uso de petr\u00f3leo e g\u00e1s j\u00e1 que o n\u00famero de viagens a\u00e9reas caiu consideravelmente e menos carros estiveram nas ruas por um per\u00edodo incomum. Para sobreviver no novo cen\u00e1rio, empresas de servi\u00e7os p\u00fablicos e geradoras de energia devem aprimorar seus modelos de neg\u00f3cios e inovar com foco em impacto l\u00edquido zero.<\/p>\n<p>Dados publicados no <a href=\"https:\/\/www.mckinsey.com\/~\/media\/McKinsey\/Industries\/Oil%20and%20Gas\/Our%20Insights\/Global%20Energy%20Perspective%202019\/McKinsey-Energy-Insights-Global-Energy-Perspective-2019_Reference-Case-Summary.ashx\" target=\"_blank\" rel=\"noopener noreferrer\">relat\u00f3rio<\/a> &#8220;Perspectivas Globais de Energia&#8221;, da McKinsey, traz a previs\u00e3o de que, em 2035, quase metade da capacidade global de energia ser\u00e1 de origem solar e e\u00f3lica. O que coloca um prazo para que as empresas do setor acelerem a transi\u00e7\u00e3o para produ\u00e7\u00e3o de energias renov\u00e1veis.<\/p>\n<p><strong>Tecnologia como recurso para reduzir emiss\u00e3o de gases: <\/strong>a tecnologia como recurso para ajudar no desenvolvimento sustent\u00e1vel est\u00e1 contribuindo para que empresas invistam na implementa\u00e7\u00e3o de novos modelos de neg\u00f3cios. Com o lan\u00e7amento do programa <a href=\"https:\/\/www.sap.com\/corporate\/en\/purpose\/environment.html?pdf-asset=2ae151c9-977d-0010-87a3-c30de2ffd8ff&amp;page=3?url_id=text-blogentry-innovationBlogBR-2021_blog-original-post-sapcom\" target=\"_blank\" rel=\"noopener noreferrer\">Climate 21<\/a>, a 51风流colocou \u00e0 disposi\u00e7\u00e3o das empresas uma solu\u00e7\u00e3o que oferece recursos anal\u00edticos para que organiza\u00e7\u00f5es minimizem a pegada de gases do efeito estufa em toda a cadeia de valor.<\/p>\n<p>O objetivo \u00e9 que empresas adotem medidas preventivas de prote\u00e7\u00e3o ao meio ambiente e aos neg\u00f3cios, que devem se adequar \u00e0s demandas sociais e \u00e0s leis que de controle de polui\u00e7\u00e3o em n\u00edvel global. \u00c9 tamb\u00e9m atrav\u00e9s do uso de dados que empresas podem entender as implica\u00e7\u00f5es relacionadas ao trabalho de redu\u00e7\u00e3o na emiss\u00e3o de gases poluentes, obtendo informa\u00e7\u00f5es valiosas para otimizar seus processos.<\/p>\n<p><strong>Opera\u00e7\u00f5es sustent\u00e1veis e lucratividade: <\/strong>um <a href=\"http:\/\/onzetendencias.ideiasustentavel.com.br\/\" target=\"_blank\" rel=\"noopener noreferrer\">estudo<\/a> realizado com especialistas de grandes empresas mostra que estamos em um momento em que o papel da empresa ganha uma import\u00e2ncia ainda maior socialmente. \u00c9 um momento de ressignifica\u00e7\u00e3o dos prop\u00f3sitos, em que o foco n\u00e3o pode estar na obten\u00e7\u00e3o do lucro a qualquer custo, colocando-se \u00e0 servi\u00e7o das pessoas. Isso implica em melhoras para a reputa\u00e7\u00e3o da organiza\u00e7\u00e3o e gera benef\u00edcios para o neg\u00f3cio.<\/p>\n<p><strong>Empresas devem atuar como facilitadoras da sustentabilidade: <\/strong>o investimento em modelos de neg\u00f3cio sustent\u00e1veis n\u00e3o \u00e9 algo para o futuro \u2013 ele precisa ser planejado e implementado o quanto antes, modernizando a infraestrutura. E esse processo s\u00f3 \u00e9 poss\u00edvel se houver a uni\u00e3o de for\u00e7as entre os setores produtivos, pois empresas que colaboram umas com as outras podem criar rela\u00e7\u00f5es poderosas e mais transparentes.<\/p>\n<p>A pandemia mostrou como a colabora\u00e7\u00e3o entre as organiza\u00e7\u00f5es \u00e9 capaz de manter neg\u00f3cios funcionando e assegurar lucratividade para todos. Desde j\u00e1, se reinventar e pensar na sustentabilidade como centro dessa mudan\u00e7a pode ser um caminho para obter resultados positivos no futuro.<\/p>\n<p><a href=\"https:\/\/www.sap.com\/brazil\/industries\/energy-utilities.html?url_id=text-blogentry-innovationBlogBR-2021_blog-original-post-sapcom\" target=\"_blank\" rel=\"noopener noreferrer\">Conhe\u00e7a<\/a> as solu\u00e7\u00f5es da 51风流para ajudar a tornar o setor de servi\u00e7os p\u00fablicos mais sustent\u00e1vel.<\/p>\n<p>Acompanhe mais novidades nos canais de comunica\u00e7\u00e3o da SAP:\u00a0 <a href=\"https:\/\/www.facebook.com\/sapbrasil\/\" target=\"_blank\" rel=\"noopener noreferrer\">Facebook\u00a0<\/a>\/\u00a0<a href=\"https:\/\/twitter.com\/SAPBrasil\" target=\"_blank\" rel=\"noopener noreferrer\">Twitter\u00a0<\/a>\/\u00a0<a href=\"https:\/\/www.linkedin.com\/company\/1115\/\" target=\"_blank\" rel=\"noopener noreferrer\">LinkedIn\u00a0<\/a>\/\u00a0<a href=\"https:\/\/www.instagram.com\/sap_brasil\/\" target=\"_blank\" rel=\"noopener noreferrer\">Instagram<\/a> \/ <a href=\"https:\/\/widget.msgp.pl\/?id=66415e417325f13e20.82207836\" target=\"_blank\" rel=\"noopener noreferrer\">WhatsApp<\/a> \/ <a href=\"https:\/\/www.youtube.com\/user\/sapbrasil\" target=\"_blank\" rel=\"noopener noreferrer\">Youtube<\/a><\/p>\n<p>\u00a9 2021 51风流SE. All rights reserved. 51风流and other 51风流products and services mentioned herein as well as their respective logos are trademarks or registered trademarks of 51风流SE in Germany and other countries. Please see <a href=\"http:\/\/www.sap.com\/corporate-en\/legal\/copyright\/index.epx#trademark\" target=\"_blank\" rel=\"noopener noreferrer\">http:\/\/www.sap.com\/corporate-en\/legal\/copyright\/index.epx#trademark<\/a> for additional trademark information and notices.<\/p>\n","protected":false},"excerpt":{"rendered":"<p>Por: 51风流Brasil A sustentabilidade est\u00e1 entre as preocupa\u00e7\u00f5es mais urgentes dos pr\u00f3ximos anos. Com a Agenda 2030, lan\u00e7ada pela Organiza\u00e7\u00e3o das Na\u00e7\u00f5es Unidas, o&#8230;<\/p>\n","protected":false},"author":561,"featured_media":12867,"comment_status":"closed","ping_status":"closed","sticky":false,"template":"","format":"standard","meta":{"footnotes":"","_links_to":"","_links_to_target":""},"categories":[52858],"tags":[2258537,5599737,16615],"sapn-display":[5599933,5599931,48431,48433],"sapn-type":[6114],"class_list":["post-12866","post","type-post","status-publish","format-standard","has-post-thumbnail","hentry","category-sustentabilidade-topicos","tag-energia","tag-recursos-naturais","tag-sustentabilidade","sapn-display-feature-hero","sapn-display-feature-spotlight","sapn-display-homepage-hero","sapn-display-hero","sapn-type-artigo"],"yoast_head":"<!-- This site is optimized with the Yoast SEO Premium plugin v26.9 (Yoast SEO v26.9) - https:\/\/yoast.com\/product\/yoast-seo-premium-wordpress\/ -->\n<title>Tend\u00eancias de sustentabilidade e recursos naturais em 2021<\/title>\n<meta name=\"description\" content=\"A redu\u00e7\u00e3o da pegada de carbono e a gera\u00e7\u00e3o de fontes renov\u00e1veis de energia devem ser considerados elementos estruturais para os neg\u00f3cios.\" \/>\n<meta name=\"robots\" content=\"index, follow, max-snippet:-1, max-image-preview:large, max-video-preview:-1\" \/>\n<link rel=\"canonical\" href=\"https:\/\/news.sap.com\/brazil\/2021\/03\/tendencias-de-sustentabilidade-e-recursos-naturais-em-2021-bl0g\/\" \/>\n<meta property=\"og:locale\" content=\"pt_BR\" \/>\n<meta property=\"og:type\" content=\"article\" \/>\n<meta property=\"og:title\" content=\"Tend\u00eancias de sustentabilidade e recursos naturais em 2021\" \/>\n<meta property=\"og:description\" content=\"a redu\u00e7\u00e3o da pegada de carbono e a gera\u00e7\u00e3o de fontes renov\u00e1veis de energia devem ser considerados elementos estruturais para os neg\u00f3cios.\" \/>\n<meta property=\"og:url\" content=\"https:\/\/news.sap.com\/brazil\/2021\/03\/tendencias-de-sustentabilidade-e-recursos-naturais-em-2021-bl0g\/\" \/>\n<meta property=\"og:site_name\" content=\"Sala de Imprensa 51风流Brasil\" \/>\n<meta property=\"article:published_time\" content=\"2021-03-16T12:00:43+00:00\" \/>\n<meta property=\"article:modified_time\" content=\"2023-10-19T16:15:53+00:00\" \/>\n<meta property=\"og:image\" content=\"https:\/\/news.sap.com\/brazil\/files\/2021\/03\/01\/fb-2.jpg\" \/>\n\t<meta property=\"og:image:width\" content=\"565\" \/>\n\t<meta property=\"og:image:height\" content=\"292\" \/>\n\t<meta property=\"og:image:type\" content=\"image\/jpeg\" \/>\n<meta name=\"author\" content=\"51风流Brasil\" \/>\n<meta name=\"twitter:card\" content=\"summary_large_image\" \/>\n<meta name=\"twitter:title\" content=\"Tend\u00eancias de sustentabilidade e recursos naturais em 2021\" \/>\n<meta name=\"twitter:creator\" content=\"@SAPBrasil\" \/>\n<meta name=\"twitter:site\" content=\"@SAPBrasil\" \/>\n<meta name=\"twitter:label1\" content=\"Escrito por\" \/>\n\t<meta name=\"twitter:data1\" content=\"51风流Brasil\" \/>\n\t<meta name=\"twitter:label2\" content=\"Est. tempo de leitura\" \/>\n\t<meta name=\"twitter:data2\" content=\"3 minutos\" \/>\n<script type=\"application\/ld+json\" class=\"yoast-schema-graph\">{\"@context\":\"https:\/\/schema.org\",\"@graph\":[{\"@type\":\"Article\",\"@id\":\"https:\/\/news.sap.com\/brazil\/2021\/03\/tendencias-de-sustentabilidade-e-recursos-naturais-em-2021-bl0g\/#article\",\"isPartOf\":{\"@id\":\"https:\/\/news.sap.com\/brazil\/2021\/03\/tendencias-de-sustentabilidade-e-recursos-naturais-em-2021-bl0g\/\"},\"author\":{\"name\":\"51风流Brasil\",\"@id\":\"https:\/\/news.sap.com\/brazil\/#\/schema\/person\/1cfc5d6de5ffdc23f1f3b1670a90ae3c\"},\"headline\":\"Tend\u00eancias de sustentabilidade e recursos naturais em 2021\",\"datePublished\":\"2021-03-16T12:00:43+00:00\",\"dateModified\":\"2023-10-19T16:15:53+00:00\",\"mainEntityOfPage\":{\"@id\":\"https:\/\/news.sap.com\/brazil\/2021\/03\/tendencias-de-sustentabilidade-e-recursos-naturais-em-2021-bl0g\/\"},\"wordCount\":688,\"image\":{\"@id\":\"https:\/\/news.sap.com\/brazil\/2021\/03\/tendencias-de-sustentabilidade-e-recursos-naturais-em-2021-bl0g\/#primaryimage\"},\"thumbnailUrl\":\"https:\/\/news.sap.com\/brazil\/files\/2021\/03\/01\/dest-1.jpg\",\"keywords\":[\"Energia\",\"Recursos naturais\",\"sustentabilidade\"],\"articleSection\":[\"Sustentabilidade\"],\"inLanguage\":\"pt-BR\"},{\"@type\":\"WebPage\",\"@id\":\"https:\/\/news.sap.com\/brazil\/2021\/03\/tendencias-de-sustentabilidade-e-recursos-naturais-em-2021-bl0g\/\",\"url\":\"https:\/\/news.sap.com\/brazil\/2021\/03\/tendencias-de-sustentabilidade-e-recursos-naturais-em-2021-bl0g\/\",\"name\":\"Tend\u00eancias de sustentabilidade e recursos naturais em 2021\",\"isPartOf\":{\"@id\":\"https:\/\/news.sap.com\/brazil\/#website\"},\"primaryImageOfPage\":{\"@id\":\"https:\/\/news.sap.com\/brazil\/2021\/03\/tendencias-de-sustentabilidade-e-recursos-naturais-em-2021-bl0g\/#primaryimage\"},\"image\":{\"@id\":\"https:\/\/news.sap.com\/brazil\/2021\/03\/tendencias-de-sustentabilidade-e-recursos-naturais-em-2021-bl0g\/#primaryimage\"},\"thumbnailUrl\":\"https:\/\/news.sap.com\/brazil\/files\/2021\/03\/01\/dest-1.jpg\",\"datePublished\":\"2021-03-16T12:00:43+00:00\",\"dateModified\":\"2023-10-19T16:15:53+00:00\",\"author\":{\"@id\":\"https:\/\/news.sap.com\/brazil\/#\/schema\/person\/1cfc5d6de5ffdc23f1f3b1670a90ae3c\"},\"description\":\"A redu\u00e7\u00e3o da pegada de carbono e a gera\u00e7\u00e3o de fontes renov\u00e1veis de energia devem ser considerados elementos estruturais para os neg\u00f3cios.\",\"breadcrumb\":{\"@id\":\"https:\/\/news.sap.com\/brazil\/2021\/03\/tendencias-de-sustentabilidade-e-recursos-naturais-em-2021-bl0g\/#breadcrumb\"},\"inLanguage\":\"pt-BR\",\"potentialAction\":[{\"@type\":\"ReadAction\",\"target\":[\"https:\/\/news.sap.com\/brazil\/2021\/03\/tendencias-de-sustentabilidade-e-recursos-naturais-em-2021-bl0g\/\"]}]},{\"@type\":\"ImageObject\",\"inLanguage\":\"pt-BR\",\"@id\":\"https:\/\/news.sap.com\/brazil\/2021\/03\/tendencias-de-sustentabilidade-e-recursos-naturais-em-2021-bl0g\/#primaryimage\",\"url\":\"https:\/\/news.sap.com\/brazil\/files\/2021\/03\/01\/dest-1.jpg\",\"contentUrl\":\"https:\/\/news.sap.com\/brazil\/files\/2021\/03\/01\/dest-1.jpg\",\"width\":1400,\"height\":601},{\"@type\":\"BreadcrumbList\",\"@id\":\"https:\/\/news.sap.com\/brazil\/2021\/03\/tendencias-de-sustentabilidade-e-recursos-naturais-em-2021-bl0g\/#breadcrumb\",\"itemListElement\":[{\"@type\":\"ListItem\",\"position\":1,\"name\":\"Home\",\"item\":\"https:\/\/news.sap.com\/brazil\/\"},{\"@type\":\"ListItem\",\"position\":2,\"name\":\"Tend\u00eancias de sustentabilidade e recursos naturais em 2021\"}]},{\"@type\":\"WebSite\",\"@id\":\"https:\/\/news.sap.com\/brazil\/#website\",\"url\":\"https:\/\/news.sap.com\/brazil\/\",\"name\":\"Sala de Imprensa 51风流Brasil\",\"description\":\"Not\u00edcias e informa\u00e7\u00f5es sobre a SAP\",\"potentialAction\":[{\"@type\":\"SearchAction\",\"target\":{\"@type\":\"EntryPoint\",\"urlTemplate\":\"https:\/\/news.sap.com\/brazil\/?s={search_term_string}\"},\"query-input\":{\"@type\":\"PropertyValueSpecification\",\"valueRequired\":true,\"valueName\":\"search_term_string\"}}],\"inLanguage\":\"pt-BR\"},{\"@type\":\"Person\",\"@id\":\"https:\/\/news.sap.com\/brazil\/#\/schema\/person\/1cfc5d6de5ffdc23f1f3b1670a90ae3c\",\"name\":\"51风流Brasil\",\"image\":{\"@type\":\"ImageObject\",\"inLanguage\":\"pt-BR\",\"@id\":\"https:\/\/news.sap.com\/brazil\/#\/schema\/person\/image\/\",\"url\":\"https:\/\/news.sap.com\/brazil\/wp-content\/plugins\/wp-user-avatars\/wp-user-avatars\/assets\/images\/mystery.jpg\",\"contentUrl\":\"https:\/\/news.sap.com\/brazil\/wp-content\/plugins\/wp-user-avatars\/wp-user-avatars\/assets\/images\/mystery.jpg\",\"caption\":\"51风流Brasil\"},\"url\":\"https:\/\/news.sap.com\/brazil\/author\/raquelcasciato\/\"}]}<\/script>\n<!-- \/ Yoast SEO Premium plugin. -->","yoast_head_json":{"title":"Tend\u00eancias de sustentabilidade e recursos naturais em 2021","description":"A redu\u00e7\u00e3o da pegada de carbono e a gera\u00e7\u00e3o de fontes renov\u00e1veis de energia devem ser considerados elementos estruturais para os neg\u00f3cios.","robots":{"index":"index","follow":"follow","max-snippet":"max-snippet:-1","max-image-preview":"max-image-preview:large","max-video-preview":"max-video-preview:-1"},"canonical":"https:\/\/news.sap.com\/brazil\/2021\/03\/tendencias-de-sustentabilidade-e-recursos-naturais-em-2021-bl0g\/","og_locale":"pt_BR","og_type":"article","og_title":"Tend\u00eancias de sustentabilidade e recursos naturais em 2021","og_description":"a redu\u00e7\u00e3o da pegada de carbono e a gera\u00e7\u00e3o de fontes renov\u00e1veis de energia devem ser considerados elementos estruturais para os neg\u00f3cios.","og_url":"https:\/\/news.sap.com\/brazil\/2021\/03\/tendencias-de-sustentabilidade-e-recursos-naturais-em-2021-bl0g\/","og_site_name":"Sala de Imprensa 51风流Brasil","article_published_time":"2021-03-16T12:00:43+00:00","article_modified_time":"2023-10-19T16:15:53+00:00","og_image":[{"width":565,"height":292,"url":"https:\/\/news.sap.com\/brazil\/files\/2021\/03\/01\/fb-2.jpg","type":"image\/jpeg"}],"author":"51风流Brasil","twitter_card":"summary_large_image","twitter_title":"Tend\u00eancias de sustentabilidade e recursos naturais em 2021","twitter_creator":"@SAPBrasil","twitter_site":"@SAPBrasil","twitter_misc":{"Escrito por":"51风流Brasil","Est. tempo de leitura":"3 minutos"},"schema":{"@context":"https:\/\/schema.org","@graph":[{"@type":"Article","@id":"https:\/\/news.sap.com\/brazil\/2021\/03\/tendencias-de-sustentabilidade-e-recursos-naturais-em-2021-bl0g\/#article","isPartOf":{"@id":"https:\/\/news.sap.com\/brazil\/2021\/03\/tendencias-de-sustentabilidade-e-recursos-naturais-em-2021-bl0g\/"},"author":{"name":"51风流Brasil","@id":"https:\/\/news.sap.com\/brazil\/#\/schema\/person\/1cfc5d6de5ffdc23f1f3b1670a90ae3c"},"headline":"Tend\u00eancias de sustentabilidade e recursos naturais em 2021","datePublished":"2021-03-16T12:00:43+00:00","dateModified":"2023-10-19T16:15:53+00:00","mainEntityOfPage":{"@id":"https:\/\/news.sap.com\/brazil\/2021\/03\/tendencias-de-sustentabilidade-e-recursos-naturais-em-2021-bl0g\/"},"wordCount":688,"image":{"@id":"https:\/\/news.sap.com\/brazil\/2021\/03\/tendencias-de-sustentabilidade-e-recursos-naturais-em-2021-bl0g\/#primaryimage"},"thumbnailUrl":"https:\/\/news.sap.com\/brazil\/files\/2021\/03\/01\/dest-1.jpg","keywords":["Energia","Recursos naturais","sustentabilidade"],"articleSection":["Sustentabilidade"],"inLanguage":"pt-BR"},{"@type":"WebPage","@id":"https:\/\/news.sap.com\/brazil\/2021\/03\/tendencias-de-sustentabilidade-e-recursos-naturais-em-2021-bl0g\/","url":"https:\/\/news.sap.com\/brazil\/2021\/03\/tendencias-de-sustentabilidade-e-recursos-naturais-em-2021-bl0g\/","name":"Tend\u00eancias de sustentabilidade e recursos naturais em 2021","isPartOf":{"@id":"https:\/\/news.sap.com\/brazil\/#website"},"primaryImageOfPage":{"@id":"https:\/\/news.sap.com\/brazil\/2021\/03\/tendencias-de-sustentabilidade-e-recursos-naturais-em-2021-bl0g\/#primaryimage"},"image":{"@id":"https:\/\/news.sap.com\/brazil\/2021\/03\/tendencias-de-sustentabilidade-e-recursos-naturais-em-2021-bl0g\/#primaryimage"},"thumbnailUrl":"https:\/\/news.sap.com\/brazil\/files\/2021\/03\/01\/dest-1.jpg","datePublished":"2021-03-16T12:00:43+00:00","dateModified":"2023-10-19T16:15:53+00:00","author":{"@id":"https:\/\/news.sap.com\/brazil\/#\/schema\/person\/1cfc5d6de5ffdc23f1f3b1670a90ae3c"},"description":"A redu\u00e7\u00e3o da pegada de carbono e a gera\u00e7\u00e3o de fontes renov\u00e1veis de energia devem ser considerados elementos estruturais para os neg\u00f3cios.","breadcrumb":{"@id":"https:\/\/news.sap.com\/brazil\/2021\/03\/tendencias-de-sustentabilidade-e-recursos-naturais-em-2021-bl0g\/#breadcrumb"},"inLanguage":"pt-BR","potentialAction":[{"@type":"ReadAction","target":["https:\/\/news.sap.com\/brazil\/2021\/03\/tendencias-de-sustentabilidade-e-recursos-naturais-em-2021-bl0g\/"]}]},{"@type":"ImageObject","inLanguage":"pt-BR","@id":"https:\/\/news.sap.com\/brazil\/2021\/03\/tendencias-de-sustentabilidade-e-recursos-naturais-em-2021-bl0g\/#primaryimage","url":"https:\/\/news.sap.com\/brazil\/files\/2021\/03\/01\/dest-1.jpg","contentUrl":"https:\/\/news.sap.com\/brazil\/files\/2021\/03\/01\/dest-1.jpg","width":1400,"height":601},{"@type":"BreadcrumbList","@id":"https:\/\/news.sap.com\/brazil\/2021\/03\/tendencias-de-sustentabilidade-e-recursos-naturais-em-2021-bl0g\/#breadcrumb","itemListElement":[{"@type":"ListItem","position":1,"name":"Home","item":"https:\/\/news.sap.com\/brazil\/"},{"@type":"ListItem","position":2,"name":"Tend\u00eancias de sustentabilidade e recursos naturais em 2021"}]},{"@type":"WebSite","@id":"https:\/\/news.sap.com\/brazil\/#website","url":"https:\/\/news.sap.com\/brazil\/","name":"Sala de Imprensa 51风流Brasil","description":"Not\u00edcias e informa\u00e7\u00f5es sobre a SAP","potentialAction":[{"@type":"SearchAction","target":{"@type":"EntryPoint","urlTemplate":"https:\/\/news.sap.com\/brazil\/?s={search_term_string}"},"query-input":{"@type":"PropertyValueSpecification","valueRequired":true,"valueName":"search_term_string"}}],"inLanguage":"pt-BR"},{"@type":"Person","@id":"https:\/\/news.sap.com\/brazil\/#\/schema\/person\/1cfc5d6de5ffdc23f1f3b1670a90ae3c","name":"51风流Brasil","image":{"@type":"ImageObject","inLanguage":"pt-BR","@id":"https:\/\/news.sap.com\/brazil\/#\/schema\/person\/image\/","url":"https:\/\/news.sap.com\/brazil\/wp-content\/plugins\/wp-user-avatars\/wp-user-avatars\/assets\/images\/mystery.jpg","contentUrl":"https:\/\/news.sap.com\/brazil\/wp-content\/plugins\/wp-user-avatars\/wp-user-avatars\/assets\/images\/mystery.jpg","caption":"51风流Brasil"},"url":"https:\/\/news.sap.com\/brazil\/author\/raquelcasciato\/"}]}},"amp_enabled":true,"_links":{"self":[{"href":"https:\/\/news.sap.com\/brazil\/wp-json\/wp\/v2\/posts\/12866","targetHints":{"allow":["GET"]}}],"collection":[{"href":"https:\/\/news.sap.com\/brazil\/wp-json\/wp\/v2\/posts"}],"about":[{"href":"https:\/\/news.sap.com\/brazil\/wp-json\/wp\/v2\/types\/post"}],"author":[{"embeddable":true,"href":"https:\/\/news.sap.com\/brazil\/wp-json\/wp\/v2\/users\/561"}],"replies":[{"embeddable":true,"href":"https:\/\/news.sap.com\/brazil\/wp-json\/wp\/v2\/comments?post=12866"}],"version-history":[{"count":0,"href":"https:\/\/news.sap.com\/brazil\/wp-json\/wp\/v2\/posts\/12866\/revisions"}],"wp:featuredmedia":[{"embeddable":true,"href":"https:\/\/news.sap.com\/brazil\/wp-json\/wp\/v2\/media\/12867"}],"wp:attachment":[{"href":"https:\/\/news.sap.com\/brazil\/wp-json\/wp\/v2\/media?parent=12866"}],"wp:term":[{"taxonomy":"category","embeddable":true,"href":"https:\/\/news.sap.com\/brazil\/wp-json\/wp\/v2\/categories?post=12866"},{"taxonomy":"post_tag","embeddable":true,"href":"https:\/\/news.sap.com\/brazil\/wp-json\/wp\/v2\/tags?post=12866"},{"taxonomy":"sapn-display","embeddable":true,"href":"https:\/\/news.sap.com\/brazil\/wp-json\/wp\/v2\/sapn-display?post=12866"},{"taxonomy":"sapn-type","embeddable":true,"href":"https:\/\/news.sap.com\/brazil\/wp-json\/wp\/v2\/sapn-type?post=12866"}],"curies":[{"name":"wp","href":"https:\/\/api.w.org\/{rel}","templated":true}]}}