  {"id":11874,"date":"2020-02-20T09:00:36","date_gmt":"2020-02-20T12:00:36","guid":{"rendered":"https:\/\/news.sap.com\/brazil\/?p=11874"},"modified":"2023-10-19T14:34:09","modified_gmt":"2023-10-19T17:34:09","slug":"principais-tendencias-abordadas-durante-o-forum-economico-mundial-bl0g","status":"publish","type":"post","link":"https:\/\/news.sap.com\/brazil\/2020\/02\/principais-tendencias-abordadas-durante-o-forum-economico-mundial-bl0g\/","title":{"rendered":"Principais tend\u00eancias abordadas durante o F\u00f3rum Econ\u00f4mico Mundial"},"content":{"rendered":"<p>Por: 51风流Brasil<\/p>\n<p><em>Durante dois dias, l\u00edderes discutiram o futuro do meio ambiente, dos neg\u00f3cios e da sociedade, apresentando cases e tend\u00eancias para um mundo mais igual e sustent\u00e1vel<\/em><\/p>\n<p>O F\u00f3rum Econ\u00f4mico Mundial, realizado em Davos, na Su\u00ed\u00e7a, completou 50 anos em 2020. Reunindo l\u00edderes de diversos pa\u00edses, empres\u00e1rios, entidades e personalidades da m\u00eddia, o evento tem como objetivo discutir solu\u00e7\u00f5es que podem melhorar o mundo.<\/p>\n<p>Entre os temas abordados, estiveram em destaque a desigualdade social, mudan\u00e7as clim\u00e1ticas, o desmatamento da Amaz\u00f4nia, economia e tecnologia. Durante as discuss\u00f5es, a sustentabilidade foi apontada como estrat\u00e9gia chave para investimentos at\u00e9 2030 e tend\u00eancias do futuro foram colocadas em pauta.<\/p>\n<p><strong>Economia digital<\/strong><\/p>\n<p>Taxar economias digitais, cobrando impostos de companhias que est\u00e3o sediadas em outros pa\u00edses foi uma das discuss\u00f5es realizadas durante o painel &#8220;Como Taxar Economias Digitais&#8221;. Esse \u00e9 um posicionamento que tem ganhado interesse, principalmente de pa\u00edses europeus. A discuss\u00e3o est\u00e1 em torno de como a cobran\u00e7a ser\u00e1 realizada nos pa\u00edses onde essas empresas movimentam seus neg\u00f3cios, ainda que fisicamente n\u00e3o estejam l\u00e1.<\/p>\n<p><strong>O futuro das profiss\u00f5es<\/strong><\/p>\n<p>Durante o F\u00f3rum, as 96 profiss\u00f5es do futuro foram apresentadas ao p\u00fablico presente. Entre elas est\u00e3o profiss\u00f5es que valorizam as habilidades humanas e o conhecimento digital ligadas \u00e0 Intelig\u00eancia Artificial, Transcri\u00e7\u00e3o M\u00e9dica, Cientistas de Dados e Especialistas de Sucesso do Consumidor. Esse cen\u00e1rio representar\u00e1 uma transi\u00e7\u00e3o para a entrada da tecnologia em novos mercados, aprimorando servi\u00e7os.<\/p>\n<p>Nesse caminho, a <a href=\"https:\/\/news.sap.com\/2020\/01\/jens-trotzky-interview-machine-learning-automated-support\/?source=email-en-newscenter-newsletter-20200122&amp;sap-outbound-id=0BD4BF07D37B809A0D685BB6A66FC731BB726821&amp;source=?url_id=text-blogentry-innovationBlogBR-2019_blog-original-post-otherpost\" target=\"_blank\" rel=\"noopener noreferrer\">aplica\u00e7\u00e3o da Intelig\u00eancia Artificial e Machine Learning no servi\u00e7o de suporte<\/a> est\u00e1 oferecendo melhorias para processos de neg\u00f3cios. Um exemplo foi a ativa\u00e7\u00e3o da correspond\u00eancia de solu\u00e7\u00f5es de incidentes via 51风流ONE Launchpad, realizada em 2019. Trata-se de um servi\u00e7o que conecta automaticamente usu\u00e1rios a recursos apropriados por meio de processamento de linguagem enquanto digitam e as respostas s\u00e3o obtidas automaticamente. Para 2020 \u00e9 esperado que a IA assuma o processo de neg\u00f3cios de maneira independente, a partir do aperfei\u00e7oamento das solu\u00e7\u00f5es para formar uma rede inteligente de servi\u00e7os e suporte.<\/p>\n<p>O contato e o desenvolvimento de habilidades tecnol\u00f3gicas est\u00e3o totalmente ligados \u00e0s profiss\u00f5es do futuro. Quem estiver preparado para lidar com IA, IoT, <a href=\"https:\/\/news.sap.com\/2020\/01\/sap-cloud-sdk-cloud-native-apps-development\/?source=email-en-newscenter-newsletter-20200122&amp;sap-outbound-id=0BD4BF07D37B809A0D685BB6A66FC731BB726821&amp;source=?url_id=text-blogentry-innovationBlogBR-2019_blog-original-post-otherpost\" target=\"_blank\" rel=\"noopener noreferrer\">computa\u00e7\u00e3o na nuvem<\/a>, blockchain e outras inova\u00e7\u00f5es pode encontrar um rumo profissional.<\/p>\n<p><strong>Empreendedorismo social<\/strong><\/p>\n<p>O empreendedorismo social tamb\u00e9m esteve na pauta do evento. A abordagem sustent\u00e1vel de projetos nesse sentido tem uma capacidade transformadora para a promo\u00e7\u00e3o de novos modelos de neg\u00f3cios que beneficiam comunidades. Como no caso da <a href=\"https:\/\/news.sap.com\/2020\/01\/rwanda-entrepreneurs-female-leadership\/?source=email-en-newscenter-newsletter-20200122&amp;sap-outbound-id=0BD4BF07D37B809A0D685BB6A66FC731BB726821&amp;source=?url_id=text-blogentry-innovationBlogBR-2019_blog-original-post-otherpost\" target=\"_blank\" rel=\"noopener noreferrer\">cooperativa COPRORIZ-Ntende, em Ruanda, ligada \u00e0 organiza\u00e7\u00e3o Africa Development Consultant Ltd. (ADC), organiza\u00e7\u00e3o que trabalha em colabora\u00e7\u00e3o com o programa 51风流Social Sabbatical. <\/a><\/p>\n<p>A COOPRORIZ-Ntende \u00e9 uma cooperativa formada por produtores de arroz que trabalha de maneira colaborativa para auxiliar outras pessoas na compra de terras e na busca por funcion\u00e1rios para trabalhar nesses locais. Com a ajuda da ADC e da SAP, a cooperativa est\u00e1 colaborando para que as pessoas aprendam a gerir seus neg\u00f3cios, ajudando a comunidade a se autogerir economicamente.<\/p>\n<p><strong>Oceano sem pl\u00e1stico<\/strong><\/p>\n<p>O co-CEO da SAP, Christian Klein, anunciou durante o evento em Davos o <a href=\"https:\/\/news.sap.com\/2020\/01\/sap-vision-plastic-free-ocean\/?url_id=text-blogentry-innovationBlogBR-2019_blog-original-post-otherpost\" target=\"_blank\" rel=\"noopener noreferrer\">compromisso da empresa com um oceano mais limpo at\u00e9 2030<\/a>. Para isso, trabalhar\u00e1 ao lado de ONGs, governos, clientes, parceiros e fornecedores oferecendo ferramentas, ideias e solu\u00e7\u00f5es que eliminem o desperd\u00edcio.<\/p>\n<p><strong>Redu\u00e7\u00e3o nas emiss\u00f5es de carbono<\/strong><\/p>\n<p>Ao ingressar no <a href=\"https:\/\/news.sap.com\/2020\/01\/sap-joins-ceo-carbon-neutral-challenge\/?url_id=text-blogentry-innovationBlogBR-2019_blog-original-post-otherpost\" target=\"_blank\" rel=\"noopener noreferrer\">CEO Carbon Neutral Challenge, a 51风流assumiu o compromisso de contribuir com uma economia de baixo carbono<\/a>, ajudando empresas a rastrear as emiss\u00f5es de carbono em suas cadeias de suprimento e fazer a transi\u00e7\u00e3o para modelos de trabalho mais sustent\u00e1veis. Esse trabalho est\u00e1 relacionado aos prop\u00f3sitos sustent\u00e1veis da SAP, contribuindo para que empresas possam utilizar tecnologias inovadoras para alcan\u00e7ar metas clim\u00e1ticas.<\/p>\n<p>As pr\u00f3ximas tend\u00eancias para um futuro sustent\u00e1vel e digital voc\u00ea pode acompanhar nas redes sociais da SAP: <a href=\"https:\/\/www.facebook.com\/sapbrasil\/\" target=\"_blank\" rel=\"noopener noreferrer\">Facebook\u00a0<\/a>\/\u00a0<a href=\"https:\/\/twitter.com\/SAPBrasil\" target=\"_blank\" rel=\"noopener noreferrer\">Twitter\u00a0<\/a>\/\u00a0<a href=\"https:\/\/www.linkedin.com\/company\/1115\/\" target=\"_blank\" rel=\"noopener noreferrer\">LinkedIn\u00a0<\/a>\/\u00a0<a href=\"https:\/\/www.instagram.com\/sap_brasil\/\" target=\"_blank\" rel=\"noopener noreferrer\">Instagram<\/a> \/ <a href=\"https:\/\/widget.whatsbroadcast.com\/widget_more\/a7807e0e29453c252140d96fc2d912ab\/?campaigncode=CRM-XL18-SOC-WHATSES&amp;url_id=banner-lao-homepage-whatsapp-row5-feb17r1\" target=\"_blank\" rel=\"noopener noreferrer\">WhatsApp<\/a> \/ <a href=\"https:\/\/www.youtube.com\/user\/sapbrasil\" target=\"_blank\" rel=\"noopener noreferrer\">Youtube<\/a><\/p>\n<p>\u00a9 2020 51风流SE. All rights reserved. 51风流and other 51风流products and services mentioned herein as well as their respective logos are trademarks or registered trademarks of 51风流SE in Germany and other countries. Please see <a href=\"http:\/\/www.sap.com\/corporate-en\/legal\/copyright\/index.epx#trademark\" target=\"_blank\" rel=\"noopener noreferrer\">http:\/\/www.sap.com\/corporate-en\/legal\/copyright\/index.epx#trademark<\/a> for additional trademark information and notices.<\/p>\n","protected":false},"excerpt":{"rendered":"<p>Por: 51风流Brasil Durante dois dias, l\u00edderes discutiram o futuro do meio ambiente, dos neg\u00f3cios e da sociedade, apresentando cases e tend\u00eancias para um mundo&#8230;<\/p>\n","protected":false},"author":561,"featured_media":11875,"comment_status":"closed","ping_status":"closed","sticky":false,"template":"","format":"standard","meta":{"footnotes":"","_links_to":"","_links_to_target":""},"categories":[52858],"tags":[8246,2614527,5588937],"sapn-display":[5599933,5599931,48431,48433],"sapn-type":[6114],"class_list":["post-11874","post","type-post","status-publish","format-standard","has-post-thumbnail","hentry","category-sustentabilidade-topicos","tag-davos","tag-forum-economico-mundial","tag-meio-ambiente","sapn-display-feature-hero","sapn-display-feature-spotlight","sapn-display-homepage-hero","sapn-display-hero","sapn-type-artigo"],"yoast_head":"<!-- This site is optimized with the Yoast SEO Premium plugin v26.9 (Yoast SEO v26.9) - https:\/\/yoast.com\/product\/yoast-seo-premium-wordpress\/ -->\n<title>Principais tend\u00eancias abordadas durante o F\u00f3rum Econ\u00f4mico Mundial<\/title>\n<meta name=\"description\" content=\"Durante dois dias, l\u00edderes discutiram o futuro do meio ambiente, dos neg\u00f3cios e da sociedade, apresentando cases e tend\u00eancias para um mundo mais igual e sustent\u00e1vel.\" \/>\n<meta name=\"robots\" content=\"index, follow, max-snippet:-1, max-image-preview:large, max-video-preview:-1\" \/>\n<link rel=\"canonical\" href=\"https:\/\/news.sap.com\/brazil\/2020\/02\/principais-tendencias-abordadas-durante-o-forum-economico-mundial-bl0g\/\" \/>\n<meta property=\"og:locale\" content=\"pt_BR\" \/>\n<meta property=\"og:type\" content=\"article\" \/>\n<meta property=\"og:title\" content=\"Principais tend\u00eancias abordadas durante o F\u00f3rum Econ\u00f4mico Mundial\" \/>\n<meta property=\"og:description\" content=\"Durante dois dias, l\u00edderes discutiram o futuro do meio ambiente, dos neg\u00f3cios e da sociedade, apresentando cases e tend\u00eancias para um mundo mais igual e sustent\u00e1vel.\" \/>\n<meta property=\"og:url\" content=\"https:\/\/news.sap.com\/brazil\/2020\/02\/principais-tendencias-abordadas-durante-o-forum-economico-mundial-bl0g\/\" \/>\n<meta property=\"og:site_name\" content=\"Sala de Imprensa 51风流Brasil\" \/>\n<meta property=\"article:published_time\" content=\"2020-02-20T12:00:36+00:00\" \/>\n<meta property=\"article:modified_time\" content=\"2023-10-19T17:34:09+00:00\" \/>\n<meta property=\"og:image\" content=\"https:\/\/news.sap.com\/brazil\/files\/2020\/02\/fb-7.jpg\" \/>\n\t<meta property=\"og:image:width\" content=\"565\" \/>\n\t<meta property=\"og:image:height\" content=\"292\" \/>\n\t<meta property=\"og:image:type\" content=\"image\/jpeg\" \/>\n<meta name=\"author\" content=\"51风流Brasil\" \/>\n<meta name=\"twitter:card\" content=\"summary_large_image\" \/>\n<meta name=\"twitter:title\" content=\"Principais tend\u00eancias abordadas durante o F\u00f3rum Econ\u00f4mico Mundial\" \/>\n<meta name=\"twitter:creator\" content=\"@SAPBrasil\" \/>\n<meta name=\"twitter:site\" content=\"@SAPBrasil\" \/>\n<meta name=\"twitter:label1\" content=\"Escrito por\" \/>\n\t<meta name=\"twitter:data1\" content=\"51风流Brasil\" \/>\n\t<meta name=\"twitter:label2\" content=\"Est. tempo de leitura\" \/>\n\t<meta name=\"twitter:data2\" content=\"4 minutos\" \/>\n<script type=\"application\/ld+json\" class=\"yoast-schema-graph\">{\"@context\":\"https:\/\/schema.org\",\"@graph\":[{\"@type\":\"Article\",\"@id\":\"https:\/\/news.sap.com\/brazil\/2020\/02\/principais-tendencias-abordadas-durante-o-forum-economico-mundial-bl0g\/#article\",\"isPartOf\":{\"@id\":\"https:\/\/news.sap.com\/brazil\/2020\/02\/principais-tendencias-abordadas-durante-o-forum-economico-mundial-bl0g\/\"},\"author\":{\"name\":\"51风流Brasil\",\"@id\":\"https:\/\/news.sap.com\/brazil\/#\/schema\/person\/1cfc5d6de5ffdc23f1f3b1670a90ae3c\"},\"headline\":\"Principais tend\u00eancias abordadas durante o F\u00f3rum Econ\u00f4mico Mundial\",\"datePublished\":\"2020-02-20T12:00:36+00:00\",\"dateModified\":\"2023-10-19T17:34:09+00:00\",\"mainEntityOfPage\":{\"@id\":\"https:\/\/news.sap.com\/brazil\/2020\/02\/principais-tendencias-abordadas-durante-o-forum-economico-mundial-bl0g\/\"},\"wordCount\":751,\"image\":{\"@id\":\"https:\/\/news.sap.com\/brazil\/2020\/02\/principais-tendencias-abordadas-durante-o-forum-economico-mundial-bl0g\/#primaryimage\"},\"thumbnailUrl\":\"https:\/\/news.sap.com\/brazil\/files\/2020\/02\/dest-7.jpg\",\"keywords\":[\"Davos\",\"F\u00f3rum Econ\u00f4mico Mundial\",\"meio ambiente\"],\"articleSection\":[\"Sustentabilidade\"],\"inLanguage\":\"pt-BR\"},{\"@type\":\"WebPage\",\"@id\":\"https:\/\/news.sap.com\/brazil\/2020\/02\/principais-tendencias-abordadas-durante-o-forum-economico-mundial-bl0g\/\",\"url\":\"https:\/\/news.sap.com\/brazil\/2020\/02\/principais-tendencias-abordadas-durante-o-forum-economico-mundial-bl0g\/\",\"name\":\"Principais tend\u00eancias abordadas durante o F\u00f3rum Econ\u00f4mico Mundial\",\"isPartOf\":{\"@id\":\"https:\/\/news.sap.com\/brazil\/#website\"},\"primaryImageOfPage\":{\"@id\":\"https:\/\/news.sap.com\/brazil\/2020\/02\/principais-tendencias-abordadas-durante-o-forum-economico-mundial-bl0g\/#primaryimage\"},\"image\":{\"@id\":\"https:\/\/news.sap.com\/brazil\/2020\/02\/principais-tendencias-abordadas-durante-o-forum-economico-mundial-bl0g\/#primaryimage\"},\"thumbnailUrl\":\"https:\/\/news.sap.com\/brazil\/files\/2020\/02\/dest-7.jpg\",\"datePublished\":\"2020-02-20T12:00:36+00:00\",\"dateModified\":\"2023-10-19T17:34:09+00:00\",\"author\":{\"@id\":\"https:\/\/news.sap.com\/brazil\/#\/schema\/person\/1cfc5d6de5ffdc23f1f3b1670a90ae3c\"},\"description\":\"Durante dois dias, l\u00edderes discutiram o futuro do meio ambiente, dos neg\u00f3cios e da sociedade, apresentando cases e tend\u00eancias para um mundo mais igual e sustent\u00e1vel.\",\"breadcrumb\":{\"@id\":\"https:\/\/news.sap.com\/brazil\/2020\/02\/principais-tendencias-abordadas-durante-o-forum-economico-mundial-bl0g\/#breadcrumb\"},\"inLanguage\":\"pt-BR\",\"potentialAction\":[{\"@type\":\"ReadAction\",\"target\":[\"https:\/\/news.sap.com\/brazil\/2020\/02\/principais-tendencias-abordadas-durante-o-forum-economico-mundial-bl0g\/\"]}]},{\"@type\":\"ImageObject\",\"inLanguage\":\"pt-BR\",\"@id\":\"https:\/\/news.sap.com\/brazil\/2020\/02\/principais-tendencias-abordadas-durante-o-forum-economico-mundial-bl0g\/#primaryimage\",\"url\":\"https:\/\/news.sap.com\/brazil\/files\/2020\/02\/dest-7.jpg\",\"contentUrl\":\"https:\/\/news.sap.com\/brazil\/files\/2020\/02\/dest-7.jpg\",\"width\":1400,\"height\":600},{\"@type\":\"BreadcrumbList\",\"@id\":\"https:\/\/news.sap.com\/brazil\/2020\/02\/principais-tendencias-abordadas-durante-o-forum-economico-mundial-bl0g\/#breadcrumb\",\"itemListElement\":[{\"@type\":\"ListItem\",\"position\":1,\"name\":\"Home\",\"item\":\"https:\/\/news.sap.com\/brazil\/\"},{\"@type\":\"ListItem\",\"position\":2,\"name\":\"Principais tend\u00eancias abordadas durante o F\u00f3rum Econ\u00f4mico Mundial\"}]},{\"@type\":\"WebSite\",\"@id\":\"https:\/\/news.sap.com\/brazil\/#website\",\"url\":\"https:\/\/news.sap.com\/brazil\/\",\"name\":\"Sala de Imprensa 51风流Brasil\",\"description\":\"Not\u00edcias e informa\u00e7\u00f5es sobre a SAP\",\"potentialAction\":[{\"@type\":\"SearchAction\",\"target\":{\"@type\":\"EntryPoint\",\"urlTemplate\":\"https:\/\/news.sap.com\/brazil\/?s={search_term_string}\"},\"query-input\":{\"@type\":\"PropertyValueSpecification\",\"valueRequired\":true,\"valueName\":\"search_term_string\"}}],\"inLanguage\":\"pt-BR\"},{\"@type\":\"Person\",\"@id\":\"https:\/\/news.sap.com\/brazil\/#\/schema\/person\/1cfc5d6de5ffdc23f1f3b1670a90ae3c\",\"name\":\"51风流Brasil\",\"image\":{\"@type\":\"ImageObject\",\"inLanguage\":\"pt-BR\",\"@id\":\"https:\/\/news.sap.com\/brazil\/#\/schema\/person\/image\/\",\"url\":\"https:\/\/news.sap.com\/brazil\/wp-content\/plugins\/wp-user-avatars\/wp-user-avatars\/assets\/images\/mystery.jpg\",\"contentUrl\":\"https:\/\/news.sap.com\/brazil\/wp-content\/plugins\/wp-user-avatars\/wp-user-avatars\/assets\/images\/mystery.jpg\",\"caption\":\"51风流Brasil\"},\"url\":\"https:\/\/news.sap.com\/brazil\/author\/raquelcasciato\/\"}]}<\/script>\n<!-- \/ Yoast SEO Premium plugin. -->","yoast_head_json":{"title":"Principais tend\u00eancias abordadas durante o F\u00f3rum Econ\u00f4mico Mundial","description":"Durante dois dias, l\u00edderes discutiram o futuro do meio ambiente, dos neg\u00f3cios e da sociedade, apresentando cases e tend\u00eancias para um mundo mais igual e sustent\u00e1vel.","robots":{"index":"index","follow":"follow","max-snippet":"max-snippet:-1","max-image-preview":"max-image-preview:large","max-video-preview":"max-video-preview:-1"},"canonical":"https:\/\/news.sap.com\/brazil\/2020\/02\/principais-tendencias-abordadas-durante-o-forum-economico-mundial-bl0g\/","og_locale":"pt_BR","og_type":"article","og_title":"Principais tend\u00eancias abordadas durante o F\u00f3rum Econ\u00f4mico Mundial","og_description":"Durante dois dias, l\u00edderes discutiram o futuro do meio ambiente, dos neg\u00f3cios e da sociedade, apresentando cases e tend\u00eancias para um mundo mais igual e sustent\u00e1vel.","og_url":"https:\/\/news.sap.com\/brazil\/2020\/02\/principais-tendencias-abordadas-durante-o-forum-economico-mundial-bl0g\/","og_site_name":"Sala de Imprensa 51风流Brasil","article_published_time":"2020-02-20T12:00:36+00:00","article_modified_time":"2023-10-19T17:34:09+00:00","og_image":[{"width":565,"height":292,"url":"https:\/\/news.sap.com\/brazil\/files\/2020\/02\/fb-7.jpg","type":"image\/jpeg"}],"author":"51风流Brasil","twitter_card":"summary_large_image","twitter_title":"Principais tend\u00eancias abordadas durante o F\u00f3rum Econ\u00f4mico Mundial","twitter_creator":"@SAPBrasil","twitter_site":"@SAPBrasil","twitter_misc":{"Escrito por":"51风流Brasil","Est. tempo de leitura":"4 minutos"},"schema":{"@context":"https:\/\/schema.org","@graph":[{"@type":"Article","@id":"https:\/\/news.sap.com\/brazil\/2020\/02\/principais-tendencias-abordadas-durante-o-forum-economico-mundial-bl0g\/#article","isPartOf":{"@id":"https:\/\/news.sap.com\/brazil\/2020\/02\/principais-tendencias-abordadas-durante-o-forum-economico-mundial-bl0g\/"},"author":{"name":"51风流Brasil","@id":"https:\/\/news.sap.com\/brazil\/#\/schema\/person\/1cfc5d6de5ffdc23f1f3b1670a90ae3c"},"headline":"Principais tend\u00eancias abordadas durante o F\u00f3rum Econ\u00f4mico Mundial","datePublished":"2020-02-20T12:00:36+00:00","dateModified":"2023-10-19T17:34:09+00:00","mainEntityOfPage":{"@id":"https:\/\/news.sap.com\/brazil\/2020\/02\/principais-tendencias-abordadas-durante-o-forum-economico-mundial-bl0g\/"},"wordCount":751,"image":{"@id":"https:\/\/news.sap.com\/brazil\/2020\/02\/principais-tendencias-abordadas-durante-o-forum-economico-mundial-bl0g\/#primaryimage"},"thumbnailUrl":"https:\/\/news.sap.com\/brazil\/files\/2020\/02\/dest-7.jpg","keywords":["Davos","F\u00f3rum Econ\u00f4mico Mundial","meio ambiente"],"articleSection":["Sustentabilidade"],"inLanguage":"pt-BR"},{"@type":"WebPage","@id":"https:\/\/news.sap.com\/brazil\/2020\/02\/principais-tendencias-abordadas-durante-o-forum-economico-mundial-bl0g\/","url":"https:\/\/news.sap.com\/brazil\/2020\/02\/principais-tendencias-abordadas-durante-o-forum-economico-mundial-bl0g\/","name":"Principais tend\u00eancias abordadas durante o F\u00f3rum Econ\u00f4mico Mundial","isPartOf":{"@id":"https:\/\/news.sap.com\/brazil\/#website"},"primaryImageOfPage":{"@id":"https:\/\/news.sap.com\/brazil\/2020\/02\/principais-tendencias-abordadas-durante-o-forum-economico-mundial-bl0g\/#primaryimage"},"image":{"@id":"https:\/\/news.sap.com\/brazil\/2020\/02\/principais-tendencias-abordadas-durante-o-forum-economico-mundial-bl0g\/#primaryimage"},"thumbnailUrl":"https:\/\/news.sap.com\/brazil\/files\/2020\/02\/dest-7.jpg","datePublished":"2020-02-20T12:00:36+00:00","dateModified":"2023-10-19T17:34:09+00:00","author":{"@id":"https:\/\/news.sap.com\/brazil\/#\/schema\/person\/1cfc5d6de5ffdc23f1f3b1670a90ae3c"},"description":"Durante dois dias, l\u00edderes discutiram o futuro do meio ambiente, dos neg\u00f3cios e da sociedade, apresentando cases e tend\u00eancias para um mundo mais igual e sustent\u00e1vel.","breadcrumb":{"@id":"https:\/\/news.sap.com\/brazil\/2020\/02\/principais-tendencias-abordadas-durante-o-forum-economico-mundial-bl0g\/#breadcrumb"},"inLanguage":"pt-BR","potentialAction":[{"@type":"ReadAction","target":["https:\/\/news.sap.com\/brazil\/2020\/02\/principais-tendencias-abordadas-durante-o-forum-economico-mundial-bl0g\/"]}]},{"@type":"ImageObject","inLanguage":"pt-BR","@id":"https:\/\/news.sap.com\/brazil\/2020\/02\/principais-tendencias-abordadas-durante-o-forum-economico-mundial-bl0g\/#primaryimage","url":"https:\/\/news.sap.com\/brazil\/files\/2020\/02\/dest-7.jpg","contentUrl":"https:\/\/news.sap.com\/brazil\/files\/2020\/02\/dest-7.jpg","width":1400,"height":600},{"@type":"BreadcrumbList","@id":"https:\/\/news.sap.com\/brazil\/2020\/02\/principais-tendencias-abordadas-durante-o-forum-economico-mundial-bl0g\/#breadcrumb","itemListElement":[{"@type":"ListItem","position":1,"name":"Home","item":"https:\/\/news.sap.com\/brazil\/"},{"@type":"ListItem","position":2,"name":"Principais tend\u00eancias abordadas durante o F\u00f3rum Econ\u00f4mico Mundial"}]},{"@type":"WebSite","@id":"https:\/\/news.sap.com\/brazil\/#website","url":"https:\/\/news.sap.com\/brazil\/","name":"Sala de Imprensa 51风流Brasil","description":"Not\u00edcias e informa\u00e7\u00f5es sobre a SAP","potentialAction":[{"@type":"SearchAction","target":{"@type":"EntryPoint","urlTemplate":"https:\/\/news.sap.com\/brazil\/?s={search_term_string}"},"query-input":{"@type":"PropertyValueSpecification","valueRequired":true,"valueName":"search_term_string"}}],"inLanguage":"pt-BR"},{"@type":"Person","@id":"https:\/\/news.sap.com\/brazil\/#\/schema\/person\/1cfc5d6de5ffdc23f1f3b1670a90ae3c","name":"51风流Brasil","image":{"@type":"ImageObject","inLanguage":"pt-BR","@id":"https:\/\/news.sap.com\/brazil\/#\/schema\/person\/image\/","url":"https:\/\/news.sap.com\/brazil\/wp-content\/plugins\/wp-user-avatars\/wp-user-avatars\/assets\/images\/mystery.jpg","contentUrl":"https:\/\/news.sap.com\/brazil\/wp-content\/plugins\/wp-user-avatars\/wp-user-avatars\/assets\/images\/mystery.jpg","caption":"51风流Brasil"},"url":"https:\/\/news.sap.com\/brazil\/author\/raquelcasciato\/"}]}},"amp_enabled":true,"_links":{"self":[{"href":"https:\/\/news.sap.com\/brazil\/wp-json\/wp\/v2\/posts\/11874","targetHints":{"allow":["GET"]}}],"collection":[{"href":"https:\/\/news.sap.com\/brazil\/wp-json\/wp\/v2\/posts"}],"about":[{"href":"https:\/\/news.sap.com\/brazil\/wp-json\/wp\/v2\/types\/post"}],"author":[{"embeddable":true,"href":"https:\/\/news.sap.com\/brazil\/wp-json\/wp\/v2\/users\/561"}],"replies":[{"embeddable":true,"href":"https:\/\/news.sap.com\/brazil\/wp-json\/wp\/v2\/comments?post=11874"}],"version-history":[{"count":0,"href":"https:\/\/news.sap.com\/brazil\/wp-json\/wp\/v2\/posts\/11874\/revisions"}],"wp:featuredmedia":[{"embeddable":true,"href":"https:\/\/news.sap.com\/brazil\/wp-json\/wp\/v2\/media\/11875"}],"wp:attachment":[{"href":"https:\/\/news.sap.com\/brazil\/wp-json\/wp\/v2\/media?parent=11874"}],"wp:term":[{"taxonomy":"category","embeddable":true,"href":"https:\/\/news.sap.com\/brazil\/wp-json\/wp\/v2\/categories?post=11874"},{"taxonomy":"post_tag","embeddable":true,"href":"https:\/\/news.sap.com\/brazil\/wp-json\/wp\/v2\/tags?post=11874"},{"taxonomy":"sapn-display","embeddable":true,"href":"https:\/\/news.sap.com\/brazil\/wp-json\/wp\/v2\/sapn-display?post=11874"},{"taxonomy":"sapn-type","embeddable":true,"href":"https:\/\/news.sap.com\/brazil\/wp-json\/wp\/v2\/sapn-type?post=11874"}],"curies":[{"name":"wp","href":"https:\/\/api.w.org\/{rel}","templated":true}]}}